{"id":146959,"date":"2025-12-01T20:25:00","date_gmt":"2025-12-01T23:25:00","guid":{"rendered":"https:\/\/www.correiobraziliense.com.br\/cbradar\/?p=146959"},"modified":"2025-11-29T11:41:26","modified_gmt":"2025-11-29T14:41:26","slug":"reacao-alergica-grave-saiba-como-agir-com-rapidez","status":"publish","type":"post","link":"https:\/\/www.correiobraziliense.com.br\/cbradar\/reacao-alergica-grave-saiba-como-agir-com-rapidez\/","title":{"rendered":"Rea\u00e7\u00e3o al\u00e9rgica grave? Saiba como agir com rapidez"},"content":{"rendered":"\n<p>Rea\u00e7\u00f5es al\u00e9rgicas podem variar significativamente em gravidade, por vezes provocando riscos s\u00e9rios \u00e0 sa\u00fade. A administra\u00e7\u00e3o apropriada e tempestiva de medicamentos, como a\u00a0<strong>Adrenalina Autoinjet\u00e1vel<\/strong>, \u00e9 crucial em tais cen\u00e1rios para prevenir complica\u00e7\u00f5es significativas. A aplica\u00e7\u00e3o deste medicamento espec\u00edfico \u00e9 recomendada somente ap\u00f3s uma avalia\u00e7\u00e3o m\u00e9dica criteriosa, fundamentada no tipo de alergias apresentadas pelo paciente. Portanto, a Adrenalina Autoinjet\u00e1vel n\u00e3o \u00e9 um tratamento universal; ao inv\u00e9s disso, seu uso \u00e9 reservado para casos espec\u00edficos onde o risco de anafilaxia \u00e9 elevado.<\/p>\n\n\n\n<p>Cada rea\u00e7\u00e3o al\u00e9rgica \u00e9 \u00fanica e demanda uma investiga\u00e7\u00e3o detalhada para que o tratamento mais adequado seja institu\u00eddo. Enquanto algumas rea\u00e7\u00f5es al\u00e9rgicas desaparecem espontaneamente, outras persistem e necessitam de tratamento cont\u00ednuo. Situa\u00e7\u00f5es mais graves podem requerer a disponibilidade imediata de Adrenalina Autoinjet\u00e1vel. A seguir, ser\u00e3o discutidos os benef\u00edcios, riscos e diretrizes para o uso deste medicamento, proporcionando uma compreens\u00e3o mais clara e abrangente sobre sua import\u00e2ncia no manejo de alergias graves.<\/p>\n\n\n\n<h2 class=\"wp-block-heading\">O que \u00e9 Adrenalina Autoinjet\u00e1vel?<\/h2>\n\n\n\n<p>A\u00a0<strong>Adrenalina Autoinjet\u00e1vel<\/strong>\u00a0\u00e9 uma forma pr\u00e1tica e eficaz de administrar adrenalina rapidamente durante crises al\u00e9rgicas severas, como a anafilaxia. Com efeito antiasm\u00e1tico, vasopressor e estimulante card\u00edaco, a adrenalina atua rapidamente, revertendo sintomas cr\u00edticos e potencialmente mortais. Este medicamento est\u00e1 dispon\u00edvel em dispositivos autoinjet\u00e1veis, que s\u00e3o f\u00e1ceis de usar, permitindo que o pr\u00f3prio paciente ou outra pessoa administrarem a dose necess\u00e1ria durante uma emerg\u00eancia.<\/p>\n\n\n\n<h2 class=\"wp-block-heading\">Como a Adrenalina Autoinjet\u00e1vel \u00e9 utilizada em emerg\u00eancias?<\/h2>\n\n\n\n<p>O uso da Adrenalina Autoinjet\u00e1vel \u00e9 crucial durante emerg\u00eancias al\u00e9rgicas graves. Ao detectar os primeiros sinais de anafilaxia \u2014 como dificuldade para respirar, incha\u00e7o na boca ou press\u00e3o arterial baixa \u2014 a adrenalina deve ser injetada imediatamente no m\u00fasculo da coxa. A administra\u00e7\u00e3o precoce pode evitar a progress\u00e3o da rea\u00e7\u00e3o, permitindo que a pessoa ganhe tempo precioso at\u00e9 o recebimento de cuidados m\u00e9dicos especializados. Ap\u00f3s o uso, \u00e9 vital que o paciente busque assist\u00eancia m\u00e9dica imediatamente.<\/p>\n\n\n\n<h2 class=\"wp-block-heading\">Quais s\u00e3o as causas comuns de anafilaxia?<\/h2>\n\n\n\n<figure class=\"wp-block-image aligncenter size-large\"><img decoding=\"async\" width=\"1024\" height=\"576\" src=\"https:\/\/www.correiobraziliense.com.br\/cbradar\/wp-content\/uploads\/2025\/05\/alergia_1747332358505-1024x576.jpg\" alt=\"\" class=\"wp-image-37549\" srcset=\"https:\/\/www.correiobraziliense.com.br\/cbradar\/wp-content\/uploads\/2025\/05\/alergia_1747332358505-1024x576.jpg 1024w, https:\/\/www.correiobraziliense.com.br\/cbradar\/wp-content\/uploads\/2025\/05\/alergia_1747332358505-300x169.jpg 300w, https:\/\/www.correiobraziliense.com.br\/cbradar\/wp-content\/uploads\/2025\/05\/alergia_1747332358505-768x432.jpg 768w, https:\/\/www.correiobraziliense.com.br\/cbradar\/wp-content\/uploads\/2025\/05\/alergia_1747332358505-750x422.jpg 750w, https:\/\/www.correiobraziliense.com.br\/cbradar\/wp-content\/uploads\/2025\/05\/alergia_1747332358505-1140x641.jpg 1140w, https:\/\/www.correiobraziliense.com.br\/cbradar\/wp-content\/uploads\/2025\/05\/alergia_1747332358505.jpg 1280w\" sizes=\"(max-width: 1024px) 100vw, 1024px\" \/><figcaption class=\"wp-element-caption\">Alergia &#8211; Cr\u00e9ditos: depositphotos.com \/ AndrewLozovyi\n<\/figcaption><\/figure>\n\n\n\n<p>A&nbsp;<em>anafilaxia<\/em>&nbsp;pode ser desencadeada por diversos agentes, sendo os mais comuns alimentos, medicamentos e picadas de insetos. Entre os alimentos, amendoins, mariscos e nozes s\u00e3o conhecidos por serem gatilhos frequentes. Medicamentos como penicilina e anti-inflamat\u00f3rios n\u00e3o-esteroides tamb\u00e9m est\u00e3o na lista de poss\u00edveis causadores. Al\u00e9m disso, picadas de abelhas e vespas s\u00e3o uma causa bem documentada de rea\u00e7\u00f5es anafil\u00e1ticas.<\/p>\n\n\n\n<h2 class=\"wp-block-heading\">Por que a Adrenalina Autoinjet\u00e1vel \u00e9 importante?<\/h2>\n\n\n\n<p>A\u00a0Adrenalina Autoinjet\u00e1vel desempenha um papel crucial em mitigar rea\u00e7\u00f5es al\u00e9rgicas severas, ao interromper rapidamente os sintomas de anafilaxia. Ao possuir um dispositivo port\u00e1til, os indiv\u00edduos vulner\u00e1veis podem se sentir mais seguros, sabendo que t\u00eam acesso imediato a este tratamento vital. A administra\u00e7\u00e3o correta e r\u00e1pida da adrenalina pode representar a diferen\u00e7a entre a recupera\u00e7\u00e3o segura e menos complica\u00e7\u00f5es para o <a href=\"https:\/\/www.correiobraziliense.com.br\/cbradar\/dr-danio-almeida-o-acumulo-de-gordura-que-nao-desaparece-com-dieta\/\" target=\"_blank\" rel=\"noreferrer noopener\">paciente<\/a>.<\/p>\n\n\n\n<h2 class=\"wp-block-heading\">Quais s\u00e3o os poss\u00edveis efeitos colaterais da adrenalina?<\/h2>\n\n\n\n<p>Embora a adrenalina seja muito eficaz no tratamento de anafilaxias, ela n\u00e3o est\u00e1 isenta de efeitos colaterais. Rea\u00e7\u00f5es como palpita\u00e7\u00f5es, aumento dos batimentos card\u00edacos e suor excessivo podem ocorrer. Apesar disso, os benef\u00edcios durante uma crise al\u00e9rgica superam os poss\u00edveis riscos, especialmente quando utilizada de forma respons\u00e1vel e conforme orienta\u00e7\u00e3o m\u00e9dica. \u00c9 essencial que os pacientes sejam instru\u00eddos sobre o seu uso correto para minimizar riscos potenciais.<\/p>\n\n\n\n<p>A Adrenalina Autoinjet\u00e1vel \u00e9 uma ferramenta de salvamento essencial para pessoas em risco de rea\u00e7\u00f5es al\u00e9rgicas graves. A educa\u00e7\u00e3o e o preparo adequados podem garantir que este medicamento vital esteja sempre dispon\u00edvel para aqueles que dele necessitam, assegurando que crises al\u00e9rgicas sejam tratadas de maneira r\u00e1pida e eficaz.<\/p>\n\n\n<a href=\"https:\/\/www.instagram.com\/dra.annaluisabf\/\" target=\"_blank\" rel=\"noopener\" style=\"text-decoration: none; color: inherit;\">\n    <span style=\"display: inline-block; border: 1px solid #ccc; border-radius: 10px; padding: 15px; max-width: 550px; font-family: sans-serif; box-shadow: 0 2px 5px rgba(0,0,0,0.1); width: 100%;\">\n\n      <!-- T\u00edtulo -->\n      <span style=\"display: block; margin: 0 0 15px 0; font-weight: bold; color: #2c3e50; text-align: center;\">\n        Entre em contato:\n      <\/span>\n\n      <!-- Linha do perfil -->\n      <span style=\"display: flex; align-items: center; gap: 15px;\">\n        <img decoding=\"async\"\n          src=\"https:\/\/www.correiobraziliense.com.br\/cbradar\/wp-content\/uploads\/2025\/08\/dra_anna_luisa.jpeg\"\n          alt=\"Foto da Dra. Anna Lu\u00edsa\"\n          style=\"border-radius: 50%; width: 80px; height: 80px; object-fit: cover;\"\n        \/>\n        <span style=\"display: flex; flex-direction: column;\">\n          <span style=\"font-size: 18px; font-weight: 700; color: #2c3e50;\">Dra. Anna Lu\u00edsa Barbosa Fernandes<\/span>\n          <span style=\"color: #555;\">CRM-GO 33.271<\/span>\n        <\/span>\n      <\/span>\n\n      <!-- Redes -->\n      <span style=\"display: flex; align-items: center; gap: 10px; margin-top: 12px;\">\n        <img decoding=\"async\" src=\"https:\/\/cdn-icons-png.flaticon.com\/24\/1384\/1384063.png\" alt=\"Instagram\" width=\"24\" height=\"24\" \/>\n        <span style=\"text-decoration: underline; color: #2c3e50;\">@dra.annaluisabf<\/span>\n      <\/span>\n\n    <\/span>\n  <\/a>","protected":false},"excerpt":{"rendered":"<p>Rea\u00e7\u00f5es al\u00e9rgicas podem variar significativamente em gravidade, por vezes provocando riscos s\u00e9rios \u00e0 sa\u00fade. A administra\u00e7\u00e3o apropriada e tempestiva de medicamentos, como a\u00a0Adrenalina Autoinjet\u00e1vel, \u00e9 crucial em tais cen\u00e1rios para prevenir complica\u00e7\u00f5es significativas. A aplica\u00e7\u00e3o deste medicamento espec\u00edfico \u00e9 recomendada somente ap\u00f3s uma avalia\u00e7\u00e3o m\u00e9dica criteriosa, fundamentada no tipo de alergias apresentadas pelo paciente. Portanto, [&hellip;]<\/p>\n","protected":false},"author":14,"featured_media":71326,"comment_status":"open","ping_status":"open","sticky":false,"template":"","format":"standard","meta":{"_yoast_wpseo_focuskw":"Adrenalina Autoinjet\u00e1vel","_yoast_wpseo_title":"","_yoast_wpseo_metadesc":"Rea\u00e7\u00f5es al\u00e9rgicas graves exigem a\u00e7\u00e3o r\u00e1pida. Entenda o uso correto da adrenalina autoinjet\u00e1vel e quando ela \u00e9 indicada.","jnews-multi-image_gallery":[],"jnews_single_post":{"format":"standard"},"jnews_primary_category":[],"jnews_social_meta":[],"jnews_override_counter":[],"footnotes":""},"categories":[4404],"tags":[281,120,565],"class_list":["post-146959","post","type-post","status-publish","format-standard","has-post-thumbnail","hentry","category-saude","tag-alimentacao","tag-bem-estar","tag-saude"],"yoast_head":"<!-- This site is optimized with the Yoast SEO plugin v24.6 - https:\/\/yoast.com\/wordpress\/plugins\/seo\/ -->\n<title>Rea\u00e7\u00e3o al\u00e9rgica grave? Saiba como agir com rapidez - Correio Braziliense - Radar<\/title>\n<meta name=\"description\" content=\"Rea\u00e7\u00f5es al\u00e9rgicas graves exigem a\u00e7\u00e3o r\u00e1pida. Entenda o uso correto da adrenalina autoinjet\u00e1vel e quando ela \u00e9 indicada.\" \/>\n<meta name=\"robots\" content=\"index, follow, max-snippet:-1, max-image-preview:large, max-video-preview:-1\" \/>\n<link rel=\"canonical\" href=\"https:\/\/www.correiobraziliense.com.br\/cbradar\/reacao-alergica-grave-saiba-como-agir-com-rapidez\/\" \/>\n<meta property=\"og:locale\" content=\"pt_BR\" \/>\n<meta property=\"og:type\" content=\"article\" \/>\n<meta property=\"og:title\" content=\"Rea\u00e7\u00e3o al\u00e9rgica grave? Saiba como agir com rapidez - Correio Braziliense - Radar\" \/>\n<meta property=\"og:description\" content=\"Rea\u00e7\u00f5es al\u00e9rgicas graves exigem a\u00e7\u00e3o r\u00e1pida. Entenda o uso correto da adrenalina autoinjet\u00e1vel e quando ela \u00e9 indicada.\" \/>\n<meta property=\"og:url\" content=\"https:\/\/www.correiobraziliense.com.br\/cbradar\/reacao-alergica-grave-saiba-como-agir-com-rapidez\/\" \/>\n<meta property=\"og:site_name\" content=\"Correio Braziliense - Radar\" \/>\n<meta property=\"article:published_time\" content=\"2025-12-01T23:25:00+00:00\" \/>\n<meta property=\"og:image\" content=\"https:\/\/www.correiobraziliense.com.br\/cbradar\/wp-content\/uploads\/2025\/07\/anafilaxia_1752765098984.jpg\" \/>\n\t<meta property=\"og:image:width\" content=\"1280\" \/>\n\t<meta property=\"og:image:height\" content=\"720\" \/>\n\t<meta property=\"og:image:type\" content=\"image\/jpeg\" \/>\n<meta name=\"author\" content=\"guilherme_saude\" \/>\n<meta name=\"twitter:card\" content=\"summary_large_image\" \/>\n<meta name=\"twitter:label1\" content=\"Escrito por\" \/>\n\t<meta name=\"twitter:data1\" content=\"guilherme_saude\" \/>\n\t<meta name=\"twitter:label2\" content=\"Est. tempo de leitura\" \/>\n\t<meta name=\"twitter:data2\" content=\"4 minutos\" \/>\n<!-- \/ Yoast SEO plugin. -->","yoast_head_json":{"title":"Rea\u00e7\u00e3o al\u00e9rgica grave? Saiba como agir com rapidez - Correio Braziliense - Radar","description":"Rea\u00e7\u00f5es al\u00e9rgicas graves exigem a\u00e7\u00e3o r\u00e1pida. Entenda o uso correto da adrenalina autoinjet\u00e1vel e quando ela \u00e9 indicada.","robots":{"index":"index","follow":"follow","max-snippet":"max-snippet:-1","max-image-preview":"max-image-preview:large","max-video-preview":"max-video-preview:-1"},"canonical":"https:\/\/www.correiobraziliense.com.br\/cbradar\/reacao-alergica-grave-saiba-como-agir-com-rapidez\/","og_locale":"pt_BR","og_type":"article","og_title":"Rea\u00e7\u00e3o al\u00e9rgica grave? Saiba como agir com rapidez - Correio Braziliense - Radar","og_description":"Rea\u00e7\u00f5es al\u00e9rgicas graves exigem a\u00e7\u00e3o r\u00e1pida. Entenda o uso correto da adrenalina autoinjet\u00e1vel e quando ela \u00e9 indicada.","og_url":"https:\/\/www.correiobraziliense.com.br\/cbradar\/reacao-alergica-grave-saiba-como-agir-com-rapidez\/","og_site_name":"Correio Braziliense - Radar","article_published_time":"2025-12-01T23:25:00+00:00","og_image":[{"width":1280,"height":720,"url":"https:\/\/www.correiobraziliense.com.br\/cbradar\/wp-content\/uploads\/2025\/07\/anafilaxia_1752765098984.jpg","type":"image\/jpeg"}],"author":"guilherme_saude","twitter_card":"summary_large_image","twitter_misc":{"Escrito por":"guilherme_saude","Est. tempo de leitura":"4 minutos"},"schema":{"@context":"https:\/\/schema.org","@graph":[{"@type":"WebPage","@id":"https:\/\/www.correiobraziliense.com.br\/cbradar\/reacao-alergica-grave-saiba-como-agir-com-rapidez\/","url":"https:\/\/www.correiobraziliense.com.br\/cbradar\/reacao-alergica-grave-saiba-como-agir-com-rapidez\/","name":"Rea\u00e7\u00e3o al\u00e9rgica grave? Saiba como agir com rapidez - Correio Braziliense - Radar","isPartOf":{"@id":"https:\/\/www.correiobraziliense.com.br\/cbradar\/#website"},"primaryImageOfPage":{"@id":"https:\/\/www.correiobraziliense.com.br\/cbradar\/reacao-alergica-grave-saiba-como-agir-com-rapidez\/#primaryimage"},"image":{"@id":"https:\/\/www.correiobraziliense.com.br\/cbradar\/reacao-alergica-grave-saiba-como-agir-com-rapidez\/#primaryimage"},"thumbnailUrl":"https:\/\/www.correiobraziliense.com.br\/cbradar\/wp-content\/uploads\/2025\/07\/anafilaxia_1752765098984.jpg","datePublished":"2025-12-01T23:25:00+00:00","author":{"@id":"https:\/\/www.correiobraziliense.com.br\/cbradar\/#\/schema\/person\/5aa4bf3c8fa699c267933611de12978b"},"description":"Rea\u00e7\u00f5es al\u00e9rgicas graves exigem a\u00e7\u00e3o r\u00e1pida. Entenda o uso correto da adrenalina autoinjet\u00e1vel e quando ela \u00e9 indicada.","breadcrumb":{"@id":"https:\/\/www.correiobraziliense.com.br\/cbradar\/reacao-alergica-grave-saiba-como-agir-com-rapidez\/#breadcrumb"},"inLanguage":"pt-BR","potentialAction":[{"@type":"ReadAction","target":["https:\/\/www.correiobraziliense.com.br\/cbradar\/reacao-alergica-grave-saiba-como-agir-com-rapidez\/"]}]},{"@type":"ImageObject","inLanguage":"pt-BR","@id":"https:\/\/www.correiobraziliense.com.br\/cbradar\/reacao-alergica-grave-saiba-como-agir-com-rapidez\/#primaryimage","url":"https:\/\/www.correiobraziliense.com.br\/cbradar\/wp-content\/uploads\/2025\/07\/anafilaxia_1752765098984.jpg","contentUrl":"https:\/\/www.correiobraziliense.com.br\/cbradar\/wp-content\/uploads\/2025\/07\/anafilaxia_1752765098984.jpg","width":1280,"height":720,"caption":"Adrenalina - Cr\u00e9ditos: depositphotos.com \/ robeo123"},{"@type":"BreadcrumbList","@id":"https:\/\/www.correiobraziliense.com.br\/cbradar\/reacao-alergica-grave-saiba-como-agir-com-rapidez\/#breadcrumb","itemListElement":[{"@type":"ListItem","position":1,"name":"In\u00edcio","item":"https:\/\/www.correiobraziliense.com.br\/cbradar\/"},{"@type":"ListItem","position":2,"name":"Rea\u00e7\u00e3o al\u00e9rgica grave? Saiba como agir com rapidez"}]},{"@type":"WebSite","@id":"https:\/\/www.correiobraziliense.com.br\/cbradar\/#website","url":"https:\/\/www.correiobraziliense.com.br\/cbradar\/","name":"Correio Braziliense - Radar","description":"Acompanhe as \u00faltimas not\u00edcias e fique bem informado sobre tudo o que acontece no Brasil e no mundo.","potentialAction":[{"@type":"SearchAction","target":{"@type":"EntryPoint","urlTemplate":"https:\/\/www.correiobraziliense.com.br\/cbradar\/?s={search_term_string}"},"query-input":{"@type":"PropertyValueSpecification","valueRequired":true,"valueName":"search_term_string"}}],"inLanguage":"pt-BR"},{"@type":"Person","@id":"https:\/\/www.correiobraziliense.com.br\/cbradar\/#\/schema\/person\/5aa4bf3c8fa699c267933611de12978b","name":"guilherme_saude","image":{"@type":"ImageObject","inLanguage":"pt-BR","@id":"https:\/\/www.correiobraziliense.com.br\/cbradar\/#\/schema\/person\/image\/","url":"https:\/\/secure.gravatar.com\/avatar\/df9adfb835d344bc0af109d41756253f?s=96&d=mm&r=g","contentUrl":"https:\/\/secure.gravatar.com\/avatar\/df9adfb835d344bc0af109d41756253f?s=96&d=mm&r=g","caption":"guilherme_saude"},"url":"https:\/\/www.correiobraziliense.com.br\/cbradar\/author\/guilherme_saude\/"}]}},"_links":{"self":[{"href":"https:\/\/www.correiobraziliense.com.br\/cbradar\/wp-json\/wp\/v2\/posts\/146959","targetHints":{"allow":["GET"]}}],"collection":[{"href":"https:\/\/www.correiobraziliense.com.br\/cbradar\/wp-json\/wp\/v2\/posts"}],"about":[{"href":"https:\/\/www.correiobraziliense.com.br\/cbradar\/wp-json\/wp\/v2\/types\/post"}],"author":[{"embeddable":true,"href":"https:\/\/www.correiobraziliense.com.br\/cbradar\/wp-json\/wp\/v2\/users\/14"}],"replies":[{"embeddable":true,"href":"https:\/\/www.correiobraziliense.com.br\/cbradar\/wp-json\/wp\/v2\/comments?post=146959"}],"version-history":[{"count":1,"href":"https:\/\/www.correiobraziliense.com.br\/cbradar\/wp-json\/wp\/v2\/posts\/146959\/revisions"}],"predecessor-version":[{"id":146983,"href":"https:\/\/www.correiobraziliense.com.br\/cbradar\/wp-json\/wp\/v2\/posts\/146959\/revisions\/146983"}],"wp:featuredmedia":[{"embeddable":true,"href":"https:\/\/www.correiobraziliense.com.br\/cbradar\/wp-json\/wp\/v2\/media\/71326"}],"wp:attachment":[{"href":"https:\/\/www.correiobraziliense.com.br\/cbradar\/wp-json\/wp\/v2\/media?parent=146959"}],"wp:term":[{"taxonomy":"category","embeddable":true,"href":"https:\/\/www.correiobraziliense.com.br\/cbradar\/wp-json\/wp\/v2\/categories?post=146959"},{"taxonomy":"post_tag","embeddable":true,"href":"https:\/\/www.correiobraziliense.com.br\/cbradar\/wp-json\/wp\/v2\/tags?post=146959"}],"curies":[{"name":"wp","href":"https:\/\/api.w.org\/{rel}","templated":true}]}}