{"id":146986,"date":"2025-11-30T21:35:00","date_gmt":"2025-12-01T00:35:00","guid":{"rendered":"https:\/\/www.correiobraziliense.com.br\/cbradar\/?p=146986"},"modified":"2025-11-29T11:40:49","modified_gmt":"2025-11-29T14:40:49","slug":"dor-no-joelho-pode-ser-artrose-saiba-identificar","status":"publish","type":"post","link":"https:\/\/www.correiobraziliense.com.br\/cbradar\/dor-no-joelho-pode-ser-artrose-saiba-identificar\/","title":{"rendered":"Dor no joelho pode ser artrose? Saiba identificar"},"content":{"rendered":"\n<p>Os desafios de sa\u00fade enfrentados por uma parte significativa da popula\u00e7\u00e3o mundial incluem a <strong>Artrose no Joelho<\/strong>, uma condi\u00e7\u00e3o ortop\u00e9dica comumente observada n\u00e3o apenas em indiv\u00edduos idosos, mas tamb\u00e9m em adultos com um hist\u00f3rico de les\u00f5es esportivas ou excesso de peso. Com o desgaste progressivo da cartilagem articular, a mobilidade acaba sendo comprometida, resultando em dor e inflama\u00e7\u00e3o. Este problema \u00e9 uma realidade para mais de 15 milh\u00f5es de brasileiros, destacando a import\u00e2ncia de um diagn\u00f3stico precoce e interven\u00e7\u00f5es adequadas.<\/p>\n\n\n\n<p>Para aqueles que experimentam dores ap\u00f3s atividades f\u00edsicas intensas, a artrose pode estar presente nos est\u00e1gios iniciais. \u00c0 medida que a doen\u00e7a avan\u00e7a, a dor se manifesta com maior frequ\u00eancia, muitas vezes durante a\u00e7\u00f5es cotidianas ou mesmo em momentos de repouso. Outros sinais incluem incha\u00e7o e estalos na articula\u00e7\u00e3o afetada, refor\u00e7ando a necessidade de observa\u00e7\u00e3o cuidadosa dos sintomas e busca por orienta\u00e7\u00e3o m\u00e9dica.<\/p>\n\n\n\n<h2 class=\"wp-block-heading\">O que impulsiona a progress\u00e3o da artrose?<\/h2>\n\n\n\n<p>A artrose \u00e9 marcada pelo desgaste progressivo da cartilagem, que pode ser acelerado por diversos fatores, como a idade, les\u00f5es pr\u00e9vias no joelho, sobrepeso e atividades que colocam uma carga excessiva na articula\u00e7\u00e3o. Todas essas condi\u00e7\u00f5es promovem um ambiente prop\u00edcio para o agravamento dos sintomas e amplia\u00e7\u00e3o do impacto na qualidade de vida dos pacientes.<\/p>\n\n\n<div class=\"wp-block-image\">\n<figure class=\"aligncenter size-large\"><img decoding=\"async\" width=\"1024\" height=\"576\" src=\"https:\/\/www.correiobraziliense.com.br\/cbradar\/wp-content\/uploads\/2025\/11\/Artrose-no-Joelho_1764427227131-1024x576.jpg\" alt=\"\" class=\"wp-image-146989\" srcset=\"https:\/\/www.correiobraziliense.com.br\/cbradar\/wp-content\/uploads\/2025\/11\/Artrose-no-Joelho_1764427227131-1024x576.jpg 1024w, https:\/\/www.correiobraziliense.com.br\/cbradar\/wp-content\/uploads\/2025\/11\/Artrose-no-Joelho_1764427227131-300x169.jpg 300w, https:\/\/www.correiobraziliense.com.br\/cbradar\/wp-content\/uploads\/2025\/11\/Artrose-no-Joelho_1764427227131-768x432.jpg 768w, https:\/\/www.correiobraziliense.com.br\/cbradar\/wp-content\/uploads\/2025\/11\/Artrose-no-Joelho_1764427227131-750x422.jpg 750w, https:\/\/www.correiobraziliense.com.br\/cbradar\/wp-content\/uploads\/2025\/11\/Artrose-no-Joelho_1764427227131-1140x641.jpg 1140w, https:\/\/www.correiobraziliense.com.br\/cbradar\/wp-content\/uploads\/2025\/11\/Artrose-no-Joelho_1764427227131.jpg 1280w\" sizes=\"(max-width: 1024px) 100vw, 1024px\" \/><figcaption class=\"wp-element-caption\">Artrose no Joelho &#8211; Cr\u00e9ditos: depositphotos.com \/ pryzmat<\/figcaption><\/figure><\/div>\n\n\n<h2 class=\"wp-block-heading\">Como os tratamentos atuais podem ajudar?<\/h2>\n\n\n\n<p>Os avan\u00e7os na \u00e1rea de ortopedia t\u00eam proporcionado tratamentos inovadores para a artrose do joelho, al\u00e9m das interven\u00e7\u00f5es tradicionais. A abordagem inclui desde orienta\u00e7\u00f5es sobre modifica\u00e7\u00f5es no estilo de vida at\u00e9 a aplica\u00e7\u00e3o de t\u00e9cnicas mais sofisticadas, como infiltra\u00e7\u00f5es de \u00e1cido hialur\u00f4nico e plasma rico em plaquetas. Estas estrat\u00e9gias visam reduzir a dor, melhorar a mobilidade e retardar o avan\u00e7o da doen\u00e7a.<\/p>\n\n\n\n<h2 class=\"wp-block-heading\">Quando a cirurgia se torna necess\u00e1ria?<\/h2>\n\n\n\n<p>Para casos em que o desgaste articular \u00e9 grave e compromete significativamente a vida dos pacientes, a cirurgia de substitui\u00e7\u00e3o do joelho pode ser uma op\u00e7\u00e3o eficaz. Esta interven\u00e7\u00e3o tem mostrado sucesso em devolver a mobilidade e aliviar a dor, permitindo uma recupera\u00e7\u00e3o funcional que muitas vezes torna vi\u00e1vel o retorno a diversas atividades <a href=\"https:\/\/www.correiobraziliense.com.br\/cbradar\/dr-danio-almeida-o-acumulo-de-gordura-que-nao-desaparece-com-dieta\/\" target=\"_blank\" rel=\"noreferrer noopener\">di\u00e1rias<\/a>. No entanto, \u00e9 uma medida reservada para situa\u00e7\u00f5es espec\u00edficas, ap\u00f3s o esgotamento das op\u00e7\u00f5es menos invasivas.<\/p>\n\n\n\n<h2 class=\"wp-block-heading\">Qual \u00e9 o papel dos h\u00e1bitos saud\u00e1veis na preven\u00e7\u00e3o?<\/h2>\n\n\n\n<p>Manter um estilo de vida ativo e saud\u00e1vel \u00e9 crucial no manejo da artrose. A pr\u00e1tica regular de exerc\u00edcios f\u00edsicos, especialmente aqueles focados na for\u00e7a muscular dos membros inferiores, e o controle do peso corporal desempenham pap\u00e9is fundamentais na prote\u00e7\u00e3o das articula\u00e7\u00f5es. Al\u00e9m disso, orienta\u00e7\u00f5es sobre dieta e atividade f\u00edsica ajudam a minimizar os riscos e melhorar a qualidade de vida dos indiv\u00edduos afetados pela condi\u00e7\u00e3o.<\/p>\n\n\n\n<p>\u00c0 medida que as pesquisas continuam a oferecer novas insights sobre a artrose, a esperan\u00e7a \u00e9 que tratamentos cada vez mais eficazes sejam desenvolvidos, permitindo que os pacientes possam lidar de forma mais eficaz com a doen\u00e7a e suas limita\u00e7\u00f5es, promovendo uma vida ativa e plena.<\/p>\n\n\n<a href=\"https:\/\/www.instagram.com\/dra.annaluisabf\/\" target=\"_blank\" rel=\"noopener\" style=\"text-decoration: none; color: inherit;\">\n    <span style=\"display: inline-block; border: 1px solid #ccc; border-radius: 10px; padding: 15px; max-width: 550px; font-family: sans-serif; box-shadow: 0 2px 5px rgba(0,0,0,0.1); width: 100%;\">\n\n      <!-- T\u00edtulo -->\n      <span style=\"display: block; margin: 0 0 15px 0; font-weight: bold; color: #2c3e50; text-align: center;\">\n        Entre em contato:\n      <\/span>\n\n      <!-- Linha do perfil -->\n      <span style=\"display: flex; align-items: center; gap: 15px;\">\n        <img decoding=\"async\"\n          src=\"https:\/\/www.correiobraziliense.com.br\/cbradar\/wp-content\/uploads\/2025\/08\/dra_anna_luisa.jpeg\"\n          alt=\"Foto da Dra. Anna Lu\u00edsa\"\n          style=\"border-radius: 50%; width: 80px; height: 80px; object-fit: cover;\"\n        \/>\n        <span style=\"display: flex; flex-direction: column;\">\n          <span style=\"font-size: 18px; font-weight: 700; color: #2c3e50;\">Dra. Anna Lu\u00edsa Barbosa Fernandes<\/span>\n          <span style=\"color: #555;\">CRM-GO 33.271<\/span>\n        <\/span>\n      <\/span>\n\n      <!-- Redes -->\n      <span style=\"display: flex; align-items: center; gap: 10px; margin-top: 12px;\">\n        <img decoding=\"async\" src=\"https:\/\/cdn-icons-png.flaticon.com\/24\/1384\/1384063.png\" alt=\"Instagram\" width=\"24\" height=\"24\" \/>\n        <span style=\"text-decoration: underline; color: #2c3e50;\">@dra.annaluisabf<\/span>\n      <\/span>\n\n    <\/span>\n  <\/a>","protected":false},"excerpt":{"rendered":"<p>Os desafios de sa\u00fade enfrentados por uma parte significativa da popula\u00e7\u00e3o mundial incluem a Artrose no Joelho, uma condi\u00e7\u00e3o ortop\u00e9dica comumente observada n\u00e3o apenas em indiv\u00edduos idosos, mas tamb\u00e9m em adultos com um hist\u00f3rico de les\u00f5es esportivas ou excesso de peso. Com o desgaste progressivo da cartilagem articular, a mobilidade acaba sendo comprometida, resultando em [&hellip;]<\/p>\n","protected":false},"author":14,"featured_media":146987,"comment_status":"open","ping_status":"open","sticky":false,"template":"","format":"standard","meta":{"_yoast_wpseo_focuskw":"Artrose no Joelho","_yoast_wpseo_title":"","_yoast_wpseo_metadesc":"Dor, incha\u00e7o e estalos no joelho podem ser sinais de artrose. Saiba como identificar a condi\u00e7\u00e3o e quais tratamentos ajudam a aliviar os sintomas.","jnews-multi-image_gallery":[],"jnews_single_post":{"format":"standard"},"jnews_primary_category":[],"jnews_social_meta":[],"jnews_override_counter":[],"footnotes":""},"categories":[4404],"post_tag":[281,120,1318],"class_list":["post-146986","post","type-post","status-publish","format-standard","has-post-thumbnail","hentry","category-saude","tag-alimentacao","tag-bem-estar","tag-saude-2"],"yoast_head":"<!-- This site is optimized with the Yoast SEO plugin v24.6 - https:\/\/yoast.com\/wordpress\/plugins\/seo\/ -->\n<title>Dor no joelho pode ser artrose? Saiba identificar - Correio Braziliense - Radar<\/title>\n<meta name=\"description\" content=\"Dor, incha\u00e7o e estalos no joelho podem ser sinais de artrose. Saiba como identificar a condi\u00e7\u00e3o e quais tratamentos ajudam a aliviar os sintomas.\" \/>\n<meta name=\"robots\" content=\"index, follow, max-snippet:-1, max-image-preview:large, max-video-preview:-1\" \/>\n<link rel=\"canonical\" href=\"https:\/\/www.correiobraziliense.com.br\/cbradar\/dor-no-joelho-pode-ser-artrose-saiba-identificar\/\" \/>\n<meta property=\"og:locale\" content=\"pt_BR\" \/>\n<meta property=\"og:type\" content=\"article\" \/>\n<meta property=\"og:title\" content=\"Dor no joelho pode ser artrose? Saiba identificar - Correio Braziliense - Radar\" \/>\n<meta property=\"og:description\" content=\"Dor, incha\u00e7o e estalos no joelho podem ser sinais de artrose. Saiba como identificar a condi\u00e7\u00e3o e quais tratamentos ajudam a aliviar os sintomas.\" \/>\n<meta property=\"og:url\" content=\"https:\/\/www.correiobraziliense.com.br\/cbradar\/dor-no-joelho-pode-ser-artrose-saiba-identificar\/\" \/>\n<meta property=\"og:site_name\" content=\"Correio Braziliense - Radar\" \/>\n<meta property=\"article:published_time\" content=\"2025-12-01T00:35:00+00:00\" \/>\n<meta property=\"og:image\" content=\"https:\/\/www.correiobraziliense.com.br\/cbradar\/wp-content\/uploads\/2025\/11\/Artrose-no-Joelho_1764427198952.jpg\" \/>\n\t<meta property=\"og:image:width\" content=\"1280\" \/>\n\t<meta property=\"og:image:height\" content=\"720\" \/>\n\t<meta property=\"og:image:type\" content=\"image\/jpeg\" \/>\n<meta name=\"author\" content=\"guilherme_saude\" \/>\n<meta name=\"twitter:card\" content=\"summary_large_image\" \/>\n<meta name=\"twitter:label1\" content=\"Escrito por\" \/>\n\t<meta name=\"twitter:data1\" content=\"guilherme_saude\" \/>\n\t<meta name=\"twitter:label2\" content=\"Est. tempo de leitura\" \/>\n\t<meta name=\"twitter:data2\" content=\"4 minutos\" \/>\n<!-- \/ Yoast SEO plugin. -->","yoast_head_json":{"title":"Dor no joelho pode ser artrose? Saiba identificar - Correio Braziliense - Radar","description":"Dor, incha\u00e7o e estalos no joelho podem ser sinais de artrose. Saiba como identificar a condi\u00e7\u00e3o e quais tratamentos ajudam a aliviar os sintomas.","robots":{"index":"index","follow":"follow","max-snippet":"max-snippet:-1","max-image-preview":"max-image-preview:large","max-video-preview":"max-video-preview:-1"},"canonical":"https:\/\/www.correiobraziliense.com.br\/cbradar\/dor-no-joelho-pode-ser-artrose-saiba-identificar\/","og_locale":"pt_BR","og_type":"article","og_title":"Dor no joelho pode ser artrose? Saiba identificar - Correio Braziliense - Radar","og_description":"Dor, incha\u00e7o e estalos no joelho podem ser sinais de artrose. Saiba como identificar a condi\u00e7\u00e3o e quais tratamentos ajudam a aliviar os sintomas.","og_url":"https:\/\/www.correiobraziliense.com.br\/cbradar\/dor-no-joelho-pode-ser-artrose-saiba-identificar\/","og_site_name":"Correio Braziliense - Radar","article_published_time":"2025-12-01T00:35:00+00:00","og_image":[{"width":1280,"height":720,"url":"https:\/\/www.correiobraziliense.com.br\/cbradar\/wp-content\/uploads\/2025\/11\/Artrose-no-Joelho_1764427198952.jpg","type":"image\/jpeg"}],"author":"guilherme_saude","twitter_card":"summary_large_image","twitter_misc":{"Escrito por":"guilherme_saude","Est. tempo de leitura":"4 minutos"},"schema":{"@context":"https:\/\/schema.org","@graph":[{"@type":"WebPage","@id":"https:\/\/www.correiobraziliense.com.br\/cbradar\/dor-no-joelho-pode-ser-artrose-saiba-identificar\/","url":"https:\/\/www.correiobraziliense.com.br\/cbradar\/dor-no-joelho-pode-ser-artrose-saiba-identificar\/","name":"Dor no joelho pode ser artrose? Saiba identificar - Correio Braziliense - Radar","isPartOf":{"@id":"https:\/\/www.correiobraziliense.com.br\/cbradar\/#website"},"primaryImageOfPage":{"@id":"https:\/\/www.correiobraziliense.com.br\/cbradar\/dor-no-joelho-pode-ser-artrose-saiba-identificar\/#primaryimage"},"image":{"@id":"https:\/\/www.correiobraziliense.com.br\/cbradar\/dor-no-joelho-pode-ser-artrose-saiba-identificar\/#primaryimage"},"thumbnailUrl":"https:\/\/www.correiobraziliense.com.br\/cbradar\/wp-content\/uploads\/2025\/11\/Artrose-no-Joelho_1764427198952.jpg","datePublished":"2025-12-01T00:35:00+00:00","author":{"@id":"https:\/\/www.correiobraziliense.com.br\/cbradar\/#\/schema\/person\/5aa4bf3c8fa699c267933611de12978b"},"description":"Dor, incha\u00e7o e estalos no joelho podem ser sinais de artrose. Saiba como identificar a condi\u00e7\u00e3o e quais tratamentos ajudam a aliviar os sintomas.","breadcrumb":{"@id":"https:\/\/www.correiobraziliense.com.br\/cbradar\/dor-no-joelho-pode-ser-artrose-saiba-identificar\/#breadcrumb"},"inLanguage":"pt-BR","potentialAction":[{"@type":"ReadAction","target":["https:\/\/www.correiobraziliense.com.br\/cbradar\/dor-no-joelho-pode-ser-artrose-saiba-identificar\/"]}]},{"@type":"ImageObject","inLanguage":"pt-BR","@id":"https:\/\/www.correiobraziliense.com.br\/cbradar\/dor-no-joelho-pode-ser-artrose-saiba-identificar\/#primaryimage","url":"https:\/\/www.correiobraziliense.com.br\/cbradar\/wp-content\/uploads\/2025\/11\/Artrose-no-Joelho_1764427198952.jpg","contentUrl":"https:\/\/www.correiobraziliense.com.br\/cbradar\/wp-content\/uploads\/2025\/11\/Artrose-no-Joelho_1764427198952.jpg","width":1280,"height":720,"caption":"Artrose no Joelho - Cr\u00e9ditos: depositphotos.com \/ Iherphoto"},{"@type":"BreadcrumbList","@id":"https:\/\/www.correiobraziliense.com.br\/cbradar\/dor-no-joelho-pode-ser-artrose-saiba-identificar\/#breadcrumb","itemListElement":[{"@type":"ListItem","position":1,"name":"In\u00edcio","item":"https:\/\/www.correiobraziliense.com.br\/cbradar\/"},{"@type":"ListItem","position":2,"name":"Dor no joelho pode ser artrose? Saiba identificar"}]},{"@type":"WebSite","@id":"https:\/\/www.correiobraziliense.com.br\/cbradar\/#website","url":"https:\/\/www.correiobraziliense.com.br\/cbradar\/","name":"Correio Braziliense - Radar","description":"Acompanhe as \u00faltimas not\u00edcias e fique bem informado sobre tudo o que acontece no Brasil e no mundo.","potentialAction":[{"@type":"SearchAction","target":{"@type":"EntryPoint","urlTemplate":"https:\/\/www.correiobraziliense.com.br\/cbradar\/?s={search_term_string}"},"query-input":{"@type":"PropertyValueSpecification","valueRequired":true,"valueName":"search_term_string"}}],"inLanguage":"pt-BR"},{"@type":"Person","@id":"https:\/\/www.correiobraziliense.com.br\/cbradar\/#\/schema\/person\/5aa4bf3c8fa699c267933611de12978b","name":"guilherme_saude","image":{"@type":"ImageObject","inLanguage":"pt-BR","@id":"https:\/\/www.correiobraziliense.com.br\/cbradar\/#\/schema\/person\/image\/","url":"https:\/\/secure.gravatar.com\/avatar\/df9adfb835d344bc0af109d41756253f?s=96&d=mm&r=g","contentUrl":"https:\/\/secure.gravatar.com\/avatar\/df9adfb835d344bc0af109d41756253f?s=96&d=mm&r=g","caption":"guilherme_saude"},"url":"https:\/\/www.correiobraziliense.com.br\/cbradar\/author\/guilherme_saude\/"}]}},"_links":{"self":[{"href":"https:\/\/www.correiobraziliense.com.br\/cbradar\/wp-json\/wp\/v2\/posts\/146986","targetHints":{"allow":["GET"]}}],"collection":[{"href":"https:\/\/www.correiobraziliense.com.br\/cbradar\/wp-json\/wp\/v2\/posts"}],"about":[{"href":"https:\/\/www.correiobraziliense.com.br\/cbradar\/wp-json\/wp\/v2\/types\/post"}],"author":[{"embeddable":true,"href":"https:\/\/www.correiobraziliense.com.br\/cbradar\/wp-json\/wp\/v2\/users\/14"}],"replies":[{"embeddable":true,"href":"https:\/\/www.correiobraziliense.com.br\/cbradar\/wp-json\/wp\/v2\/comments?post=146986"}],"version-history":[{"count":1,"href":"https:\/\/www.correiobraziliense.com.br\/cbradar\/wp-json\/wp\/v2\/posts\/146986\/revisions"}],"predecessor-version":[{"id":146990,"href":"https:\/\/www.correiobraziliense.com.br\/cbradar\/wp-json\/wp\/v2\/posts\/146986\/revisions\/146990"}],"wp:featuredmedia":[{"embeddable":true,"href":"https:\/\/www.correiobraziliense.com.br\/cbradar\/wp-json\/wp\/v2\/media\/146987"}],"wp:attachment":[{"href":"https:\/\/www.correiobraziliense.com.br\/cbradar\/wp-json\/wp\/v2\/media?parent=146986"}],"wp:term":[{"taxonomy":"category","embeddable":true,"href":"https:\/\/www.correiobraziliense.com.br\/cbradar\/wp-json\/wp\/v2\/categories?post=146986"},{"taxonomy":"post_tag","embeddable":true,"href":"https:\/\/www.correiobraziliense.com.br\/cbradar\/wp-json\/wp\/v2\/post_tag?post=146986"}],"curies":[{"name":"wp","href":"https:\/\/api.w.org\/{rel}","templated":true}]}}