{"id":147000,"date":"2025-12-01T07:45:00","date_gmt":"2025-12-01T10:45:00","guid":{"rendered":"https:\/\/www.correiobraziliense.com.br\/cbradar\/?p=147000"},"modified":"2025-11-29T11:49:32","modified_gmt":"2025-11-29T14:49:32","slug":"xaropes-para-tosse-com-catarro-veja-opcoes-eficazes","status":"publish","type":"post","link":"https:\/\/www.correiobraziliense.com.br\/cbradar\/xaropes-para-tosse-com-catarro-veja-opcoes-eficazes\/","title":{"rendered":"Xaropes para tosse com catarro: veja op\u00e7\u00f5es eficazes"},"content":{"rendered":"\n<p>A<strong> Tosse Com Catarro <\/strong>\u00e9 uma condi\u00e7\u00e3o comum que pode afetar indiv\u00edduos de todas as idades. Comumente relacionada a infec\u00e7\u00f5es respirat\u00f3rias como gripes, resfriados ou mesmo doen\u00e7as mais severas como bronquite e pneumonia, a presen\u00e7a de catarro pode ser inc\u00f4moda e prejudicial \u00e0 sa\u00fade respirat\u00f3ria. Para ajudar na elimina\u00e7\u00e3o do muco, existem diversos xaropes com a\u00e7\u00e3o expectorante ou mucol\u00edtica que podem ser indicados por profissionais de sa\u00fade, ap\u00f3s o diagn\u00f3stico preciso da causa da tosse.<\/p>\n\n\n\n<p>O uso de xaropes expectorantes \u00e9 uma estrat\u00e9gia amplamente utilizada. Eles atuam tornando o catarro mais l\u00edquido, o que facilita sua expuls\u00e3o atrav\u00e9s da tosse. O ambroxol, por exemplo, \u00e9 uma subst\u00e2ncia que ajuda a deixar o catarro menos denso. J\u00e1 a bromexina, al\u00e9m de dissolver o muco, ativa os c\u00edlios dos br\u00f4nquios, promovendo a elimina\u00e7\u00e3o do catarro de forma mais eficaz.<\/p>\n\n\n\n<h2 class=\"wp-block-heading\">Quais s\u00e3o os diferentes tipos de xaropes para  Tosse Com Catarro?<\/h2>\n\n\n\n<p>A diversifica\u00e7\u00e3o de xaropes no mercado atual \u00e9 ampla. Entre os principais destacam-se o ambroxol, a guaifenesina e a carbociste\u00edna. A guaifenesina, especificamente, \u00e9 conhecida por sua capacidade de atuar de maneira eficiente nos casos de gripes e resfriados. Outra op\u00e7\u00e3o \u00e9 a carbociste\u00edna, que \u00e9 indicada principalmente em condi\u00e7\u00f5es de bronquite cr\u00f4nica, aux\u00edlio na elimina\u00e7\u00e3o de muco espesso e melhora da fun\u00e7\u00e3o pulmonar.<\/p>\n\n\n<div class=\"wp-block-image\">\n<figure class=\"aligncenter size-large\"><img decoding=\"async\" width=\"1024\" height=\"576\" src=\"https:\/\/www.correiobraziliense.com.br\/cbradar\/wp-content\/uploads\/2025\/11\/Tosse-Com-Catarro_1764427733160-1024x576.jpg\" alt=\"\" class=\"wp-image-147004\" srcset=\"https:\/\/www.correiobraziliense.com.br\/cbradar\/wp-content\/uploads\/2025\/11\/Tosse-Com-Catarro_1764427733160-1024x576.jpg 1024w, https:\/\/www.correiobraziliense.com.br\/cbradar\/wp-content\/uploads\/2025\/11\/Tosse-Com-Catarro_1764427733160-300x169.jpg 300w, https:\/\/www.correiobraziliense.com.br\/cbradar\/wp-content\/uploads\/2025\/11\/Tosse-Com-Catarro_1764427733160-768x432.jpg 768w, https:\/\/www.correiobraziliense.com.br\/cbradar\/wp-content\/uploads\/2025\/11\/Tosse-Com-Catarro_1764427733160-750x422.jpg 750w, https:\/\/www.correiobraziliense.com.br\/cbradar\/wp-content\/uploads\/2025\/11\/Tosse-Com-Catarro_1764427733160-1140x641.jpg 1140w, https:\/\/www.correiobraziliense.com.br\/cbradar\/wp-content\/uploads\/2025\/11\/Tosse-Com-Catarro_1764427733160.jpg 1280w\" sizes=\"(max-width: 1024px) 100vw, 1024px\" \/><figcaption class=\"wp-element-caption\">Tosse Com Catarro &#8211; Cr\u00e9ditos: depositphotos.com \/ 9nong<\/figcaption><\/figure><\/div>\n\n\n<h2 class=\"wp-block-heading\">Qual a import\u00e2ncia da orienta\u00e7\u00e3o m\u00e9dica no uso de xaropes?<\/h2>\n\n\n\n<p>Embora os xaropes sejam eficazes para o tratamento da Tosse Com Catarro, \u00e9 essencial que seu uso seja feito sob orienta\u00e7\u00e3o m\u00e9dica. Medicamentos como a acetilciste\u00edna e a acebrofilina s\u00e3o poderosos, mas seu uso inadequado pode mascarar sintomas de problemas mais severos ou mesmo agravar a condi\u00e7\u00e3o do paciente se n\u00e3o administrados corretamente. Especial cuidado deve ser tomado ao tratar crian\u00e7as, pois suas doses precisam ser ajustadas de acordo com a idade e peso.<\/p>\n\n\n\n<h2 class=\"wp-block-heading\">Quando buscar um m\u00e9dico para tratar a Tosse Com Catarro?<\/h2>\n\n\n\n<p>O monitoramento da tosse \u00e9 crucial, especialmente se forem observados sinais de agravamento, como a presen\u00e7a de sangue no muco, tosses que provocam v\u00f4mito ou a dificuldade de respirar. Tamb\u00e9m s\u00e3o sintom\u00e1ticas as crises de febre ou o chiado ao respirar. Crian\u00e7as e beb\u00eas exigem aten\u00e7\u00e3o especial, e no surgimento de qualquer um desses sinais, a consulta com um especialista deve ser imediata para garantir a ado\u00e7\u00e3o do tratamento mais apropriado.<\/p>\n\n\n\n<h2 class=\"wp-block-heading\">Existem alternativas fitoter\u00e1picas para a Tosse Com Catarro?<\/h2>\n\n\n\n<p>Al\u00e9m dos medicamentos tradicionais, h\u00e1 uma disponibilidade crescente de tratamentos fitoter\u00e1picos. Por exemplo, xaropes \u00e0 base de Hedera helix ou o Eucalyptus globulus s\u00e3o op\u00e7\u00f5es que v\u00eam ganhando espa\u00e7o. Eles oferecem uma abordagem mais natural, mas tamb\u00e9m devem ser usados com orienta\u00e7\u00e3o adequada. O guaco \u00e9 outro exemplo, conhecido por suas propriedades broncodilatadoras e expectorantes, proporcionando al\u00edvio dos sintomas e melhoria na respira\u00e7\u00e3o.<\/p>\n\n\n\n<p>A Tosse Com Catarro, mesmo sendo um inc\u00f4modo comum, requer aten\u00e7\u00e3o e tratamento adequado para evitar complica\u00e7\u00f5es maiores. Com o avan\u00e7o dos medicamentos e o conhecimento das condi\u00e7\u00f5es respirat\u00f3rias, os tratamentos tornaram-se mais eficazes, garantindo que os indiv\u00edduos possam superar essa condi\u00e7\u00e3o com mais seguran\u00e7a e conforto. O acompanhamento m\u00e9dico \u00e9 fundamental para definir o tratamento apropriado e garantir a <a href=\"https:\/\/www.correiobraziliense.com.br\/cbradar\/dr-danio-almeida-o-acumulo-de-gordura-que-nao-desaparece-com-dieta\/\" target=\"_blank\" rel=\"noreferrer noopener\">sa\u00fade <\/a>respirat\u00f3ria em longo prazo.<\/p>\n\n\n<a href=\"https:\/\/www.instagram.com\/dra.annaluisabf\/\" target=\"_blank\" rel=\"noopener\" style=\"text-decoration: none; color: inherit;\">\n    <span style=\"display: inline-block; border: 1px solid #ccc; border-radius: 10px; padding: 15px; max-width: 550px; font-family: sans-serif; box-shadow: 0 2px 5px rgba(0,0,0,0.1); width: 100%;\">\n\n      <!-- T\u00edtulo -->\n      <span style=\"display: block; margin: 0 0 15px 0; font-weight: bold; color: #2c3e50; text-align: center;\">\n        Entre em contato:\n      <\/span>\n\n      <!-- Linha do perfil -->\n      <span style=\"display: flex; align-items: center; gap: 15px;\">\n        <img decoding=\"async\"\n          src=\"https:\/\/www.correiobraziliense.com.br\/cbradar\/wp-content\/uploads\/2025\/08\/dra_anna_luisa.jpeg\"\n          alt=\"Foto da Dra. Anna Lu\u00edsa\"\n          style=\"border-radius: 50%; width: 80px; height: 80px; object-fit: cover;\"\n        \/>\n        <span style=\"display: flex; flex-direction: column;\">\n          <span style=\"font-size: 18px; font-weight: 700; color: #2c3e50;\">Dra. Anna Lu\u00edsa Barbosa Fernandes<\/span>\n          <span style=\"color: #555;\">CRM-GO 33.271<\/span>\n        <\/span>\n      <\/span>\n\n      <!-- Redes -->\n      <span style=\"display: flex; align-items: center; gap: 10px; margin-top: 12px;\">\n        <img decoding=\"async\" src=\"https:\/\/cdn-icons-png.flaticon.com\/24\/1384\/1384063.png\" alt=\"Instagram\" width=\"24\" height=\"24\" \/>\n        <span style=\"text-decoration: underline; color: #2c3e50;\">@dra.annaluisabf<\/span>\n      <\/span>\n\n    <\/span>\n  <\/a>","protected":false},"excerpt":{"rendered":"<p>A Tosse Com Catarro \u00e9 uma condi\u00e7\u00e3o comum que pode afetar indiv\u00edduos de todas as idades. Comumente relacionada a infec\u00e7\u00f5es respirat\u00f3rias como gripes, resfriados ou mesmo doen\u00e7as mais severas como bronquite e pneumonia, a presen\u00e7a de catarro pode ser inc\u00f4moda e prejudicial \u00e0 sa\u00fade respirat\u00f3ria. Para ajudar na elimina\u00e7\u00e3o do muco, existem diversos xaropes com [&hellip;]<\/p>\n","protected":false},"author":14,"featured_media":34577,"comment_status":"open","ping_status":"open","sticky":false,"template":"","format":"standard","meta":{"_yoast_wpseo_focuskw":"Tosse Com Catarro","_yoast_wpseo_title":"","_yoast_wpseo_metadesc":"Saiba como aliviar a tosse com catarro usando xaropes, fitoter\u00e1picos e medidas m\u00e9dicas. Entenda os sinais de alerta e o que fazer.","jnews-multi-image_gallery":[],"jnews_single_post":{"format":"standard"},"jnews_primary_category":[],"jnews_social_meta":[],"jnews_override_counter":[],"footnotes":""},"categories":[4404],"post_tag":[281,120,1318],"class_list":["post-147000","post","type-post","status-publish","format-standard","has-post-thumbnail","hentry","category-saude","tag-alimentacao","tag-bem-estar","tag-saude-2"],"yoast_head":"<!-- This site is optimized with the Yoast SEO plugin v24.6 - https:\/\/yoast.com\/wordpress\/plugins\/seo\/ -->\n<title>Xaropes para tosse com catarro: veja op\u00e7\u00f5es eficazes - Correio Braziliense - Radar<\/title>\n<meta name=\"description\" content=\"Saiba como aliviar a tosse com catarro usando xaropes, fitoter\u00e1picos e medidas m\u00e9dicas. Entenda os sinais de alerta e o que fazer.\" \/>\n<meta name=\"robots\" content=\"index, follow, max-snippet:-1, max-image-preview:large, max-video-preview:-1\" \/>\n<link rel=\"canonical\" href=\"https:\/\/www.correiobraziliense.com.br\/cbradar\/xaropes-para-tosse-com-catarro-veja-opcoes-eficazes\/\" \/>\n<meta property=\"og:locale\" content=\"pt_BR\" \/>\n<meta property=\"og:type\" content=\"article\" \/>\n<meta property=\"og:title\" content=\"Xaropes para tosse com catarro: veja op\u00e7\u00f5es eficazes - Correio Braziliense - Radar\" \/>\n<meta property=\"og:description\" content=\"Saiba como aliviar a tosse com catarro usando xaropes, fitoter\u00e1picos e medidas m\u00e9dicas. Entenda os sinais de alerta e o que fazer.\" \/>\n<meta property=\"og:url\" content=\"https:\/\/www.correiobraziliense.com.br\/cbradar\/xaropes-para-tosse-com-catarro-veja-opcoes-eficazes\/\" \/>\n<meta property=\"og:site_name\" content=\"Correio Braziliense - Radar\" \/>\n<meta property=\"article:published_time\" content=\"2025-12-01T10:45:00+00:00\" \/>\n<meta property=\"og:image\" content=\"https:\/\/www.correiobraziliense.com.br\/cbradar\/wp-content\/uploads\/2025\/05\/tosse_1746814267413.jpg\" \/>\n\t<meta property=\"og:image:width\" content=\"1280\" \/>\n\t<meta property=\"og:image:height\" content=\"720\" \/>\n\t<meta property=\"og:image:type\" content=\"image\/jpeg\" \/>\n<meta name=\"author\" content=\"guilherme_saude\" \/>\n<meta name=\"twitter:card\" content=\"summary_large_image\" \/>\n<meta name=\"twitter:label1\" content=\"Escrito por\" \/>\n\t<meta name=\"twitter:data1\" content=\"guilherme_saude\" \/>\n\t<meta name=\"twitter:label2\" content=\"Est. tempo de leitura\" \/>\n\t<meta name=\"twitter:data2\" content=\"4 minutos\" \/>\n<!-- \/ Yoast SEO plugin. -->","yoast_head_json":{"title":"Xaropes para tosse com catarro: veja op\u00e7\u00f5es eficazes - Correio Braziliense - Radar","description":"Saiba como aliviar a tosse com catarro usando xaropes, fitoter\u00e1picos e medidas m\u00e9dicas. Entenda os sinais de alerta e o que fazer.","robots":{"index":"index","follow":"follow","max-snippet":"max-snippet:-1","max-image-preview":"max-image-preview:large","max-video-preview":"max-video-preview:-1"},"canonical":"https:\/\/www.correiobraziliense.com.br\/cbradar\/xaropes-para-tosse-com-catarro-veja-opcoes-eficazes\/","og_locale":"pt_BR","og_type":"article","og_title":"Xaropes para tosse com catarro: veja op\u00e7\u00f5es eficazes - Correio Braziliense - Radar","og_description":"Saiba como aliviar a tosse com catarro usando xaropes, fitoter\u00e1picos e medidas m\u00e9dicas. Entenda os sinais de alerta e o que fazer.","og_url":"https:\/\/www.correiobraziliense.com.br\/cbradar\/xaropes-para-tosse-com-catarro-veja-opcoes-eficazes\/","og_site_name":"Correio Braziliense - Radar","article_published_time":"2025-12-01T10:45:00+00:00","og_image":[{"width":1280,"height":720,"url":"https:\/\/www.correiobraziliense.com.br\/cbradar\/wp-content\/uploads\/2025\/05\/tosse_1746814267413.jpg","type":"image\/jpeg"}],"author":"guilherme_saude","twitter_card":"summary_large_image","twitter_misc":{"Escrito por":"guilherme_saude","Est. tempo de leitura":"4 minutos"},"schema":{"@context":"https:\/\/schema.org","@graph":[{"@type":"WebPage","@id":"https:\/\/www.correiobraziliense.com.br\/cbradar\/xaropes-para-tosse-com-catarro-veja-opcoes-eficazes\/","url":"https:\/\/www.correiobraziliense.com.br\/cbradar\/xaropes-para-tosse-com-catarro-veja-opcoes-eficazes\/","name":"Xaropes para tosse com catarro: veja op\u00e7\u00f5es eficazes - Correio Braziliense - Radar","isPartOf":{"@id":"https:\/\/www.correiobraziliense.com.br\/cbradar\/#website"},"primaryImageOfPage":{"@id":"https:\/\/www.correiobraziliense.com.br\/cbradar\/xaropes-para-tosse-com-catarro-veja-opcoes-eficazes\/#primaryimage"},"image":{"@id":"https:\/\/www.correiobraziliense.com.br\/cbradar\/xaropes-para-tosse-com-catarro-veja-opcoes-eficazes\/#primaryimage"},"thumbnailUrl":"https:\/\/www.correiobraziliense.com.br\/cbradar\/wp-content\/uploads\/2025\/05\/tosse_1746814267413.jpg","datePublished":"2025-12-01T10:45:00+00:00","author":{"@id":"https:\/\/www.correiobraziliense.com.br\/cbradar\/#\/schema\/person\/5aa4bf3c8fa699c267933611de12978b"},"description":"Saiba como aliviar a tosse com catarro usando xaropes, fitoter\u00e1picos e medidas m\u00e9dicas. Entenda os sinais de alerta e o que fazer.","breadcrumb":{"@id":"https:\/\/www.correiobraziliense.com.br\/cbradar\/xaropes-para-tosse-com-catarro-veja-opcoes-eficazes\/#breadcrumb"},"inLanguage":"pt-BR","potentialAction":[{"@type":"ReadAction","target":["https:\/\/www.correiobraziliense.com.br\/cbradar\/xaropes-para-tosse-com-catarro-veja-opcoes-eficazes\/"]}]},{"@type":"ImageObject","inLanguage":"pt-BR","@id":"https:\/\/www.correiobraziliense.com.br\/cbradar\/xaropes-para-tosse-com-catarro-veja-opcoes-eficazes\/#primaryimage","url":"https:\/\/www.correiobraziliense.com.br\/cbradar\/wp-content\/uploads\/2025\/05\/tosse_1746814267413.jpg","contentUrl":"https:\/\/www.correiobraziliense.com.br\/cbradar\/wp-content\/uploads\/2025\/05\/tosse_1746814267413.jpg","width":1280,"height":720,"caption":"tosse - Cr\u00e9ditos: depositphotos.com \/ luismolinero"},{"@type":"BreadcrumbList","@id":"https:\/\/www.correiobraziliense.com.br\/cbradar\/xaropes-para-tosse-com-catarro-veja-opcoes-eficazes\/#breadcrumb","itemListElement":[{"@type":"ListItem","position":1,"name":"In\u00edcio","item":"https:\/\/www.correiobraziliense.com.br\/cbradar\/"},{"@type":"ListItem","position":2,"name":"Xaropes para tosse com catarro: veja op\u00e7\u00f5es eficazes"}]},{"@type":"WebSite","@id":"https:\/\/www.correiobraziliense.com.br\/cbradar\/#website","url":"https:\/\/www.correiobraziliense.com.br\/cbradar\/","name":"Correio Braziliense - Radar","description":"Acompanhe as \u00faltimas not\u00edcias e fique bem informado sobre tudo o que acontece no Brasil e no mundo.","potentialAction":[{"@type":"SearchAction","target":{"@type":"EntryPoint","urlTemplate":"https:\/\/www.correiobraziliense.com.br\/cbradar\/?s={search_term_string}"},"query-input":{"@type":"PropertyValueSpecification","valueRequired":true,"valueName":"search_term_string"}}],"inLanguage":"pt-BR"},{"@type":"Person","@id":"https:\/\/www.correiobraziliense.com.br\/cbradar\/#\/schema\/person\/5aa4bf3c8fa699c267933611de12978b","name":"guilherme_saude","image":{"@type":"ImageObject","inLanguage":"pt-BR","@id":"https:\/\/www.correiobraziliense.com.br\/cbradar\/#\/schema\/person\/image\/","url":"https:\/\/secure.gravatar.com\/avatar\/df9adfb835d344bc0af109d41756253f?s=96&d=mm&r=g","contentUrl":"https:\/\/secure.gravatar.com\/avatar\/df9adfb835d344bc0af109d41756253f?s=96&d=mm&r=g","caption":"guilherme_saude"},"url":"https:\/\/www.correiobraziliense.com.br\/cbradar\/author\/guilherme_saude\/"}]}},"_links":{"self":[{"href":"https:\/\/www.correiobraziliense.com.br\/cbradar\/wp-json\/wp\/v2\/posts\/147000","targetHints":{"allow":["GET"]}}],"collection":[{"href":"https:\/\/www.correiobraziliense.com.br\/cbradar\/wp-json\/wp\/v2\/posts"}],"about":[{"href":"https:\/\/www.correiobraziliense.com.br\/cbradar\/wp-json\/wp\/v2\/types\/post"}],"author":[{"embeddable":true,"href":"https:\/\/www.correiobraziliense.com.br\/cbradar\/wp-json\/wp\/v2\/users\/14"}],"replies":[{"embeddable":true,"href":"https:\/\/www.correiobraziliense.com.br\/cbradar\/wp-json\/wp\/v2\/comments?post=147000"}],"version-history":[{"count":1,"href":"https:\/\/www.correiobraziliense.com.br\/cbradar\/wp-json\/wp\/v2\/posts\/147000\/revisions"}],"predecessor-version":[{"id":147005,"href":"https:\/\/www.correiobraziliense.com.br\/cbradar\/wp-json\/wp\/v2\/posts\/147000\/revisions\/147005"}],"wp:featuredmedia":[{"embeddable":true,"href":"https:\/\/www.correiobraziliense.com.br\/cbradar\/wp-json\/wp\/v2\/media\/34577"}],"wp:attachment":[{"href":"https:\/\/www.correiobraziliense.com.br\/cbradar\/wp-json\/wp\/v2\/media?parent=147000"}],"wp:term":[{"taxonomy":"category","embeddable":true,"href":"https:\/\/www.correiobraziliense.com.br\/cbradar\/wp-json\/wp\/v2\/categories?post=147000"},{"taxonomy":"post_tag","embeddable":true,"href":"https:\/\/www.correiobraziliense.com.br\/cbradar\/wp-json\/wp\/v2\/post_tag?post=147000"}],"curies":[{"name":"wp","href":"https:\/\/api.w.org\/{rel}","templated":true}]}}