{"id":147006,"date":"2025-12-01T12:05:00","date_gmt":"2025-12-01T15:05:00","guid":{"rendered":"https:\/\/www.correiobraziliense.com.br\/cbradar\/?p=147006"},"modified":"2025-11-29T11:51:31","modified_gmt":"2025-11-29T14:51:31","slug":"entenda-se-o-alzheimer-pode-causar-invalidez-no-trabalho","status":"publish","type":"post","link":"https:\/\/www.correiobraziliense.com.br\/cbradar\/entenda-se-o-alzheimer-pode-causar-invalidez-no-trabalho\/","title":{"rendered":"Entenda se o Alzheimer pode causar invalidez no trabalho"},"content":{"rendered":"\n<p>O <strong>Alzheimer <\/strong>\u00e9 uma doen\u00e7a neurodegenerativa progressiva que impacta o cotidiano dos indiv\u00edduos acometidos e sua capacidade cognitiva. Desde a sua identifica\u00e7\u00e3o, a doen\u00e7a \u00e9 considerada uma das principais causas de dem\u00eancia no mundo, afetando especialmente a popula\u00e7\u00e3o idosa. Conforme a condi\u00e7\u00e3o avan\u00e7a, a capacidade de mem\u00f3ria, julgamento e tomada de decis\u00f5es dos pacientes se deteriora gradualmente. Diferentes fatores influenciam o ritmo e a severidade do avan\u00e7o dos sintomas, incluindo o tipo de atividades realizadas, o suporte social e emocional recebido e as condi\u00e7\u00f5es de <a href=\"https:\/\/www.correiobraziliense.com.br\/cbradar\/dr-danio-almeida-o-acumulo-de-gordura-que-nao-desaparece-com-dieta\/\" target=\"_blank\" rel=\"noreferrer noopener\">sa\u00fade <\/a>pr\u00e9-existentes.<\/p>\n\n\n\n<p>O diagn\u00f3stico precoce do Alzheimer \u00e9 essencial para a manuten\u00e7\u00e3o da qualidade de vida dos pacientes. Gra\u00e7as aos avan\u00e7os tecnol\u00f3gicos em biomarcadores e exames de imagem, \u00e9 poss\u00edvel detectar a doen\u00e7a nas fases iniciais, conhecidas como Comprometimento Cognitivo Leve amn\u00e9stico. Durante essa fase, os pacientes podem apresentar altera\u00e7\u00f5es de mem\u00f3ria e aten\u00e7\u00e3o, embora suas fun\u00e7\u00f5es cognitivas globais ainda estejam preservadas. Detectar essas mudan\u00e7as cedo permite que se inicie o tratamento e a estimula\u00e7\u00e3o cognitiva, retardando o comprometimento mais severo da doen\u00e7a.<\/p>\n\n\n\n<h2 class=\"wp-block-heading\">Quais s\u00e3o as fases da progress\u00e3o do Alzheimer?<\/h2>\n\n\n\n<p>A progress\u00e3o do Alzheimer ocorre de maneira gradual, dividindo-se em fases distintas. Inicialmente, os pacientes conseguem manter suas atividades di\u00e1rias com autonomia, mas \u00e0 medida que a doen\u00e7a evolui, a cogni\u00e7\u00e3o \u00e9 significativamente impactada. Nas fases leves, muitas vezes, \u00e9 poss\u00edvel que a pessoa mantenha um n\u00edvel consider\u00e1vel de produtividade, apesar das adapta\u00e7\u00f5es necess\u00e1rias no ritmo e na concentra\u00e7\u00e3o exigida pelas tarefas do dia a dia.<\/p>\n\n\n\n<p>No est\u00e1gio moderado, os desafios come\u00e7am a ser mais evidentes, com um impacto funcional nas tarefas di\u00e1rias. Atividades que exigem planejamento e responsabilidade, como o gerenciamento financeiro e a tomada de decis\u00f5es, tornam-se cada vez mais dif\u00edceis. Nessa fase, orientam-se altera\u00e7\u00f5es na rotina de trabalho do paciente para mitigar riscos e preservar sua dignidade.<\/p>\n\n\n\n<figure class=\"wp-block-image aligncenter size-large\"><img decoding=\"async\" width=\"1024\" height=\"576\" src=\"https:\/\/www.correiobraziliense.com.br\/cbradar\/wp-content\/uploads\/2025\/05\/alzheimer_1743429715051-1024x576.jpg\" alt=\"\" class=\"wp-image-34613\" srcset=\"https:\/\/www.correiobraziliense.com.br\/cbradar\/wp-content\/uploads\/2025\/05\/alzheimer_1743429715051-1024x576.jpg 1024w, https:\/\/www.correiobraziliense.com.br\/cbradar\/wp-content\/uploads\/2025\/05\/alzheimer_1743429715051-300x169.jpg 300w, https:\/\/www.correiobraziliense.com.br\/cbradar\/wp-content\/uploads\/2025\/05\/alzheimer_1743429715051-768x432.jpg 768w, https:\/\/www.correiobraziliense.com.br\/cbradar\/wp-content\/uploads\/2025\/05\/alzheimer_1743429715051-750x422.jpg 750w, https:\/\/www.correiobraziliense.com.br\/cbradar\/wp-content\/uploads\/2025\/05\/alzheimer_1743429715051-1140x641.jpg 1140w, https:\/\/www.correiobraziliense.com.br\/cbradar\/wp-content\/uploads\/2025\/05\/alzheimer_1743429715051.jpg 1280w\" sizes=\"(max-width: 1024px) 100vw, 1024px\" \/><figcaption class=\"wp-element-caption\"> Alzheimer  &#8211; Cr\u00e9ditos: depositphotos.com \/ AndrewLozovyi\n\n<\/figcaption><\/figure>\n\n\n\n<h2 class=\"wp-block-heading\">Como cuidar da cogni\u00e7\u00e3o ap\u00f3s o diagn\u00f3stico?<\/h2>\n\n\n\n<p>Manter a sa\u00fade cognitiva ap\u00f3s o diagn\u00f3stico de Alzheimer envolve mudan\u00e7as significativas no estilo de vida. A ado\u00e7\u00e3o de uma rotina que inclua est\u00edmulos variados \u00e9 fundamental. Isso pode incluir atividades cognitivas, como jogos mentais, leitura e aprendizado de novas habilidades, al\u00e9m de exerc\u00edcios f\u00edsicos regulares e intera\u00e7\u00e3o social frequente. O controle dos fatores de risco cardiovascular e metab\u00f3licos, como hipertens\u00e3o e diabetes, tamb\u00e9m se mostra essencial para reduzir o impacto da doen\u00e7a.<\/p>\n\n\n\n<p>Dependendo do n\u00edvel do progresso da doen\u00e7a, \u00e9 poss\u00edvel que os pacientes continuem a trabalhar, desde que o ambiente seja ajustado para suportar suas capacidades atuais. Essa pr\u00e1tica de manter o engajamento profissional pode ser muito ben\u00e9fica, pois preserva a identidade e o senso de prop\u00f3sito dos indiv\u00edduos, proporcionado um ambiente de acolhimento.<\/p>\n\n\n\n<h2 class=\"wp-block-heading\">Quais s\u00e3o as abordagens para mitigar o avan\u00e7o do Alzheimer?<\/h2>\n\n\n\n<p>Al\u00e9m das modifica\u00e7\u00f5es no estilo de vida, tratamentos farmacol\u00f3gicos podem oferecer suporte no controle dos sintomas do Alzheimer. Embora n\u00e3o haja cura definitiva, os medicamentos atuais ajudam a estabilizar temporariamente as condi\u00e7\u00f5es cognitivas e, em alguns casos, a melhorar sintomas espec\u00edficos, como a agita\u00e7\u00e3o e a depress\u00e3o associadas \u00e0 doen\u00e7a. O papel da fam\u00edlia e dos cuidadores tamb\u00e9m \u00e9 crucial, fornecendo apoio e cuidado ao paciente.<\/p>\n\n\n\n<p>A abordagem mais eficaz envolve uma combina\u00e7\u00e3o de tratamentos m\u00e9dicos e suporte psicossocial. A estimula\u00e7\u00e3o mental cont\u00ednua, associada a um suporte emocional s\u00f3lido e a manuten\u00e7\u00e3o de h\u00e1bitos saud\u00e1veis, traz resultados significativos na preserva\u00e7\u00e3o da cogni\u00e7\u00e3o e na melhoria da qualidade de vida, mesmo ap\u00f3s o diagn\u00f3stico de Alzheimer.<\/p>\n\n\n<a href=\"https:\/\/www.instagram.com\/dra.annaluisabf\/\" target=\"_blank\" rel=\"noopener\" style=\"text-decoration: none; color: inherit;\">\n    <span style=\"display: inline-block; border: 1px solid #ccc; border-radius: 10px; padding: 15px; max-width: 550px; font-family: sans-serif; box-shadow: 0 2px 5px rgba(0,0,0,0.1); width: 100%;\">\n\n      <!-- T\u00edtulo -->\n      <span style=\"display: block; margin: 0 0 15px 0; font-weight: bold; color: #2c3e50; text-align: center;\">\n        Entre em contato:\n      <\/span>\n\n      <!-- Linha do perfil -->\n      <span style=\"display: flex; align-items: center; gap: 15px;\">\n        <img decoding=\"async\"\n          src=\"https:\/\/www.correiobraziliense.com.br\/cbradar\/wp-content\/uploads\/2025\/08\/dra_anna_luisa.jpeg\"\n          alt=\"Foto da Dra. Anna Lu\u00edsa\"\n          style=\"border-radius: 50%; width: 80px; height: 80px; object-fit: cover;\"\n        \/>\n        <span style=\"display: flex; flex-direction: column;\">\n          <span style=\"font-size: 18px; font-weight: 700; color: #2c3e50;\">Dra. Anna Lu\u00edsa Barbosa Fernandes<\/span>\n          <span style=\"color: #555;\">CRM-GO 33.271<\/span>\n        <\/span>\n      <\/span>\n\n      <!-- Redes -->\n      <span style=\"display: flex; align-items: center; gap: 10px; margin-top: 12px;\">\n        <img decoding=\"async\" src=\"https:\/\/cdn-icons-png.flaticon.com\/24\/1384\/1384063.png\" alt=\"Instagram\" width=\"24\" height=\"24\" \/>\n        <span style=\"text-decoration: underline; color: #2c3e50;\">@dra.annaluisabf<\/span>\n      <\/span>\n\n    <\/span>\n  <\/a>","protected":false},"excerpt":{"rendered":"<p>O Alzheimer \u00e9 uma doen\u00e7a neurodegenerativa progressiva que impacta o cotidiano dos indiv\u00edduos acometidos e sua capacidade cognitiva. Desde a sua identifica\u00e7\u00e3o, a doen\u00e7a \u00e9 considerada uma das principais causas de dem\u00eancia no mundo, afetando especialmente a popula\u00e7\u00e3o idosa. Conforme a condi\u00e7\u00e3o avan\u00e7a, a capacidade de mem\u00f3ria, julgamento e tomada de decis\u00f5es dos pacientes se [&hellip;]<\/p>\n","protected":false},"author":14,"featured_media":34612,"comment_status":"open","ping_status":"open","sticky":false,"template":"","format":"standard","meta":{"_yoast_wpseo_focuskw":"Alzheimer","_yoast_wpseo_title":"","_yoast_wpseo_metadesc":"Veja como o diagn\u00f3stico precoce do Alzheimer pode retardar os sintomas. Aprenda a estimular a mem\u00f3ria e adaptar o dia a dia.","jnews-multi-image_gallery":[],"jnews_single_post":{"format":"standard"},"jnews_primary_category":[],"jnews_social_meta":[],"jnews_override_counter":[],"footnotes":""},"categories":[4404],"post_tag":[2304,120,1318],"class_list":["post-147006","post","type-post","status-publish","format-standard","has-post-thumbnail","hentry","category-saude","tag-alzheimer","tag-bem-estar","tag-saude-2"],"yoast_head":"<!-- This site is optimized with the Yoast SEO plugin v24.6 - https:\/\/yoast.com\/wordpress\/plugins\/seo\/ -->\n<title>Entenda se o Alzheimer pode causar invalidez no trabalho - Correio Braziliense - Radar<\/title>\n<meta name=\"description\" content=\"Veja como o diagn\u00f3stico precoce do Alzheimer pode retardar os sintomas. Aprenda a estimular a mem\u00f3ria e adaptar o dia a dia.\" \/>\n<meta name=\"robots\" content=\"index, follow, max-snippet:-1, max-image-preview:large, max-video-preview:-1\" \/>\n<link rel=\"canonical\" href=\"https:\/\/www.correiobraziliense.com.br\/cbradar\/entenda-se-o-alzheimer-pode-causar-invalidez-no-trabalho\/\" \/>\n<meta property=\"og:locale\" content=\"pt_BR\" \/>\n<meta property=\"og:type\" content=\"article\" \/>\n<meta property=\"og:title\" content=\"Entenda se o Alzheimer pode causar invalidez no trabalho - Correio Braziliense - Radar\" \/>\n<meta property=\"og:description\" content=\"Veja como o diagn\u00f3stico precoce do Alzheimer pode retardar os sintomas. Aprenda a estimular a mem\u00f3ria e adaptar o dia a dia.\" \/>\n<meta property=\"og:url\" content=\"https:\/\/www.correiobraziliense.com.br\/cbradar\/entenda-se-o-alzheimer-pode-causar-invalidez-no-trabalho\/\" \/>\n<meta property=\"og:site_name\" content=\"Correio Braziliense - Radar\" \/>\n<meta property=\"article:published_time\" content=\"2025-12-01T15:05:00+00:00\" \/>\n<meta property=\"og:image\" content=\"https:\/\/www.correiobraziliense.com.br\/cbradar\/wp-content\/uploads\/2025\/05\/alzheimer_1741783839871.jpg\" \/>\n\t<meta property=\"og:image:width\" content=\"1280\" \/>\n\t<meta property=\"og:image:height\" content=\"720\" \/>\n\t<meta property=\"og:image:type\" content=\"image\/jpeg\" \/>\n<meta name=\"author\" content=\"guilherme_saude\" \/>\n<meta name=\"twitter:card\" content=\"summary_large_image\" \/>\n<meta name=\"twitter:label1\" content=\"Escrito por\" \/>\n\t<meta name=\"twitter:data1\" content=\"guilherme_saude\" \/>\n\t<meta name=\"twitter:label2\" content=\"Est. tempo de leitura\" \/>\n\t<meta name=\"twitter:data2\" content=\"4 minutos\" \/>\n<!-- \/ Yoast SEO plugin. -->","yoast_head_json":{"title":"Entenda se o Alzheimer pode causar invalidez no trabalho - Correio Braziliense - Radar","description":"Veja como o diagn\u00f3stico precoce do Alzheimer pode retardar os sintomas. Aprenda a estimular a mem\u00f3ria e adaptar o dia a dia.","robots":{"index":"index","follow":"follow","max-snippet":"max-snippet:-1","max-image-preview":"max-image-preview:large","max-video-preview":"max-video-preview:-1"},"canonical":"https:\/\/www.correiobraziliense.com.br\/cbradar\/entenda-se-o-alzheimer-pode-causar-invalidez-no-trabalho\/","og_locale":"pt_BR","og_type":"article","og_title":"Entenda se o Alzheimer pode causar invalidez no trabalho - Correio Braziliense - Radar","og_description":"Veja como o diagn\u00f3stico precoce do Alzheimer pode retardar os sintomas. Aprenda a estimular a mem\u00f3ria e adaptar o dia a dia.","og_url":"https:\/\/www.correiobraziliense.com.br\/cbradar\/entenda-se-o-alzheimer-pode-causar-invalidez-no-trabalho\/","og_site_name":"Correio Braziliense - Radar","article_published_time":"2025-12-01T15:05:00+00:00","og_image":[{"width":1280,"height":720,"url":"https:\/\/www.correiobraziliense.com.br\/cbradar\/wp-content\/uploads\/2025\/05\/alzheimer_1741783839871.jpg","type":"image\/jpeg"}],"author":"guilherme_saude","twitter_card":"summary_large_image","twitter_misc":{"Escrito por":"guilherme_saude","Est. tempo de leitura":"4 minutos"},"schema":{"@context":"https:\/\/schema.org","@graph":[{"@type":"WebPage","@id":"https:\/\/www.correiobraziliense.com.br\/cbradar\/entenda-se-o-alzheimer-pode-causar-invalidez-no-trabalho\/","url":"https:\/\/www.correiobraziliense.com.br\/cbradar\/entenda-se-o-alzheimer-pode-causar-invalidez-no-trabalho\/","name":"Entenda se o Alzheimer pode causar invalidez no trabalho - Correio Braziliense - Radar","isPartOf":{"@id":"https:\/\/www.correiobraziliense.com.br\/cbradar\/#website"},"primaryImageOfPage":{"@id":"https:\/\/www.correiobraziliense.com.br\/cbradar\/entenda-se-o-alzheimer-pode-causar-invalidez-no-trabalho\/#primaryimage"},"image":{"@id":"https:\/\/www.correiobraziliense.com.br\/cbradar\/entenda-se-o-alzheimer-pode-causar-invalidez-no-trabalho\/#primaryimage"},"thumbnailUrl":"https:\/\/www.correiobraziliense.com.br\/cbradar\/wp-content\/uploads\/2025\/05\/alzheimer_1741783839871.jpg","datePublished":"2025-12-01T15:05:00+00:00","author":{"@id":"https:\/\/www.correiobraziliense.com.br\/cbradar\/#\/schema\/person\/5aa4bf3c8fa699c267933611de12978b"},"description":"Veja como o diagn\u00f3stico precoce do Alzheimer pode retardar os sintomas. Aprenda a estimular a mem\u00f3ria e adaptar o dia a dia.","breadcrumb":{"@id":"https:\/\/www.correiobraziliense.com.br\/cbradar\/entenda-se-o-alzheimer-pode-causar-invalidez-no-trabalho\/#breadcrumb"},"inLanguage":"pt-BR","potentialAction":[{"@type":"ReadAction","target":["https:\/\/www.correiobraziliense.com.br\/cbradar\/entenda-se-o-alzheimer-pode-causar-invalidez-no-trabalho\/"]}]},{"@type":"ImageObject","inLanguage":"pt-BR","@id":"https:\/\/www.correiobraziliense.com.br\/cbradar\/entenda-se-o-alzheimer-pode-causar-invalidez-no-trabalho\/#primaryimage","url":"https:\/\/www.correiobraziliense.com.br\/cbradar\/wp-content\/uploads\/2025\/05\/alzheimer_1741783839871.jpg","contentUrl":"https:\/\/www.correiobraziliense.com.br\/cbradar\/wp-content\/uploads\/2025\/05\/alzheimer_1741783839871.jpg","width":1280,"height":720,"caption":"O exame que ajuda a diferenciar Alzheimer de esquecimento comum - Cr\u00e9ditos: depositphotos.com \/ AndrewLozovyi"},{"@type":"BreadcrumbList","@id":"https:\/\/www.correiobraziliense.com.br\/cbradar\/entenda-se-o-alzheimer-pode-causar-invalidez-no-trabalho\/#breadcrumb","itemListElement":[{"@type":"ListItem","position":1,"name":"In\u00edcio","item":"https:\/\/www.correiobraziliense.com.br\/cbradar\/"},{"@type":"ListItem","position":2,"name":"Entenda se o Alzheimer pode causar invalidez no trabalho"}]},{"@type":"WebSite","@id":"https:\/\/www.correiobraziliense.com.br\/cbradar\/#website","url":"https:\/\/www.correiobraziliense.com.br\/cbradar\/","name":"Correio Braziliense - Radar","description":"Acompanhe as \u00faltimas not\u00edcias e fique bem informado sobre tudo o que acontece no Brasil e no mundo.","potentialAction":[{"@type":"SearchAction","target":{"@type":"EntryPoint","urlTemplate":"https:\/\/www.correiobraziliense.com.br\/cbradar\/?s={search_term_string}"},"query-input":{"@type":"PropertyValueSpecification","valueRequired":true,"valueName":"search_term_string"}}],"inLanguage":"pt-BR"},{"@type":"Person","@id":"https:\/\/www.correiobraziliense.com.br\/cbradar\/#\/schema\/person\/5aa4bf3c8fa699c267933611de12978b","name":"guilherme_saude","image":{"@type":"ImageObject","inLanguage":"pt-BR","@id":"https:\/\/www.correiobraziliense.com.br\/cbradar\/#\/schema\/person\/image\/","url":"https:\/\/secure.gravatar.com\/avatar\/df9adfb835d344bc0af109d41756253f?s=96&d=mm&r=g","contentUrl":"https:\/\/secure.gravatar.com\/avatar\/df9adfb835d344bc0af109d41756253f?s=96&d=mm&r=g","caption":"guilherme_saude"},"url":"https:\/\/www.correiobraziliense.com.br\/cbradar\/author\/guilherme_saude\/"}]}},"_links":{"self":[{"href":"https:\/\/www.correiobraziliense.com.br\/cbradar\/wp-json\/wp\/v2\/posts\/147006","targetHints":{"allow":["GET"]}}],"collection":[{"href":"https:\/\/www.correiobraziliense.com.br\/cbradar\/wp-json\/wp\/v2\/posts"}],"about":[{"href":"https:\/\/www.correiobraziliense.com.br\/cbradar\/wp-json\/wp\/v2\/types\/post"}],"author":[{"embeddable":true,"href":"https:\/\/www.correiobraziliense.com.br\/cbradar\/wp-json\/wp\/v2\/users\/14"}],"replies":[{"embeddable":true,"href":"https:\/\/www.correiobraziliense.com.br\/cbradar\/wp-json\/wp\/v2\/comments?post=147006"}],"version-history":[{"count":1,"href":"https:\/\/www.correiobraziliense.com.br\/cbradar\/wp-json\/wp\/v2\/posts\/147006\/revisions"}],"predecessor-version":[{"id":147011,"href":"https:\/\/www.correiobraziliense.com.br\/cbradar\/wp-json\/wp\/v2\/posts\/147006\/revisions\/147011"}],"wp:featuredmedia":[{"embeddable":true,"href":"https:\/\/www.correiobraziliense.com.br\/cbradar\/wp-json\/wp\/v2\/media\/34612"}],"wp:attachment":[{"href":"https:\/\/www.correiobraziliense.com.br\/cbradar\/wp-json\/wp\/v2\/media?parent=147006"}],"wp:term":[{"taxonomy":"category","embeddable":true,"href":"https:\/\/www.correiobraziliense.com.br\/cbradar\/wp-json\/wp\/v2\/categories?post=147006"},{"taxonomy":"post_tag","embeddable":true,"href":"https:\/\/www.correiobraziliense.com.br\/cbradar\/wp-json\/wp\/v2\/post_tag?post=147006"}],"curies":[{"name":"wp","href":"https:\/\/api.w.org\/{rel}","templated":true}]}}