{"id":147036,"date":"2025-11-30T11:55:00","date_gmt":"2025-11-30T14:55:00","guid":{"rendered":"https:\/\/www.correiobraziliense.com.br\/cbradar\/?p=147036"},"modified":"2025-11-29T14:28:00","modified_gmt":"2025-11-29T17:28:00","slug":"o-limao-siciliano-esta-ganhando-fama-e-o-motivo-e-mais-forte-do-que-parece","status":"publish","type":"post","link":"https:\/\/www.correiobraziliense.com.br\/cbradar\/o-limao-siciliano-esta-ganhando-fama-e-o-motivo-e-mais-forte-do-que-parece\/","title":{"rendered":"O lim\u00e3o-siciliano est\u00e1 ganhando fama e o motivo \u00e9 mais forte do que parece"},"content":{"rendered":"\n<p>O <strong>lim\u00e3o-siciliano<\/strong> (<em>Citrus limon<\/em>) \u00e9 uma fruta c\u00edtrica de casca amarela e aroma intenso, mundialmente reconhecida por suas <strong>propriedades medicinais<\/strong>, especialmente no suporte ao sistema de defesa do organismo. Seu <strong>poder curativo<\/strong> \u00e9 conferido pela alta concentra\u00e7\u00e3o de <strong>vitamina C<\/strong> e <strong>compostos bioativos<\/strong>, como flavonoides e \u00f3leos essenciais, que lhe garantem not\u00e1veis <strong>benef\u00edcios para a imunidade<\/strong> e forte <strong>a\u00e7\u00e3o antioxidante<\/strong>.<\/p>\n\n\n\n<p>Descubra os principais <strong>benef\u00edcios terap\u00eauticos<\/strong> do lim\u00e3o-siciliano:<\/p>\n\n\n\n<ul class=\"wp-block-list\">\n<li>Alta concentra\u00e7\u00e3o de vitamina C, crucial para o fortalecimento e fun\u00e7\u00e3o das c\u00e9lulas imunes.<\/li>\n\n\n\n<li>Flavonoides, como a hesperidina, com potente a\u00e7\u00e3o antioxidante e anti-inflamat\u00f3ria.<\/li>\n\n\n\n<li>Compostos que auxiliam na absor\u00e7\u00e3o de ferro, indiretamente suportando a imunidade.<\/li>\n<\/ul>\n\n\n\n<h2 class=\"wp-block-heading\">Alta concentra\u00e7\u00e3o de vitamina C para o refor\u00e7o imunol\u00f3gico<\/h2>\n\n\n\n<p>O principal <strong>princ\u00edpio ativo<\/strong> do <strong>lim\u00e3o-siciliano<\/strong> no suporte \u00e0 sa\u00fade \u00e9 a <strong>vitamina C<\/strong> (\u00e1cido asc\u00f3rbico). Este micronutriente \u00e9 essencial para o funcionamento do sistema imunol\u00f3gico, participando da produ\u00e7\u00e3o e da fun\u00e7\u00e3o de diversas c\u00e9lulas de defesa, como os fag\u00f3citos e linf\u00f3citos. A ingest\u00e3o di\u00e1ria de vitamina C, fornecida pelo lim\u00e3o, \u00e9 uma medida eficaz para manter a integridade das barreiras epiteliais e a capacidade de resposta imune do corpo. O papel vital da vitamina C \u00e9 fundamental:<\/p>\n\n\n\n<p><em>&#8220;A vitamina C \u00e9 indispens\u00e1vel para a manuten\u00e7\u00e3o das defesas do organismo, atuando na prote\u00e7\u00e3o das c\u00e9lulas imunes contra o estresse oxidativo que ocorre durante a resposta a infec\u00e7\u00f5es.&#8221;<\/em> (SCHOLZ, 2021).<\/p>\n\n\n<div class=\"wp-block-image\">\n<figure class=\"aligncenter size-large\"><img decoding=\"async\" width=\"1024\" height=\"576\" src=\"https:\/\/www.correiobraziliense.com.br\/cbradar\/wp-content\/uploads\/2025\/05\/limao-siciliano_1747492282398-1024x576.jpg\" alt=\"Tenha lim\u00f5es sicilianos frescos em casa com estas dicas de cultivo\" class=\"wp-image-38533\" srcset=\"https:\/\/www.correiobraziliense.com.br\/cbradar\/wp-content\/uploads\/2025\/05\/limao-siciliano_1747492282398-1024x576.jpg 1024w, https:\/\/www.correiobraziliense.com.br\/cbradar\/wp-content\/uploads\/2025\/05\/limao-siciliano_1747492282398-300x169.jpg 300w, https:\/\/www.correiobraziliense.com.br\/cbradar\/wp-content\/uploads\/2025\/05\/limao-siciliano_1747492282398-768x432.jpg 768w, https:\/\/www.correiobraziliense.com.br\/cbradar\/wp-content\/uploads\/2025\/05\/limao-siciliano_1747492282398-750x422.jpg 750w, https:\/\/www.correiobraziliense.com.br\/cbradar\/wp-content\/uploads\/2025\/05\/limao-siciliano_1747492282398-1140x641.jpg 1140w, https:\/\/www.correiobraziliense.com.br\/cbradar\/wp-content\/uploads\/2025\/05\/limao-siciliano_1747492282398.jpg 1280w\" sizes=\"(max-width: 1024px) 100vw, 1024px\" \/><figcaption class=\"wp-element-caption\">Lim\u00e3o siciliano &#8211; Cr\u00e9ditos: depositphotos.com \/ VitalikRadko<\/figcaption><\/figure><\/div>\n\n\n<p>Leia tamb\u00e9m: <a href=\"https:\/\/www.correiobraziliense.com.br\/cbradar\/os-beneficios-da-dieta-52-para-a-saude-e-por-que-voce-deveria-conisderar\/\" target=\"_blank\" rel=\"noreferrer noopener\">Os benef\u00edcios da dieta 5:2 para a sa\u00fade e por que voc\u00ea deveria considerar<\/a><\/p>\n\n\n\n<h2 class=\"wp-block-heading\">A\u00e7\u00e3o antioxidante dos flavonoides e prote\u00e7\u00e3o celular<\/h2>\n\n\n\n<p>A <strong>casca<\/strong> e o sumo do <strong>lim\u00e3o-siciliano<\/strong> s\u00e3o ricos em <strong>flavonoides<\/strong>, como a hesperidina e a naringenina. Estes <strong>compostos bioativos<\/strong> exercem uma potente <strong>a\u00e7\u00e3o antioxidante<\/strong> e anti-inflamat\u00f3ria, que complementa a a\u00e7\u00e3o da vitamina C. Ao neutralizar os radicais livres, os flavonoides protegem as c\u00e9lulas imunes e os tecidos contra danos, o que \u00e9 crucial para manter a efic\u00e1cia do sistema de defesa. A prote\u00e7\u00e3o contra o estresse oxidativo \u00e9 um <strong>poder curativo<\/strong> essencial da fruta. Uma an\u00e1lise fitoqu\u00edmica da fruta c\u00edtrica confirma a riqueza em flavonoides:<\/p>\n\n\n\n<blockquote class=\"wp-block-quote is-layout-flow wp-block-quote-is-layout-flow\">\n<p><em>&#8220;O lim\u00e3o-siciliano possui alta concentra\u00e7\u00e3o de flavonoides glicos\u00eddeos, que demonstram significativa capacidade de elimina\u00e7\u00e3o de radicais livres, contribuindo para a a\u00e7\u00e3o protetora e antioxidante da fruta no organismo.&#8221;<\/em> (MATOS, 2009).<\/p>\n<\/blockquote>\n\n\n\n<h3 class=\"wp-block-heading\">Modo de consumo: \u00e1gua com lim\u00e3o morna<\/h3>\n\n\n\n<p>Para aproveitar o m\u00e1ximo de <strong>benef\u00edcios terap\u00eauticos<\/strong>, consuma o suco de meio <strong>lim\u00e3o-siciliano<\/strong> dilu\u00eddo em um copo de \u00e1gua morna pela manh\u00e3. A \u00e1gua morna n\u00e3o destr\u00f3i a vitamina C (que s\u00f3 se degrada em altas temperaturas de cozimento) e ajuda a promover a hidrata\u00e7\u00e3o e a absor\u00e7\u00e3o dos <strong>princ\u00edpios ativos<\/strong>. <a href=\"https:\/\/www.youtube.com\/@DrJulianoTeles\" target=\"_blank\" rel=\"noreferrer noopener\">Dr Juliano Teles<\/a> mostra os benef\u00edcios do lim\u00e3o na sa\u00fade, confira abaixo:<\/p>\n\n\n\n<figure class=\"wp-block-embed is-type-video is-provider-youtube wp-block-embed-youtube wp-embed-aspect-16-9 wp-has-aspect-ratio\"><div class=\"wp-block-embed__wrapper\">\n<div class=\"jeg_video_container jeg_video_content\"><iframe loading=\"lazy\" title=\"LIM\u00c3O, quais os benef\u00edcios para a sa\u00fade | Dr Juliano Teles\" width=\"500\" height=\"281\" src=\"https:\/\/www.youtube.com\/embed\/fUgV9TBlidk?feature=oembed\" frameborder=\"0\" allow=\"accelerometer; autoplay; clipboard-write; encrypted-media; gyroscope; picture-in-picture; web-share\" referrerpolicy=\"strict-origin-when-cross-origin\" allowfullscreen><\/iframe><\/div>\n<\/div><\/figure>\n\n\n\n<h2 class=\"wp-block-heading\">Benef\u00edcio para a absor\u00e7\u00e3o de ferro e a imunidade indireta<\/h2>\n\n\n\n<p>Um <strong>benef\u00edcio terap\u00eautico<\/strong> indireto do <strong>lim\u00e3o-siciliano<\/strong> no <strong>refor\u00e7o imunol\u00f3gico<\/strong> \u00e9 sua capacidade de aumentar a absor\u00e7\u00e3o do ferro n\u00e3o-heme (presente em vegetais). A acidez da <strong>vitamina C<\/strong> melhora a biodisponibilidade do ferro no intestino. O ferro \u00e9 crucial para a preven\u00e7\u00e3o da anemia, uma condi\u00e7\u00e3o que debilita o sistema imunol\u00f3gico. Ao facilitar a absor\u00e7\u00e3o desse mineral vital, o lim\u00e3o contribui para a vitalidade e a capacidade de resposta imune do corpo. O efeito facilitador do lim\u00e3o \u00e9 amplamente reconhecido na nutri\u00e7\u00e3o:<\/p>\n\n\n\n<blockquote class=\"wp-block-quote is-layout-flow wp-block-quote-is-layout-flow\">\n<p><em>&#8220;O \u00e1cido asc\u00f3rbico presente no lim\u00e3o atua como um poderoso agente redutor, convertendo o ferro n\u00e3o-heme em uma forma mais facilmente absorv\u00edvel pelo organismo, o que \u00e9 fundamental para a preven\u00e7\u00e3o da anemia ferropriva e o suporte indireto ao sistema imune.&#8221;<\/em> (SCHOLZ, 2021).<\/p>\n<\/blockquote>\n\n\n\n<p>Utilize o lim\u00e3o como tempero em saladas ricas em vegetais folhosos (fontes de ferro) para potencializar este <strong>benef\u00edcio<\/strong>.<\/p>\n\n\n\n<h2 class=\"wp-block-heading\">Um padr\u00e3o de sa\u00fade e defesa<\/h2>\n\n\n\n<p>O <strong>lim\u00e3o-siciliano<\/strong> \u00e9 um dos pilares da <strong>bot\u00e2nica medicinal<\/strong>, oferecendo <strong>propriedades curativas<\/strong> essenciais para o <strong>refor\u00e7o imunol\u00f3gico<\/strong>. Sua riqueza em vitamina C e flavonoides fornece uma defesa natural e eficaz contra o estresse oxidativo e as infec\u00e7\u00f5es. No v\u00eddeo abaixo,<strong> Vini Cordeiro<\/strong> ensina a preparar uma limonada, confira:<\/p>\n\n\n\n<figure class=\"wp-block-embed is-type-video is-provider-tiktok wp-block-embed-tiktok\"><div class=\"wp-block-embed__wrapper\">\n<blockquote class=\"tiktok-embed\" cite=\"https:\/\/www.tiktok.com\/@chefvinicordeiro\/video\/7418184872277085446\" data-video-id=\"7418184872277085446\" data-embed-from=\"oembed\" style=\"max-width:605px; min-width:325px;\"> <section> <a target=\"_blank\" title=\"@chefvinicordeiro\" href=\"https:\/\/www.tiktok.com\/@chefvinicordeiro?refer=embed\">@chefvinicordeiro<\/a> <p>Limonada Lim\u00e3o Siciliano A\u00e7\u00facar . Quer aprender a impressionar seus amigos na cozinha em menos de 20 minutos? Clique no link da Bio. . <a title=\"receitas\" target=\"_blank\" href=\"https:\/\/www.tiktok.com\/tag\/receitas?refer=embed\">#receitas<\/a> <a title=\"receitafacil\" target=\"_blank\" href=\"https:\/\/www.tiktok.com\/tag\/receitafacil?refer=embed\">#receitafacil<\/a> <a title=\"receitasimples\" target=\"_blank\" href=\"https:\/\/www.tiktok.com\/tag\/receitasimples?refer=embed\">#receitasimples<\/a> <a title=\"receita\" target=\"_blank\" href=\"https:\/\/www.tiktok.com\/tag\/receita?refer=embed\">#receita<\/a> <a title=\"receitacaseira\" target=\"_blank\" href=\"https:\/\/www.tiktok.com\/tag\/receitacaseira?refer=embed\">#receitacaseira<\/a> <a title=\"receitaspraticas\" target=\"_blank\" href=\"https:\/\/www.tiktok.com\/tag\/receitaspraticas?refer=embed\">#receitaspraticas<\/a> <a title=\"receitasquefuncionam\" target=\"_blank\" href=\"https:\/\/www.tiktok.com\/tag\/receitasquefuncionam?refer=embed\">#receitasquefuncionam<\/a> <a title=\"cozinhapratica\" target=\"_blank\" href=\"https:\/\/www.tiktok.com\/tag\/cozinhapratica?refer=embed\">#cozinhapratica<\/a> <a title=\"comida\" target=\"_blank\" href=\"https:\/\/www.tiktok.com\/tag\/comida?refer=embed\">#comida<\/a> <a title=\"comidadeverdade\" target=\"_blank\" href=\"https:\/\/www.tiktok.com\/tag\/comidadeverdade?refer=embed\">#comidadeverdade<\/a> <a title=\"comidacaseira\" target=\"_blank\" href=\"https:\/\/www.tiktok.com\/tag\/comidacaseira?refer=embed\">#comidacaseira<\/a> <a title=\"comidareal\" target=\"_blank\" href=\"https:\/\/www.tiktok.com\/tag\/comidareal?refer=embed\">#comidareal<\/a> <a title=\"comidaboa\" target=\"_blank\" href=\"https:\/\/www.tiktok.com\/tag\/comidaboa?refer=embed\">#comidaboa<\/a> <a title=\"comidagostosa\" target=\"_blank\" href=\"https:\/\/www.tiktok.com\/tag\/comidagostosa?refer=embed\">#comidagostosa<\/a> <a title=\"comidas\" target=\"_blank\" href=\"https:\/\/www.tiktok.com\/tag\/comidas?refer=embed\">#comidas<\/a><\/p> <a target=\"_blank\" title=\"\u266c som original - Vini Cordeiro - Vini Cordeiro\" href=\"https:\/\/www.tiktok.com\/music\/som-original-Vini-Cordeiro-7418184930298399494?refer=embed\">\u266c som original &#8211; Vini Cordeiro &#8211; Vini Cordeiro<\/a> <\/section> <\/blockquote> <script async src=\"https:\/\/www.tiktok.com\/embed.js\"><\/script>\n<\/div><\/figure>\n\n\n\n<ul class=\"wp-block-list\">\n<li>O alto teor de <strong>vitamina C<\/strong> \u00e9 o principal <strong>princ\u00edpio ativo<\/strong> que garante o <strong>refor\u00e7o imunol\u00f3gico<\/strong> e a integridade celular.<\/li>\n\n\n\n<li>Os <strong>flavonoides<\/strong> conferem potente <strong>a\u00e7\u00e3o antioxidante<\/strong> e anti-inflamat\u00f3ria, protegendo as c\u00e9lulas de defesa.<\/li>\n\n\n\n<li>O consumo do lim\u00e3o-siciliano \u00e9 um <strong>benef\u00edcio terap\u00eautico<\/strong> que auxilia indiretamente a imunidade ao aumentar a absor\u00e7\u00e3o de ferro.<\/li>\n<\/ul>\n\n\n\n<h2 class=\"wp-block-heading\">Refer\u00eancias bibliogr\u00e1ficas<\/h2>\n\n\n\n<ul class=\"wp-block-list\">\n<li>MATOS, Francisco Jos\u00e9 de Abreu. <em>Farmacognosia: do produto natural ao medicamento<\/em>. 7. ed. Fortaleza: Edi\u00e7\u00f5es UFC, 2009.<\/li>\n\n\n\n<li>SCHOLZ, M. F. et al. O papel da vitamina C na fun\u00e7\u00e3o imunol\u00f3gica: uma revis\u00e3o sistem\u00e1tica. <em>Revista Brasileira de Medicina<\/em>, v. 45, n. 2, p. 110-118, 2021.<\/li>\n\n\n\n<li>VIEIRA, L. B. et al. Flavonoides em Frutas C\u00edtricas e Seus Efeitos Terap\u00eauticos. <em>Ci\u00eancia e Tecnologia de Alimentos<\/em>, v. 32, n. 1, p. 120-128, 2012.<\/li>\n<\/ul>\n","protected":false},"excerpt":{"rendered":"<p>O lim\u00e3o-siciliano (Citrus limon) \u00e9 uma fruta c\u00edtrica de casca amarela e aroma intenso, mundialmente reconhecida por suas propriedades medicinais, especialmente no suporte ao sistema de defesa do organismo. Seu poder curativo \u00e9 conferido pela alta concentra\u00e7\u00e3o de vitamina C e compostos bioativos, como flavonoides e \u00f3leos essenciais, que lhe garantem not\u00e1veis benef\u00edcios para a [&hellip;]<\/p>\n","protected":false},"author":9,"featured_media":147046,"comment_status":"open","ping_status":"open","sticky":false,"template":"","format":"standard","meta":{"_yoast_wpseo_focuskw":"lim\u00e3o-siciliano","_yoast_wpseo_title":"","_yoast_wpseo_metadesc":"Inclua um aliado natural na rotina di\u00e1ria e potencialize sua imunidade, defesa celular e bem-estar de forma pr\u00e1tica e simples.","jnews-multi-image_gallery":[],"jnews_single_post":{"format":"standard"},"jnews_primary_category":[],"jnews_social_meta":[],"jnews_override_counter":[],"footnotes":""},"categories":[119],"post_tag":[4835,12075,565],"class_list":["post-147036","post","type-post","status-publish","format-standard","has-post-thumbnail","hentry","category-bem-estar","tag-imunidade","tag-limao-siciliano-2","tag-saude"],"yoast_head":"<!-- This site is optimized with the Yoast SEO plugin v24.6 - https:\/\/yoast.com\/wordpress\/plugins\/seo\/ -->\n<title>O lim\u00e3o-siciliano est\u00e1 ganhando fama e o motivo \u00e9 mais forte do que parece - Correio Braziliense - Radar<\/title>\n<meta name=\"description\" content=\"Inclua um aliado natural na rotina di\u00e1ria e potencialize sua imunidade, defesa celular e bem-estar de forma pr\u00e1tica e simples.\" \/>\n<meta name=\"robots\" content=\"index, follow, max-snippet:-1, max-image-preview:large, max-video-preview:-1\" \/>\n<link rel=\"canonical\" href=\"https:\/\/www.correiobraziliense.com.br\/cbradar\/o-limao-siciliano-esta-ganhando-fama-e-o-motivo-e-mais-forte-do-que-parece\/\" \/>\n<meta property=\"og:locale\" content=\"pt_BR\" \/>\n<meta property=\"og:type\" content=\"article\" \/>\n<meta property=\"og:title\" content=\"O lim\u00e3o-siciliano est\u00e1 ganhando fama e o motivo \u00e9 mais forte do que parece - Correio Braziliense - Radar\" \/>\n<meta property=\"og:description\" content=\"Inclua um aliado natural na rotina di\u00e1ria e potencialize sua imunidade, defesa celular e bem-estar de forma pr\u00e1tica e simples.\" \/>\n<meta property=\"og:url\" content=\"https:\/\/www.correiobraziliense.com.br\/cbradar\/o-limao-siciliano-esta-ganhando-fama-e-o-motivo-e-mais-forte-do-que-parece\/\" \/>\n<meta property=\"og:site_name\" content=\"Correio Braziliense - Radar\" \/>\n<meta property=\"article:published_time\" content=\"2025-11-30T14:55:00+00:00\" \/>\n<meta property=\"og:image\" content=\"https:\/\/www.correiobraziliense.com.br\/cbradar\/wp-content\/uploads\/2025\/11\/Gemini_Generated_Image_gder5dgder5dgder-1.png\" \/>\n\t<meta property=\"og:image:width\" content=\"1280\" \/>\n\t<meta property=\"og:image:height\" content=\"720\" \/>\n\t<meta property=\"og:image:type\" content=\"image\/png\" \/>\n<meta name=\"author\" content=\"Daniely Cardoso\" \/>\n<meta name=\"twitter:card\" content=\"summary_large_image\" \/>\n<meta name=\"twitter:label1\" content=\"Escrito por\" \/>\n\t<meta name=\"twitter:data1\" content=\"Daniely Cardoso\" \/>\n\t<meta name=\"twitter:label2\" content=\"Est. tempo de leitura\" \/>\n\t<meta name=\"twitter:data2\" content=\"5 minutos\" \/>\n<!-- \/ Yoast SEO plugin. -->","yoast_head_json":{"title":"O lim\u00e3o-siciliano est\u00e1 ganhando fama e o motivo \u00e9 mais forte do que parece - Correio Braziliense - Radar","description":"Inclua um aliado natural na rotina di\u00e1ria e potencialize sua imunidade, defesa celular e bem-estar de forma pr\u00e1tica e simples.","robots":{"index":"index","follow":"follow","max-snippet":"max-snippet:-1","max-image-preview":"max-image-preview:large","max-video-preview":"max-video-preview:-1"},"canonical":"https:\/\/www.correiobraziliense.com.br\/cbradar\/o-limao-siciliano-esta-ganhando-fama-e-o-motivo-e-mais-forte-do-que-parece\/","og_locale":"pt_BR","og_type":"article","og_title":"O lim\u00e3o-siciliano est\u00e1 ganhando fama e o motivo \u00e9 mais forte do que parece - Correio Braziliense - Radar","og_description":"Inclua um aliado natural na rotina di\u00e1ria e potencialize sua imunidade, defesa celular e bem-estar de forma pr\u00e1tica e simples.","og_url":"https:\/\/www.correiobraziliense.com.br\/cbradar\/o-limao-siciliano-esta-ganhando-fama-e-o-motivo-e-mais-forte-do-que-parece\/","og_site_name":"Correio Braziliense - Radar","article_published_time":"2025-11-30T14:55:00+00:00","og_image":[{"width":1280,"height":720,"url":"https:\/\/www.correiobraziliense.com.br\/cbradar\/wp-content\/uploads\/2025\/11\/Gemini_Generated_Image_gder5dgder5dgder-1.png","type":"image\/png"}],"author":"Daniely Cardoso","twitter_card":"summary_large_image","twitter_misc":{"Escrito por":"Daniely Cardoso","Est. tempo de leitura":"5 minutos"},"schema":{"@context":"https:\/\/schema.org","@graph":[{"@type":"WebPage","@id":"https:\/\/www.correiobraziliense.com.br\/cbradar\/o-limao-siciliano-esta-ganhando-fama-e-o-motivo-e-mais-forte-do-que-parece\/","url":"https:\/\/www.correiobraziliense.com.br\/cbradar\/o-limao-siciliano-esta-ganhando-fama-e-o-motivo-e-mais-forte-do-que-parece\/","name":"O lim\u00e3o-siciliano est\u00e1 ganhando fama e o motivo \u00e9 mais forte do que parece - Correio Braziliense - Radar","isPartOf":{"@id":"https:\/\/www.correiobraziliense.com.br\/cbradar\/#website"},"primaryImageOfPage":{"@id":"https:\/\/www.correiobraziliense.com.br\/cbradar\/o-limao-siciliano-esta-ganhando-fama-e-o-motivo-e-mais-forte-do-que-parece\/#primaryimage"},"image":{"@id":"https:\/\/www.correiobraziliense.com.br\/cbradar\/o-limao-siciliano-esta-ganhando-fama-e-o-motivo-e-mais-forte-do-que-parece\/#primaryimage"},"thumbnailUrl":"https:\/\/www.correiobraziliense.com.br\/cbradar\/wp-content\/uploads\/2025\/11\/Gemini_Generated_Image_gder5dgder5dgder-1.png","datePublished":"2025-11-30T14:55:00+00:00","author":{"@id":"https:\/\/www.correiobraziliense.com.br\/cbradar\/#\/schema\/person\/7356666e12ec0ee53f348ee5db227032"},"description":"Inclua um aliado natural na rotina di\u00e1ria e potencialize sua imunidade, defesa celular e bem-estar de forma pr\u00e1tica e simples.","breadcrumb":{"@id":"https:\/\/www.correiobraziliense.com.br\/cbradar\/o-limao-siciliano-esta-ganhando-fama-e-o-motivo-e-mais-forte-do-que-parece\/#breadcrumb"},"inLanguage":"pt-BR","potentialAction":[{"@type":"ReadAction","target":["https:\/\/www.correiobraziliense.com.br\/cbradar\/o-limao-siciliano-esta-ganhando-fama-e-o-motivo-e-mais-forte-do-que-parece\/"]}]},{"@type":"ImageObject","inLanguage":"pt-BR","@id":"https:\/\/www.correiobraziliense.com.br\/cbradar\/o-limao-siciliano-esta-ganhando-fama-e-o-motivo-e-mais-forte-do-que-parece\/#primaryimage","url":"https:\/\/www.correiobraziliense.com.br\/cbradar\/wp-content\/uploads\/2025\/11\/Gemini_Generated_Image_gder5dgder5dgder-1.png","contentUrl":"https:\/\/www.correiobraziliense.com.br\/cbradar\/wp-content\/uploads\/2025\/11\/Gemini_Generated_Image_gder5dgder5dgder-1.png","width":1280,"height":720,"caption":"O principal princ\u00edpio ativo do lim\u00e3o-siciliano no suporte \u00e0 sa\u00fade \u00e9 a vitamina C"},{"@type":"BreadcrumbList","@id":"https:\/\/www.correiobraziliense.com.br\/cbradar\/o-limao-siciliano-esta-ganhando-fama-e-o-motivo-e-mais-forte-do-que-parece\/#breadcrumb","itemListElement":[{"@type":"ListItem","position":1,"name":"In\u00edcio","item":"https:\/\/www.correiobraziliense.com.br\/cbradar\/"},{"@type":"ListItem","position":2,"name":"O lim\u00e3o-siciliano est\u00e1 ganhando fama e o motivo \u00e9 mais forte do que parece"}]},{"@type":"WebSite","@id":"https:\/\/www.correiobraziliense.com.br\/cbradar\/#website","url":"https:\/\/www.correiobraziliense.com.br\/cbradar\/","name":"Correio Braziliense - Radar","description":"Acompanhe as \u00faltimas not\u00edcias e fique bem informado sobre tudo o que acontece no Brasil e no mundo.","potentialAction":[{"@type":"SearchAction","target":{"@type":"EntryPoint","urlTemplate":"https:\/\/www.correiobraziliense.com.br\/cbradar\/?s={search_term_string}"},"query-input":{"@type":"PropertyValueSpecification","valueRequired":true,"valueName":"search_term_string"}}],"inLanguage":"pt-BR"},{"@type":"Person","@id":"https:\/\/www.correiobraziliense.com.br\/cbradar\/#\/schema\/person\/7356666e12ec0ee53f348ee5db227032","name":"Daniely Cardoso","image":{"@type":"ImageObject","inLanguage":"pt-BR","@id":"https:\/\/www.correiobraziliense.com.br\/cbradar\/#\/schema\/person\/image\/","url":"https:\/\/secure.gravatar.com\/avatar\/4b80ddbd124d1f071b626d52d62e5dff?s=96&d=mm&r=g","contentUrl":"https:\/\/secure.gravatar.com\/avatar\/4b80ddbd124d1f071b626d52d62e5dff?s=96&d=mm&r=g","caption":"Daniely Cardoso"},"description":"Redatora nos portais CB Radar e EM Foco, formada pela Universidade Federal de Goi\u00e1s, em Goi\u00e2nia. Apaixonada por comunica\u00e7\u00e3o, arte, decora\u00e7\u00e3o e tend\u00eancias, atuo na produ\u00e7\u00e3o de conte\u00fados envolventes sobre curiosidades, moda, beleza e paisagismo, sempre com um olhar atento \u00e0s novidades do momento.","sameAs":["https:\/\/www.correiobraziliense.com.br\/cbradar"],"url":"https:\/\/www.correiobraziliense.com.br\/cbradar\/author\/danielymyth\/"}]}},"_links":{"self":[{"href":"https:\/\/www.correiobraziliense.com.br\/cbradar\/wp-json\/wp\/v2\/posts\/147036","targetHints":{"allow":["GET"]}}],"collection":[{"href":"https:\/\/www.correiobraziliense.com.br\/cbradar\/wp-json\/wp\/v2\/posts"}],"about":[{"href":"https:\/\/www.correiobraziliense.com.br\/cbradar\/wp-json\/wp\/v2\/types\/post"}],"author":[{"embeddable":true,"href":"https:\/\/www.correiobraziliense.com.br\/cbradar\/wp-json\/wp\/v2\/users\/9"}],"replies":[{"embeddable":true,"href":"https:\/\/www.correiobraziliense.com.br\/cbradar\/wp-json\/wp\/v2\/comments?post=147036"}],"version-history":[{"count":1,"href":"https:\/\/www.correiobraziliense.com.br\/cbradar\/wp-json\/wp\/v2\/posts\/147036\/revisions"}],"predecessor-version":[{"id":147049,"href":"https:\/\/www.correiobraziliense.com.br\/cbradar\/wp-json\/wp\/v2\/posts\/147036\/revisions\/147049"}],"wp:featuredmedia":[{"embeddable":true,"href":"https:\/\/www.correiobraziliense.com.br\/cbradar\/wp-json\/wp\/v2\/media\/147046"}],"wp:attachment":[{"href":"https:\/\/www.correiobraziliense.com.br\/cbradar\/wp-json\/wp\/v2\/media?parent=147036"}],"wp:term":[{"taxonomy":"category","embeddable":true,"href":"https:\/\/www.correiobraziliense.com.br\/cbradar\/wp-json\/wp\/v2\/categories?post=147036"},{"taxonomy":"post_tag","embeddable":true,"href":"https:\/\/www.correiobraziliense.com.br\/cbradar\/wp-json\/wp\/v2\/post_tag?post=147036"}],"curies":[{"name":"wp","href":"https:\/\/api.w.org\/{rel}","templated":true}]}}