{"id":14704,"date":"2025-03-22T17:50:00","date_gmt":"2025-03-22T20:50:00","guid":{"rendered":"https:\/\/www.correiobraziliense.com.br\/cbradar\/?p=14704"},"modified":"2025-03-21T22:24:34","modified_gmt":"2025-03-22T01:24:34","slug":"essa-cidade-se-tornou-um-polo-de-energia-do-brasil-veja-detalhes","status":"publish","type":"post","link":"https:\/\/www.correiobraziliense.com.br\/cbradar\/essa-cidade-se-tornou-um-polo-de-energia-do-brasil-veja-detalhes\/","title":{"rendered":"Essa cidade se tornou um polo de energia do Brasil, veja detalhes"},"content":{"rendered":"\n<p>Localizada no estado do<strong> Rio de Janeiro<\/strong>, <strong>Maca\u00e9 <\/strong>\u00e9 uma cidade que se destaca no cen\u00e1rio nacional devido \u00e0 sua import\u00e2ncia na ind\u00fastria de petr\u00f3leo e g\u00e1s. Desde que a Petrobras iniciou suas opera\u00e7\u00f5es na <strong>Bacia de Campos<\/strong> na d\u00e9cada de 1970, Maca\u00e9 passou por uma transforma\u00e7\u00e3o not\u00e1vel, emergindo como um polo industrial e log\u00edstico de grande relev\u00e2ncia. Al\u00e9m de seu papel no setor energ\u00e9tico, a cidade busca diversificar sua economia para garantir um desenvolvimento mais sustent\u00e1vel.<\/p>\n\n\n\n<p>O crescimento econ\u00f4mico de Maca\u00e9 \u00e9 evidente. A cidade viu seu Produto Interno Bruto (PIB) per capita aumentar significativamente, impulsionado pela presen\u00e7a de in\u00fameras empresas offshore e por investimentos cont\u00ednuos em infraestrutura. Esses elementos t\u00eam sido cruciais para o progresso econ\u00f4mico da regi\u00e3o.<\/p>\n\n\n\n<h2 class=\"wp-block-heading\"><strong>Por que Maca\u00e9 \u00e9 um ponto focal econ\u00f4mico?<\/strong><\/h2>\n\n\n\n<p>A posi\u00e7\u00e3o de destaque de Maca\u00e9 na economia brasileira \u00e9, em grande parte, devido \u00e0 sua localiza\u00e7\u00e3o estrat\u00e9gica na ind\u00fastria de petr\u00f3leo e g\u00e1s. A cidade sedia eventos internacionais, como a Brasil Offshore, que atraem empresas e investidores de diversas partes do mundo, refor\u00e7ando sua import\u00e2ncia como um centro global no setor energ\u00e9tico.<\/p>\n\n\n\n<p>Al\u00e9m do petr\u00f3leo, Maca\u00e9 est\u00e1 investindo em outras \u00e1reas, como turismo e agricultura, para promover um crescimento econ\u00f4mico sustent\u00e1vel. A diversifica\u00e7\u00e3o \u00e9 essencial para reduzir a depend\u00eancia do petr\u00f3leo e criar novas oportunidades de emprego e renda para os moradores locais.<\/p>\n\n\n\n<figure class=\"wp-block-image size-large\"><img decoding=\"async\" width=\"1024\" height=\"576\" src=\"https:\/\/www.correiobraziliense.com.br\/cbradar\/wp-content\/uploads\/2025\/03\/Macae-beach_1742573985991-1024x576.jpg\" alt=\"Essa cidade se tornou um polo de energia do Brasil, veja detalhes\" class=\"wp-image-14706\" srcset=\"https:\/\/www.correiobraziliense.com.br\/cbradar\/wp-content\/uploads\/2025\/03\/Macae-beach_1742573985991-1024x576.jpg 1024w, https:\/\/www.correiobraziliense.com.br\/cbradar\/wp-content\/uploads\/2025\/03\/Macae-beach_1742573985991-300x169.jpg 300w, https:\/\/www.correiobraziliense.com.br\/cbradar\/wp-content\/uploads\/2025\/03\/Macae-beach_1742573985991-768x432.jpg 768w, https:\/\/www.correiobraziliense.com.br\/cbradar\/wp-content\/uploads\/2025\/03\/Macae-beach_1742573985991-750x422.jpg 750w, https:\/\/www.correiobraziliense.com.br\/cbradar\/wp-content\/uploads\/2025\/03\/Macae-beach_1742573985991-1140x641.jpg 1140w, https:\/\/www.correiobraziliense.com.br\/cbradar\/wp-content\/uploads\/2025\/03\/Macae-beach_1742573985991.jpg 1280w\" sizes=\"(max-width: 1024px) 100vw, 1024px\" \/><figcaption class=\"wp-element-caption\">Maca\u00e9. Cr\u00e9ditos: depositphotos.com \/ Ranimiro<\/figcaption><\/figure>\n\n\n\n<h2 class=\"wp-block-heading\"><strong>A hist\u00f3ria de Maca\u00e9 e sua transforma\u00e7\u00e3o<\/strong><\/h2>\n\n\n\n<p>Fundada em 1813, Maca\u00e9 come\u00e7ou como uma pequena vila de pescadores. A descoberta de petr\u00f3leo na regi\u00e3o foi um divisor de \u00e1guas, impulsionando o desenvolvimento da cidade e transformando-a em um centro estrat\u00e9gico para a ind\u00fastria petrol\u00edfera no Brasil. Al\u00e9m de sua import\u00e2ncia econ\u00f4mica, Maca\u00e9 \u00e9 conhecida por sediar eventos t\u00e9cnicos e cient\u00edficos que refor\u00e7am sua posi\u00e7\u00e3o como refer\u00eancia no setor energ\u00e9tico.<\/p>\n\n\n\n<p>A cidade n\u00e3o \u00e9 apenas um centro econ\u00f4mico, mas tamb\u00e9m um lugar rico em cultura e hist\u00f3ria, com um patrim\u00f4nio que reflete sua evolu\u00e7\u00e3o ao longo dos anos.<\/p>\n\n\n\n<h2 class=\"wp-block-heading\"><strong>Como Maca\u00e9 se destaca entre as cidades mais pr\u00f3speras do Brasil?<\/strong><\/h2>\n\n\n\n<p>Recentemente, Maca\u00e9 tem se destacado como uma das cidades com maior crescimento econ\u00f4mico no estado do Rio de Janeiro. Seu PIB per capita \u00e9 um dos mais altos do Brasil, refletindo a prosperidade gerada pela ind\u00fastria de petr\u00f3leo e g\u00e1s. Al\u00e9m disso, o \u00cdndice de Desenvolvimento Humano (IDH) da cidade est\u00e1 entre os melhores do estado, demonstrando que o crescimento econ\u00f4mico tem sido acompanhado por melhorias sociais significativas.<\/p>\n\n\n\n<p>Esses indicadores s\u00e3o um testemunho do sucesso de Maca\u00e9 em combinar desenvolvimento econ\u00f4mico com avan\u00e7os sociais, tornando-a uma cidade atrativa para investimentos e novos residentes.<\/p>\n\n\n\n<h2 class=\"wp-block-heading\"><strong>Descobrindo as belezas naturais de Maca\u00e9<\/strong><\/h2>\n\n\n\n<p>Al\u00e9m de seu papel econ\u00f4mico, Maca\u00e9 \u00e9 um destino tur\u00edstico em ascens\u00e3o, oferecendo uma variedade de atra\u00e7\u00f5es naturais e culturais. A cidade \u00e9 conhecida por suas praias deslumbrantes, trilhas ecol\u00f3gicas e uma rica gastronomia. Entre os destinos mais populares est\u00e3o:<\/p>\n\n\n\n<ul class=\"wp-block-list\">\n<li><strong>Arquip\u00e9lago de Sant\u2019Ana<\/strong>\u00a0\u2013 Um local famoso para mergulho e atividades n\u00e1uticas.<\/li>\n\n\n\n<li><strong>Serra de Maca\u00e9<\/strong>\u00a0\u2013 Perfeita para ecoturismo e caminhadas com vistas panor\u00e2micas.<\/li>\n\n\n\n<li><strong>Parque Nacional da Restinga de Jurubatiba<\/strong>\u00a0\u2013 Uma \u00e1rea de conserva\u00e7\u00e3o com uma biodiversidade impressionante.<\/li>\n\n\n\n<li><strong>Orla dos Cavaleiros<\/strong>\u00a0\u2013 Um ponto de encontro vibrante com bares e restaurantes \u00e0 beira-mar.<\/li>\n<\/ul>\n\n\n\n<p>Com um forte compromisso com o turismo sustent\u00e1vel, Maca\u00e9 est\u00e1 promovendo pr\u00e1ticas ecol\u00f3gicas que preservam suas belezas naturais e incentivam o ecoturismo. A cidade est\u00e1 se tornando um exemplo de como o desenvolvimento econ\u00f4mico pode coexistir com a conserva\u00e7\u00e3o ambiental.<\/p>\n","protected":false},"excerpt":{"rendered":"<p>Descubra a cidade que virou um centro econ\u00f4mico e tur\u00edstico em ascens\u00e3o no Estado do Rio de Janeiro. Da ind\u00fastria de petr\u00f3leo \u00e0 beleza natural.<\/p>\n","protected":false},"author":3,"featured_media":14705,"comment_status":"open","ping_status":"open","sticky":false,"template":"","format":"standard","meta":{"_yoast_wpseo_focuskw":"polo de energia","_yoast_wpseo_title":"%%title%%","_yoast_wpseo_metadesc":"Descubra a cidade que virou um centro econ\u00f4mico e tur\u00edstico em ascens\u00e3o no Estado do Rio de Janeiro. Da ind\u00fastria de petr\u00f3leo \u00e0 beleza natural.","jnews-multi-image_gallery":[],"jnews_single_post":{"format":"standard"},"jnews_primary_category":[],"jnews_social_meta":[],"jnews_override_counter":[],"footnotes":""},"categories":[108],"tags":[109],"class_list":["post-14704","post","type-post","status-publish","format-standard","has-post-thumbnail","hentry","category-cidades","tag-cidades"],"yoast_head":"<!-- This site is optimized with the Yoast SEO plugin v24.6 - https:\/\/yoast.com\/wordpress\/plugins\/seo\/ -->\n<title>Essa cidade se tornou um polo de energia do Brasil, veja detalhes<\/title>\n<meta name=\"description\" content=\"Descubra a cidade que virou um centro econ\u00f4mico e tur\u00edstico em ascens\u00e3o no Estado do Rio de Janeiro. Da ind\u00fastria de petr\u00f3leo \u00e0 beleza natural.\" \/>\n<meta name=\"robots\" content=\"index, follow, max-snippet:-1, max-image-preview:large, max-video-preview:-1\" \/>\n<link rel=\"canonical\" href=\"https:\/\/www.correiobraziliense.com.br\/cbradar\/essa-cidade-se-tornou-um-polo-de-energia-do-brasil-veja-detalhes\/\" \/>\n<meta property=\"og:locale\" content=\"pt_BR\" \/>\n<meta property=\"og:type\" content=\"article\" \/>\n<meta property=\"og:title\" content=\"Essa cidade se tornou um polo de energia do Brasil, veja detalhes\" \/>\n<meta property=\"og:description\" content=\"Descubra a cidade que virou um centro econ\u00f4mico e tur\u00edstico em ascens\u00e3o no Estado do Rio de Janeiro. Da ind\u00fastria de petr\u00f3leo \u00e0 beleza natural.\" \/>\n<meta property=\"og:url\" content=\"https:\/\/www.correiobraziliense.com.br\/cbradar\/essa-cidade-se-tornou-um-polo-de-energia-do-brasil-veja-detalhes\/\" \/>\n<meta property=\"og:site_name\" content=\"Correio Braziliense - Radar\" \/>\n<meta property=\"article:published_time\" content=\"2025-03-22T20:50:00+00:00\" \/>\n<meta property=\"og:image\" content=\"https:\/\/www.correiobraziliense.com.br\/cbradar\/wp-content\/uploads\/2025\/03\/Macae_1742573938743.jpg\" \/>\n\t<meta property=\"og:image:width\" content=\"1280\" \/>\n\t<meta property=\"og:image:height\" content=\"720\" \/>\n\t<meta property=\"og:image:type\" content=\"image\/jpeg\" \/>\n<meta name=\"author\" content=\"Larissa Carvalho\" \/>\n<meta name=\"twitter:card\" content=\"summary_large_image\" \/>\n<meta name=\"twitter:label1\" content=\"Escrito por\" \/>\n\t<meta name=\"twitter:data1\" content=\"Larissa Carvalho\" \/>\n\t<meta name=\"twitter:label2\" content=\"Est. tempo de leitura\" \/>\n\t<meta name=\"twitter:data2\" content=\"4 minutos\" \/>\n<!-- \/ Yoast SEO plugin. -->","yoast_head_json":{"title":"Essa cidade se tornou um polo de energia do Brasil, veja detalhes","description":"Descubra a cidade que virou um centro econ\u00f4mico e tur\u00edstico em ascens\u00e3o no Estado do Rio de Janeiro. Da ind\u00fastria de petr\u00f3leo \u00e0 beleza natural.","robots":{"index":"index","follow":"follow","max-snippet":"max-snippet:-1","max-image-preview":"max-image-preview:large","max-video-preview":"max-video-preview:-1"},"canonical":"https:\/\/www.correiobraziliense.com.br\/cbradar\/essa-cidade-se-tornou-um-polo-de-energia-do-brasil-veja-detalhes\/","og_locale":"pt_BR","og_type":"article","og_title":"Essa cidade se tornou um polo de energia do Brasil, veja detalhes","og_description":"Descubra a cidade que virou um centro econ\u00f4mico e tur\u00edstico em ascens\u00e3o no Estado do Rio de Janeiro. Da ind\u00fastria de petr\u00f3leo \u00e0 beleza natural.","og_url":"https:\/\/www.correiobraziliense.com.br\/cbradar\/essa-cidade-se-tornou-um-polo-de-energia-do-brasil-veja-detalhes\/","og_site_name":"Correio Braziliense - Radar","article_published_time":"2025-03-22T20:50:00+00:00","og_image":[{"width":1280,"height":720,"url":"https:\/\/www.correiobraziliense.com.br\/cbradar\/wp-content\/uploads\/2025\/03\/Macae_1742573938743.jpg","type":"image\/jpeg"}],"author":"Larissa Carvalho","twitter_card":"summary_large_image","twitter_misc":{"Escrito por":"Larissa Carvalho","Est. tempo de leitura":"4 minutos"},"schema":{"@context":"https:\/\/schema.org","@graph":[{"@type":"WebPage","@id":"https:\/\/www.correiobraziliense.com.br\/cbradar\/essa-cidade-se-tornou-um-polo-de-energia-do-brasil-veja-detalhes\/","url":"https:\/\/www.correiobraziliense.com.br\/cbradar\/essa-cidade-se-tornou-um-polo-de-energia-do-brasil-veja-detalhes\/","name":"Essa cidade se tornou um polo de energia do Brasil, veja detalhes","isPartOf":{"@id":"https:\/\/www.correiobraziliense.com.br\/cbradar\/#website"},"primaryImageOfPage":{"@id":"https:\/\/www.correiobraziliense.com.br\/cbradar\/essa-cidade-se-tornou-um-polo-de-energia-do-brasil-veja-detalhes\/#primaryimage"},"image":{"@id":"https:\/\/www.correiobraziliense.com.br\/cbradar\/essa-cidade-se-tornou-um-polo-de-energia-do-brasil-veja-detalhes\/#primaryimage"},"thumbnailUrl":"https:\/\/www.correiobraziliense.com.br\/cbradar\/wp-content\/uploads\/2025\/03\/Macae_1742573938743.jpg","datePublished":"2025-03-22T20:50:00+00:00","author":{"@id":"https:\/\/www.correiobraziliense.com.br\/cbradar\/#\/schema\/person\/58422787644df994b53a19d3e56c1513"},"description":"Descubra a cidade que virou um centro econ\u00f4mico e tur\u00edstico em ascens\u00e3o no Estado do Rio de Janeiro. Da ind\u00fastria de petr\u00f3leo \u00e0 beleza natural.","breadcrumb":{"@id":"https:\/\/www.correiobraziliense.com.br\/cbradar\/essa-cidade-se-tornou-um-polo-de-energia-do-brasil-veja-detalhes\/#breadcrumb"},"inLanguage":"pt-BR","potentialAction":[{"@type":"ReadAction","target":["https:\/\/www.correiobraziliense.com.br\/cbradar\/essa-cidade-se-tornou-um-polo-de-energia-do-brasil-veja-detalhes\/"]}]},{"@type":"ImageObject","inLanguage":"pt-BR","@id":"https:\/\/www.correiobraziliense.com.br\/cbradar\/essa-cidade-se-tornou-um-polo-de-energia-do-brasil-veja-detalhes\/#primaryimage","url":"https:\/\/www.correiobraziliense.com.br\/cbradar\/wp-content\/uploads\/2025\/03\/Macae_1742573938743.jpg","contentUrl":"https:\/\/www.correiobraziliense.com.br\/cbradar\/wp-content\/uploads\/2025\/03\/Macae_1742573938743.jpg","width":1280,"height":720,"caption":"Maca\u00e9. Cr\u00e9ditos: depositphotos.com \/ Ranimiro"},{"@type":"BreadcrumbList","@id":"https:\/\/www.correiobraziliense.com.br\/cbradar\/essa-cidade-se-tornou-um-polo-de-energia-do-brasil-veja-detalhes\/#breadcrumb","itemListElement":[{"@type":"ListItem","position":1,"name":"In\u00edcio","item":"https:\/\/www.correiobraziliense.com.br\/cbradar\/"},{"@type":"ListItem","position":2,"name":"Essa cidade se tornou um polo de energia do Brasil, veja detalhes"}]},{"@type":"WebSite","@id":"https:\/\/www.correiobraziliense.com.br\/cbradar\/#website","url":"https:\/\/www.correiobraziliense.com.br\/cbradar\/","name":"Correio Braziliense - Radar","description":"Acompanhe as \u00faltimas not\u00edcias e fique bem informado sobre tudo o que acontece no Brasil e no mundo.","potentialAction":[{"@type":"SearchAction","target":{"@type":"EntryPoint","urlTemplate":"https:\/\/www.correiobraziliense.com.br\/cbradar\/?s={search_term_string}"},"query-input":{"@type":"PropertyValueSpecification","valueRequired":true,"valueName":"search_term_string"}}],"inLanguage":"pt-BR"},{"@type":"Person","@id":"https:\/\/www.correiobraziliense.com.br\/cbradar\/#\/schema\/person\/58422787644df994b53a19d3e56c1513","name":"Larissa Carvalho","image":{"@type":"ImageObject","inLanguage":"pt-BR","@id":"https:\/\/www.correiobraziliense.com.br\/cbradar\/#\/schema\/person\/image\/","url":"https:\/\/secure.gravatar.com\/avatar\/fe4f91a0de32b52a838d0d612abdc1aa?s=96&d=mm&r=g","contentUrl":"https:\/\/secure.gravatar.com\/avatar\/fe4f91a0de32b52a838d0d612abdc1aa?s=96&d=mm&r=g","caption":"Larissa Carvalho"},"url":"https:\/\/www.correiobraziliense.com.br\/cbradar\/author\/larissamyth\/"}]}},"_links":{"self":[{"href":"https:\/\/www.correiobraziliense.com.br\/cbradar\/wp-json\/wp\/v2\/posts\/14704","targetHints":{"allow":["GET"]}}],"collection":[{"href":"https:\/\/www.correiobraziliense.com.br\/cbradar\/wp-json\/wp\/v2\/posts"}],"about":[{"href":"https:\/\/www.correiobraziliense.com.br\/cbradar\/wp-json\/wp\/v2\/types\/post"}],"author":[{"embeddable":true,"href":"https:\/\/www.correiobraziliense.com.br\/cbradar\/wp-json\/wp\/v2\/users\/3"}],"replies":[{"embeddable":true,"href":"https:\/\/www.correiobraziliense.com.br\/cbradar\/wp-json\/wp\/v2\/comments?post=14704"}],"version-history":[{"count":1,"href":"https:\/\/www.correiobraziliense.com.br\/cbradar\/wp-json\/wp\/v2\/posts\/14704\/revisions"}],"predecessor-version":[{"id":14707,"href":"https:\/\/www.correiobraziliense.com.br\/cbradar\/wp-json\/wp\/v2\/posts\/14704\/revisions\/14707"}],"wp:featuredmedia":[{"embeddable":true,"href":"https:\/\/www.correiobraziliense.com.br\/cbradar\/wp-json\/wp\/v2\/media\/14705"}],"wp:attachment":[{"href":"https:\/\/www.correiobraziliense.com.br\/cbradar\/wp-json\/wp\/v2\/media?parent=14704"}],"wp:term":[{"taxonomy":"category","embeddable":true,"href":"https:\/\/www.correiobraziliense.com.br\/cbradar\/wp-json\/wp\/v2\/categories?post=14704"},{"taxonomy":"post_tag","embeddable":true,"href":"https:\/\/www.correiobraziliense.com.br\/cbradar\/wp-json\/wp\/v2\/tags?post=14704"}],"curies":[{"name":"wp","href":"https:\/\/api.w.org\/{rel}","templated":true}]}}