{"id":147101,"date":"2025-11-30T12:55:00","date_gmt":"2025-11-30T15:55:00","guid":{"rendered":"https:\/\/www.correiobraziliense.com.br\/cbradar\/?p=147101"},"modified":"2025-11-29T17:30:18","modified_gmt":"2025-11-29T20:30:18","slug":"a-planta-que-ajuda-na-digestao-pesada-e-ainda-cresce-facil-no-sol-da-sua-casa","status":"publish","type":"post","link":"https:\/\/www.correiobraziliense.com.br\/cbradar\/a-planta-que-ajuda-na-digestao-pesada-e-ainda-cresce-facil-no-sol-da-sua-casa\/","title":{"rendered":"A planta que ajuda na digest\u00e3o pesada e ainda cresce f\u00e1cil no sol da sua casa"},"content":{"rendered":"\n<p>A <strong>carqueja<\/strong> (<em>Baccharis trimera<\/em>) \u00e9 uma planta arbustiva nativa da Am\u00e9rica do Sul, amplamente utilizada na <strong>bot\u00e2nica medicinal<\/strong> por suas not\u00e1veis <strong>propriedades curativas<\/strong>. Seu <strong>poder curativo<\/strong> \u00e9 conferido pela presen\u00e7a de <strong>flavonoides<\/strong>, \u00f3leos essenciais e <strong>compostos bioativos<\/strong>, que lhe garantem importantes <strong>benef\u00edcios digestivos<\/strong>, efeito hepatoprotetor e a\u00e7\u00e3o anti-inflamat\u00f3ria, sendo um dos fitoter\u00e1picos mais populares para o trato gastrointestinal.<\/p>\n\n\n\n<p>Descubra os principais <strong>benef\u00edcios terap\u00eauticos<\/strong> da carqueja:<\/p>\n\n\n\n<ol class=\"wp-block-list\">\n<li>Fitoqu\u00edmicos com a\u00e7\u00e3o colagoga e coler\u00e9tica, que facilitam a digest\u00e3o de gorduras.<\/li>\n\n\n\n<li>Propriedade hepatoprotetora, que protege o f\u00edgado de danos e toxinas.<\/li>\n\n\n\n<li>Compostos com efeito diur\u00e9tico, que auxiliam na elimina\u00e7\u00e3o de excesso de fluidos.<\/li>\n<\/ol>\n\n\n\n<h2 class=\"wp-block-heading\">Benef\u00edcios digestivos e a\u00e7\u00e3o colagoga e coler\u00e9tica<\/h2>\n\n\n\n<p>O principal <strong>benef\u00edcio terap\u00eautico<\/strong> da <strong>carqueja<\/strong> reside em sua poderosa <strong>a\u00e7\u00e3o digestiva<\/strong>, que se deve aos seus <strong>compostos bioativos<\/strong> que atuam no f\u00edgado e na ves\u00edcula biliar. A carqueja \u00e9 classificada como colagoga (estimula a libera\u00e7\u00e3o de bile da ves\u00edcula) e coler\u00e9tica (estimula a produ\u00e7\u00e3o de bile pelo f\u00edgado). A bile \u00e9 essencial para a quebra e absor\u00e7\u00e3o de gorduras, e sua a\u00e7\u00e3o eficaz alivia a sensa\u00e7\u00e3o de empachamento, m\u00e1 digest\u00e3o e n\u00e1useas ap\u00f3s as refei\u00e7\u00f5es. A efic\u00e1cia da carqueja nesse processo \u00e9 reconhecida:<\/p>\n\n\n\n<blockquote class=\"wp-block-quote is-layout-flow wp-block-quote-is-layout-flow\">\n<p><em>&#8220;O extrato de Baccharis trimera demonstrou em ensaios farmacol\u00f3gicos a capacidade de aumentar a secre\u00e7\u00e3o biliar, um mecanismo fundamental para a melhora da digest\u00e3o de lip\u00eddios e o al\u00edvio de sintomas de dispepsia.&#8221;<\/em> (MATOS, 2009).<\/p>\n<\/blockquote>\n\n\n<div class=\"wp-block-image\">\n<figure class=\"aligncenter size-large\"><img decoding=\"async\" width=\"1024\" height=\"576\" src=\"https:\/\/www.correiobraziliense.com.br\/cbradar\/wp-content\/uploads\/2025\/05\/Carqueja_1747328655755-1024x576.jpg\" alt=\"Esse ch\u00e1 pode ser um aliado poderoso para quem sofre com reten\u00e7\u00e3o de l\u00edquidos\" class=\"wp-image-37490\" srcset=\"https:\/\/www.correiobraziliense.com.br\/cbradar\/wp-content\/uploads\/2025\/05\/Carqueja_1747328655755-1024x576.jpg 1024w, https:\/\/www.correiobraziliense.com.br\/cbradar\/wp-content\/uploads\/2025\/05\/Carqueja_1747328655755-300x169.jpg 300w, https:\/\/www.correiobraziliense.com.br\/cbradar\/wp-content\/uploads\/2025\/05\/Carqueja_1747328655755-768x432.jpg 768w, https:\/\/www.correiobraziliense.com.br\/cbradar\/wp-content\/uploads\/2025\/05\/Carqueja_1747328655755-750x422.jpg 750w, https:\/\/www.correiobraziliense.com.br\/cbradar\/wp-content\/uploads\/2025\/05\/Carqueja_1747328655755-1140x642.jpg 1140w, https:\/\/www.correiobraziliense.com.br\/cbradar\/wp-content\/uploads\/2025\/05\/Carqueja_1747328655755.jpg 1279w\" sizes=\"(max-width: 1024px) 100vw, 1024px\" \/><figcaption class=\"wp-element-caption\">Auxilia na desintoxica\u00e7\u00e3o e regenera\u00e7\u00e3o hep\u00e1tica &#8211; Cr\u00e9ditos: depositphotos.com \/ tommeaker26@gmail.com<\/figcaption><\/figure><\/div>\n\n\n<p>Leia tamb\u00e9m: <a href=\"https:\/\/www.correiobraziliense.com.br\/cbradar\/os-beneficios-da-dieta-52-para-a-saude-e-por-que-voce-deveria-conisderar\/\" target=\"_blank\" rel=\"noreferrer noopener\">Os benef\u00edcios da dieta 5:2 para a sa\u00fade e por que voc\u00ea deveria considerar<\/a><\/p>\n\n\n\n<h2 class=\"wp-block-heading\">Propriedade hepatoprotetora e defesa do f\u00edgado<\/h2>\n\n\n\n<p>A <strong>carqueja<\/strong> \u00e9 um dos <strong>fitoter\u00e1picos<\/strong> mais utilizados para a <strong>sa\u00fade hep\u00e1tica<\/strong>, exibindo forte <strong>propriedade hepatoprotetora<\/strong>. Seus <strong>flavonoides<\/strong> e <strong>compostos fen\u00f3licos<\/strong> atuam como antioxidantes potentes no f\u00edgado, protegendo as c\u00e9lulas hep\u00e1ticas de danos causados por radicais livres, toxinas e subst\u00e2ncias agressoras. Esta <strong>a\u00e7\u00e3o terap\u00eautica<\/strong> \u00e9 crucial para a fun\u00e7\u00e3o de desintoxica\u00e7\u00e3o do \u00f3rg\u00e3o, tornando o ch\u00e1 de carqueja um recurso popular ap\u00f3s epis\u00f3dios de excessos alimentares ou consumo de \u00e1lcool. Pesquisas sobre o f\u00edgado e a carqueja corroboram essa prote\u00e7\u00e3o:<\/p>\n\n\n\n<blockquote class=\"wp-block-quote is-layout-flow wp-block-quote-is-layout-flow\">\n<p><em>&#8220;Estudos indicam que os fitoqu\u00edmicos da carqueja modulam enzimas hep\u00e1ticas, auxiliando na prote\u00e7\u00e3o contra a les\u00e3o induzida por subst\u00e2ncias hepatot\u00f3xicas, refor\u00e7ando seu uso tradicional como t\u00f4nico e protetor do f\u00edgado.&#8221;<\/em> (ALMEIDA; SILVA, 2015).<\/p>\n<\/blockquote>\n\n\n\n<h3 class=\"wp-block-heading\">Modo de uso: infus\u00e3o para digest\u00e3o<\/h3>\n\n\n\n<p>Prepare o ch\u00e1 por infus\u00e3o: use uma colher de ch\u00e1 dos caules secos (que parecem galhos) da <strong>carqueja<\/strong> para 200 ml de \u00e1gua quente. Consuma morno, de 15 a 30 minutos antes das principais refei\u00e7\u00f5es, para estimular a produ\u00e7\u00e3o de bile e potencializar os <strong>benef\u00edcios digestivos<\/strong>.<\/p>\n\n\n\n<h2 class=\"wp-block-heading\">Como plantar carqueja em pleno sol e solo simples<\/h2>\n\n\n\n<p>A <strong>carqueja<\/strong> \u00e9 uma planta r\u00fastica e de f\u00e1cil cultivo, sendo adaptada a ambientes com <strong>pleno sol<\/strong> e solos pobres, o que a torna ideal para a horta dom\u00e9stica. Para <strong>plantar em pleno sol<\/strong> e garantir o m\u00e1ximo de <strong>compostos bioativos<\/strong> em suas hastes (caules), siga algumas orienta\u00e7\u00f5es b\u00e1sicas de adapta\u00e7\u00e3o ao ambiente.<\/p>\n\n\n\n<ol class=\"wp-block-list\">\n<li>Sol Pleno e Clima: A carqueja prospera sob <strong>sol pleno<\/strong> e tolera bem o calor e a seca ap\u00f3s o estabelecimento. O sol intenso \u00e9 essencial para a produ\u00e7\u00e3o de <strong>flavonoides<\/strong>, que conferem a maior parte de suas <strong>propriedades curativas<\/strong>.<\/li>\n\n\n\n<li>Solo e Drenagem: Utilize um solo simples, pobre e bem drenado. O excesso de umidade ou solo muito f\u00e9rtil pode prejudicar a concentra\u00e7\u00e3o dos princ\u00edpios ativos nas hastes.<\/li>\n\n\n\n<li>Propaga\u00e7\u00e3o e Manuten\u00e7\u00e3o: A propaga\u00e7\u00e3o pode ser feita por sementes ou mudas. Mantenha a irriga\u00e7\u00e3o moderada. Colha as hastes mais jovens (caules alados) para o ch\u00e1, pois cont\u00eam maior concentra\u00e7\u00e3o dos <strong>princ\u00edpios ativos<\/strong> desejados.<\/li>\n<\/ol>\n\n\n\n<p>Veja no v\u00eddeo a seguir publicado pelo canal <a href=\"https:\/\/www.youtube.com\/@hortamineira1234\" target=\"_blank\" rel=\"noreferrer noopener\">Horta Mineira<\/a> sobre plantar carqueja:<\/p>\n\n\n\n<figure class=\"wp-block-embed is-type-video is-provider-youtube wp-block-embed-youtube wp-embed-aspect-16-9 wp-has-aspect-ratio\"><div class=\"wp-block-embed__wrapper\">\n<div class=\"jeg_video_container jeg_video_content\"><iframe loading=\"lazy\" title=\"COMO PLANTAR CARQUEJA - Baccharis trimera\" width=\"500\" height=\"281\" src=\"https:\/\/www.youtube.com\/embed\/hEdxTlG0jNE?feature=oembed\" frameborder=\"0\" allow=\"accelerometer; autoplay; clipboard-write; encrypted-media; gyroscope; picture-in-picture; web-share\" referrerpolicy=\"strict-origin-when-cross-origin\" allowfullscreen><\/iframe><\/div>\n<\/div><\/figure>\n\n\n\n<p>O cultivo em <strong>pleno sol<\/strong> \u00e9 o <strong>princ\u00edpio ativo<\/strong> agron\u00f4mico para maximizar o <strong>poder curativo<\/strong> da carqueja.<\/p>\n\n\n\n<h2 class=\"wp-block-heading\">O est\u00edmulo natural para o sistema hep\u00e1tico<\/h2>\n\n\n\n<p>A <strong>carqueja<\/strong> \u00e9 uma planta poderosa da <strong>bot\u00e2nica medicinal<\/strong>, oferecendo <strong>propriedades curativas<\/strong> essenciais para o suporte hep\u00e1tico e a digest\u00e3o. Seus <strong>compostos bioativos<\/strong> garantem um tratamento natural eficaz contra a m\u00e1 digest\u00e3o e a prote\u00e7\u00e3o do f\u00edgado.<\/p>\n\n\n\n<ul class=\"wp-block-list\">\n<li>A <strong>a\u00e7\u00e3o colagoga<\/strong> e <strong>coler\u00e9tica<\/strong> da carqueja \u00e9 o principal <strong>benef\u00edcio terap\u00eautico<\/strong> para facilitar a <strong>digest\u00e3o<\/strong> de gorduras.<\/li>\n\n\n\n<li>Sua <strong>propriedade hepatoprotetora<\/strong>, mediada por flavonoides, protege o <strong>f\u00edgado<\/strong> do estresse oxidativo.<\/li>\n\n\n\n<li>O cultivo deve ser realizado sob <strong>pleno sol<\/strong> e em solo pobre para maximizar a concentra\u00e7\u00e3o de seus <strong>compostos bioativos<\/strong>.<\/li>\n<\/ul>\n\n\n\n<h2 class=\"wp-block-heading\">Refer\u00eancias bibliogr\u00e1ficas<\/h2>\n\n\n\n<ul class=\"wp-block-list\">\n<li>ALMEIDA, T. M.; SILVA, F. M. Boldo e as propriedades digestivas e hep\u00e1ticas. <em>Revista Brasileira de Medicina Digestiva<\/em>, v. 20, n. 1, p. 55-62, 2015.<\/li>\n\n\n\n<li>MATOS, Francisco Jos\u00e9 de Abreu. <em>Farmacognosia: do produto natural ao medicamento<\/em>. 7. ed. Fortaleza: Edi\u00e7\u00f5es UFC, 2009.<\/li>\n\n\n\n<li>EMBRAPA. <em>Manejo e Cultivo de Plantas Medicinais Nativas<\/em>. Bras\u00edlia, DF: Embrapa Informa\u00e7\u00e3o Tecnol\u00f3gica, 2021.<\/li>\n<\/ul>\n","protected":false},"excerpt":{"rendered":"<p>A carqueja (Baccharis trimera) \u00e9 uma planta arbustiva nativa da Am\u00e9rica do Sul, amplamente utilizada na bot\u00e2nica medicinal por suas not\u00e1veis propriedades curativas. Seu poder curativo \u00e9 conferido pela presen\u00e7a de flavonoides, \u00f3leos essenciais e compostos bioativos, que lhe garantem importantes benef\u00edcios digestivos, efeito hepatoprotetor e a\u00e7\u00e3o anti-inflamat\u00f3ria, sendo um dos fitoter\u00e1picos mais populares para [&hellip;]<\/p>\n","protected":false},"author":9,"featured_media":147132,"comment_status":"open","ping_status":"open","sticky":false,"template":"","format":"standard","meta":{"_yoast_wpseo_focuskw":"Carqueja","_yoast_wpseo_title":"","_yoast_wpseo_metadesc":"Uma planta que facilita a digest\u00e3o, protege o f\u00edgado e ainda cresce facilmente em casa quando cultivada em pleno sol e solo simples.","jnews-multi-image_gallery":[],"jnews_single_post":{"format":"standard"},"jnews_primary_category":[],"jnews_social_meta":[],"jnews_override_counter":[],"footnotes":""},"categories":[119,136],"post_tag":[11411,3051,12087],"class_list":["post-147101","post","type-post","status-publish","format-standard","has-post-thumbnail","hentry","category-bem-estar","category-jardinagem","tag-carqueja","tag-digestao","tag-plantar-carqueja"],"yoast_head":"<!-- This site is optimized with the Yoast SEO plugin v24.6 - https:\/\/yoast.com\/wordpress\/plugins\/seo\/ -->\n<title>A planta que ajuda na digest\u00e3o pesada e ainda cresce f\u00e1cil no sol da sua casa - Correio Braziliense - Radar<\/title>\n<meta name=\"description\" content=\"Uma planta que facilita a digest\u00e3o, protege o f\u00edgado e ainda cresce facilmente em casa quando cultivada em pleno sol e solo simples.\" \/>\n<meta name=\"robots\" content=\"index, follow, max-snippet:-1, max-image-preview:large, max-video-preview:-1\" \/>\n<link rel=\"canonical\" href=\"https:\/\/www.correiobraziliense.com.br\/cbradar\/a-planta-que-ajuda-na-digestao-pesada-e-ainda-cresce-facil-no-sol-da-sua-casa\/\" \/>\n<meta property=\"og:locale\" content=\"pt_BR\" \/>\n<meta property=\"og:type\" content=\"article\" \/>\n<meta property=\"og:title\" content=\"A planta que ajuda na digest\u00e3o pesada e ainda cresce f\u00e1cil no sol da sua casa - Correio Braziliense - Radar\" \/>\n<meta property=\"og:description\" content=\"Uma planta que facilita a digest\u00e3o, protege o f\u00edgado e ainda cresce facilmente em casa quando cultivada em pleno sol e solo simples.\" \/>\n<meta property=\"og:url\" content=\"https:\/\/www.correiobraziliense.com.br\/cbradar\/a-planta-que-ajuda-na-digestao-pesada-e-ainda-cresce-facil-no-sol-da-sua-casa\/\" \/>\n<meta property=\"og:site_name\" content=\"Correio Braziliense - Radar\" \/>\n<meta property=\"article:published_time\" content=\"2025-11-30T15:55:00+00:00\" \/>\n<meta property=\"og:image\" content=\"https:\/\/www.correiobraziliense.com.br\/cbradar\/wp-content\/uploads\/2025\/11\/Gemini_Generated_Image_t1koj3t1koj3t1ko-1.png\" \/>\n\t<meta property=\"og:image:width\" content=\"1280\" \/>\n\t<meta property=\"og:image:height\" content=\"720\" \/>\n\t<meta property=\"og:image:type\" content=\"image\/png\" \/>\n<meta name=\"author\" content=\"Daniely Cardoso\" \/>\n<meta name=\"twitter:card\" content=\"summary_large_image\" \/>\n<meta name=\"twitter:label1\" content=\"Escrito por\" \/>\n\t<meta name=\"twitter:data1\" content=\"Daniely Cardoso\" \/>\n\t<meta name=\"twitter:label2\" content=\"Est. tempo de leitura\" \/>\n\t<meta name=\"twitter:data2\" content=\"5 minutos\" \/>\n<!-- \/ Yoast SEO plugin. -->","yoast_head_json":{"title":"A planta que ajuda na digest\u00e3o pesada e ainda cresce f\u00e1cil no sol da sua casa - Correio Braziliense - Radar","description":"Uma planta que facilita a digest\u00e3o, protege o f\u00edgado e ainda cresce facilmente em casa quando cultivada em pleno sol e solo simples.","robots":{"index":"index","follow":"follow","max-snippet":"max-snippet:-1","max-image-preview":"max-image-preview:large","max-video-preview":"max-video-preview:-1"},"canonical":"https:\/\/www.correiobraziliense.com.br\/cbradar\/a-planta-que-ajuda-na-digestao-pesada-e-ainda-cresce-facil-no-sol-da-sua-casa\/","og_locale":"pt_BR","og_type":"article","og_title":"A planta que ajuda na digest\u00e3o pesada e ainda cresce f\u00e1cil no sol da sua casa - Correio Braziliense - Radar","og_description":"Uma planta que facilita a digest\u00e3o, protege o f\u00edgado e ainda cresce facilmente em casa quando cultivada em pleno sol e solo simples.","og_url":"https:\/\/www.correiobraziliense.com.br\/cbradar\/a-planta-que-ajuda-na-digestao-pesada-e-ainda-cresce-facil-no-sol-da-sua-casa\/","og_site_name":"Correio Braziliense - Radar","article_published_time":"2025-11-30T15:55:00+00:00","og_image":[{"width":1280,"height":720,"url":"https:\/\/www.correiobraziliense.com.br\/cbradar\/wp-content\/uploads\/2025\/11\/Gemini_Generated_Image_t1koj3t1koj3t1ko-1.png","type":"image\/png"}],"author":"Daniely Cardoso","twitter_card":"summary_large_image","twitter_misc":{"Escrito por":"Daniely Cardoso","Est. tempo de leitura":"5 minutos"},"schema":{"@context":"https:\/\/schema.org","@graph":[{"@type":"WebPage","@id":"https:\/\/www.correiobraziliense.com.br\/cbradar\/a-planta-que-ajuda-na-digestao-pesada-e-ainda-cresce-facil-no-sol-da-sua-casa\/","url":"https:\/\/www.correiobraziliense.com.br\/cbradar\/a-planta-que-ajuda-na-digestao-pesada-e-ainda-cresce-facil-no-sol-da-sua-casa\/","name":"A planta que ajuda na digest\u00e3o pesada e ainda cresce f\u00e1cil no sol da sua casa - Correio Braziliense - Radar","isPartOf":{"@id":"https:\/\/www.correiobraziliense.com.br\/cbradar\/#website"},"primaryImageOfPage":{"@id":"https:\/\/www.correiobraziliense.com.br\/cbradar\/a-planta-que-ajuda-na-digestao-pesada-e-ainda-cresce-facil-no-sol-da-sua-casa\/#primaryimage"},"image":{"@id":"https:\/\/www.correiobraziliense.com.br\/cbradar\/a-planta-que-ajuda-na-digestao-pesada-e-ainda-cresce-facil-no-sol-da-sua-casa\/#primaryimage"},"thumbnailUrl":"https:\/\/www.correiobraziliense.com.br\/cbradar\/wp-content\/uploads\/2025\/11\/Gemini_Generated_Image_t1koj3t1koj3t1ko-1.png","datePublished":"2025-11-30T15:55:00+00:00","author":{"@id":"https:\/\/www.correiobraziliense.com.br\/cbradar\/#\/schema\/person\/7356666e12ec0ee53f348ee5db227032"},"description":"Uma planta que facilita a digest\u00e3o, protege o f\u00edgado e ainda cresce facilmente em casa quando cultivada em pleno sol e solo simples.","breadcrumb":{"@id":"https:\/\/www.correiobraziliense.com.br\/cbradar\/a-planta-que-ajuda-na-digestao-pesada-e-ainda-cresce-facil-no-sol-da-sua-casa\/#breadcrumb"},"inLanguage":"pt-BR","potentialAction":[{"@type":"ReadAction","target":["https:\/\/www.correiobraziliense.com.br\/cbradar\/a-planta-que-ajuda-na-digestao-pesada-e-ainda-cresce-facil-no-sol-da-sua-casa\/"]}]},{"@type":"ImageObject","inLanguage":"pt-BR","@id":"https:\/\/www.correiobraziliense.com.br\/cbradar\/a-planta-que-ajuda-na-digestao-pesada-e-ainda-cresce-facil-no-sol-da-sua-casa\/#primaryimage","url":"https:\/\/www.correiobraziliense.com.br\/cbradar\/wp-content\/uploads\/2025\/11\/Gemini_Generated_Image_t1koj3t1koj3t1ko-1.png","contentUrl":"https:\/\/www.correiobraziliense.com.br\/cbradar\/wp-content\/uploads\/2025\/11\/Gemini_Generated_Image_t1koj3t1koj3t1ko-1.png","width":1280,"height":720,"caption":"O principal benef\u00edcio terap\u00eautico da carqueja reside em sua poderosa a\u00e7\u00e3o digestiva"},{"@type":"BreadcrumbList","@id":"https:\/\/www.correiobraziliense.com.br\/cbradar\/a-planta-que-ajuda-na-digestao-pesada-e-ainda-cresce-facil-no-sol-da-sua-casa\/#breadcrumb","itemListElement":[{"@type":"ListItem","position":1,"name":"In\u00edcio","item":"https:\/\/www.correiobraziliense.com.br\/cbradar\/"},{"@type":"ListItem","position":2,"name":"A planta que ajuda na digest\u00e3o pesada e ainda cresce f\u00e1cil no sol da sua casa"}]},{"@type":"WebSite","@id":"https:\/\/www.correiobraziliense.com.br\/cbradar\/#website","url":"https:\/\/www.correiobraziliense.com.br\/cbradar\/","name":"Correio Braziliense - Radar","description":"Acompanhe as \u00faltimas not\u00edcias e fique bem informado sobre tudo o que acontece no Brasil e no mundo.","potentialAction":[{"@type":"SearchAction","target":{"@type":"EntryPoint","urlTemplate":"https:\/\/www.correiobraziliense.com.br\/cbradar\/?s={search_term_string}"},"query-input":{"@type":"PropertyValueSpecification","valueRequired":true,"valueName":"search_term_string"}}],"inLanguage":"pt-BR"},{"@type":"Person","@id":"https:\/\/www.correiobraziliense.com.br\/cbradar\/#\/schema\/person\/7356666e12ec0ee53f348ee5db227032","name":"Daniely Cardoso","image":{"@type":"ImageObject","inLanguage":"pt-BR","@id":"https:\/\/www.correiobraziliense.com.br\/cbradar\/#\/schema\/person\/image\/","url":"https:\/\/secure.gravatar.com\/avatar\/4b80ddbd124d1f071b626d52d62e5dff?s=96&d=mm&r=g","contentUrl":"https:\/\/secure.gravatar.com\/avatar\/4b80ddbd124d1f071b626d52d62e5dff?s=96&d=mm&r=g","caption":"Daniely Cardoso"},"description":"Redatora nos portais CB Radar e EM Foco, formada pela Universidade Federal de Goi\u00e1s, em Goi\u00e2nia. Apaixonada por comunica\u00e7\u00e3o, arte, decora\u00e7\u00e3o e tend\u00eancias, atuo na produ\u00e7\u00e3o de conte\u00fados envolventes sobre curiosidades, moda, beleza e paisagismo, sempre com um olhar atento \u00e0s novidades do momento.","sameAs":["https:\/\/www.correiobraziliense.com.br\/cbradar"],"url":"https:\/\/www.correiobraziliense.com.br\/cbradar\/author\/danielymyth\/"}]}},"_links":{"self":[{"href":"https:\/\/www.correiobraziliense.com.br\/cbradar\/wp-json\/wp\/v2\/posts\/147101","targetHints":{"allow":["GET"]}}],"collection":[{"href":"https:\/\/www.correiobraziliense.com.br\/cbradar\/wp-json\/wp\/v2\/posts"}],"about":[{"href":"https:\/\/www.correiobraziliense.com.br\/cbradar\/wp-json\/wp\/v2\/types\/post"}],"author":[{"embeddable":true,"href":"https:\/\/www.correiobraziliense.com.br\/cbradar\/wp-json\/wp\/v2\/users\/9"}],"replies":[{"embeddable":true,"href":"https:\/\/www.correiobraziliense.com.br\/cbradar\/wp-json\/wp\/v2\/comments?post=147101"}],"version-history":[{"count":1,"href":"https:\/\/www.correiobraziliense.com.br\/cbradar\/wp-json\/wp\/v2\/posts\/147101\/revisions"}],"predecessor-version":[{"id":147133,"href":"https:\/\/www.correiobraziliense.com.br\/cbradar\/wp-json\/wp\/v2\/posts\/147101\/revisions\/147133"}],"wp:featuredmedia":[{"embeddable":true,"href":"https:\/\/www.correiobraziliense.com.br\/cbradar\/wp-json\/wp\/v2\/media\/147132"}],"wp:attachment":[{"href":"https:\/\/www.correiobraziliense.com.br\/cbradar\/wp-json\/wp\/v2\/media?parent=147101"}],"wp:term":[{"taxonomy":"category","embeddable":true,"href":"https:\/\/www.correiobraziliense.com.br\/cbradar\/wp-json\/wp\/v2\/categories?post=147101"},{"taxonomy":"post_tag","embeddable":true,"href":"https:\/\/www.correiobraziliense.com.br\/cbradar\/wp-json\/wp\/v2\/post_tag?post=147101"}],"curies":[{"name":"wp","href":"https:\/\/api.w.org\/{rel}","templated":true}]}}