{"id":147107,"date":"2025-12-01T11:45:00","date_gmt":"2025-12-01T14:45:00","guid":{"rendered":"https:\/\/www.correiobraziliense.com.br\/cbradar\/?p=147107"},"modified":"2025-11-30T09:17:33","modified_gmt":"2025-11-30T12:17:33","slug":"essa-e-a-cidade-mineira-perfeita-para-quem-esta-em-busca-de-qualidade-de-vida-e-educacao-superior-de-ponta","status":"publish","type":"post","link":"https:\/\/www.correiobraziliense.com.br\/cbradar\/essa-e-a-cidade-mineira-perfeita-para-quem-esta-em-busca-de-qualidade-de-vida-e-educacao-superior-de-ponta\/","title":{"rendered":"Essa \u00e9 a cidade mineira perfeita para quem est\u00e1 em busca de qualidade de vida e educa\u00e7\u00e3o superior de ponta"},"content":{"rendered":"\n<p><strong>Uberaba<\/strong> \u00e9 uma cidade pr\u00f3spera localizada no Tri\u00e2ngulo Mineiro, a 480 km de <strong>Belo Horizonte<\/strong> e 420 km de <strong>S\u00e3o Paulo<\/strong>. Conhecida como a &#8220;Capital do Zebu&#8221; e &#8220;Celeiro Nacional&#8221;, <strong>Uberaba<\/strong> est\u00e1 pr\u00f3xima a cidades como <strong>Uberl\u00e2ndia<\/strong>, <strong>Araguari<\/strong> e <strong>Frutal<\/strong>, destacando-se como importante polo agropecu\u00e1rio e refer\u00eancia nacional em gen\u00e9tica bovina.<\/p>\n\n\n\n<p>Seja para morar em <strong>Uberaba<\/strong> ou explorar o turismo em <strong>Uberaba<\/strong>, a cidade encanta com sua combina\u00e7\u00e3o de progresso econ\u00f4mico, tradi\u00e7\u00f5es rurais e qualidade de vida. Prepare-se para descobrir um destino que equilibra agroneg\u00f3cio de ponta e hospitalidade mineira.<\/p>\n\n\n\n<h2 class=\"wp-block-heading\">Por que morar em Uberaba?<\/h2>\n\n\n\n<p><strong>Uberaba<\/strong> \u00e9 reconhecida como um dos principais centros do agroneg\u00f3cio brasileiro, com economia baseada em pecu\u00e1ria de elite, agricultura tecnificada, ind\u00fastrias de fertilizantes e processamento de alimentos. A cidade abriga a <strong>Associa\u00e7\u00e3o Brasileira dos Criadores de Zebu (ABCZ)<\/strong> e realiza anualmente a <strong>ExpoZebu<\/strong>, maior feira de gado zebu\u00edno do mundo, atraindo compradores e investidores internacionais.<\/p>\n\n\n\n<p><a href=\"https:\/\/www.ibge.gov.br\/cidades-e-estados\/mg\/uberaba.html\" target=\"_blank\" rel=\"noreferrer noopener\"><strong>Segundo o<\/strong> <strong>IBGE<\/strong><\/a>, <strong>Uberaba<\/strong> possui popula\u00e7\u00e3o estimada em 340.277 habitantes (2022) e IDH de 0,772, oferecendo aos moradores infraestrutura urbana completa, com hospitais de refer\u00eancia regional, institui\u00e7\u00f5es de ensino superior como a <strong>Universidade Federal do Tri\u00e2ngulo Mineiro (UFTM)<\/strong> e baixos \u00edndices de viol\u00eancia. A cidade conta com parques arborizados, centros culturais, shopping centers e localiza\u00e7\u00e3o estrat\u00e9gica entre importantes rodovias, garantindo conectividade e desenvolvimento econ\u00f4mico sustent\u00e1vel.<\/p>\n\n\n<div class=\"wp-block-image\">\n<figure class=\"aligncenter size-large\"><img decoding=\"async\" width=\"1024\" height=\"576\" src=\"https:\/\/www.correiobraziliense.com.br\/cbradar\/wp-content\/uploads\/2025\/07\/Edicoes-2025-07-29T061544.467-1024x576.png\" alt=\"A cidade mineira com qualidade de vida perfeita para quem busca prosperidade e bem-estar\" class=\"wp-image-77296\" srcset=\"https:\/\/www.correiobraziliense.com.br\/cbradar\/wp-content\/uploads\/2025\/07\/Edicoes-2025-07-29T061544.467-1024x576.png 1024w, https:\/\/www.correiobraziliense.com.br\/cbradar\/wp-content\/uploads\/2025\/07\/Edicoes-2025-07-29T061544.467-300x169.png 300w, https:\/\/www.correiobraziliense.com.br\/cbradar\/wp-content\/uploads\/2025\/07\/Edicoes-2025-07-29T061544.467-768x432.png 768w, https:\/\/www.correiobraziliense.com.br\/cbradar\/wp-content\/uploads\/2025\/07\/Edicoes-2025-07-29T061544.467-750x422.png 750w, https:\/\/www.correiobraziliense.com.br\/cbradar\/wp-content\/uploads\/2025\/07\/Edicoes-2025-07-29T061544.467-1140x641.png 1140w, https:\/\/www.correiobraziliense.com.br\/cbradar\/wp-content\/uploads\/2025\/07\/Edicoes-2025-07-29T061544.467.png 1280w\" sizes=\"(max-width: 1024px) 100vw, 1024px\" \/><figcaption class=\"wp-element-caption\">Viva a tradi\u00e7\u00e3o e inova\u00e7\u00e3o em Uberaba, onde hist\u00f3ria e modernidade se encontram com hospitalidade \u00fanica. \/\/ Cr\u00e9ditos: YouTube @zonasulevolution1532<\/figcaption><\/figure><\/div>\n\n\n<h2 class=\"wp-block-heading\">Quais s\u00e3o os melhores bairros para morar em Uberaba?<\/h2>\n\n\n\n<p>Veja abaixo os bairros mais procurados e suas caracter\u00edsticas:<\/p>\n\n\n\n<ul class=\"wp-block-list\">\n<li><strong>Jardim Am\u00e9rica<\/strong>: Bairro nobre e arborizado, com resid\u00eancias amplas, condom\u00ednios de m\u00e9dio e alto padr\u00e3o e infraestrutura comercial completa. Ideal para fam\u00edlias que buscam tranquilidade e valoriza\u00e7\u00e3o imobili\u00e1ria.<\/li>\n\n\n\n<li><strong>Estados Unidos<\/strong>: Regi\u00e3o central e tradicional, com f\u00e1cil acesso a com\u00e9rcios, servi\u00e7os, hospitais e escolas. Oferece boa infraestrutura e diversidade de op\u00e7\u00f5es residenciais.<\/li>\n\n\n\n<li><strong>S\u00e3o Benedito<\/strong>: Bairro planejado e bem localizado, com condom\u00ednios modernos, \u00e1reas verdes e proximidade a shopping centers. Perfeito para quem valoriza comodidade e seguran\u00e7a.<\/li>\n\n\n\n<li><strong>Abadia<\/strong>: Localizado em \u00e1rea nobre, combina tranquilidade residencial com acesso r\u00e1pido ao centro e principais vias. Procurado por profissionais e empres\u00e1rios.<\/li>\n\n\n\n<li><strong>Boa Vista<\/strong>: Bairro em expans\u00e3o com infraestrutura crescente, oferecendo boas op\u00e7\u00f5es de im\u00f3veis novos e pre\u00e7os acess\u00edveis. Ideal para jovens casais e investidores.<\/li>\n<\/ul>\n\n\n\n<p>Confira abaixo, no canal do YouTube <strong>DEVA NO AR<\/strong>, um sobrevoo pela cidade de Uberaba, onde ele explora a regi\u00e3o e apresenta as principais informa\u00e7\u00f5es do v\u00eddeo \u2014 como dados, custo de vida, economia, infraestrutura e muito mais!<\/p>\n\n\n\n<figure class=\"wp-block-embed is-type-video is-provider-youtube wp-block-embed-youtube wp-embed-aspect-16-9 wp-has-aspect-ratio\"><div class=\"wp-block-embed__wrapper\">\n<div class=\"jeg_video_container jeg_video_content\"><iframe loading=\"lazy\" title=\"UBERABA MG - SUPREENDA-SE COM ESSA BELA CIDADE DO TRI\u00c2NGULO MINEIRO!\" width=\"500\" height=\"281\" src=\"https:\/\/www.youtube.com\/embed\/dEe7bf9Rg1A?feature=oembed\" frameborder=\"0\" allow=\"accelerometer; autoplay; clipboard-write; encrypted-media; gyroscope; picture-in-picture; web-share\" referrerpolicy=\"strict-origin-when-cross-origin\" allowfullscreen><\/iframe><\/div>\n<\/div><\/figure>\n\n\n\n<h2 class=\"wp-block-heading\">Por que Uberaba \u00e9 refer\u00eancia em pecu\u00e1ria de elite?<\/h2>\n\n\n\n<p><strong>Uberaba<\/strong> consolidou-se como capital mundial do gado zebu, concentrando os principais criadores, fazendas de gen\u00e9tica avan\u00e7ada e centros de reprodu\u00e7\u00e3o animal do Brasil. A cidade abriga a sede da <strong>ABCZ<\/strong>, institui\u00e7\u00e3o que registra e certifica animais de ra\u00e7as zebu\u00ednas como Nelore, Gir, Guzer\u00e1 e Brahman, al\u00e9m de promover leil\u00f5es que movimentam milh\u00f5es de reais anualmente.<\/p>\n\n\n\n<p>Segundo dados da <strong>Empresa Brasileira de Pesquisa Agropecu\u00e1ria (Embrapa)<\/strong>, <strong>Uberaba<\/strong> e regi\u00e3o respondem por significativa parcela da produ\u00e7\u00e3o nacional de s\u00eamen e embri\u00f5es bovinos de alto valor gen\u00e9tico, exportados para dezenas de pa\u00edses. A <strong>ExpoZebu<\/strong>, realizada anualmente desde 1939, re\u00fane mais de 2.000 animais em exposi\u00e7\u00e3o, julgamentos t\u00e9cnicos, leil\u00f5es e feira de neg\u00f3cios, consolidando <strong>Uberaba<\/strong> como refer\u00eancia internacional em melhoramento gen\u00e9tico bovino e tecnologia pecu\u00e1ria.<\/p>\n\n\n<div class=\"wp-block-image\">\n<figure class=\"aligncenter size-large\"><img decoding=\"async\" width=\"1024\" height=\"576\" src=\"https:\/\/www.correiobraziliense.com.br\/cbradar\/wp-content\/uploads\/2025\/06\/Uberaba_1749632617335-1024x576.jpg\" alt=\"A cidade mineira com qualidade de vida perfeita para quem busca prosperidade e bem-estar\" class=\"wp-image-51651\" srcset=\"https:\/\/www.correiobraziliense.com.br\/cbradar\/wp-content\/uploads\/2025\/06\/Uberaba_1749632617335-1024x576.jpg 1024w, https:\/\/www.correiobraziliense.com.br\/cbradar\/wp-content\/uploads\/2025\/06\/Uberaba_1749632617335-300x169.jpg 300w, https:\/\/www.correiobraziliense.com.br\/cbradar\/wp-content\/uploads\/2025\/06\/Uberaba_1749632617335-768x432.jpg 768w, https:\/\/www.correiobraziliense.com.br\/cbradar\/wp-content\/uploads\/2025\/06\/Uberaba_1749632617335-750x422.jpg 750w, https:\/\/www.correiobraziliense.com.br\/cbradar\/wp-content\/uploads\/2025\/06\/Uberaba_1749632617335-1140x641.jpg 1140w, https:\/\/www.correiobraziliense.com.br\/cbradar\/wp-content\/uploads\/2025\/06\/Uberaba_1749632617335.jpg 1280w\" sizes=\"(max-width: 1024px) 100vw, 1024px\" \/><figcaption class=\"wp-element-caption\">Uberaba \u00e9 refer\u00eancia em eventos agropecu\u00e1rios, turismo cultural e crescimento econ\u00f4mico sustent\u00e1vel. \/\/ Cr\u00e9ditos: depositphotos.com \/ paulobaqueta<\/figcaption><\/figure><\/div>\n\n\n<h2 class=\"wp-block-heading\">Chico Xavier: o m\u00e9dium de Uberaba<\/h2>\n\n\n\n<p><strong>Uberaba<\/strong> foi a cidade escolhida por <strong>Chico Xavier<\/strong>, o m\u00e9dium esp\u00edrita mais famoso do Brasil, para viver seus \u00faltimos 34 anos de vida (1959-2002). <strong>Francisco C\u00e2ndido Xavier<\/strong> psicografou mais de 400 livros atribu\u00eddos a esp\u00edritos diversos, tornando-se fen\u00f4meno editorial, religioso e cultural que marcou profundamente a hist\u00f3ria da cidade.<\/p>\n\n\n\n<p>A casa onde <strong>Chico Xavier<\/strong> viveu tornou-se ponto de peregrina\u00e7\u00e3o para milhares de visitantes anuais que buscam conhecer sua hist\u00f3ria e legado. O <strong>Centro Esp\u00edrita Comunh\u00e3o Esp\u00edrita Crist\u00e3<\/strong>, fundado pelo m\u00e9dium, continua ativo promovendo atividades assistenciais e reuni\u00f5es doutrin\u00e1rias. <strong>Uberaba<\/strong> preserva a mem\u00f3ria de <strong>Chico Xavier<\/strong> atrav\u00e9s de museus, monumentos e eventos que celebram sua contribui\u00e7\u00e3o ao espiritismo brasileiro e sua mensagem de caridade e amor ao pr\u00f3ximo.<\/p>\n\n\n\n<h2 class=\"wp-block-heading\">Melhor \u00e9poca para visitar Uberaba?<\/h2>\n\n\n\n<p><strong>Uberaba<\/strong> pode ser visitada durante todo o ano, mas os meses de abril a junho s\u00e3o ideais para participar da <strong>ExpoZebu<\/strong> e aproveitar o clima ameno.<a href=\"https:\/\/www.climatempo.com.br\/previsao-do-tempo\/cidade\/202\/uberaba-mg\" target=\"_blank\" rel=\"noreferrer noopener\"> <strong>Segundo o<\/strong> <strong>Climatempo<\/strong><\/a>, a temperatura m\u00e9dia anual \u00e9 de 23\u202f\u00b0C, com clima tropical t\u00edpico e duas esta\u00e7\u00f5es bem definidas.<\/p>\n\n\n\n<p>Veja abaixo o resumo das esta\u00e7\u00f5es e atividades recomendadas:<\/p>\n\n\n\n<figure class=\"wp-block-table\"><table class=\"has-fixed-layout\"><thead><tr><th>Per\u00edodo<\/th><th>Temperatura m\u00e9dia<\/th><th>Clima<\/th><th>Atividades recomendadas<\/th><\/tr><\/thead><tbody><tr><td>Dezembro a Mar\u00e7o<\/td><td>24\u00b0C a 28\u00b0C<\/td><td>Quente e chuvoso<\/td><td>Visitas a museus, gastronomia, turismo religioso<\/td><\/tr><tr><td>Abril a Junho<\/td><td>20\u00b0C a 25\u00b0C<\/td><td>Ameno e seco<\/td><td>ExpoZebu, eventos agropecu\u00e1rios, turismo rural<\/td><\/tr><tr><td>Julho a Setembro<\/td><td>18\u00b0C a 24\u00b0C<\/td><td>Fresco e seco<\/td><td>Turismo hist\u00f3rico, visita a fazendas<\/td><\/tr><tr><td>Outubro a Novembro<\/td><td>22\u00b0C a 27\u00b0C<\/td><td>Quente e seco<\/td><td>Festivais culturais, turismo de neg\u00f3cios<\/td><\/tr><\/tbody><\/table><\/figure>\n\n\n\n<p><strong>Leia tamb\u00e9m: <a href=\"https:\/\/www.correiobraziliense.com.br\/cbradar\/a-cidade-historica-conhecida-por-transportar-seus-visitantes-ao-passado-com-sua-beleza-colonial\/\" target=\"_blank\" rel=\"noreferrer noopener\">A cidade hist\u00f3rica conhecida por transportar seus visitantes ao passado com sua beleza colonial.<\/a><\/strong><\/p>\n\n\n<div class=\"wp-block-image\">\n<figure class=\"aligncenter size-large\"><img decoding=\"async\" width=\"1024\" height=\"576\" src=\"https:\/\/www.correiobraziliense.com.br\/cbradar\/wp-content\/uploads\/2025\/06\/Uberaba_1749632540693-1024x576.jpg\" alt=\"Conhe\u00e7a a cidade mineira que \u00e9 refer\u00eancia em agroneg\u00f3cio e cultura\" class=\"wp-image-51649\" srcset=\"https:\/\/www.correiobraziliense.com.br\/cbradar\/wp-content\/uploads\/2025\/06\/Uberaba_1749632540693-1024x576.jpg 1024w, https:\/\/www.correiobraziliense.com.br\/cbradar\/wp-content\/uploads\/2025\/06\/Uberaba_1749632540693-300x169.jpg 300w, https:\/\/www.correiobraziliense.com.br\/cbradar\/wp-content\/uploads\/2025\/06\/Uberaba_1749632540693-768x432.jpg 768w, https:\/\/www.correiobraziliense.com.br\/cbradar\/wp-content\/uploads\/2025\/06\/Uberaba_1749632540693-750x422.jpg 750w, https:\/\/www.correiobraziliense.com.br\/cbradar\/wp-content\/uploads\/2025\/06\/Uberaba_1749632540693-1140x641.jpg 1140w, https:\/\/www.correiobraziliense.com.br\/cbradar\/wp-content\/uploads\/2025\/06\/Uberaba_1749632540693.jpg 1280w\" sizes=\"(max-width: 1024px) 100vw, 1024px\" \/><figcaption class=\"wp-element-caption\">Explore Uberaba, MG, terra do gigante Zebu e rica em cultura, hist\u00f3ria e natureza vibrante. \/\/ Cr\u00e9ditos: depositphotos.com \/ GersonFortes<\/figcaption><\/figure><\/div>\n\n\n<h2 class=\"wp-block-heading\">Vivencie Uberaba<\/h2>\n\n\n\n<p><strong>Uberaba<\/strong> \u00e9 o destino ideal para quem busca oportunidades no agroneg\u00f3cio, qualidade de vida no interior e contato com tradi\u00e7\u00f5es mineiras aut\u00eanticas. Com economia pujante, infraestrutura completa e clima acolhedor, a cidade conquista moradores e visitantes pela sua capacidade de aliar progresso econ\u00f4mico e valores tradicionais.<\/p>\n\n\n\n<p>Seja para estabelecer neg\u00f3cios pecu\u00e1rios de elite, conhecer o legado de <strong>Chico Xavier<\/strong> ou aproveitar a hospitalidade mineira, <strong>Uberaba<\/strong> oferece experi\u00eancias significativas e oportunidades reais. N\u00e3o perca a oportunidade de conhecer a capital do zebu e entender a for\u00e7a do agroneg\u00f3cio brasileiro.<\/p>\n\n\n\n<ul class=\"wp-block-list\">\n<li><strong>Capital do Zebu<\/strong>: Maior polo de gen\u00e9tica bovina e pecu\u00e1ria de elite do mundo<\/li>\n\n\n\n<li><strong>Economia diversificada<\/strong>: Agroneg\u00f3cio, ind\u00fastria e servi\u00e7os especializados<\/li>\n\n\n\n<li><strong>Qualidade de vida<\/strong>: Bom IDH, seguran\u00e7a, sa\u00fade e educa\u00e7\u00e3o de qualidade<\/li>\n<\/ul>\n","protected":false},"excerpt":{"rendered":"<p>Uberaba \u00e9 uma cidade pr\u00f3spera localizada no Tri\u00e2ngulo Mineiro, a 480 km de Belo Horizonte e 420 km de S\u00e3o Paulo. Conhecida como a &#8220;Capital do Zebu&#8221; e &#8220;Celeiro Nacional&#8221;, Uberaba est\u00e1 pr\u00f3xima a cidades como Uberl\u00e2ndia, Araguari e Frutal, destacando-se como importante polo agropecu\u00e1rio e refer\u00eancia nacional em gen\u00e9tica bovina. Seja para morar em [&hellip;]<\/p>\n","protected":false},"author":8,"featured_media":144756,"comment_status":"open","ping_status":"open","sticky":false,"template":"","format":"standard","meta":{"_yoast_wpseo_focuskw":"Uberaba","_yoast_wpseo_title":"","_yoast_wpseo_metadesc":"Descubra a cidade mineira que est\u00e1 unindo educa\u00e7\u00e3o superior de destaque e qualidade de vida tranquila para viver bem.","jnews-multi-image_gallery":[],"jnews_single_post":{"format":"standard"},"jnews_primary_category":[],"jnews_social_meta":[],"jnews_override_counter":[],"footnotes":""},"categories":[108,111],"post_tag":[388,247,4252],"class_list":["post-147107","post","type-post","status-publish","format-standard","has-post-thumbnail","hentry","category-cidades","category-turismo","tag-minas-gerais","tag-qualidade-de-vida","tag-uberaba"],"yoast_head":"<!-- This site is optimized with the Yoast SEO plugin v24.6 - https:\/\/yoast.com\/wordpress\/plugins\/seo\/ -->\n<title>Essa \u00e9 a cidade mineira perfeita para quem est\u00e1 em busca de qualidade de vida e educa\u00e7\u00e3o superior de ponta - Correio Braziliense - Radar<\/title>\n<meta name=\"description\" content=\"Descubra a cidade mineira que est\u00e1 unindo educa\u00e7\u00e3o superior de destaque e qualidade de vida tranquila para viver bem.\" \/>\n<meta name=\"robots\" content=\"index, follow, max-snippet:-1, max-image-preview:large, max-video-preview:-1\" \/>\n<link rel=\"canonical\" href=\"https:\/\/www.correiobraziliense.com.br\/cbradar\/essa-e-a-cidade-mineira-perfeita-para-quem-esta-em-busca-de-qualidade-de-vida-e-educacao-superior-de-ponta\/\" \/>\n<meta property=\"og:locale\" content=\"pt_BR\" \/>\n<meta property=\"og:type\" content=\"article\" \/>\n<meta property=\"og:title\" content=\"Essa \u00e9 a cidade mineira perfeita para quem est\u00e1 em busca de qualidade de vida e educa\u00e7\u00e3o superior de ponta - Correio Braziliense - Radar\" \/>\n<meta property=\"og:description\" content=\"Descubra a cidade mineira que est\u00e1 unindo educa\u00e7\u00e3o superior de destaque e qualidade de vida tranquila para viver bem.\" \/>\n<meta property=\"og:url\" content=\"https:\/\/www.correiobraziliense.com.br\/cbradar\/essa-e-a-cidade-mineira-perfeita-para-quem-esta-em-busca-de-qualidade-de-vida-e-educacao-superior-de-ponta\/\" \/>\n<meta property=\"og:site_name\" content=\"Correio Braziliense - Radar\" \/>\n<meta property=\"article:published_time\" content=\"2025-12-01T14:45:00+00:00\" \/>\n<meta property=\"og:image\" content=\"https:\/\/www.correiobraziliense.com.br\/cbradar\/wp-content\/uploads\/2025\/11\/G-53.png\" \/>\n\t<meta property=\"og:image:width\" content=\"1280\" \/>\n\t<meta property=\"og:image:height\" content=\"720\" \/>\n\t<meta property=\"og:image:type\" content=\"image\/png\" \/>\n<meta name=\"author\" content=\"Maura Pereira\" \/>\n<meta name=\"twitter:card\" content=\"summary_large_image\" \/>\n<meta name=\"twitter:label1\" content=\"Escrito por\" \/>\n\t<meta name=\"twitter:data1\" content=\"Maura Pereira\" \/>\n\t<meta name=\"twitter:label2\" content=\"Est. tempo de leitura\" \/>\n\t<meta name=\"twitter:data2\" content=\"7 minutos\" \/>\n<!-- \/ Yoast SEO plugin. -->","yoast_head_json":{"title":"Essa \u00e9 a cidade mineira perfeita para quem est\u00e1 em busca de qualidade de vida e educa\u00e7\u00e3o superior de ponta - Correio Braziliense - Radar","description":"Descubra a cidade mineira que est\u00e1 unindo educa\u00e7\u00e3o superior de destaque e qualidade de vida tranquila para viver bem.","robots":{"index":"index","follow":"follow","max-snippet":"max-snippet:-1","max-image-preview":"max-image-preview:large","max-video-preview":"max-video-preview:-1"},"canonical":"https:\/\/www.correiobraziliense.com.br\/cbradar\/essa-e-a-cidade-mineira-perfeita-para-quem-esta-em-busca-de-qualidade-de-vida-e-educacao-superior-de-ponta\/","og_locale":"pt_BR","og_type":"article","og_title":"Essa \u00e9 a cidade mineira perfeita para quem est\u00e1 em busca de qualidade de vida e educa\u00e7\u00e3o superior de ponta - Correio Braziliense - Radar","og_description":"Descubra a cidade mineira que est\u00e1 unindo educa\u00e7\u00e3o superior de destaque e qualidade de vida tranquila para viver bem.","og_url":"https:\/\/www.correiobraziliense.com.br\/cbradar\/essa-e-a-cidade-mineira-perfeita-para-quem-esta-em-busca-de-qualidade-de-vida-e-educacao-superior-de-ponta\/","og_site_name":"Correio Braziliense - Radar","article_published_time":"2025-12-01T14:45:00+00:00","og_image":[{"width":1280,"height":720,"url":"https:\/\/www.correiobraziliense.com.br\/cbradar\/wp-content\/uploads\/2025\/11\/G-53.png","type":"image\/png"}],"author":"Maura Pereira","twitter_card":"summary_large_image","twitter_misc":{"Escrito por":"Maura Pereira","Est. tempo de leitura":"7 minutos"},"schema":{"@context":"https:\/\/schema.org","@graph":[{"@type":"WebPage","@id":"https:\/\/www.correiobraziliense.com.br\/cbradar\/essa-e-a-cidade-mineira-perfeita-para-quem-esta-em-busca-de-qualidade-de-vida-e-educacao-superior-de-ponta\/","url":"https:\/\/www.correiobraziliense.com.br\/cbradar\/essa-e-a-cidade-mineira-perfeita-para-quem-esta-em-busca-de-qualidade-de-vida-e-educacao-superior-de-ponta\/","name":"Essa \u00e9 a cidade mineira perfeita para quem est\u00e1 em busca de qualidade de vida e educa\u00e7\u00e3o superior de ponta - Correio Braziliense - Radar","isPartOf":{"@id":"https:\/\/www.correiobraziliense.com.br\/cbradar\/#website"},"primaryImageOfPage":{"@id":"https:\/\/www.correiobraziliense.com.br\/cbradar\/essa-e-a-cidade-mineira-perfeita-para-quem-esta-em-busca-de-qualidade-de-vida-e-educacao-superior-de-ponta\/#primaryimage"},"image":{"@id":"https:\/\/www.correiobraziliense.com.br\/cbradar\/essa-e-a-cidade-mineira-perfeita-para-quem-esta-em-busca-de-qualidade-de-vida-e-educacao-superior-de-ponta\/#primaryimage"},"thumbnailUrl":"https:\/\/www.correiobraziliense.com.br\/cbradar\/wp-content\/uploads\/2025\/11\/G-53.png","datePublished":"2025-12-01T14:45:00+00:00","author":{"@id":"https:\/\/www.correiobraziliense.com.br\/cbradar\/#\/schema\/person\/4053c651a9bfc785afc6f4cbc9032fd3"},"description":"Descubra a cidade mineira que est\u00e1 unindo educa\u00e7\u00e3o superior de destaque e qualidade de vida tranquila para viver bem.","breadcrumb":{"@id":"https:\/\/www.correiobraziliense.com.br\/cbradar\/essa-e-a-cidade-mineira-perfeita-para-quem-esta-em-busca-de-qualidade-de-vida-e-educacao-superior-de-ponta\/#breadcrumb"},"inLanguage":"pt-BR","potentialAction":[{"@type":"ReadAction","target":["https:\/\/www.correiobraziliense.com.br\/cbradar\/essa-e-a-cidade-mineira-perfeita-para-quem-esta-em-busca-de-qualidade-de-vida-e-educacao-superior-de-ponta\/"]}]},{"@type":"ImageObject","inLanguage":"pt-BR","@id":"https:\/\/www.correiobraziliense.com.br\/cbradar\/essa-e-a-cidade-mineira-perfeita-para-quem-esta-em-busca-de-qualidade-de-vida-e-educacao-superior-de-ponta\/#primaryimage","url":"https:\/\/www.correiobraziliense.com.br\/cbradar\/wp-content\/uploads\/2025\/11\/G-53.png","contentUrl":"https:\/\/www.correiobraziliense.com.br\/cbradar\/wp-content\/uploads\/2025\/11\/G-53.png","width":1280,"height":720,"caption":"Uberaba \u00e9 uma cidade no Tri\u00e2ngulo Mineiro, conhecida por sua tradi\u00e7\u00e3o no agroneg\u00f3cio e cria\u00e7\u00e3o de cavalos."},{"@type":"BreadcrumbList","@id":"https:\/\/www.correiobraziliense.com.br\/cbradar\/essa-e-a-cidade-mineira-perfeita-para-quem-esta-em-busca-de-qualidade-de-vida-e-educacao-superior-de-ponta\/#breadcrumb","itemListElement":[{"@type":"ListItem","position":1,"name":"In\u00edcio","item":"https:\/\/www.correiobraziliense.com.br\/cbradar\/"},{"@type":"ListItem","position":2,"name":"Essa \u00e9 a cidade mineira perfeita para quem est\u00e1 em busca de qualidade de vida e educa\u00e7\u00e3o superior de ponta"}]},{"@type":"WebSite","@id":"https:\/\/www.correiobraziliense.com.br\/cbradar\/#website","url":"https:\/\/www.correiobraziliense.com.br\/cbradar\/","name":"Correio Braziliense - Radar","description":"Acompanhe as \u00faltimas not\u00edcias e fique bem informado sobre tudo o que acontece no Brasil e no mundo.","potentialAction":[{"@type":"SearchAction","target":{"@type":"EntryPoint","urlTemplate":"https:\/\/www.correiobraziliense.com.br\/cbradar\/?s={search_term_string}"},"query-input":{"@type":"PropertyValueSpecification","valueRequired":true,"valueName":"search_term_string"}}],"inLanguage":"pt-BR"},{"@type":"Person","@id":"https:\/\/www.correiobraziliense.com.br\/cbradar\/#\/schema\/person\/4053c651a9bfc785afc6f4cbc9032fd3","name":"Maura Pereira","image":{"@type":"ImageObject","inLanguage":"pt-BR","@id":"https:\/\/www.correiobraziliense.com.br\/cbradar\/#\/schema\/person\/image\/","url":"https:\/\/secure.gravatar.com\/avatar\/3effd6bdadfa447f15089c7f7144eaa6?s=96&d=mm&r=g","contentUrl":"https:\/\/secure.gravatar.com\/avatar\/3effd6bdadfa447f15089c7f7144eaa6?s=96&d=mm&r=g","caption":"Maura Pereira"},"sameAs":["https:\/\/www.correiobraziliense.com.br\/"],"url":"https:\/\/www.correiobraziliense.com.br\/cbradar\/author\/mauramyth\/"}]}},"_links":{"self":[{"href":"https:\/\/www.correiobraziliense.com.br\/cbradar\/wp-json\/wp\/v2\/posts\/147107","targetHints":{"allow":["GET"]}}],"collection":[{"href":"https:\/\/www.correiobraziliense.com.br\/cbradar\/wp-json\/wp\/v2\/posts"}],"about":[{"href":"https:\/\/www.correiobraziliense.com.br\/cbradar\/wp-json\/wp\/v2\/types\/post"}],"author":[{"embeddable":true,"href":"https:\/\/www.correiobraziliense.com.br\/cbradar\/wp-json\/wp\/v2\/users\/8"}],"replies":[{"embeddable":true,"href":"https:\/\/www.correiobraziliense.com.br\/cbradar\/wp-json\/wp\/v2\/comments?post=147107"}],"version-history":[{"count":13,"href":"https:\/\/www.correiobraziliense.com.br\/cbradar\/wp-json\/wp\/v2\/posts\/147107\/revisions"}],"predecessor-version":[{"id":147280,"href":"https:\/\/www.correiobraziliense.com.br\/cbradar\/wp-json\/wp\/v2\/posts\/147107\/revisions\/147280"}],"wp:featuredmedia":[{"embeddable":true,"href":"https:\/\/www.correiobraziliense.com.br\/cbradar\/wp-json\/wp\/v2\/media\/144756"}],"wp:attachment":[{"href":"https:\/\/www.correiobraziliense.com.br\/cbradar\/wp-json\/wp\/v2\/media?parent=147107"}],"wp:term":[{"taxonomy":"category","embeddable":true,"href":"https:\/\/www.correiobraziliense.com.br\/cbradar\/wp-json\/wp\/v2\/categories?post=147107"},{"taxonomy":"post_tag","embeddable":true,"href":"https:\/\/www.correiobraziliense.com.br\/cbradar\/wp-json\/wp\/v2\/post_tag?post=147107"}],"curies":[{"name":"wp","href":"https:\/\/api.w.org\/{rel}","templated":true}]}}