{"id":14726,"date":"2025-03-22T21:50:00","date_gmt":"2025-03-23T00:50:00","guid":{"rendered":"https:\/\/www.correiobraziliense.com.br\/cbradar\/?p=14726"},"modified":"2025-03-21T22:22:32","modified_gmt":"2025-03-22T01:22:32","slug":"a-segunda-menor-cidade-do-brasil-e-destaque-na-qualidade-de-vida-veja","status":"publish","type":"post","link":"https:\/\/www.correiobraziliense.com.br\/cbradar\/a-segunda-menor-cidade-do-brasil-e-destaque-na-qualidade-de-vida-veja\/","title":{"rendered":"A segunda menor cidade do Brasil \u00e9 destaque na qualidade de vida, veja"},"content":{"rendered":"\n<p>Localizada no cora\u00e7\u00e3o do estado de <strong>S\u00e3o Paulo<\/strong>, Bor\u00e1 \u00e9 uma cidade que se destaca por sua pequena popula\u00e7\u00e3o e seu forte v\u00ednculo com as tradi\u00e7\u00f5es do interior. Com apenas 907 habitantes, segundo o <strong>Censo Demogr\u00e1fico de 2022 do IBGE<\/strong>, Bor\u00e1 \u00e9 o segundo menor munic\u00edpio do Brasil em termos populacionais. Apesar de seu tamanho, a cidade mant\u00e9m uma identidade \u00fanica e um modo de vida que contrasta com o ritmo acelerado das grandes cidades.<\/p>\n\n\n\n<p>A cerca de 500 quil\u00f4metros da capital paulista, <strong>Bor\u00e1 <\/strong>oferece um ambiente tranquilo e acolhedor. Suas ruas pacatas e a proximidade entre os moradores criam uma atmosfera de comunidade, onde todos se conhecem e as tradi\u00e7\u00f5es s\u00e3o preservadas. Este cen\u00e1rio faz de Bor\u00e1 um destino ideal para aqueles que buscam escapar do estresse urbano e experimentar a vida no interior.<\/p>\n\n\n\n<h2 class=\"wp-block-heading\"><strong>Qual \u00e9 o significado de Bor\u00e1 para S\u00e3o Paulo?<\/strong><\/h2>\n\n\n\n<p>Embora pequena, Bor\u00e1 possui um valor simb\u00f3lico significativo para o estado de S\u00e3o Paulo. A cidade representa a resist\u00eancia das comunidades interioranas frente ao \u00eaxodo rural e \u00e0 urbaniza\u00e7\u00e3o. Em compara\u00e7\u00e3o, Serra da Saudade, em Minas Gerais, \u00e9 o menor munic\u00edpio do Brasil em popula\u00e7\u00e3o, com 831 habitantes. No entanto, Bor\u00e1 continua a ser um dos munic\u00edpios mais not\u00e1veis do pa\u00eds devido ao seu tamanho populacional reduzido e sua capacidade de manter suas tradi\u00e7\u00f5es vivas.<\/p>\n\n\n\n<figure class=\"wp-block-image size-large\"><img decoding=\"async\" width=\"1024\" height=\"576\" src=\"https:\/\/www.correiobraziliense.com.br\/cbradar\/wp-content\/uploads\/2025\/03\/pequena-cidade_1742580424028-1024x576.jpg\" alt=\"A segunda menor cidade do Brasil \u00e9 destaque na qualidade de vida, veja\" class=\"wp-image-14730\" srcset=\"https:\/\/www.correiobraziliense.com.br\/cbradar\/wp-content\/uploads\/2025\/03\/pequena-cidade_1742580424028-1024x576.jpg 1024w, https:\/\/www.correiobraziliense.com.br\/cbradar\/wp-content\/uploads\/2025\/03\/pequena-cidade_1742580424028-300x169.jpg 300w, https:\/\/www.correiobraziliense.com.br\/cbradar\/wp-content\/uploads\/2025\/03\/pequena-cidade_1742580424028-768x432.jpg 768w, https:\/\/www.correiobraziliense.com.br\/cbradar\/wp-content\/uploads\/2025\/03\/pequena-cidade_1742580424028-750x422.jpg 750w, https:\/\/www.correiobraziliense.com.br\/cbradar\/wp-content\/uploads\/2025\/03\/pequena-cidade_1742580424028-1140x641.jpg 1140w, https:\/\/www.correiobraziliense.com.br\/cbradar\/wp-content\/uploads\/2025\/03\/pequena-cidade_1742580424028.jpg 1280w\" sizes=\"(max-width: 1024px) 100vw, 1024px\" \/><figcaption class=\"wp-element-caption\">Cidade. Cr\u00e9ditos: depositphotos.com \/ AerialBO<\/figcaption><\/figure>\n\n\n\n<h2 class=\"wp-block-heading\"><strong>Como Bor\u00e1 mant\u00e9m suas tradi\u00e7\u00f5es?<\/strong><\/h2>\n\n\n\n<p>A hist\u00f3ria de Bor\u00e1 remonta ao in\u00edcio do s\u00e9culo XX, quando a cidade come\u00e7ou a se desenvolver em torno de pequenas propriedades rurais e uma economia agr\u00edcola. Ao longo dos anos, Bor\u00e1 conseguiu preservar seu estilo de vida rural, mesmo diante das mudan\u00e7as que transformaram o estado de S\u00e3o Paulo. A cidade permaneceu praticamente inalterada em termos de crescimento populacional, permitindo que suas tradi\u00e7\u00f5es continuassem a prosperar.<\/p>\n\n\n\n<p>Os habitantes de Bor\u00e1 vivem em um ambiente onde a proximidade e o contato di\u00e1rio s\u00e3o comuns. A cidade \u00e9 um lugar onde os desafios t\u00edpicos das grandes cidades, como a criminalidade e o tr\u00e2nsito, s\u00e3o praticamente inexistentes. Em Bor\u00e1, o tempo parece passar de forma mais lenta, e a tranquilidade \u00e9 uma constante.<\/p>\n\n\n\n<h2 class=\"wp-block-heading\"><strong>Por que visitar Bor\u00e1?<\/strong><\/h2>\n\n\n\n<p>Bor\u00e1 \u00e9 um destino intrigante para aqueles que desejam explorar o interior profundo do Brasil. A cidade oferece uma experi\u00eancia aut\u00eantica de vida no campo, em um ambiente que valoriza a simplicidade e a tradi\u00e7\u00e3o. Para quem busca um ref\u00fagio da agita\u00e7\u00e3o das grandes cidades, Bor\u00e1 \u00e9 um lugar onde a paz e a serenidade s\u00e3o garantidas.<\/p>\n\n\n\n<p>Em resumo, Bor\u00e1 \u00e9 mais do que apenas um pequeno ponto no mapa de S\u00e3o Paulo. \u00c9 um exemplo de como as comunidades podem prosperar mantendo suas ra\u00edzes e valores, mesmo em um mundo em constante mudan\u00e7a. A cidade continua a ser um s\u00edmbolo de resist\u00eancia e preserva\u00e7\u00e3o das tradi\u00e7\u00f5es do interior, oferecendo uma vis\u00e3o de como a vida pode ser vivida de forma simples e aut\u00eantica.<\/p>\n","protected":false},"excerpt":{"rendered":"<p>Descubra Bor\u00e1, um o\u00e1sis de paz no cora\u00e7\u00e3o de S\u00e3o Paulo. Conhe\u00e7a sua hist\u00f3ria, tradi\u00e7\u00f5es e o porqu\u00ea de ser um destino ideal.<\/p>\n","protected":false},"author":3,"featured_media":14727,"comment_status":"open","ping_status":"open","sticky":false,"template":"","format":"standard","meta":{"_yoast_wpseo_focuskw":"segunda menor cidade","_yoast_wpseo_title":"%%title%%","_yoast_wpseo_metadesc":"Descubra Bor\u00e1, um o\u00e1sis de paz no cora\u00e7\u00e3o de S\u00e3o Paulo. Conhe\u00e7a sua hist\u00f3ria, tradi\u00e7\u00f5es e o porqu\u00ea de ser um destino ideal.","jnews-multi-image_gallery":[],"jnews_single_post":{"format":"standard"},"jnews_primary_category":[],"jnews_social_meta":[],"jnews_override_counter":[],"footnotes":""},"categories":[108],"tags":[109],"class_list":["post-14726","post","type-post","status-publish","format-standard","has-post-thumbnail","hentry","category-cidades","tag-cidades"],"yoast_head":"<!-- This site is optimized with the Yoast SEO plugin v24.6 - https:\/\/yoast.com\/wordpress\/plugins\/seo\/ -->\n<title>A segunda menor cidade do Brasil \u00e9 destaque na qualidade de vida, veja<\/title>\n<meta name=\"description\" content=\"Descubra Bor\u00e1, um o\u00e1sis de paz no cora\u00e7\u00e3o de S\u00e3o Paulo. Conhe\u00e7a sua hist\u00f3ria, tradi\u00e7\u00f5es e o porqu\u00ea de ser um destino ideal.\" \/>\n<meta name=\"robots\" content=\"index, follow, max-snippet:-1, max-image-preview:large, max-video-preview:-1\" \/>\n<link rel=\"canonical\" href=\"https:\/\/www.correiobraziliense.com.br\/cbradar\/a-segunda-menor-cidade-do-brasil-e-destaque-na-qualidade-de-vida-veja\/\" \/>\n<meta property=\"og:locale\" content=\"pt_BR\" \/>\n<meta property=\"og:type\" content=\"article\" \/>\n<meta property=\"og:title\" content=\"A segunda menor cidade do Brasil \u00e9 destaque na qualidade de vida, veja\" \/>\n<meta property=\"og:description\" content=\"Descubra Bor\u00e1, um o\u00e1sis de paz no cora\u00e7\u00e3o de S\u00e3o Paulo. Conhe\u00e7a sua hist\u00f3ria, tradi\u00e7\u00f5es e o porqu\u00ea de ser um destino ideal.\" \/>\n<meta property=\"og:url\" content=\"https:\/\/www.correiobraziliense.com.br\/cbradar\/a-segunda-menor-cidade-do-brasil-e-destaque-na-qualidade-de-vida-veja\/\" \/>\n<meta property=\"og:site_name\" content=\"Correio Braziliense - Radar\" \/>\n<meta property=\"article:published_time\" content=\"2025-03-23T00:50:00+00:00\" \/>\n<meta property=\"og:image\" content=\"https:\/\/www.correiobraziliense.com.br\/cbradar\/wp-content\/uploads\/2025\/03\/Bora.png\" \/>\n\t<meta property=\"og:image:width\" content=\"1280\" \/>\n\t<meta property=\"og:image:height\" content=\"720\" \/>\n\t<meta property=\"og:image:type\" content=\"image\/png\" \/>\n<meta name=\"author\" content=\"Larissa Carvalho\" \/>\n<meta name=\"twitter:card\" content=\"summary_large_image\" \/>\n<meta name=\"twitter:label1\" content=\"Escrito por\" \/>\n\t<meta name=\"twitter:data1\" content=\"Larissa Carvalho\" \/>\n\t<meta name=\"twitter:label2\" content=\"Est. tempo de leitura\" \/>\n\t<meta name=\"twitter:data2\" content=\"4 minutos\" \/>\n<!-- \/ Yoast SEO plugin. -->","yoast_head_json":{"title":"A segunda menor cidade do Brasil \u00e9 destaque na qualidade de vida, veja","description":"Descubra Bor\u00e1, um o\u00e1sis de paz no cora\u00e7\u00e3o de S\u00e3o Paulo. Conhe\u00e7a sua hist\u00f3ria, tradi\u00e7\u00f5es e o porqu\u00ea de ser um destino ideal.","robots":{"index":"index","follow":"follow","max-snippet":"max-snippet:-1","max-image-preview":"max-image-preview:large","max-video-preview":"max-video-preview:-1"},"canonical":"https:\/\/www.correiobraziliense.com.br\/cbradar\/a-segunda-menor-cidade-do-brasil-e-destaque-na-qualidade-de-vida-veja\/","og_locale":"pt_BR","og_type":"article","og_title":"A segunda menor cidade do Brasil \u00e9 destaque na qualidade de vida, veja","og_description":"Descubra Bor\u00e1, um o\u00e1sis de paz no cora\u00e7\u00e3o de S\u00e3o Paulo. Conhe\u00e7a sua hist\u00f3ria, tradi\u00e7\u00f5es e o porqu\u00ea de ser um destino ideal.","og_url":"https:\/\/www.correiobraziliense.com.br\/cbradar\/a-segunda-menor-cidade-do-brasil-e-destaque-na-qualidade-de-vida-veja\/","og_site_name":"Correio Braziliense - Radar","article_published_time":"2025-03-23T00:50:00+00:00","og_image":[{"width":1280,"height":720,"url":"https:\/\/www.correiobraziliense.com.br\/cbradar\/wp-content\/uploads\/2025\/03\/Bora.png","type":"image\/png"}],"author":"Larissa Carvalho","twitter_card":"summary_large_image","twitter_misc":{"Escrito por":"Larissa Carvalho","Est. tempo de leitura":"4 minutos"},"schema":{"@context":"https:\/\/schema.org","@graph":[{"@type":"WebPage","@id":"https:\/\/www.correiobraziliense.com.br\/cbradar\/a-segunda-menor-cidade-do-brasil-e-destaque-na-qualidade-de-vida-veja\/","url":"https:\/\/www.correiobraziliense.com.br\/cbradar\/a-segunda-menor-cidade-do-brasil-e-destaque-na-qualidade-de-vida-veja\/","name":"A segunda menor cidade do Brasil \u00e9 destaque na qualidade de vida, veja","isPartOf":{"@id":"https:\/\/www.correiobraziliense.com.br\/cbradar\/#website"},"primaryImageOfPage":{"@id":"https:\/\/www.correiobraziliense.com.br\/cbradar\/a-segunda-menor-cidade-do-brasil-e-destaque-na-qualidade-de-vida-veja\/#primaryimage"},"image":{"@id":"https:\/\/www.correiobraziliense.com.br\/cbradar\/a-segunda-menor-cidade-do-brasil-e-destaque-na-qualidade-de-vida-veja\/#primaryimage"},"thumbnailUrl":"https:\/\/www.correiobraziliense.com.br\/cbradar\/wp-content\/uploads\/2025\/03\/Bora.png","datePublished":"2025-03-23T00:50:00+00:00","author":{"@id":"https:\/\/www.correiobraziliense.com.br\/cbradar\/#\/schema\/person\/58422787644df994b53a19d3e56c1513"},"description":"Descubra Bor\u00e1, um o\u00e1sis de paz no cora\u00e7\u00e3o de S\u00e3o Paulo. Conhe\u00e7a sua hist\u00f3ria, tradi\u00e7\u00f5es e o porqu\u00ea de ser um destino ideal.","breadcrumb":{"@id":"https:\/\/www.correiobraziliense.com.br\/cbradar\/a-segunda-menor-cidade-do-brasil-e-destaque-na-qualidade-de-vida-veja\/#breadcrumb"},"inLanguage":"pt-BR","potentialAction":[{"@type":"ReadAction","target":["https:\/\/www.correiobraziliense.com.br\/cbradar\/a-segunda-menor-cidade-do-brasil-e-destaque-na-qualidade-de-vida-veja\/"]}]},{"@type":"ImageObject","inLanguage":"pt-BR","@id":"https:\/\/www.correiobraziliense.com.br\/cbradar\/a-segunda-menor-cidade-do-brasil-e-destaque-na-qualidade-de-vida-veja\/#primaryimage","url":"https:\/\/www.correiobraziliense.com.br\/cbradar\/wp-content\/uploads\/2025\/03\/Bora.png","contentUrl":"https:\/\/www.correiobraziliense.com.br\/cbradar\/wp-content\/uploads\/2025\/03\/Bora.png","width":1280,"height":720,"caption":"Bor\u00e1. Fonte: Valter Campanato\/ABr, CC BY 3.0, via Wikimedia Commons"},{"@type":"BreadcrumbList","@id":"https:\/\/www.correiobraziliense.com.br\/cbradar\/a-segunda-menor-cidade-do-brasil-e-destaque-na-qualidade-de-vida-veja\/#breadcrumb","itemListElement":[{"@type":"ListItem","position":1,"name":"In\u00edcio","item":"https:\/\/www.correiobraziliense.com.br\/cbradar\/"},{"@type":"ListItem","position":2,"name":"A segunda menor cidade do Brasil \u00e9 destaque na qualidade de vida, veja"}]},{"@type":"WebSite","@id":"https:\/\/www.correiobraziliense.com.br\/cbradar\/#website","url":"https:\/\/www.correiobraziliense.com.br\/cbradar\/","name":"Correio Braziliense - Radar","description":"Acompanhe as \u00faltimas not\u00edcias e fique bem informado sobre tudo o que acontece no Brasil e no mundo.","potentialAction":[{"@type":"SearchAction","target":{"@type":"EntryPoint","urlTemplate":"https:\/\/www.correiobraziliense.com.br\/cbradar\/?s={search_term_string}"},"query-input":{"@type":"PropertyValueSpecification","valueRequired":true,"valueName":"search_term_string"}}],"inLanguage":"pt-BR"},{"@type":"Person","@id":"https:\/\/www.correiobraziliense.com.br\/cbradar\/#\/schema\/person\/58422787644df994b53a19d3e56c1513","name":"Larissa Carvalho","image":{"@type":"ImageObject","inLanguage":"pt-BR","@id":"https:\/\/www.correiobraziliense.com.br\/cbradar\/#\/schema\/person\/image\/","url":"https:\/\/secure.gravatar.com\/avatar\/fe4f91a0de32b52a838d0d612abdc1aa?s=96&d=mm&r=g","contentUrl":"https:\/\/secure.gravatar.com\/avatar\/fe4f91a0de32b52a838d0d612abdc1aa?s=96&d=mm&r=g","caption":"Larissa Carvalho"},"url":"https:\/\/www.correiobraziliense.com.br\/cbradar\/author\/larissamyth\/"}]}},"_links":{"self":[{"href":"https:\/\/www.correiobraziliense.com.br\/cbradar\/wp-json\/wp\/v2\/posts\/14726","targetHints":{"allow":["GET"]}}],"collection":[{"href":"https:\/\/www.correiobraziliense.com.br\/cbradar\/wp-json\/wp\/v2\/posts"}],"about":[{"href":"https:\/\/www.correiobraziliense.com.br\/cbradar\/wp-json\/wp\/v2\/types\/post"}],"author":[{"embeddable":true,"href":"https:\/\/www.correiobraziliense.com.br\/cbradar\/wp-json\/wp\/v2\/users\/3"}],"replies":[{"embeddable":true,"href":"https:\/\/www.correiobraziliense.com.br\/cbradar\/wp-json\/wp\/v2\/comments?post=14726"}],"version-history":[{"count":1,"href":"https:\/\/www.correiobraziliense.com.br\/cbradar\/wp-json\/wp\/v2\/posts\/14726\/revisions"}],"predecessor-version":[{"id":14731,"href":"https:\/\/www.correiobraziliense.com.br\/cbradar\/wp-json\/wp\/v2\/posts\/14726\/revisions\/14731"}],"wp:featuredmedia":[{"embeddable":true,"href":"https:\/\/www.correiobraziliense.com.br\/cbradar\/wp-json\/wp\/v2\/media\/14727"}],"wp:attachment":[{"href":"https:\/\/www.correiobraziliense.com.br\/cbradar\/wp-json\/wp\/v2\/media?parent=14726"}],"wp:term":[{"taxonomy":"category","embeddable":true,"href":"https:\/\/www.correiobraziliense.com.br\/cbradar\/wp-json\/wp\/v2\/categories?post=14726"},{"taxonomy":"post_tag","embeddable":true,"href":"https:\/\/www.correiobraziliense.com.br\/cbradar\/wp-json\/wp\/v2\/tags?post=14726"}],"curies":[{"name":"wp","href":"https:\/\/api.w.org\/{rel}","templated":true}]}}