{"id":14732,"date":"2025-03-23T06:50:00","date_gmt":"2025-03-23T09:50:00","guid":{"rendered":"https:\/\/www.correiobraziliense.com.br\/cbradar\/?p=14732"},"modified":"2025-06-29T23:59:11","modified_gmt":"2025-06-30T02:59:11","slug":"o-que-voce-precisa-saber-sobre-uma-familia-perfeita-antes-de-assistir","status":"publish","type":"post","link":"https:\/\/www.correiobraziliense.com.br\/cbradar\/o-que-voce-precisa-saber-sobre-uma-familia-perfeita-antes-de-assistir\/","title":{"rendered":"O que voc\u00ea precisa saber sobre &#8216;Uma Fam\u00edlia Perfeita&#8217; antes de assistir"},"content":{"rendered":"\n<p>A nova <a href=\"https:\/\/www.correiobraziliense.com.br\/cbradar\/conheca-estas-5-series-baseadas-em-historias-reais-da-netflix\/\" target=\"_blank\" rel=\"noreferrer noopener\">s\u00e9rie <\/a>do <strong><a href=\"https:\/\/www.disneyplus.com\/pt-br\" target=\"_blank\" rel=\"noreferrer noopener\">Disney+<\/a><\/strong> est\u00e1 mexendo com todo mundo. <strong>Uma Fam\u00edlia Perfeita<\/strong> conta uma hist\u00f3ria real t\u00e3o bizarra que parece filme de terror. <strong>Ellen Pompeo<\/strong> deixou <strong>Grey&#8217;s Anatomy<\/strong> para tr\u00e1s e agora interpreta <strong>Kristine Barnett<\/strong>, uma m\u00e3e que adotou uma menina ucraniana e depois a abandonou. O motivo? Ela acreditava que a crian\u00e7a era na verdade uma adulta perigosa disfar\u00e7ada.<\/p>\n\n\n\n<p>O caso de <strong>Natalia Grace<\/strong> virou pol\u00eamica mundial. A menina tem nanismo, uma condi\u00e7\u00e3o que faz com que ela seja muito baixinha e tenha apar\u00eancia mais jovem. Em 2010, <strong>Kristine<\/strong> e <strong>Michael Barnett<\/strong> adotaram <strong>Natalia<\/strong> pensando que ela tinha 6 anos. Mas logo come\u00e7aram a suspeitar que ela estava mentindo sobre a idade. A situa\u00e7\u00e3o ficou t\u00e3o tensa que o casal mudou legalmente a idade dela para 22 anos e a abandonou num apartamento.<\/p>\n\n\n\n<h2 class=\"wp-block-heading\">Como uma fam\u00edlia chegou ao ponto de abandonar uma crian\u00e7a?<\/h2>\n\n\n\n<p><strong>Kristine<\/strong> e <strong>Michael Barnett<\/strong> j\u00e1 tinham tr\u00eas filhos quando decidiram adotar <strong>Natalia<\/strong>. No come\u00e7o, tudo parecia normal. Mas depois de uma viagem \u00e0 <strong>Disney World<\/strong>, <strong>Kristine<\/strong> disse que ficou chocada ao dar banho em <strong>Natalia<\/strong>. Segundo ela, o corpo da menina parecia mais desenvolvido do que o esperado para uma crian\u00e7a de 6 anos.<\/p>\n\n\n\n<p>O casal come\u00e7ou a reparar em outros detalhes. <strong>Natalia<\/strong> falava ingl\u00eas muito bem, usava palavras dif\u00edceis e n\u00e3o tinha sotaque ucraniano. Eles tamb\u00e9m relataram que ela menstruava, coisa que normalmente acontece depois dos 12 anos. Para piorar, <strong>Michael<\/strong> disse que <strong>Natalia<\/strong> amea\u00e7ou a fam\u00edlia com uma faca e tentou envenenar <strong>Kristine<\/strong>. A situa\u00e7\u00e3o ficou insustent\u00e1vel, e eles decidiram que ela era uma adulta perigosa se passando por crian\u00e7a.<\/p>\n\n\n\n<h2 class=\"wp-block-heading\">O que realmente aconteceu com Natalia Grace?<\/h2>\n\n\n\n<p>A verdade sobre <strong>Natalia<\/strong> s\u00f3 saiu anos depois. Em 2023, exames de DNA confirmaram que ela nasceu em 2003, ou seja, realmente era crian\u00e7a quando foi adotada. Ela tinha 7 anos na \u00e9poca, n\u00e3o 22 como o casal insistia. Toda a suspeita dos <strong>Barnett<\/strong> se baseou em mal-entendidos e preconceito sobre sua condi\u00e7\u00e3o f\u00edsica.<\/p>\n\n\n\n<p><strong>Natalia<\/strong> sempre disse que era inocente, mas ningu\u00e9m acreditava nela. No document\u00e1rio <strong>O Curioso Caso de Natalia Grace<\/strong>, que tem tr\u00eas temporadas na <strong>Max<\/strong>, ela conta sua vers\u00e3o da hist\u00f3ria. Segundo <strong>Natalia<\/strong>, <strong>Kristine<\/strong> a treinou para mentir sobre a idade e inventar hist\u00f3rias sobre tentativas de assassinato. A menina foi v\u00edtima de uma situa\u00e7\u00e3o absurda criada pelos pr\u00f3prios pais adotivos.<\/p>\n\n\n\n<h2 class=\"wp-block-heading\">Onde est\u00e1 Natalia Grace hoje em dia?<\/h2>\n\n\n\n<iframe loading=\"lazy\" width=\"560\" height=\"315\" src=\"https:\/\/www.youtube.com\/embed\/rYwhSqMcpgg?si=hgamClbVKmd1uDtD\" title=\"YouTube video player\" frameborder=\"0\" allow=\"accelerometer; autoplay; clipboard-write; encrypted-media; gyroscope; picture-in-picture; web-share\" referrerpolicy=\"strict-origin-when-cross-origin\" allowfullscreen><\/iframe>\n\n\n\n<p>Depois de ser abandonada pelos <strong>Barnett<\/strong>, <strong>Natalia<\/strong> foi adotada por <strong>Cynthia<\/strong> e <strong>Antwon Mans<\/strong>, uma fam\u00edlia religiosa. Mas a vida com eles tamb\u00e9m n\u00e3o foi f\u00e1cil. No document\u00e1rio, o casal <strong>Mans<\/strong> disse que <strong>Natalia<\/strong> tinha se tornado &#8220;inimiga da casa&#8221; e que estavam cansados dela. Parece que a menina carregava traumas profundos dos abusos anteriores.<\/p>\n\n\n\n<p>Hoje, <strong>Natalia<\/strong> mora com <strong>Nicole<\/strong> e <strong>Vince DePaul<\/strong>, que tentaram adot\u00e1-la antes mesmo dos <strong>Barnett<\/strong>. Ela tem 22 anos, est\u00e1 aprendendo a dirigir e sonha em ser professora. <strong>Natalia<\/strong> foi diagnosticada com ansiedade, estresse p\u00f3s-traum\u00e1tico e transtorno de apego reativo. S\u00e3o as marcas de anos de neglig\u00eancia e abuso. Mesmo assim, ela est\u00e1 tentando reconstruir sua vida e encontrar pessoas que realmente se importem com ela.<\/p>\n\n\n\n<h2 class=\"wp-block-heading\">Por que essa hist\u00f3ria ainda gera pol\u00eamica?<\/h2>\n\n\n\n<p>O caso <strong>Natalia Grace<\/strong> divide opini\u00f5es at\u00e9 hoje. Alguns ainda acreditam que ela mentiu sobre a idade, mesmo com as provas cient\u00edficas. A s\u00e9rie <strong>Uma Fam\u00edlia Perfeita<\/strong> reacendeu o debate, mas desta vez com uma pegada mais cr\u00edtica aos <strong>Barnett<\/strong>. <strong>Ellen Pompeo<\/strong> mostra uma <strong>Kristine<\/strong> obcecada e controladora, bem diferente da v\u00edtima que ela dizia ser.<\/p>\n\n\n\n<p>A pol\u00eamica tamb\u00e9m envolve quest\u00f5es \u00e9ticas. A fam\u00edlia de <strong>Natalia<\/strong> pediu boicote \u00e0 s\u00e9rie porque ela n\u00e3o recebe nenhum dinheiro pela dramatiza\u00e7\u00e3o da pr\u00f3pria hist\u00f3ria. S\u00f3 <strong>Kristine Barnett<\/strong> est\u00e1 ganhando com isso, mesmo sendo acusada de abuso. \u00c9 uma situa\u00e7\u00e3o complicada que mostra como nossa sociedade ainda tem dificuldade para proteger crian\u00e7as vulner\u00e1veis. A s\u00e9rie de oito epis\u00f3dios est\u00e1 dispon\u00edvel no <strong>Disney+<\/strong>, com novos epis\u00f3dios toda quarta-feira.<\/p>\n","protected":false},"excerpt":{"rendered":"<p>Conhe\u00e7a a hist\u00f3ria real por tr\u00e1s de A Fam\u00edlia Perfeita, s\u00e9rie da Disney que chocou os EUA. O drama gira em torno da ado\u00e7\u00e3o de uma menina ucraniana.<\/p>\n","protected":false},"author":3,"featured_media":14744,"comment_status":"open","ping_status":"open","sticky":false,"template":"","format":"standard","meta":{"_yoast_wpseo_focuskw":"Uma Fam\u00edlia Perfeita","_yoast_wpseo_title":"%%title%%","_yoast_wpseo_metadesc":"Conhe\u00e7a a hist\u00f3ria real por tr\u00e1s de A Fam\u00edlia Perfeita, s\u00e9rie da Disney que chocou os EUA. O drama gira em torno da ado\u00e7\u00e3o de uma menina ucraniana.","jnews-multi-image_gallery":[],"jnews_single_post":{"format":"standard"},"jnews_primary_category":[],"jnews_social_meta":[],"jnews_override_counter":[],"footnotes":""},"categories":[140],"tags":[568,2331],"class_list":["post-14732","post","type-post","status-publish","format-standard","has-post-thumbnail","hentry","category-entretenimento","tag-series-e-filmes","tag-uma-familia-perfeita"],"yoast_head":"<!-- This site is optimized with the Yoast SEO plugin v24.6 - https:\/\/yoast.com\/wordpress\/plugins\/seo\/ -->\n<title>O que voc\u00ea precisa saber sobre &#039;Uma Fam\u00edlia Perfeita&#039; antes de assistir<\/title>\n<meta name=\"description\" content=\"Conhe\u00e7a a hist\u00f3ria real por tr\u00e1s de A Fam\u00edlia Perfeita, s\u00e9rie da Disney que chocou os EUA. O drama gira em torno da ado\u00e7\u00e3o de uma menina ucraniana.\" \/>\n<meta name=\"robots\" content=\"index, follow, max-snippet:-1, max-image-preview:large, max-video-preview:-1\" \/>\n<link rel=\"canonical\" href=\"https:\/\/www.correiobraziliense.com.br\/cbradar\/o-que-voce-precisa-saber-sobre-uma-familia-perfeita-antes-de-assistir\/\" \/>\n<meta property=\"og:locale\" content=\"pt_BR\" \/>\n<meta property=\"og:type\" content=\"article\" \/>\n<meta property=\"og:title\" content=\"O que voc\u00ea precisa saber sobre &#039;Uma Fam\u00edlia Perfeita&#039; antes de assistir\" \/>\n<meta property=\"og:description\" content=\"Conhe\u00e7a a hist\u00f3ria real por tr\u00e1s de A Fam\u00edlia Perfeita, s\u00e9rie da Disney que chocou os EUA. O drama gira em torno da ado\u00e7\u00e3o de uma menina ucraniana.\" \/>\n<meta property=\"og:url\" content=\"https:\/\/www.correiobraziliense.com.br\/cbradar\/o-que-voce-precisa-saber-sobre-uma-familia-perfeita-antes-de-assistir\/\" \/>\n<meta property=\"og:site_name\" content=\"Correio Braziliense - Radar\" \/>\n<meta property=\"article:published_time\" content=\"2025-03-23T09:50:00+00:00\" \/>\n<meta property=\"article:modified_time\" content=\"2025-06-30T02:59:11+00:00\" \/>\n<meta property=\"og:image\" content=\"https:\/\/www.correiobraziliense.com.br\/cbradar\/wp-content\/uploads\/2025\/03\/Uma-Familia-Perfeita.png\" \/>\n\t<meta property=\"og:image:width\" content=\"1280\" \/>\n\t<meta property=\"og:image:height\" content=\"720\" \/>\n\t<meta property=\"og:image:type\" content=\"image\/png\" \/>\n<meta name=\"author\" content=\"Larissa Carvalho\" \/>\n<meta name=\"twitter:card\" content=\"summary_large_image\" \/>\n<meta name=\"twitter:label1\" content=\"Escrito por\" \/>\n\t<meta name=\"twitter:data1\" content=\"Larissa Carvalho\" \/>\n\t<meta name=\"twitter:label2\" content=\"Est. tempo de leitura\" \/>\n\t<meta name=\"twitter:data2\" content=\"4 minutos\" \/>\n<!-- \/ Yoast SEO plugin. -->","yoast_head_json":{"title":"O que voc\u00ea precisa saber sobre 'Uma Fam\u00edlia Perfeita' antes de assistir","description":"Conhe\u00e7a a hist\u00f3ria real por tr\u00e1s de A Fam\u00edlia Perfeita, s\u00e9rie da Disney que chocou os EUA. O drama gira em torno da ado\u00e7\u00e3o de uma menina ucraniana.","robots":{"index":"index","follow":"follow","max-snippet":"max-snippet:-1","max-image-preview":"max-image-preview:large","max-video-preview":"max-video-preview:-1"},"canonical":"https:\/\/www.correiobraziliense.com.br\/cbradar\/o-que-voce-precisa-saber-sobre-uma-familia-perfeita-antes-de-assistir\/","og_locale":"pt_BR","og_type":"article","og_title":"O que voc\u00ea precisa saber sobre 'Uma Fam\u00edlia Perfeita' antes de assistir","og_description":"Conhe\u00e7a a hist\u00f3ria real por tr\u00e1s de A Fam\u00edlia Perfeita, s\u00e9rie da Disney que chocou os EUA. O drama gira em torno da ado\u00e7\u00e3o de uma menina ucraniana.","og_url":"https:\/\/www.correiobraziliense.com.br\/cbradar\/o-que-voce-precisa-saber-sobre-uma-familia-perfeita-antes-de-assistir\/","og_site_name":"Correio Braziliense - Radar","article_published_time":"2025-03-23T09:50:00+00:00","article_modified_time":"2025-06-30T02:59:11+00:00","og_image":[{"width":1280,"height":720,"url":"https:\/\/www.correiobraziliense.com.br\/cbradar\/wp-content\/uploads\/2025\/03\/Uma-Familia-Perfeita.png","type":"image\/png"}],"author":"Larissa Carvalho","twitter_card":"summary_large_image","twitter_misc":{"Escrito por":"Larissa Carvalho","Est. tempo de leitura":"4 minutos"},"schema":{"@context":"https:\/\/schema.org","@graph":[{"@type":"WebPage","@id":"https:\/\/www.correiobraziliense.com.br\/cbradar\/o-que-voce-precisa-saber-sobre-uma-familia-perfeita-antes-de-assistir\/","url":"https:\/\/www.correiobraziliense.com.br\/cbradar\/o-que-voce-precisa-saber-sobre-uma-familia-perfeita-antes-de-assistir\/","name":"O que voc\u00ea precisa saber sobre 'Uma Fam\u00edlia Perfeita' antes de assistir","isPartOf":{"@id":"https:\/\/www.correiobraziliense.com.br\/cbradar\/#website"},"primaryImageOfPage":{"@id":"https:\/\/www.correiobraziliense.com.br\/cbradar\/o-que-voce-precisa-saber-sobre-uma-familia-perfeita-antes-de-assistir\/#primaryimage"},"image":{"@id":"https:\/\/www.correiobraziliense.com.br\/cbradar\/o-que-voce-precisa-saber-sobre-uma-familia-perfeita-antes-de-assistir\/#primaryimage"},"thumbnailUrl":"https:\/\/www.correiobraziliense.com.br\/cbradar\/wp-content\/uploads\/2025\/03\/Uma-Familia-Perfeita.png","datePublished":"2025-03-23T09:50:00+00:00","dateModified":"2025-06-30T02:59:11+00:00","author":{"@id":"https:\/\/www.correiobraziliense.com.br\/cbradar\/#\/schema\/person\/58422787644df994b53a19d3e56c1513"},"description":"Conhe\u00e7a a hist\u00f3ria real por tr\u00e1s de A Fam\u00edlia Perfeita, s\u00e9rie da Disney que chocou os EUA. O drama gira em torno da ado\u00e7\u00e3o de uma menina ucraniana.","breadcrumb":{"@id":"https:\/\/www.correiobraziliense.com.br\/cbradar\/o-que-voce-precisa-saber-sobre-uma-familia-perfeita-antes-de-assistir\/#breadcrumb"},"inLanguage":"pt-BR","potentialAction":[{"@type":"ReadAction","target":["https:\/\/www.correiobraziliense.com.br\/cbradar\/o-que-voce-precisa-saber-sobre-uma-familia-perfeita-antes-de-assistir\/"]}]},{"@type":"ImageObject","inLanguage":"pt-BR","@id":"https:\/\/www.correiobraziliense.com.br\/cbradar\/o-que-voce-precisa-saber-sobre-uma-familia-perfeita-antes-de-assistir\/#primaryimage","url":"https:\/\/www.correiobraziliense.com.br\/cbradar\/wp-content\/uploads\/2025\/03\/Uma-Familia-Perfeita.png","contentUrl":"https:\/\/www.correiobraziliense.com.br\/cbradar\/wp-content\/uploads\/2025\/03\/Uma-Familia-Perfeita.png","width":1280,"height":720,"caption":"Uma Fam\u00edlia Perfeita. Fonte: divulga\u00e7\u00e3o \/ Disney+"},{"@type":"BreadcrumbList","@id":"https:\/\/www.correiobraziliense.com.br\/cbradar\/o-que-voce-precisa-saber-sobre-uma-familia-perfeita-antes-de-assistir\/#breadcrumb","itemListElement":[{"@type":"ListItem","position":1,"name":"In\u00edcio","item":"https:\/\/www.correiobraziliense.com.br\/cbradar\/"},{"@type":"ListItem","position":2,"name":"O que voc\u00ea precisa saber sobre &#8216;Uma Fam\u00edlia Perfeita&#8217; antes de assistir"}]},{"@type":"WebSite","@id":"https:\/\/www.correiobraziliense.com.br\/cbradar\/#website","url":"https:\/\/www.correiobraziliense.com.br\/cbradar\/","name":"Correio Braziliense - Radar","description":"Acompanhe as \u00faltimas not\u00edcias e fique bem informado sobre tudo o que acontece no Brasil e no mundo.","potentialAction":[{"@type":"SearchAction","target":{"@type":"EntryPoint","urlTemplate":"https:\/\/www.correiobraziliense.com.br\/cbradar\/?s={search_term_string}"},"query-input":{"@type":"PropertyValueSpecification","valueRequired":true,"valueName":"search_term_string"}}],"inLanguage":"pt-BR"},{"@type":"Person","@id":"https:\/\/www.correiobraziliense.com.br\/cbradar\/#\/schema\/person\/58422787644df994b53a19d3e56c1513","name":"Larissa Carvalho","image":{"@type":"ImageObject","inLanguage":"pt-BR","@id":"https:\/\/www.correiobraziliense.com.br\/cbradar\/#\/schema\/person\/image\/","url":"https:\/\/secure.gravatar.com\/avatar\/fe4f91a0de32b52a838d0d612abdc1aa?s=96&d=mm&r=g","contentUrl":"https:\/\/secure.gravatar.com\/avatar\/fe4f91a0de32b52a838d0d612abdc1aa?s=96&d=mm&r=g","caption":"Larissa Carvalho"},"url":"https:\/\/www.correiobraziliense.com.br\/cbradar\/author\/larissamyth\/"}]}},"_links":{"self":[{"href":"https:\/\/www.correiobraziliense.com.br\/cbradar\/wp-json\/wp\/v2\/posts\/14732","targetHints":{"allow":["GET"]}}],"collection":[{"href":"https:\/\/www.correiobraziliense.com.br\/cbradar\/wp-json\/wp\/v2\/posts"}],"about":[{"href":"https:\/\/www.correiobraziliense.com.br\/cbradar\/wp-json\/wp\/v2\/types\/post"}],"author":[{"embeddable":true,"href":"https:\/\/www.correiobraziliense.com.br\/cbradar\/wp-json\/wp\/v2\/users\/3"}],"replies":[{"embeddable":true,"href":"https:\/\/www.correiobraziliense.com.br\/cbradar\/wp-json\/wp\/v2\/comments?post=14732"}],"version-history":[{"count":3,"href":"https:\/\/www.correiobraziliense.com.br\/cbradar\/wp-json\/wp\/v2\/posts\/14732\/revisions"}],"predecessor-version":[{"id":61623,"href":"https:\/\/www.correiobraziliense.com.br\/cbradar\/wp-json\/wp\/v2\/posts\/14732\/revisions\/61623"}],"wp:featuredmedia":[{"embeddable":true,"href":"https:\/\/www.correiobraziliense.com.br\/cbradar\/wp-json\/wp\/v2\/media\/14744"}],"wp:attachment":[{"href":"https:\/\/www.correiobraziliense.com.br\/cbradar\/wp-json\/wp\/v2\/media?parent=14732"}],"wp:term":[{"taxonomy":"category","embeddable":true,"href":"https:\/\/www.correiobraziliense.com.br\/cbradar\/wp-json\/wp\/v2\/categories?post=14732"},{"taxonomy":"post_tag","embeddable":true,"href":"https:\/\/www.correiobraziliense.com.br\/cbradar\/wp-json\/wp\/v2\/tags?post=14732"}],"curies":[{"name":"wp","href":"https:\/\/api.w.org\/{rel}","templated":true}]}}