{"id":147321,"date":"2025-12-01T20:55:00","date_gmt":"2025-12-01T23:55:00","guid":{"rendered":"https:\/\/www.correiobraziliense.com.br\/cbradar\/?p=147321"},"modified":"2025-11-30T12:06:06","modified_gmt":"2025-11-30T15:06:06","slug":"os-habitos-que-esquecemos-sempre-mas-sao-essenciais-para-uma-vida-saudavel","status":"publish","type":"post","link":"https:\/\/www.correiobraziliense.com.br\/cbradar\/os-habitos-que-esquecemos-sempre-mas-sao-essenciais-para-uma-vida-saudavel\/","title":{"rendered":"Os h\u00e1bitos que esquecemos sempre, mas s\u00e3o essenciais para uma vida saud\u00e1vel"},"content":{"rendered":"\n<p><strong>Cuidar do corpo diariamente deveria ser simples, mas a correria, o estresse e a falta de informa\u00e7\u00e3o fazem com que muita gente ignore sinais importantes de sa\u00fade. <\/strong>A boa not\u00edcia \u00e9 que pequenas a\u00e7\u00f5es di\u00e1rias podem transformar completamente sua energia, disposi\u00e7\u00e3o e bem-estar. Neste artigo, voc\u00ea descobrir\u00e1 h\u00e1bitos essenciais e f\u00e1ceis de aplicar para manter o corpo saud\u00e1vel de forma pr\u00e1tica e eficiente.<\/p>\n\n\n\n<h2 class=\"wp-block-heading\">Por que \u00e9 t\u00e3o importante cuidar do corpo todos os dias?<\/h2>\n\n\n\n<p>O corpo humano funciona como uma m\u00e1quina que precisa de manuten\u00e7\u00e3o constante para manter energia, equil\u00edbrio e resist\u00eancia. Quando essa aten\u00e7\u00e3o di\u00e1ria n\u00e3o acontece, surgem sintomas como cansa\u00e7o, dores, irritabilidade e queda da imunidade.<\/p>\n\n\n\n<p><strong>Cuidar do corpo diariamente previne doen\u00e7as, melhora a disposi\u00e7\u00e3o e fortalece a imunidade.<\/strong> Esses benef\u00edcios aparecem gradualmente, mas fazem grande diferen\u00e7a na rotina.<\/p>\n\n\n<div class=\"wp-block-image\">\n<figure class=\"aligncenter size-large\"><img decoding=\"async\" width=\"1024\" height=\"576\" src=\"https:\/\/www.correiobraziliense.com.br\/cbradar\/wp-content\/uploads\/2025\/10\/respiracao-profunda_1761548121731-1024x576.jpg\" alt=\"Os h\u00e1bitos que esquecemos sempre, mas s\u00e3o essenciais para uma vida saud\u00e1vel\" class=\"wp-image-126649\" srcset=\"https:\/\/www.correiobraziliense.com.br\/cbradar\/wp-content\/uploads\/2025\/10\/respiracao-profunda_1761548121731-1024x576.jpg 1024w, https:\/\/www.correiobraziliense.com.br\/cbradar\/wp-content\/uploads\/2025\/10\/respiracao-profunda_1761548121731-300x169.jpg 300w, https:\/\/www.correiobraziliense.com.br\/cbradar\/wp-content\/uploads\/2025\/10\/respiracao-profunda_1761548121731-768x432.jpg 768w, https:\/\/www.correiobraziliense.com.br\/cbradar\/wp-content\/uploads\/2025\/10\/respiracao-profunda_1761548121731-750x422.jpg 750w, https:\/\/www.correiobraziliense.com.br\/cbradar\/wp-content\/uploads\/2025\/10\/respiracao-profunda_1761548121731-1140x641.jpg 1140w, https:\/\/www.correiobraziliense.com.br\/cbradar\/wp-content\/uploads\/2025\/10\/respiracao-profunda_1761548121731.jpg 1280w\" sizes=\"(max-width: 1024px) 100vw, 1024px\" \/><figcaption class=\"wp-element-caption\">A respira\u00e7\u00e3o profunda melhora a oxigena\u00e7\u00e3o do corpo e ajuda a reduzir o estresse e a ansiedade. \/\/ Cr\u00e9ditos: depositphotos.com \/ brizmaker<\/figcaption><\/figure><\/div>\n\n\n<h2 class=\"wp-block-heading\">Quais h\u00e1bitos podem prejudicar a sa\u00fade sem percebermos?<\/h2>\n\n\n\n<p>Algumas atitudes rotineiras passam despercebidas, mas t\u00eam grande impacto no bem-estar. O problema \u00e9 que esses h\u00e1bitos se acumulam e acabam desgastando o corpo ao longo do tempo.<\/p>\n\n\n\n<p><strong>H\u00e1bitos como dormir pouco, ficar muito tempo sentado e se alimentar mal contribuem silenciosamente para o desequil\u00edbrio f\u00edsico.<\/strong> Reconhec\u00ea-los \u00e9 o primeiro passo para melhorar.<\/p>\n\n\n\n<p><strong><a href=\"https:\/\/pmc.ncbi.nlm.nih.gov\/articles\/PMC2656292\/\" target=\"_blank\" rel=\"noreferrer noopener\">Estudos publicados pela PubMed Central<\/a><\/strong> mostram que a priva\u00e7\u00e3o de sono, sedentarismo e alimenta\u00e7\u00e3o inadequada aumentam riscos de doen\u00e7as cardiovasculares, metab\u00f3licas e reduzem longevidade.<\/p>\n\n\n\n<p>Para ajudar nessa identifica\u00e7\u00e3o, veja comportamentos comuns que prejudicam a sa\u00fade:<\/p>\n\n\n\n<ul class=\"wp-block-list\">\n<li>Pular refei\u00e7\u00f5es ou comer com pressa<\/li>\n\n\n\n<li>Permanecer longos per\u00edodos sentado ou sem se movimentar<\/li>\n\n\n\n<li>Uso excessivo de telas, especialmente \u00e0 noite<\/li>\n<\/ul>\n\n\n\n<p>Confira o v\u00eddeo abaixo no canal do TikTok <strong>Fica a Dica! (@viniciuspasseti)<\/strong>, onde ele apresenta h\u00e1bitos essenciais que n\u00e3o devemos abandonar no dia a dia para manter a sa\u00fade f\u00edsica e mental em equil\u00edbrio.<\/p>\n\n\n\n<figure class=\"wp-block-embed is-type-video is-provider-tiktok wp-block-embed-tiktok\"><div class=\"wp-block-embed__wrapper\">\n<blockquote class=\"tiktok-embed\" cite=\"https:\/\/www.tiktok.com\/@viniciuspasseti\/video\/7455685544857685253\" data-video-id=\"7455685544857685253\" data-embed-from=\"oembed\" style=\"max-width:605px; min-width:325px;\"> <section> <a target=\"_blank\" title=\"@viniciuspasseti\" href=\"https:\/\/www.tiktok.com\/@viniciuspasseti?refer=embed\">@viniciuspasseti<\/a> <p>Os 7-habitos-saudaveis-para-transformar-sua-vida <a title=\"habitos\" target=\"_blank\" href=\"https:\/\/www.tiktok.com\/tag\/habitos?refer=embed\">#habitos<\/a> <a title=\"vida\" target=\"_blank\" href=\"https:\/\/www.tiktok.com\/tag\/vida?refer=embed\">#vida<\/a> <a title=\"dieta\" target=\"_blank\" href=\"https:\/\/www.tiktok.com\/tag\/dieta?refer=embed\">#dieta<\/a> <a title=\"fy\" target=\"_blank\" href=\"https:\/\/www.tiktok.com\/tag\/fy?refer=embed\">#fy<\/a> <a title=\"ossete\" target=\"_blank\" href=\"https:\/\/www.tiktok.com\/tag\/ossete?refer=embed\">#ossete<\/a> @Fliki.ia <\/p> <a target=\"_blank\" title=\"\u266c som original - OS SETE - Fica a Dica!\" href=\"https:\/\/www.tiktok.com\/music\/som-original-OS-SETE-7455685605922491141?refer=embed\">\u266c som original &#8211; OS SETE &#8211; Fica a Dica!<\/a> <\/section> <\/blockquote> <script async src=\"https:\/\/www.tiktok.com\/embed.js\"><\/script>\n<\/div><\/figure>\n\n\n\n<h2 class=\"wp-block-heading\">Como criar uma rotina simples para cuidar do corpo?<\/h2>\n\n\n\n<p>Uma rotina de autocuidado n\u00e3o precisa ser longa nem dif\u00edcil. O segredo est\u00e1 em const\u00e2ncia e escolhas inteligentes que se encaixem naturalmente no cotidiano.<\/p>\n\n\n\n<p><strong>Uma rotina saud\u00e1vel combina boa alimenta\u00e7\u00e3o, movimento regular e descanso adequado.<\/strong> Esse trio cria uma base s\u00f3lida para o corpo funcionar melhor todos os dias.<\/p>\n\n\n\n<p>Veja a tabela abaixo que resume pilares fundamentais do autocuidado:<\/p>\n\n\n\n<figure class=\"wp-block-table\"><table class=\"has-fixed-layout\"><thead><tr><th>Pilar do autocuidado<\/th><th>Benef\u00edcio principal<\/th><th>Impacto no dia a dia<\/th><\/tr><\/thead><tbody><tr><td>Alimenta\u00e7\u00e3o equilibrada<\/td><td>Mais energia<\/td><td>Melhor disposi\u00e7\u00e3o<\/td><\/tr><tr><td>Movimento di\u00e1rio<\/td><td>Fortalecimento muscular<\/td><td>Menos dores e rigidez<\/td><\/tr><tr><td>Sono de qualidade<\/td><td>Recupera\u00e7\u00e3o f\u00edsica<\/td><td>Humor mais est\u00e1vel<\/td><\/tr><\/tbody><\/table><\/figure>\n\n\n\n<h2 class=\"wp-block-heading\">Quais cuidados n\u00e3o podem faltar na rotina di\u00e1ria?<\/h2>\n\n\n\n<p>Existem algumas atitudes que funcionam como base para manter o corpo saud\u00e1vel. Elas s\u00e3o simples, mas fazem diferen\u00e7a quando repetidas todos os dias.<\/p>\n\n\n\n<p><strong>Os cuidados indispens\u00e1veis incluem hidrata\u00e7\u00e3o correta, boa alimenta\u00e7\u00e3o e pausas durante o dia.<\/strong> Esse conjunto mant\u00e9m o organismo funcionando em equil\u00edbrio.<\/p>\n\n\n\n<p>Antes de listar esses cuidados, vale lembrar que mesmo pequenas mudan\u00e7as t\u00eam grande impacto. Veja a\u00e7\u00f5es essenciais:<\/p>\n\n\n\n<ul class=\"wp-block-list\">\n<li>Beber \u00e1gua ao longo do dia<\/li>\n\n\n\n<li>Fazer pequenas pausas para alongar o corpo<\/li>\n\n\n\n<li>Incluir frutas e vegetais nas refei\u00e7\u00f5es<\/li>\n<\/ul>\n\n\n<div class=\"wp-block-image\">\n<figure class=\"aligncenter size-large\"><img decoding=\"async\" width=\"1024\" height=\"576\" src=\"https:\/\/www.correiobraziliense.com.br\/cbradar\/wp-content\/uploads\/2025\/10\/beber-agua_1761540199970-1024x576.jpg\" alt=\"Os h\u00e1bitos que esquecemos sempre, mas s\u00e3o essenciais para uma vida saud\u00e1vel\" class=\"wp-image-126492\" srcset=\"https:\/\/www.correiobraziliense.com.br\/cbradar\/wp-content\/uploads\/2025\/10\/beber-agua_1761540199970-1024x576.jpg 1024w, https:\/\/www.correiobraziliense.com.br\/cbradar\/wp-content\/uploads\/2025\/10\/beber-agua_1761540199970-300x169.jpg 300w, https:\/\/www.correiobraziliense.com.br\/cbradar\/wp-content\/uploads\/2025\/10\/beber-agua_1761540199970-768x432.jpg 768w, https:\/\/www.correiobraziliense.com.br\/cbradar\/wp-content\/uploads\/2025\/10\/beber-agua_1761540199970-750x422.jpg 750w, https:\/\/www.correiobraziliense.com.br\/cbradar\/wp-content\/uploads\/2025\/10\/beber-agua_1761540199970-1140x641.jpg 1140w, https:\/\/www.correiobraziliense.com.br\/cbradar\/wp-content\/uploads\/2025\/10\/beber-agua_1761540199970.jpg 1280w\" sizes=\"(max-width: 1024px) 100vw, 1024px\" \/><figcaption class=\"wp-element-caption\">Um copo d\u2019\u00e1gua refresca, renova e lembra que o simples tamb\u00e9m pode ser vital. \/\/ Cr\u00e9ditos: depositphotos.com \/ BestPhotoStudio<\/figcaption><\/figure><\/div>\n\n\n<h2 class=\"wp-block-heading\">Como manter o corpo saud\u00e1vel mesmo com a correria?<\/h2>\n\n\n\n<p>A falta de tempo \u00e9 uma das maiores dificuldades para quem tenta cuidar da sa\u00fade, mas \u00e9 totalmente poss\u00edvel criar h\u00e1bitos que funcionem mesmo em dias agitados.<\/p>\n\n\n\n<p><strong>O segredo para manter o corpo saud\u00e1vel na correria \u00e9 criar h\u00e1bitos autom\u00e1ticos e f\u00e1ceis de cumprir.<\/strong> Assim, mesmo dias cheios n\u00e3o prejudicam o autocuidado.<\/p>\n\n\n\n<p>Entenda como colocar isso em pr\u00e1tica com um passo a passo simples:<\/p>\n\n\n\n<ol class=\"wp-block-list\">\n<li>Escolha dois h\u00e1bitos f\u00e1ceis para come\u00e7ar<\/li>\n\n\n\n<li>Pratique todos os dias no mesmo hor\u00e1rio<\/li>\n\n\n\n<li>Aumente os cuidados gradualmente<\/li>\n<\/ol>\n\n\n\n<p><strong>Leia tamb\u00e9m: <a href=\"https:\/\/www.correiobraziliense.com.br\/cbradar\/a-vila-cearense-que-abriga-uma-das-praias-mais-bonitas-do-mundo-e-ainda-e-um-paraiso-desconhecido\/\" target=\"_blank\" rel=\"noreferrer noopener\">A vila cearense que abriga uma das praias mais bonitas do mundo e ainda \u00e9 um para\u00edso desconhecido.<\/a><\/strong><\/p>\n\n\n\n<h2 class=\"wp-block-heading\">Como saber se o autocuidado est\u00e1 dando resultado?<\/h2>\n\n\n\n<p>Com o tempo, o corpo come\u00e7a a enviar sinais positivos de que est\u00e1 funcionando melhor. Esses sinais s\u00e3o claros e aparecem tanto na energia quanto no humor.<\/p>\n\n\n\n<p><strong>Resultados do autocuidado incluem mais disposi\u00e7\u00e3o, melhor sono e redu\u00e7\u00e3o de dores.<\/strong> Quando esses sinais surgem, \u00e9 um indicativo de que o corpo est\u00e1 reagindo bem.<\/p>\n\n\n\n<p>Para acompanhar essa evolu\u00e7\u00e3o, observe alguns indicadores importantes:<\/p>\n\n\n\n<ul class=\"wp-block-list\">\n<li>Melhora na qualidade do sono<\/li>\n\n\n\n<li>Redu\u00e7\u00e3o do cansa\u00e7o ao longo do dia<\/li>\n\n\n\n<li>Menos dores musculares e articulares<\/li>\n<\/ul>\n","protected":false},"excerpt":{"rendered":"<p>Cuidar do corpo diariamente deveria ser simples, mas a correria, o estresse e a falta de informa\u00e7\u00e3o fazem com que muita gente ignore sinais importantes de sa\u00fade. A boa not\u00edcia \u00e9 que pequenas a\u00e7\u00f5es di\u00e1rias podem transformar completamente sua energia, disposi\u00e7\u00e3o e bem-estar. Neste artigo, voc\u00ea descobrir\u00e1 h\u00e1bitos essenciais e f\u00e1ceis de aplicar para manter [&hellip;]<\/p>\n","protected":false},"author":8,"featured_media":147351,"comment_status":"open","ping_status":"open","sticky":false,"template":"","format":"standard","meta":{"_yoast_wpseo_focuskw":"h\u00e1bitos vida saud\u00e1vel","_yoast_wpseo_title":"","_yoast_wpseo_metadesc":"Erramos ao cuidar do corpo todos os dias, mas estes h\u00e1bitos simples podem transformar sua sa\u00fade de verdade.","jnews-multi-image_gallery":[],"jnews_single_post":{"format":"standard"},"jnews_primary_category":[],"jnews_social_meta":[],"jnews_override_counter":[],"footnotes":""},"categories":[119,4404],"tags":[2339,1904,1318],"class_list":["post-147321","post","type-post","status-publish","format-standard","has-post-thumbnail","hentry","category-bem-estar","category-saude","tag-corpo","tag-habitos","tag-saude-2"],"yoast_head":"<!-- This site is optimized with the Yoast SEO plugin v24.6 - https:\/\/yoast.com\/wordpress\/plugins\/seo\/ -->\n<title>Os h\u00e1bitos que esquecemos sempre, mas s\u00e3o essenciais para uma vida saud\u00e1vel - Correio Braziliense - Radar<\/title>\n<meta name=\"description\" content=\"Erramos ao cuidar do corpo todos os dias, mas estes h\u00e1bitos simples podem transformar sua sa\u00fade de verdade.\" \/>\n<meta name=\"robots\" content=\"index, follow, max-snippet:-1, max-image-preview:large, max-video-preview:-1\" \/>\n<link rel=\"canonical\" href=\"https:\/\/www.correiobraziliense.com.br\/cbradar\/os-habitos-que-esquecemos-sempre-mas-sao-essenciais-para-uma-vida-saudavel\/\" \/>\n<meta property=\"og:locale\" content=\"pt_BR\" \/>\n<meta property=\"og:type\" content=\"article\" \/>\n<meta property=\"og:title\" content=\"Os h\u00e1bitos que esquecemos sempre, mas s\u00e3o essenciais para uma vida saud\u00e1vel - Correio Braziliense - Radar\" \/>\n<meta property=\"og:description\" content=\"Erramos ao cuidar do corpo todos os dias, mas estes h\u00e1bitos simples podem transformar sua sa\u00fade de verdade.\" \/>\n<meta property=\"og:url\" content=\"https:\/\/www.correiobraziliense.com.br\/cbradar\/os-habitos-que-esquecemos-sempre-mas-sao-essenciais-para-uma-vida-saudavel\/\" \/>\n<meta property=\"og:site_name\" content=\"Correio Braziliense - Radar\" \/>\n<meta property=\"article:published_time\" content=\"2025-12-01T23:55:00+00:00\" \/>\n<meta property=\"og:image\" content=\"https:\/\/www.correiobraziliense.com.br\/cbradar\/wp-content\/uploads\/2025\/12\/G-72.png\" \/>\n\t<meta property=\"og:image:width\" content=\"1280\" \/>\n\t<meta property=\"og:image:height\" content=\"720\" \/>\n\t<meta property=\"og:image:type\" content=\"image\/png\" \/>\n<meta name=\"author\" content=\"Maura Pereira\" \/>\n<meta name=\"twitter:card\" content=\"summary_large_image\" \/>\n<meta name=\"twitter:label1\" content=\"Escrito por\" \/>\n\t<meta name=\"twitter:data1\" content=\"Maura Pereira\" \/>\n\t<meta name=\"twitter:label2\" content=\"Est. tempo de leitura\" \/>\n\t<meta name=\"twitter:data2\" content=\"5 minutos\" \/>\n<!-- \/ Yoast SEO plugin. -->","yoast_head_json":{"title":"Os h\u00e1bitos que esquecemos sempre, mas s\u00e3o essenciais para uma vida saud\u00e1vel - Correio Braziliense - Radar","description":"Erramos ao cuidar do corpo todos os dias, mas estes h\u00e1bitos simples podem transformar sua sa\u00fade de verdade.","robots":{"index":"index","follow":"follow","max-snippet":"max-snippet:-1","max-image-preview":"max-image-preview:large","max-video-preview":"max-video-preview:-1"},"canonical":"https:\/\/www.correiobraziliense.com.br\/cbradar\/os-habitos-que-esquecemos-sempre-mas-sao-essenciais-para-uma-vida-saudavel\/","og_locale":"pt_BR","og_type":"article","og_title":"Os h\u00e1bitos que esquecemos sempre, mas s\u00e3o essenciais para uma vida saud\u00e1vel - Correio Braziliense - Radar","og_description":"Erramos ao cuidar do corpo todos os dias, mas estes h\u00e1bitos simples podem transformar sua sa\u00fade de verdade.","og_url":"https:\/\/www.correiobraziliense.com.br\/cbradar\/os-habitos-que-esquecemos-sempre-mas-sao-essenciais-para-uma-vida-saudavel\/","og_site_name":"Correio Braziliense - Radar","article_published_time":"2025-12-01T23:55:00+00:00","og_image":[{"width":1280,"height":720,"url":"https:\/\/www.correiobraziliense.com.br\/cbradar\/wp-content\/uploads\/2025\/12\/G-72.png","type":"image\/png"}],"author":"Maura Pereira","twitter_card":"summary_large_image","twitter_misc":{"Escrito por":"Maura Pereira","Est. tempo de leitura":"5 minutos"},"schema":{"@context":"https:\/\/schema.org","@graph":[{"@type":"WebPage","@id":"https:\/\/www.correiobraziliense.com.br\/cbradar\/os-habitos-que-esquecemos-sempre-mas-sao-essenciais-para-uma-vida-saudavel\/","url":"https:\/\/www.correiobraziliense.com.br\/cbradar\/os-habitos-que-esquecemos-sempre-mas-sao-essenciais-para-uma-vida-saudavel\/","name":"Os h\u00e1bitos que esquecemos sempre, mas s\u00e3o essenciais para uma vida saud\u00e1vel - Correio Braziliense - Radar","isPartOf":{"@id":"https:\/\/www.correiobraziliense.com.br\/cbradar\/#website"},"primaryImageOfPage":{"@id":"https:\/\/www.correiobraziliense.com.br\/cbradar\/os-habitos-que-esquecemos-sempre-mas-sao-essenciais-para-uma-vida-saudavel\/#primaryimage"},"image":{"@id":"https:\/\/www.correiobraziliense.com.br\/cbradar\/os-habitos-que-esquecemos-sempre-mas-sao-essenciais-para-uma-vida-saudavel\/#primaryimage"},"thumbnailUrl":"https:\/\/www.correiobraziliense.com.br\/cbradar\/wp-content\/uploads\/2025\/12\/G-72.png","datePublished":"2025-12-01T23:55:00+00:00","author":{"@id":"https:\/\/www.correiobraziliense.com.br\/cbradar\/#\/schema\/person\/4053c651a9bfc785afc6f4cbc9032fd3"},"description":"Erramos ao cuidar do corpo todos os dias, mas estes h\u00e1bitos simples podem transformar sua sa\u00fade de verdade.","breadcrumb":{"@id":"https:\/\/www.correiobraziliense.com.br\/cbradar\/os-habitos-que-esquecemos-sempre-mas-sao-essenciais-para-uma-vida-saudavel\/#breadcrumb"},"inLanguage":"pt-BR","potentialAction":[{"@type":"ReadAction","target":["https:\/\/www.correiobraziliense.com.br\/cbradar\/os-habitos-que-esquecemos-sempre-mas-sao-essenciais-para-uma-vida-saudavel\/"]}]},{"@type":"ImageObject","inLanguage":"pt-BR","@id":"https:\/\/www.correiobraziliense.com.br\/cbradar\/os-habitos-que-esquecemos-sempre-mas-sao-essenciais-para-uma-vida-saudavel\/#primaryimage","url":"https:\/\/www.correiobraziliense.com.br\/cbradar\/wp-content\/uploads\/2025\/12\/G-72.png","contentUrl":"https:\/\/www.correiobraziliense.com.br\/cbradar\/wp-content\/uploads\/2025\/12\/G-72.png","width":1280,"height":720,"caption":"Vida saud\u00e1vel equilibra alimenta\u00e7\u00e3o nutritiva, exerc\u00edcios regulares e sono reparador, promovendo bem-estar f\u00edsico e mental duradouro no dia a dia."},{"@type":"BreadcrumbList","@id":"https:\/\/www.correiobraziliense.com.br\/cbradar\/os-habitos-que-esquecemos-sempre-mas-sao-essenciais-para-uma-vida-saudavel\/#breadcrumb","itemListElement":[{"@type":"ListItem","position":1,"name":"In\u00edcio","item":"https:\/\/www.correiobraziliense.com.br\/cbradar\/"},{"@type":"ListItem","position":2,"name":"Os h\u00e1bitos que esquecemos sempre, mas s\u00e3o essenciais para uma vida saud\u00e1vel"}]},{"@type":"WebSite","@id":"https:\/\/www.correiobraziliense.com.br\/cbradar\/#website","url":"https:\/\/www.correiobraziliense.com.br\/cbradar\/","name":"Correio Braziliense - Radar","description":"Acompanhe as \u00faltimas not\u00edcias e fique bem informado sobre tudo o que acontece no Brasil e no mundo.","potentialAction":[{"@type":"SearchAction","target":{"@type":"EntryPoint","urlTemplate":"https:\/\/www.correiobraziliense.com.br\/cbradar\/?s={search_term_string}"},"query-input":{"@type":"PropertyValueSpecification","valueRequired":true,"valueName":"search_term_string"}}],"inLanguage":"pt-BR"},{"@type":"Person","@id":"https:\/\/www.correiobraziliense.com.br\/cbradar\/#\/schema\/person\/4053c651a9bfc785afc6f4cbc9032fd3","name":"Maura Pereira","image":{"@type":"ImageObject","inLanguage":"pt-BR","@id":"https:\/\/www.correiobraziliense.com.br\/cbradar\/#\/schema\/person\/image\/","url":"https:\/\/secure.gravatar.com\/avatar\/3effd6bdadfa447f15089c7f7144eaa6?s=96&d=mm&r=g","contentUrl":"https:\/\/secure.gravatar.com\/avatar\/3effd6bdadfa447f15089c7f7144eaa6?s=96&d=mm&r=g","caption":"Maura Pereira"},"sameAs":["https:\/\/www.correiobraziliense.com.br\/"],"url":"https:\/\/www.correiobraziliense.com.br\/cbradar\/author\/mauramyth\/"}]}},"_links":{"self":[{"href":"https:\/\/www.correiobraziliense.com.br\/cbradar\/wp-json\/wp\/v2\/posts\/147321","targetHints":{"allow":["GET"]}}],"collection":[{"href":"https:\/\/www.correiobraziliense.com.br\/cbradar\/wp-json\/wp\/v2\/posts"}],"about":[{"href":"https:\/\/www.correiobraziliense.com.br\/cbradar\/wp-json\/wp\/v2\/types\/post"}],"author":[{"embeddable":true,"href":"https:\/\/www.correiobraziliense.com.br\/cbradar\/wp-json\/wp\/v2\/users\/8"}],"replies":[{"embeddable":true,"href":"https:\/\/www.correiobraziliense.com.br\/cbradar\/wp-json\/wp\/v2\/comments?post=147321"}],"version-history":[{"count":18,"href":"https:\/\/www.correiobraziliense.com.br\/cbradar\/wp-json\/wp\/v2\/posts\/147321\/revisions"}],"predecessor-version":[{"id":147360,"href":"https:\/\/www.correiobraziliense.com.br\/cbradar\/wp-json\/wp\/v2\/posts\/147321\/revisions\/147360"}],"wp:featuredmedia":[{"embeddable":true,"href":"https:\/\/www.correiobraziliense.com.br\/cbradar\/wp-json\/wp\/v2\/media\/147351"}],"wp:attachment":[{"href":"https:\/\/www.correiobraziliense.com.br\/cbradar\/wp-json\/wp\/v2\/media?parent=147321"}],"wp:term":[{"taxonomy":"category","embeddable":true,"href":"https:\/\/www.correiobraziliense.com.br\/cbradar\/wp-json\/wp\/v2\/categories?post=147321"},{"taxonomy":"post_tag","embeddable":true,"href":"https:\/\/www.correiobraziliense.com.br\/cbradar\/wp-json\/wp\/v2\/tags?post=147321"}],"curies":[{"name":"wp","href":"https:\/\/api.w.org\/{rel}","templated":true}]}}