{"id":147322,"date":"2025-12-01T22:55:00","date_gmt":"2025-12-02T01:55:00","guid":{"rendered":"https:\/\/www.correiobraziliense.com.br\/cbradar\/?p=147322"},"modified":"2025-11-30T12:09:43","modified_gmt":"2025-11-30T15:09:43","slug":"a-verdade-sobre-a-refeicao-mais-importante-do-dia-e-por-que-ela-muda-seu-bem-estar","status":"publish","type":"post","link":"https:\/\/www.correiobraziliense.com.br\/cbradar\/a-verdade-sobre-a-refeicao-mais-importante-do-dia-e-por-que-ela-muda-seu-bem-estar\/","title":{"rendered":"A verdade sobre a refei\u00e7\u00e3o mais importante do dia e por que ela muda seu bem-estar"},"content":{"rendered":"\n<p>A discuss\u00e3o sobre qual \u00e9 a refei\u00e7\u00e3o mais importante do dia sempre gera curiosidade, e muitas pessoas ainda t\u00eam d\u00favidas sobre qual delas realmente influencia mais a sa\u00fade, a energia e o bem-estar. A verdade \u00e9 que uma refei\u00e7\u00e3o espec\u00edfica pode definir o ritmo metab\u00f3lico, melhorar o foco e at\u00e9 ajudar no controle de peso. Neste artigo, voc\u00ea vai entender qual \u00e9 essa refei\u00e7\u00e3o e como aproveit\u00e1-la ao m\u00e1ximo.<\/p>\n\n\n\n<h2 class=\"wp-block-heading\">Por que o caf\u00e9 da manh\u00e3 \u00e9 considerado a refei\u00e7\u00e3o mais importante?<\/h2>\n\n\n\n<p>Depois de horas dormindo, o corpo precisa repor energia para reativar o metabolismo, equilibrar os horm\u00f4nios e alimentar o c\u00e9rebro. \u00c9 nesse momento que a primeira refei\u00e7\u00e3o do dia se torna decisiva.<\/p>\n\n\n\n<p><strong>O caf\u00e9 da manh\u00e3 \u00e9 considerado a refei\u00e7\u00e3o mais importante porque fornece energia imediata, regula horm\u00f4nios e melhora o desempenho mental logo no in\u00edcio do dia.<\/strong> Esses efeitos impactam toda a rotina.<\/p>\n\n\n<div class=\"wp-block-image\">\n<figure class=\"aligncenter size-large\"><img decoding=\"async\" width=\"1024\" height=\"576\" src=\"https:\/\/www.correiobraziliense.com.br\/cbradar\/wp-content\/uploads\/2025\/11\/cafe-da-manha-brasil_1763344854169-1024x576.jpg\" alt=\"Qual \u00e9 a refei\u00e7\u00e3o mais importante do dia para o ser humano?\" class=\"wp-image-139180\" srcset=\"https:\/\/www.correiobraziliense.com.br\/cbradar\/wp-content\/uploads\/2025\/11\/cafe-da-manha-brasil_1763344854169-1024x576.jpg 1024w, https:\/\/www.correiobraziliense.com.br\/cbradar\/wp-content\/uploads\/2025\/11\/cafe-da-manha-brasil_1763344854169-300x169.jpg 300w, https:\/\/www.correiobraziliense.com.br\/cbradar\/wp-content\/uploads\/2025\/11\/cafe-da-manha-brasil_1763344854169-768x432.jpg 768w, https:\/\/www.correiobraziliense.com.br\/cbradar\/wp-content\/uploads\/2025\/11\/cafe-da-manha-brasil_1763344854169-750x422.jpg 750w, https:\/\/www.correiobraziliense.com.br\/cbradar\/wp-content\/uploads\/2025\/11\/cafe-da-manha-brasil_1763344854169-1140x641.jpg 1140w, https:\/\/www.correiobraziliense.com.br\/cbradar\/wp-content\/uploads\/2025\/11\/cafe-da-manha-brasil_1763344854169.jpg 1280w\" sizes=\"(max-width: 1024px) 100vw, 1024px\" \/><figcaption class=\"wp-element-caption\">Um caf\u00e9 da manh\u00e3 saud\u00e1vel combina prote\u00ednas, fibras e frutas para energia e vitalidade. \/\/ Cr\u00e9ditos: depositphotos.com \/ robertohunger<\/figcaption><\/figure><\/div>\n\n\n<h2 class=\"wp-block-heading\">Como o caf\u00e9 da manh\u00e3 influencia a energia e o metabolismo?<\/h2>\n\n\n\n<p>Ao ingerir alimentos logo pela manh\u00e3, voc\u00ea ativa processos metab\u00f3licos essenciais que regulam a glicose e entregam combust\u00edvel para os m\u00fasculos e para o c\u00e9rebro. Isso determina como o corpo vai funcionar nas horas seguintes.<\/p>\n\n\n\n<p><strong>Um caf\u00e9 da manh\u00e3 equilibrado melhora o metabolismo, mant\u00e9m a saciedade e evita picos de fome ao longo do dia.<\/strong> Assim, ele favorece escolhas alimentares melhores. Veja a tabela abaixo:<\/p>\n\n\n\n<figure class=\"wp-block-table\"><table class=\"has-fixed-layout\"><thead><tr><th>Benef\u00edcio<\/th><th>Como age no corpo<\/th><th>Resultado no dia a dia<\/th><\/tr><\/thead><tbody><tr><td>Energia r\u00e1pida<\/td><td>Regula glicemia<\/td><td>Mais disposi\u00e7\u00e3o<\/td><\/tr><tr><td>Saciedade<\/td><td>Controla horm\u00f4nios da fome<\/td><td>Menos compuls\u00e3o<\/td><\/tr><tr><td>Foco mental<\/td><td>Alimenta o c\u00e9rebro<\/td><td>Mais concentra\u00e7\u00e3o<\/td><\/tr><\/tbody><\/table><\/figure>\n\n\n\n<h2 class=\"wp-block-heading\">O que acontece quando pulamos o caf\u00e9 da manh\u00e3?<\/h2>\n\n\n\n<p>Muitas pessoas acreditam que pular o caf\u00e9 da manh\u00e3 ajuda a emagrecer, mas o resultado pode ser o oposto. Sem combust\u00edvel, o corpo entra em estado de alerta e busca compensa\u00e7\u00f5es.<\/p>\n\n\n\n<p><strong>Pular o caf\u00e9 da manh\u00e3 aumenta a fome, reduz a energia e gera maior chance de exagerar nas pr\u00f3ximas refei\u00e7\u00f5es.<\/strong> Esse ciclo prejudica a produtividade e o equil\u00edbrio alimentar.<\/p>\n\n\n\n<p>Antes de listar os efeitos mais comuns, \u00e9 importante lembrar que o corpo funciona por ritmos. Veja os impactos de pular essa refei\u00e7\u00e3o:<\/p>\n\n\n\n<ul class=\"wp-block-list\">\n<li>Queda na disposi\u00e7\u00e3o logo pela manh\u00e3<\/li>\n\n\n\n<li>Aumento da fome e da ansiedade alimentar<\/li>\n\n\n\n<li>Dificuldade de concentra\u00e7\u00e3o e irritabilidade<\/li>\n<\/ul>\n\n\n\n<h2 class=\"wp-block-heading\">O que deve ter em um caf\u00e9 da manh\u00e3 completo?<\/h2>\n\n\n\n<p>Um caf\u00e9 da manh\u00e3 ideal combina nutrientes que fornecem energia sustent\u00e1vel, fortalecem os m\u00fasculos e regulam o intestino. N\u00e3o \u00e9 preciso complicar: escolhas simples j\u00e1 fazem diferen\u00e7a.<\/p>\n\n\n\n<p><strong>Um caf\u00e9 da manh\u00e3 completo deve incluir prote\u00ednas, fibras, vitaminas e carboidratos bons.<\/strong> Essa combina\u00e7\u00e3o mant\u00e9m o corpo saciado e disposto.<\/p>\n\n\n\n<p>Veja algumas op\u00e7\u00f5es pr\u00e1ticas para montar uma refei\u00e7\u00e3o equilibrada:<\/p>\n\n\n\n<ul class=\"wp-block-list\">\n<li>Ovos, aveia, frutas e iogurte natural<\/li>\n\n\n\n<li>P\u00e3es integrais com fontes de prote\u00ednas<\/li>\n\n\n\n<li>Vitamina com frutas, sementes e leite ou vegetal<\/li>\n<\/ul>\n\n\n<div class=\"wp-block-image\">\n<figure class=\"aligncenter size-large\"><img decoding=\"async\" width=\"1024\" height=\"576\" src=\"https:\/\/www.correiobraziliense.com.br\/cbradar\/wp-content\/uploads\/2025\/06\/breakfast-_1751190750711-1024x576.jpg\" alt=\"\" class=\"wp-image-61357\" srcset=\"https:\/\/www.correiobraziliense.com.br\/cbradar\/wp-content\/uploads\/2025\/06\/breakfast-_1751190750711-1024x576.jpg 1024w, https:\/\/www.correiobraziliense.com.br\/cbradar\/wp-content\/uploads\/2025\/06\/breakfast-_1751190750711-300x169.jpg 300w, https:\/\/www.correiobraziliense.com.br\/cbradar\/wp-content\/uploads\/2025\/06\/breakfast-_1751190750711-768x432.jpg 768w, https:\/\/www.correiobraziliense.com.br\/cbradar\/wp-content\/uploads\/2025\/06\/breakfast-_1751190750711-750x422.jpg 750w, https:\/\/www.correiobraziliense.com.br\/cbradar\/wp-content\/uploads\/2025\/06\/breakfast-_1751190750711-1140x641.jpg 1140w, https:\/\/www.correiobraziliense.com.br\/cbradar\/wp-content\/uploads\/2025\/06\/breakfast-_1751190750711.jpg 1280w\" sizes=\"(max-width: 1024px) 100vw, 1024px\" \/><figcaption class=\"wp-element-caption\">Caf\u00e9 da manh\u00e3 energiza metabolismo basal, equilibra glicose sangu\u00ednea e fornece nutrientes essenciais para concentra\u00e7\u00e3o e disposi\u00e7\u00e3o ao longo do dia inteiro. \/\/ Cr\u00e9ditos: depositphotos.com \/ monticello<\/figcaption><\/figure><\/div>\n\n\n<h2 class=\"wp-block-heading\">Existem exce\u00e7\u00f5es para quem n\u00e3o sente fome pela manh\u00e3?<\/h2>\n\n\n\n<p>Algumas pessoas simplesmente n\u00e3o acordam com fome, e isso pode estar relacionado a h\u00e1bitos, hor\u00e1rios ou ao ritmo biol\u00f3gico individual. Ainda assim, \u00e9 importante observar sinais do corpo.<\/p>\n\n\n\n<p><strong>Quem n\u00e3o sente fome pela manh\u00e3 pode ajustar o hor\u00e1rio da primeira refei\u00e7\u00e3o, desde que mantenha equil\u00edbrio nutricional ao longo do dia.<\/strong> O importante \u00e9 n\u00e3o passar longos per\u00edodos sem energia.<\/p>\n\n\n\n<p>Veja como adaptar a rotina com um passo a passo simples:<\/p>\n\n\n\n<ol class=\"wp-block-list\">\n<li>Comece com pequenas por\u00e7\u00f5es<\/li>\n\n\n\n<li>Ajuste o hor\u00e1rio gradualmente<\/li>\n\n\n\n<li>Inclua alimentos leves e nutritivos<\/li>\n<\/ol>\n\n\n\n<p><strong>Leia tamb\u00e9m: <a href=\"https:\/\/www.correiobraziliense.com.br\/cbradar\/a-vila-cearense-que-abriga-uma-das-praias-mais-bonitas-do-mundo-e-ainda-e-um-paraiso-desconhecido\/\" target=\"_blank\" rel=\"noreferrer noopener\">A vila cearense que abriga uma das praias mais bonitas do mundo e ainda \u00e9 um para\u00edso desconhecido.<\/a><\/strong><\/p>\n\n\n\n<h2 class=\"wp-block-heading\">Por que o caf\u00e9 da manh\u00e3 melhora a qualidade do dia?<\/h2>\n\n\n\n<p>Quando o corpo recebe nutrientes de qualidade logo cedo, todas as fun\u00e7\u00f5es come\u00e7am a operar em ritmo equilibrado, influenciando humor, foco e energia.<\/p>\n\n\n\n<p><strong>Um bom caf\u00e9 da manh\u00e3 melhora o humor, aumenta a produtividade e ajuda no controle emocional.<\/strong> Esses benef\u00edcios se refletem na rotina inteira.<\/p>\n\n\n\n<p>Para identificar se seu caf\u00e9 da manh\u00e3 est\u00e1 adequado, observe alguns indicadores:<\/p>\n\n\n\n<ul class=\"wp-block-list\">\n<li>Energia est\u00e1vel ao longo da manh\u00e3<\/li>\n\n\n\n<li>Menos vontade de beliscar<\/li>\n\n\n\n<li>Melhora no foco e no desempenho mental<\/li>\n<\/ul>\n","protected":false},"excerpt":{"rendered":"<p>A discuss\u00e3o sobre qual \u00e9 a refei\u00e7\u00e3o mais importante do dia sempre gera curiosidade, e muitas pessoas ainda t\u00eam d\u00favidas sobre qual delas realmente influencia mais a sa\u00fade, a energia e o bem-estar. A verdade \u00e9 que uma refei\u00e7\u00e3o espec\u00edfica pode definir o ritmo metab\u00f3lico, melhorar o foco e at\u00e9 ajudar no controle de peso. [&hellip;]<\/p>\n","protected":false},"author":8,"featured_media":134896,"comment_status":"open","ping_status":"open","sticky":false,"template":"","format":"standard","meta":{"_yoast_wpseo_focuskw":"refei\u00e7\u00e3o","_yoast_wpseo_title":"","_yoast_wpseo_metadesc":"A refei\u00e7\u00e3o mais importante do dia influencia energia, humor e metabolismo; entender isso pode transformar sua sa\u00fade di\u00e1ria.","jnews-multi-image_gallery":[],"jnews_single_post":{"format":"standard"},"jnews_primary_category":[],"jnews_social_meta":[],"jnews_override_counter":[],"footnotes":""},"categories":[119,4404],"tags":[4319,1318],"class_list":["post-147322","post","type-post","status-publish","format-standard","has-post-thumbnail","hentry","category-bem-estar","category-saude","tag-cafe-da-manha","tag-saude-2"],"yoast_head":"<!-- This site is optimized with the Yoast SEO plugin v24.6 - https:\/\/yoast.com\/wordpress\/plugins\/seo\/ -->\n<title>A verdade sobre a refei\u00e7\u00e3o mais importante do dia e por que ela muda seu bem-estar - Correio Braziliense - Radar<\/title>\n<meta name=\"description\" content=\"A refei\u00e7\u00e3o mais importante do dia influencia energia, humor e metabolismo; entender isso pode transformar sua sa\u00fade di\u00e1ria.\" \/>\n<meta name=\"robots\" content=\"index, follow, max-snippet:-1, max-image-preview:large, max-video-preview:-1\" \/>\n<link rel=\"canonical\" href=\"https:\/\/www.correiobraziliense.com.br\/cbradar\/a-verdade-sobre-a-refeicao-mais-importante-do-dia-e-por-que-ela-muda-seu-bem-estar\/\" \/>\n<meta property=\"og:locale\" content=\"pt_BR\" \/>\n<meta property=\"og:type\" content=\"article\" \/>\n<meta property=\"og:title\" content=\"A verdade sobre a refei\u00e7\u00e3o mais importante do dia e por que ela muda seu bem-estar - Correio Braziliense - Radar\" \/>\n<meta property=\"og:description\" content=\"A refei\u00e7\u00e3o mais importante do dia influencia energia, humor e metabolismo; entender isso pode transformar sua sa\u00fade di\u00e1ria.\" \/>\n<meta property=\"og:url\" content=\"https:\/\/www.correiobraziliense.com.br\/cbradar\/a-verdade-sobre-a-refeicao-mais-importante-do-dia-e-por-que-ela-muda-seu-bem-estar\/\" \/>\n<meta property=\"og:site_name\" content=\"Correio Braziliense - Radar\" \/>\n<meta property=\"article:published_time\" content=\"2025-12-02T01:55:00+00:00\" \/>\n<meta property=\"og:image\" content=\"https:\/\/www.correiobraziliense.com.br\/cbradar\/wp-content\/uploads\/2025\/11\/ovo-cozido_1762692710498.jpg\" \/>\n\t<meta property=\"og:image:width\" content=\"1280\" \/>\n\t<meta property=\"og:image:height\" content=\"720\" \/>\n\t<meta property=\"og:image:type\" content=\"image\/jpeg\" \/>\n<meta name=\"author\" content=\"Maura Pereira\" \/>\n<meta name=\"twitter:card\" content=\"summary_large_image\" \/>\n<meta name=\"twitter:label1\" content=\"Escrito por\" \/>\n\t<meta name=\"twitter:data1\" content=\"Maura Pereira\" \/>\n\t<meta name=\"twitter:label2\" content=\"Est. tempo de leitura\" \/>\n\t<meta name=\"twitter:data2\" content=\"5 minutos\" \/>\n<!-- \/ Yoast SEO plugin. -->","yoast_head_json":{"title":"A verdade sobre a refei\u00e7\u00e3o mais importante do dia e por que ela muda seu bem-estar - Correio Braziliense - Radar","description":"A refei\u00e7\u00e3o mais importante do dia influencia energia, humor e metabolismo; entender isso pode transformar sua sa\u00fade di\u00e1ria.","robots":{"index":"index","follow":"follow","max-snippet":"max-snippet:-1","max-image-preview":"max-image-preview:large","max-video-preview":"max-video-preview:-1"},"canonical":"https:\/\/www.correiobraziliense.com.br\/cbradar\/a-verdade-sobre-a-refeicao-mais-importante-do-dia-e-por-que-ela-muda-seu-bem-estar\/","og_locale":"pt_BR","og_type":"article","og_title":"A verdade sobre a refei\u00e7\u00e3o mais importante do dia e por que ela muda seu bem-estar - Correio Braziliense - Radar","og_description":"A refei\u00e7\u00e3o mais importante do dia influencia energia, humor e metabolismo; entender isso pode transformar sua sa\u00fade di\u00e1ria.","og_url":"https:\/\/www.correiobraziliense.com.br\/cbradar\/a-verdade-sobre-a-refeicao-mais-importante-do-dia-e-por-que-ela-muda-seu-bem-estar\/","og_site_name":"Correio Braziliense - Radar","article_published_time":"2025-12-02T01:55:00+00:00","og_image":[{"width":1280,"height":720,"url":"https:\/\/www.correiobraziliense.com.br\/cbradar\/wp-content\/uploads\/2025\/11\/ovo-cozido_1762692710498.jpg","type":"image\/jpeg"}],"author":"Maura Pereira","twitter_card":"summary_large_image","twitter_misc":{"Escrito por":"Maura Pereira","Est. tempo de leitura":"5 minutos"},"schema":{"@context":"https:\/\/schema.org","@graph":[{"@type":"WebPage","@id":"https:\/\/www.correiobraziliense.com.br\/cbradar\/a-verdade-sobre-a-refeicao-mais-importante-do-dia-e-por-que-ela-muda-seu-bem-estar\/","url":"https:\/\/www.correiobraziliense.com.br\/cbradar\/a-verdade-sobre-a-refeicao-mais-importante-do-dia-e-por-que-ela-muda-seu-bem-estar\/","name":"A verdade sobre a refei\u00e7\u00e3o mais importante do dia e por que ela muda seu bem-estar - Correio Braziliense - Radar","isPartOf":{"@id":"https:\/\/www.correiobraziliense.com.br\/cbradar\/#website"},"primaryImageOfPage":{"@id":"https:\/\/www.correiobraziliense.com.br\/cbradar\/a-verdade-sobre-a-refeicao-mais-importante-do-dia-e-por-que-ela-muda-seu-bem-estar\/#primaryimage"},"image":{"@id":"https:\/\/www.correiobraziliense.com.br\/cbradar\/a-verdade-sobre-a-refeicao-mais-importante-do-dia-e-por-que-ela-muda-seu-bem-estar\/#primaryimage"},"thumbnailUrl":"https:\/\/www.correiobraziliense.com.br\/cbradar\/wp-content\/uploads\/2025\/11\/ovo-cozido_1762692710498.jpg","datePublished":"2025-12-02T01:55:00+00:00","author":{"@id":"https:\/\/www.correiobraziliense.com.br\/cbradar\/#\/schema\/person\/4053c651a9bfc785afc6f4cbc9032fd3"},"description":"A refei\u00e7\u00e3o mais importante do dia influencia energia, humor e metabolismo; entender isso pode transformar sua sa\u00fade di\u00e1ria.","breadcrumb":{"@id":"https:\/\/www.correiobraziliense.com.br\/cbradar\/a-verdade-sobre-a-refeicao-mais-importante-do-dia-e-por-que-ela-muda-seu-bem-estar\/#breadcrumb"},"inLanguage":"pt-BR","potentialAction":[{"@type":"ReadAction","target":["https:\/\/www.correiobraziliense.com.br\/cbradar\/a-verdade-sobre-a-refeicao-mais-importante-do-dia-e-por-que-ela-muda-seu-bem-estar\/"]}]},{"@type":"ImageObject","inLanguage":"pt-BR","@id":"https:\/\/www.correiobraziliense.com.br\/cbradar\/a-verdade-sobre-a-refeicao-mais-importante-do-dia-e-por-que-ela-muda-seu-bem-estar\/#primaryimage","url":"https:\/\/www.correiobraziliense.com.br\/cbradar\/wp-content\/uploads\/2025\/11\/ovo-cozido_1762692710498.jpg","contentUrl":"https:\/\/www.correiobraziliense.com.br\/cbradar\/wp-content\/uploads\/2025\/11\/ovo-cozido_1762692710498.jpg","width":1280,"height":720,"caption":"Monte caf\u00e9 da manh\u00e3 charmoso com frutas frescas, iogurte cremoso e p\u00e3es leves, sentindo frescor energizante sem pesos matinais chatas! \/\/ Cr\u00e9ditos: depositphotos.com \/ VadimVasenin"},{"@type":"BreadcrumbList","@id":"https:\/\/www.correiobraziliense.com.br\/cbradar\/a-verdade-sobre-a-refeicao-mais-importante-do-dia-e-por-que-ela-muda-seu-bem-estar\/#breadcrumb","itemListElement":[{"@type":"ListItem","position":1,"name":"In\u00edcio","item":"https:\/\/www.correiobraziliense.com.br\/cbradar\/"},{"@type":"ListItem","position":2,"name":"A verdade sobre a refei\u00e7\u00e3o mais importante do dia e por que ela muda seu bem-estar"}]},{"@type":"WebSite","@id":"https:\/\/www.correiobraziliense.com.br\/cbradar\/#website","url":"https:\/\/www.correiobraziliense.com.br\/cbradar\/","name":"Correio Braziliense - Radar","description":"Acompanhe as \u00faltimas not\u00edcias e fique bem informado sobre tudo o que acontece no Brasil e no mundo.","potentialAction":[{"@type":"SearchAction","target":{"@type":"EntryPoint","urlTemplate":"https:\/\/www.correiobraziliense.com.br\/cbradar\/?s={search_term_string}"},"query-input":{"@type":"PropertyValueSpecification","valueRequired":true,"valueName":"search_term_string"}}],"inLanguage":"pt-BR"},{"@type":"Person","@id":"https:\/\/www.correiobraziliense.com.br\/cbradar\/#\/schema\/person\/4053c651a9bfc785afc6f4cbc9032fd3","name":"Maura Pereira","image":{"@type":"ImageObject","inLanguage":"pt-BR","@id":"https:\/\/www.correiobraziliense.com.br\/cbradar\/#\/schema\/person\/image\/","url":"https:\/\/secure.gravatar.com\/avatar\/3effd6bdadfa447f15089c7f7144eaa6?s=96&d=mm&r=g","contentUrl":"https:\/\/secure.gravatar.com\/avatar\/3effd6bdadfa447f15089c7f7144eaa6?s=96&d=mm&r=g","caption":"Maura Pereira"},"sameAs":["https:\/\/www.correiobraziliense.com.br\/"],"url":"https:\/\/www.correiobraziliense.com.br\/cbradar\/author\/mauramyth\/"}]}},"_links":{"self":[{"href":"https:\/\/www.correiobraziliense.com.br\/cbradar\/wp-json\/wp\/v2\/posts\/147322","targetHints":{"allow":["GET"]}}],"collection":[{"href":"https:\/\/www.correiobraziliense.com.br\/cbradar\/wp-json\/wp\/v2\/posts"}],"about":[{"href":"https:\/\/www.correiobraziliense.com.br\/cbradar\/wp-json\/wp\/v2\/types\/post"}],"author":[{"embeddable":true,"href":"https:\/\/www.correiobraziliense.com.br\/cbradar\/wp-json\/wp\/v2\/users\/8"}],"replies":[{"embeddable":true,"href":"https:\/\/www.correiobraziliense.com.br\/cbradar\/wp-json\/wp\/v2\/comments?post=147322"}],"version-history":[{"count":6,"href":"https:\/\/www.correiobraziliense.com.br\/cbradar\/wp-json\/wp\/v2\/posts\/147322\/revisions"}],"predecessor-version":[{"id":147499,"href":"https:\/\/www.correiobraziliense.com.br\/cbradar\/wp-json\/wp\/v2\/posts\/147322\/revisions\/147499"}],"wp:featuredmedia":[{"embeddable":true,"href":"https:\/\/www.correiobraziliense.com.br\/cbradar\/wp-json\/wp\/v2\/media\/134896"}],"wp:attachment":[{"href":"https:\/\/www.correiobraziliense.com.br\/cbradar\/wp-json\/wp\/v2\/media?parent=147322"}],"wp:term":[{"taxonomy":"category","embeddable":true,"href":"https:\/\/www.correiobraziliense.com.br\/cbradar\/wp-json\/wp\/v2\/categories?post=147322"},{"taxonomy":"post_tag","embeddable":true,"href":"https:\/\/www.correiobraziliense.com.br\/cbradar\/wp-json\/wp\/v2\/tags?post=147322"}],"curies":[{"name":"wp","href":"https:\/\/api.w.org\/{rel}","templated":true}]}}