{"id":147595,"date":"2025-12-01T12:15:00","date_gmt":"2025-12-01T15:15:00","guid":{"rendered":"https:\/\/www.correiobraziliense.com.br\/cbradar\/?p=147595"},"modified":"2025-11-30T15:06:35","modified_gmt":"2025-11-30T18:06:35","slug":"cientistas-brasileiros-descobrem-acao-do-veneno-de-marimbondo-com-promessa-no-combate-ao-mal-de-alzheimer","status":"publish","type":"post","link":"https:\/\/www.correiobraziliense.com.br\/cbradar\/cientistas-brasileiros-descobrem-acao-do-veneno-de-marimbondo-com-promessa-no-combate-ao-mal-de-alzheimer\/","title":{"rendered":"Cientistas brasileiros descobrem a\u00e7\u00e3o do veneno de marimbondo com promessa no combate ao Mal de Alzheimer"},"content":{"rendered":"\n<p><strong>Uma descoberta feita por pesquisadores brasileiros <\/strong>vem chamando aten\u00e7\u00e3o no campo da neuroci\u00eancia e oferecendo novas perspectivas na luta contra o <strong>Mal de Alzheimer<\/strong>. Em laborat\u00f3rio, um pept\u00eddeo encontrado no veneno de marimbondo apresentou a\u00e7\u00e3o promissora contra o ac\u00famulo da prote\u00edna beta-amiloide, uma das principais respons\u00e1veis pela progress\u00e3o da doen\u00e7a. Neste artigo, voc\u00ea entender\u00e1 por que esse achado \u00e9 t\u00e3o relevante e como ele pode abrir portas para futuras terapias.<\/p>\n\n\n\n<h2 class=\"wp-block-heading\">O que os cientistas descobriram no veneno de marimbondo?<\/h2>\n\n\n\n<p><strong><a href=\"https:\/\/www.fap.df.gov.br\/w\/nova-pesquisa-transforma-substancia-de-vespa-em-possivel-aliada-contra-o-alzheimer\" target=\"_blank\" rel=\"noreferrer noopener\">O estudo realizado pela Universidade de Bras\u00edlia (UnB)<\/a><\/strong>, liderado pela professora <strong>Luana Cristina Camargo<\/strong>, identificou no veneno de marimbondo um pept\u00eddeo chamado <strong>Octovespina<\/strong>. Estudos anteriores comprovam que esse composto chamou aten\u00e7\u00e3o por sua capacidade de interferir diretamente na forma\u00e7\u00e3o das placas beta-amiloides, consideradas o marco patol\u00f3gico do Alzheimer.<\/p>\n\n\n\n<p><strong>Os pesquisadores descobriram que a Octovespina pode impedir o ac\u00famulo da prote\u00edna beta-amiloide e reduzir a forma\u00e7\u00e3o das placas que danificam os neur\u00f4nios.<\/strong> Essa a\u00e7\u00e3o foi observada em testes de laborat\u00f3rio.<\/p>\n\n\n<div class=\"wp-block-image\">\n<figure class=\"aligncenter size-large\"><img decoding=\"async\" width=\"1024\" height=\"576\" src=\"https:\/\/www.correiobraziliense.com.br\/cbradar\/wp-content\/uploads\/2025\/11\/G-83-1024x576.png\" alt=\"Cientistas brasileiros descobrem a\u00e7\u00e3o do veneno de marimbondo com promessa no combate ao Mal de Alzheimer\" class=\"wp-image-147634\" srcset=\"https:\/\/www.correiobraziliense.com.br\/cbradar\/wp-content\/uploads\/2025\/11\/G-83-1024x576.png 1024w, https:\/\/www.correiobraziliense.com.br\/cbradar\/wp-content\/uploads\/2025\/11\/G-83-300x169.png 300w, https:\/\/www.correiobraziliense.com.br\/cbradar\/wp-content\/uploads\/2025\/11\/G-83-768x432.png 768w, https:\/\/www.correiobraziliense.com.br\/cbradar\/wp-content\/uploads\/2025\/11\/G-83-750x422.png 750w, https:\/\/www.correiobraziliense.com.br\/cbradar\/wp-content\/uploads\/2025\/11\/G-83-1140x641.png 1140w, https:\/\/www.correiobraziliense.com.br\/cbradar\/wp-content\/uploads\/2025\/11\/G-83.png 1280w\" sizes=\"(max-width: 1024px) 100vw, 1024px\" \/><figcaption class=\"wp-element-caption\">Um composto do veneno de marimbondo revelou potencial contra o Mal de Alzheimer em estudo brasileiro e j\u00e1 chama aten\u00e7\u00e3o da ci\u00eancia.<\/figcaption><\/figure><\/div>\n\n\n<blockquote class=\"wp-block-quote is-layout-flow wp-block-quote-is-layout-flow\">\n<figure class=\"wp-block-pullquote\"><blockquote><p>\u201cA doen\u00e7a de Alzheimer \u00e9 a forma mais comum de dem\u00eancia no mundo e afeta cerca de 57 milh\u00f5es de pessoas\u201d<\/p><cite><strong><a href=\"https:\/\/www.who.int\/news-room\/fact-sheets\/detail\/dementia\" target=\"_blank\" rel=\"noreferrer noopener\">Organiza\u00e7\u00e3o Mundial da Sa\u00fade (OMS)<\/a>.<\/strong><\/cite><\/blockquote><\/figure>\n<\/blockquote>\n\n\n\n<h2 class=\"wp-block-heading\">Como o pept\u00eddeo age sobre a prote\u00edna beta-amiloide?<\/h2>\n\n\n\n<p>A beta-amiloide tende a se agrupar e formar placas pegajosas no c\u00e9rebro, que bloqueiam a comunica\u00e7\u00e3o entre neur\u00f4nios e levam \u00e0 morte celular progressiva. Isso reduz fun\u00e7\u00f5es cognitivas e acelera os sintomas da doen\u00e7a.<\/p>\n\n\n\n<p><strong>A Octovespina age interferindo nesses agregados, dificultando que a prote\u00edna forme as placas t\u00f3xicas.<\/strong> Essa atua\u00e7\u00e3o reduz os danos aos neur\u00f4nios e preserva a comunica\u00e7\u00e3o neural.<\/p>\n\n\n\n<p>Para entender melhor esse processo, veja a tabela abaixo:<\/p>\n\n\n\n<figure class=\"wp-block-table\"><table class=\"has-fixed-layout\"><thead><tr><th>Componente<\/th><th>Fun\u00e7\u00e3o observada<\/th><th>Impacto no Alzheimer<\/th><\/tr><\/thead><tbody><tr><td>Beta-amiloide<\/td><td>Forma placas no c\u00e9rebro<\/td><td>Bloqueia comunica\u00e7\u00e3o neural<\/td><\/tr><tr><td>Octovespina<\/td><td>Interfere no ac\u00famulo da prote\u00edna<\/td><td>Reduz forma\u00e7\u00e3o de placas<\/td><\/tr><tr><td>Neur\u00f4nio<\/td><td>Respons\u00e1vel por transmitir sinais<\/td><td>Sofre danos e morre<\/td><\/tr><\/tbody><\/table><\/figure>\n\n\n\n<h2 class=\"wp-block-heading\">Por que o ac\u00famulo de beta-amiloide \u00e9 t\u00e3o perigoso?<\/h2>\n\n\n\n<p>A presen\u00e7a dessas placas no c\u00e9rebro \u00e9 um dos principais mecanismos associados ao Alzheimer. Elas impedem que os neur\u00f4nios troquem informa\u00e7\u00f5es, causando perda de mem\u00f3ria, confus\u00e3o mental e decl\u00ednio cognitivo progressivo.<\/p>\n\n\n\n<p><strong>O ac\u00famulo de beta-amiloide provoca bloqueios que interrompem a comunica\u00e7\u00e3o neural e levam \u00e0 morte de neur\u00f4nios.<\/strong> Isso acelera o avan\u00e7o da doen\u00e7a.<\/p>\n\n\n\n<p>Antes de prosseguir, vale observar os efeitos diretos dessas placas no c\u00e9rebro:<\/p>\n\n\n\n<ul class=\"wp-block-list\">\n<li>Dificuldade crescente de mem\u00f3ria<\/li>\n\n\n\n<li>Comprometimento de fun\u00e7\u00f5es cognitivas<\/li>\n\n\n\n<li>Degenera\u00e7\u00e3o progressiva dos neur\u00f4nios<\/li>\n<\/ul>\n\n\n<div class=\"wp-block-image\">\n<figure class=\"aligncenter size-large\"><img decoding=\"async\" width=\"1024\" height=\"576\" src=\"https:\/\/www.correiobraziliense.com.br\/cbradar\/wp-content\/uploads\/2025\/11\/G-85-1024x576.png\" alt=\"Cientistas brasileiros descobrem a\u00e7\u00e3o do veneno de marimbondo com promessa no combate ao Mal de Alzheimer\" class=\"wp-image-147648\" srcset=\"https:\/\/www.correiobraziliense.com.br\/cbradar\/wp-content\/uploads\/2025\/11\/G-85-1024x576.png 1024w, https:\/\/www.correiobraziliense.com.br\/cbradar\/wp-content\/uploads\/2025\/11\/G-85-300x169.png 300w, https:\/\/www.correiobraziliense.com.br\/cbradar\/wp-content\/uploads\/2025\/11\/G-85-768x432.png 768w, https:\/\/www.correiobraziliense.com.br\/cbradar\/wp-content\/uploads\/2025\/11\/G-85-750x422.png 750w, https:\/\/www.correiobraziliense.com.br\/cbradar\/wp-content\/uploads\/2025\/11\/G-85-1140x641.png 1140w, https:\/\/www.correiobraziliense.com.br\/cbradar\/wp-content\/uploads\/2025\/11\/G-85.png 1280w\" sizes=\"(max-width: 1024px) 100vw, 1024px\" \/><figcaption class=\"wp-element-caption\">O Alzheimer \u00e9 uma das doen\u00e7as neurodegenerativas que mais cresce no mundo, e as terapias atuais ainda n\u00e3o interrompem completamente sua progress\u00e3o.<\/figcaption><\/figure><\/div>\n\n\n<h2 class=\"wp-block-heading\">O que torna essa descoberta t\u00e3o importante?<\/h2>\n\n\n\n<p>At\u00e9 hoje, a medicina busca formas de desacelerar ou impedir a progress\u00e3o da doen\u00e7a, que ainda n\u00e3o tem cura. Por isso, qualquer composto capaz de interferir na forma\u00e7\u00e3o das placas \u00e9 visto como um avan\u00e7o significativo.<\/p>\n\n\n\n<p><strong>A descoberta \u00e9 importante porque a Octovespina pode se tornar base para novos medicamentos voltados ao tratamento do Alzheimer.<\/strong> Isso abre caminho para terapias mais eficazes.<\/p>\n\n\n\n<p>Veja alguns motivos que refor\u00e7am a relev\u00e2ncia cient\u00edfica:<\/p>\n\n\n\n<ul class=\"wp-block-list\">\n<li>A\u00e7\u00e3o direta sobre o principal marcador da doen\u00e7a<\/li>\n\n\n\n<li>Origem natural, o que facilita estudos farmacol\u00f3gicos<\/li>\n\n\n\n<li>Potencial para desenvolvimento de novos f\u00e1rmacos<\/li>\n<\/ul>\n\n\n\n<h2 class=\"wp-block-heading\">O que vem a seguir nas pesquisas?<\/h2>\n\n\n\n<p>Por enquanto, os testes foram realizados em laborat\u00f3rio, analisando a intera\u00e7\u00e3o entre o pept\u00eddeo e a prote\u00edna beta-amiloide. As pr\u00f3ximas etapas devem incluir estudos em animais e, futuramente, ensaios cl\u00ednicos.<\/p>\n\n\n\n<p><strong>O pr\u00f3ximo passo \u00e9 avaliar se a Octovespina \u00e9 segura, eficaz e vi\u00e1vel em organismos vivos, o que determina sua aplica\u00e7\u00e3o futura em medicamentos.<\/strong> S\u00f3 ent\u00e3o ser\u00e1 poss\u00edvel avan\u00e7ar para tratamentos em humanos.<\/p>\n\n\n\n<p>Veja um passo a passo geral do caminho cient\u00edfico que ainda vem pela frente:<\/p>\n\n\n\n<ol class=\"wp-block-list\">\n<li>Testes pr\u00e9-cl\u00ednicos em modelos animais<\/li>\n\n\n\n<li>Avalia\u00e7\u00e3o de toxicidade e seguran\u00e7a<\/li>\n\n\n\n<li>In\u00edcio de ensaios cl\u00ednicos em humanos<\/li>\n<\/ol>\n\n\n<div class=\"wp-block-image\">\n<figure class=\"aligncenter size-large\"><img decoding=\"async\" width=\"1024\" height=\"576\" src=\"https:\/\/www.correiobraziliense.com.br\/cbradar\/wp-content\/uploads\/2025\/11\/marimbondo_1764522041424-1024x576.jpg\" alt=\"\" class=\"wp-image-147629\" srcset=\"https:\/\/www.correiobraziliense.com.br\/cbradar\/wp-content\/uploads\/2025\/11\/marimbondo_1764522041424-1024x576.jpg 1024w, https:\/\/www.correiobraziliense.com.br\/cbradar\/wp-content\/uploads\/2025\/11\/marimbondo_1764522041424-300x169.jpg 300w, https:\/\/www.correiobraziliense.com.br\/cbradar\/wp-content\/uploads\/2025\/11\/marimbondo_1764522041424-768x432.jpg 768w, https:\/\/www.correiobraziliense.com.br\/cbradar\/wp-content\/uploads\/2025\/11\/marimbondo_1764522041424-750x422.jpg 750w, https:\/\/www.correiobraziliense.com.br\/cbradar\/wp-content\/uploads\/2025\/11\/marimbondo_1764522041424-1140x641.jpg 1140w, https:\/\/www.correiobraziliense.com.br\/cbradar\/wp-content\/uploads\/2025\/11\/marimbondo_1764522041424.jpg 1280w\" sizes=\"(max-width: 1024px) 100vw, 1024px\" \/><figcaption class=\"wp-element-caption\">Marimbondos s\u00e3o insetos sociais com corpo estreito e cores que variam entre marrom, preto e amarelo. Vivem em col\u00f4nias com divis\u00e3o de trabalho entre rainha, oper\u00e1rias e machos. \/\/ Cr\u00e9ditos: depositphotos.com \/ wollertz<\/figcaption><\/figure><\/div>\n\n\n<h2 class=\"wp-block-heading\">Por que pesquisas como essa s\u00e3o essenciais no combate ao Alzheimer?<\/h2>\n\n\n\n<p>O Alzheimer \u00e9 uma das doen\u00e7as neurodegenerativas que mais cresce no mundo, e as terapias atuais ainda n\u00e3o interrompem completamente sua progress\u00e3o. Por isso, novas frentes de estudo s\u00e3o urgentes.<\/p>\n\n\n\n<p><strong>Pesquisas inovadoras s\u00e3o essenciais porque ampliam as possibilidades de tratamento e trazem esperan\u00e7a para milh\u00f5es de fam\u00edlias.<\/strong> Cada descoberta representa um passo importante.<\/p>\n\n\n\n<p>Para acompanhar poss\u00edveis avan\u00e7os, observe estes indicadores:<\/p>\n\n\n\n<ul class=\"wp-block-list\">\n<li>Novas publica\u00e7\u00f5es cient\u00edficas sobre o pept\u00eddeo<\/li>\n\n\n\n<li>Aprova\u00e7\u00e3o de fases de testes<\/li>\n\n\n\n<li>Parcerias entre universidades e empresas farmac\u00eauticas<\/li>\n<\/ul>\n","protected":false},"excerpt":{"rendered":"<p>Uma descoberta feita por pesquisadores brasileiros vem chamando aten\u00e7\u00e3o no campo da neuroci\u00eancia e oferecendo novas perspectivas na luta contra o Mal de Alzheimer. Em laborat\u00f3rio, um pept\u00eddeo encontrado no veneno de marimbondo apresentou a\u00e7\u00e3o promissora contra o ac\u00famulo da prote\u00edna beta-amiloide, uma das principais respons\u00e1veis pela progress\u00e3o da doen\u00e7a. Neste artigo, voc\u00ea entender\u00e1 por [&hellip;]<\/p>\n","protected":false},"author":8,"featured_media":147636,"comment_status":"open","ping_status":"open","sticky":false,"template":"","format":"standard","meta":{"_yoast_wpseo_focuskw":"marimbondo","_yoast_wpseo_title":"","_yoast_wpseo_metadesc":"Uma descoberta brasileira identificou no veneno de marimbondo um composto promissor com potencial no combate ao Mal de Alzheimer.","jnews-multi-image_gallery":[],"jnews_single_post":{"format":"standard"},"jnews_primary_category":[],"jnews_social_meta":[],"jnews_override_counter":[],"footnotes":""},"categories":[112],"post_tag":[2304,12106],"class_list":["post-147595","post","type-post","status-publish","format-standard","has-post-thumbnail","hentry","category-curiosidades","tag-alzheimer","tag-marimbondo"],"yoast_head":"<!-- This site is optimized with the Yoast SEO plugin v24.6 - https:\/\/yoast.com\/wordpress\/plugins\/seo\/ -->\n<title>Cientistas brasileiros descobrem a\u00e7\u00e3o do veneno de marimbondo com promessa no combate ao Mal de Alzheimer - Correio Braziliense - Radar<\/title>\n<meta name=\"description\" content=\"Uma descoberta brasileira identificou no veneno de marimbondo um composto promissor com potencial no combate ao Mal de Alzheimer.\" \/>\n<meta name=\"robots\" content=\"index, follow, max-snippet:-1, max-image-preview:large, max-video-preview:-1\" \/>\n<link rel=\"canonical\" href=\"https:\/\/www.correiobraziliense.com.br\/cbradar\/cientistas-brasileiros-descobrem-acao-do-veneno-de-marimbondo-com-promessa-no-combate-ao-mal-de-alzheimer\/\" \/>\n<meta property=\"og:locale\" content=\"pt_BR\" \/>\n<meta property=\"og:type\" content=\"article\" \/>\n<meta property=\"og:title\" content=\"Cientistas brasileiros descobrem a\u00e7\u00e3o do veneno de marimbondo com promessa no combate ao Mal de Alzheimer - Correio Braziliense - Radar\" \/>\n<meta property=\"og:description\" content=\"Uma descoberta brasileira identificou no veneno de marimbondo um composto promissor com potencial no combate ao Mal de Alzheimer.\" \/>\n<meta property=\"og:url\" content=\"https:\/\/www.correiobraziliense.com.br\/cbradar\/cientistas-brasileiros-descobrem-acao-do-veneno-de-marimbondo-com-promessa-no-combate-ao-mal-de-alzheimer\/\" \/>\n<meta property=\"og:site_name\" content=\"Correio Braziliense - Radar\" \/>\n<meta property=\"article:published_time\" content=\"2025-12-01T15:15:00+00:00\" \/>\n<meta property=\"og:image\" content=\"https:\/\/www.correiobraziliense.com.br\/cbradar\/wp-content\/uploads\/2025\/11\/G-84.png\" \/>\n\t<meta property=\"og:image:width\" content=\"1280\" \/>\n\t<meta property=\"og:image:height\" content=\"720\" \/>\n\t<meta property=\"og:image:type\" content=\"image\/png\" \/>\n<meta name=\"author\" content=\"Maura Pereira\" \/>\n<meta name=\"twitter:card\" content=\"summary_large_image\" \/>\n<meta name=\"twitter:label1\" content=\"Escrito por\" \/>\n\t<meta name=\"twitter:data1\" content=\"Maura Pereira\" \/>\n\t<meta name=\"twitter:label2\" content=\"Est. tempo de leitura\" \/>\n\t<meta name=\"twitter:data2\" content=\"1 minuto\" \/>\n<!-- \/ Yoast SEO plugin. -->","yoast_head_json":{"title":"Cientistas brasileiros descobrem a\u00e7\u00e3o do veneno de marimbondo com promessa no combate ao Mal de Alzheimer - Correio Braziliense - Radar","description":"Uma descoberta brasileira identificou no veneno de marimbondo um composto promissor com potencial no combate ao Mal de Alzheimer.","robots":{"index":"index","follow":"follow","max-snippet":"max-snippet:-1","max-image-preview":"max-image-preview:large","max-video-preview":"max-video-preview:-1"},"canonical":"https:\/\/www.correiobraziliense.com.br\/cbradar\/cientistas-brasileiros-descobrem-acao-do-veneno-de-marimbondo-com-promessa-no-combate-ao-mal-de-alzheimer\/","og_locale":"pt_BR","og_type":"article","og_title":"Cientistas brasileiros descobrem a\u00e7\u00e3o do veneno de marimbondo com promessa no combate ao Mal de Alzheimer - Correio Braziliense - Radar","og_description":"Uma descoberta brasileira identificou no veneno de marimbondo um composto promissor com potencial no combate ao Mal de Alzheimer.","og_url":"https:\/\/www.correiobraziliense.com.br\/cbradar\/cientistas-brasileiros-descobrem-acao-do-veneno-de-marimbondo-com-promessa-no-combate-ao-mal-de-alzheimer\/","og_site_name":"Correio Braziliense - Radar","article_published_time":"2025-12-01T15:15:00+00:00","og_image":[{"width":1280,"height":720,"url":"https:\/\/www.correiobraziliense.com.br\/cbradar\/wp-content\/uploads\/2025\/11\/G-84.png","type":"image\/png"}],"author":"Maura Pereira","twitter_card":"summary_large_image","twitter_misc":{"Escrito por":"Maura Pereira","Est. tempo de leitura":"1 minuto"},"schema":{"@context":"https:\/\/schema.org","@graph":[{"@type":"WebPage","@id":"https:\/\/www.correiobraziliense.com.br\/cbradar\/cientistas-brasileiros-descobrem-acao-do-veneno-de-marimbondo-com-promessa-no-combate-ao-mal-de-alzheimer\/","url":"https:\/\/www.correiobraziliense.com.br\/cbradar\/cientistas-brasileiros-descobrem-acao-do-veneno-de-marimbondo-com-promessa-no-combate-ao-mal-de-alzheimer\/","name":"Cientistas brasileiros descobrem a\u00e7\u00e3o do veneno de marimbondo com promessa no combate ao Mal de Alzheimer - Correio Braziliense - Radar","isPartOf":{"@id":"https:\/\/www.correiobraziliense.com.br\/cbradar\/#website"},"primaryImageOfPage":{"@id":"https:\/\/www.correiobraziliense.com.br\/cbradar\/cientistas-brasileiros-descobrem-acao-do-veneno-de-marimbondo-com-promessa-no-combate-ao-mal-de-alzheimer\/#primaryimage"},"image":{"@id":"https:\/\/www.correiobraziliense.com.br\/cbradar\/cientistas-brasileiros-descobrem-acao-do-veneno-de-marimbondo-com-promessa-no-combate-ao-mal-de-alzheimer\/#primaryimage"},"thumbnailUrl":"https:\/\/www.correiobraziliense.com.br\/cbradar\/wp-content\/uploads\/2025\/11\/G-84.png","datePublished":"2025-12-01T15:15:00+00:00","author":{"@id":"https:\/\/www.correiobraziliense.com.br\/cbradar\/#\/schema\/person\/4053c651a9bfc785afc6f4cbc9032fd3"},"description":"Uma descoberta brasileira identificou no veneno de marimbondo um composto promissor com potencial no combate ao Mal de Alzheimer.","breadcrumb":{"@id":"https:\/\/www.correiobraziliense.com.br\/cbradar\/cientistas-brasileiros-descobrem-acao-do-veneno-de-marimbondo-com-promessa-no-combate-ao-mal-de-alzheimer\/#breadcrumb"},"inLanguage":"pt-BR","potentialAction":[{"@type":"ReadAction","target":["https:\/\/www.correiobraziliense.com.br\/cbradar\/cientistas-brasileiros-descobrem-acao-do-veneno-de-marimbondo-com-promessa-no-combate-ao-mal-de-alzheimer\/"]}]},{"@type":"ImageObject","inLanguage":"pt-BR","@id":"https:\/\/www.correiobraziliense.com.br\/cbradar\/cientistas-brasileiros-descobrem-acao-do-veneno-de-marimbondo-com-promessa-no-combate-ao-mal-de-alzheimer\/#primaryimage","url":"https:\/\/www.correiobraziliense.com.br\/cbradar\/wp-content\/uploads\/2025\/11\/G-84.png","contentUrl":"https:\/\/www.correiobraziliense.com.br\/cbradar\/wp-content\/uploads\/2025\/11\/G-84.png","width":1280,"height":720,"caption":"Pesquisadores brasileiros encontraram no veneno de marimbondo um composto que mostra a\u00e7\u00e3o promissora contra o Mal de Alzheimer."},{"@type":"BreadcrumbList","@id":"https:\/\/www.correiobraziliense.com.br\/cbradar\/cientistas-brasileiros-descobrem-acao-do-veneno-de-marimbondo-com-promessa-no-combate-ao-mal-de-alzheimer\/#breadcrumb","itemListElement":[{"@type":"ListItem","position":1,"name":"In\u00edcio","item":"https:\/\/www.correiobraziliense.com.br\/cbradar\/"},{"@type":"ListItem","position":2,"name":"Cientistas brasileiros descobrem a\u00e7\u00e3o do veneno de marimbondo com promessa no combate ao Mal de Alzheimer"}]},{"@type":"WebSite","@id":"https:\/\/www.correiobraziliense.com.br\/cbradar\/#website","url":"https:\/\/www.correiobraziliense.com.br\/cbradar\/","name":"Correio Braziliense - Radar","description":"Acompanhe as \u00faltimas not\u00edcias e fique bem informado sobre tudo o que acontece no Brasil e no mundo.","potentialAction":[{"@type":"SearchAction","target":{"@type":"EntryPoint","urlTemplate":"https:\/\/www.correiobraziliense.com.br\/cbradar\/?s={search_term_string}"},"query-input":{"@type":"PropertyValueSpecification","valueRequired":true,"valueName":"search_term_string"}}],"inLanguage":"pt-BR"},{"@type":"Person","@id":"https:\/\/www.correiobraziliense.com.br\/cbradar\/#\/schema\/person\/4053c651a9bfc785afc6f4cbc9032fd3","name":"Maura Pereira","image":{"@type":"ImageObject","inLanguage":"pt-BR","@id":"https:\/\/www.correiobraziliense.com.br\/cbradar\/#\/schema\/person\/image\/","url":"https:\/\/secure.gravatar.com\/avatar\/3effd6bdadfa447f15089c7f7144eaa6?s=96&d=mm&r=g","contentUrl":"https:\/\/secure.gravatar.com\/avatar\/3effd6bdadfa447f15089c7f7144eaa6?s=96&d=mm&r=g","caption":"Maura Pereira"},"sameAs":["https:\/\/www.correiobraziliense.com.br\/"],"url":"https:\/\/www.correiobraziliense.com.br\/cbradar\/author\/mauramyth\/"}]}},"_links":{"self":[{"href":"https:\/\/www.correiobraziliense.com.br\/cbradar\/wp-json\/wp\/v2\/posts\/147595","targetHints":{"allow":["GET"]}}],"collection":[{"href":"https:\/\/www.correiobraziliense.com.br\/cbradar\/wp-json\/wp\/v2\/posts"}],"about":[{"href":"https:\/\/www.correiobraziliense.com.br\/cbradar\/wp-json\/wp\/v2\/types\/post"}],"author":[{"embeddable":true,"href":"https:\/\/www.correiobraziliense.com.br\/cbradar\/wp-json\/wp\/v2\/users\/8"}],"replies":[{"embeddable":true,"href":"https:\/\/www.correiobraziliense.com.br\/cbradar\/wp-json\/wp\/v2\/comments?post=147595"}],"version-history":[{"count":20,"href":"https:\/\/www.correiobraziliense.com.br\/cbradar\/wp-json\/wp\/v2\/posts\/147595\/revisions"}],"predecessor-version":[{"id":147651,"href":"https:\/\/www.correiobraziliense.com.br\/cbradar\/wp-json\/wp\/v2\/posts\/147595\/revisions\/147651"}],"wp:featuredmedia":[{"embeddable":true,"href":"https:\/\/www.correiobraziliense.com.br\/cbradar\/wp-json\/wp\/v2\/media\/147636"}],"wp:attachment":[{"href":"https:\/\/www.correiobraziliense.com.br\/cbradar\/wp-json\/wp\/v2\/media?parent=147595"}],"wp:term":[{"taxonomy":"category","embeddable":true,"href":"https:\/\/www.correiobraziliense.com.br\/cbradar\/wp-json\/wp\/v2\/categories?post=147595"},{"taxonomy":"post_tag","embeddable":true,"href":"https:\/\/www.correiobraziliense.com.br\/cbradar\/wp-json\/wp\/v2\/post_tag?post=147595"}],"curies":[{"name":"wp","href":"https:\/\/api.w.org\/{rel}","templated":true}]}}