{"id":147596,"date":"2025-12-01T19:35:00","date_gmt":"2025-12-01T22:35:00","guid":{"rendered":"https:\/\/www.correiobraziliense.com.br\/cbradar\/?p=147596"},"modified":"2025-11-30T14:25:26","modified_gmt":"2025-11-30T17:25:26","slug":"a-maneira-mais-eficaz-de-lidar-com-a-solidao-e-criar-um-caminho-solido-para-o-bem-estar-emocional","status":"publish","type":"post","link":"https:\/\/www.correiobraziliense.com.br\/cbradar\/a-maneira-mais-eficaz-de-lidar-com-a-solidao-e-criar-um-caminho-solido-para-o-bem-estar-emocional\/","title":{"rendered":"A maneira mais eficaz de lidar com a solid\u00e3o e criar um caminho s\u00f3lido para o bem-estar emocional"},"content":{"rendered":"\n<p><strong>A solid\u00e3o se tornou um dos sentimentos mais comuns da vida moderna, afetando pessoas de todas as idades e estilos de vida. <\/strong>Mesmo rodeados de tecnologia e distra\u00e7\u00f5es, muitos ainda sentem um vazio interno dif\u00edcil de explicar. A boa not\u00edcia \u00e9 que existem estrat\u00e9gias pr\u00e1ticas e comprovadas que ajudam a transformar esse estado emocional e reconectar voc\u00ea consigo mesmo e com o mundo ao redor.<\/p>\n\n\n\n<h2 class=\"wp-block-heading\">Por que a solid\u00e3o afeta tanto o bem-estar?<\/h2>\n\n\n\n<p><strong>A solid\u00e3o n\u00e3o \u00e9 somente a aus\u00eancia de pessoas, mas a sensa\u00e7\u00e3o de desconex\u00e3o emocional.<\/strong> Ela mexe com a autoestima, altera horm\u00f4nios e influ\u00eancia diretamente o humor e a motiva\u00e7\u00e3o. Esse sentimento prolongado pode at\u00e9 impactar a sa\u00fade f\u00edsica.<\/p>\n\n\n\n<p><strong>A solid\u00e3o afeta o bem-estar porque aumenta o n\u00edvel de estresse, reduz o equil\u00edbrio emocional e cria uma sensa\u00e7\u00e3o constante de isolamento interno.<\/strong> Isso interfere no dia a dia, mesmo sem percebermos.<\/p>\n\n\n<div class=\"wp-block-image\">\n<figure class=\"aligncenter size-large\"><img decoding=\"async\" width=\"1024\" height=\"576\" src=\"https:\/\/www.correiobraziliense.com.br\/cbradar\/wp-content\/uploads\/2025\/11\/inteligente-sozinho_1763340770983-1024x576.jpg\" alt=\"A maneira mais eficaz de lidar com a solid\u00e3o e criar um caminho s\u00f3lido para o bem-estar emocional\" class=\"wp-image-139125\" srcset=\"https:\/\/www.correiobraziliense.com.br\/cbradar\/wp-content\/uploads\/2025\/11\/inteligente-sozinho_1763340770983-1024x576.jpg 1024w, https:\/\/www.correiobraziliense.com.br\/cbradar\/wp-content\/uploads\/2025\/11\/inteligente-sozinho_1763340770983-300x169.jpg 300w, https:\/\/www.correiobraziliense.com.br\/cbradar\/wp-content\/uploads\/2025\/11\/inteligente-sozinho_1763340770983-768x432.jpg 768w, https:\/\/www.correiobraziliense.com.br\/cbradar\/wp-content\/uploads\/2025\/11\/inteligente-sozinho_1763340770983-750x422.jpg 750w, https:\/\/www.correiobraziliense.com.br\/cbradar\/wp-content\/uploads\/2025\/11\/inteligente-sozinho_1763340770983-1140x641.jpg 1140w, https:\/\/www.correiobraziliense.com.br\/cbradar\/wp-content\/uploads\/2025\/11\/inteligente-sozinho_1763340770983.jpg 1280w\" sizes=\"(max-width: 1024px) 100vw, 1024px\" \/><figcaption class=\"wp-element-caption\">Equilibrar momentos de solid\u00e3o com socializa\u00e7\u00e3o evita isolamento prejudicial. \/\/ Cr\u00e9ditos: depositphotos.com \/ burdun<\/figcaption><\/figure><\/div>\n\n\n<h2 class=\"wp-block-heading\">Como reconhecer os sinais de que a solid\u00e3o est\u00e1 aumentando?<\/h2>\n\n\n\n<p>Muitas vezes, a solid\u00e3o aparece de forma silenciosa. Ela n\u00e3o come\u00e7a com tristeza profunda, mas sim com pequenos comportamentos e sensa\u00e7\u00f5es que se acumulam ao longo do tempo.<\/p>\n\n\n\n<p><strong>Os sinais incluem desmotiva\u00e7\u00e3o, maior sensibilidade emocional e sensa\u00e7\u00e3o de vazio constante.<\/strong> Identific\u00e1-los \u00e9 o primeiro passo para mudar.<\/p>\n\n\n\n<p>Veja alguns sinais comuns que indicam alerta emocional:<\/p>\n\n\n\n<ul class=\"wp-block-list\">\n<li>Falta de interesse por atividades que antes eram prazerosas<\/li>\n\n\n\n<li>Sensa\u00e7\u00e3o de desconex\u00e3o mesmo ao redor de outras pessoas<\/li>\n\n\n\n<li>Prefer\u00eancia crescente por isolamento<\/li>\n<\/ul>\n\n\n\n<h2 class=\"wp-block-heading\">Qual \u00e9 a melhor forma de lidar com a solid\u00e3o no dia a dia?<\/h2>\n\n\n\n<p>Lidar com a solid\u00e3o exige atitudes simples, mas consistentes. Pequenos movimentos di\u00e1rios ajudam a reconstruir o senso de pertencimento e fortalecem a sa\u00fade mental.<\/p>\n\n\n\n<p><strong>A melhor forma de lidar com a solid\u00e3o \u00e9 combinar conex\u00e3o social gradual com pr\u00e1ticas de autocuidado e fortalecimento emocional.<\/strong> Essa combina\u00e7\u00e3o cria base para rela\u00e7\u00f5es mais saud\u00e1veis.<\/p>\n\n\n\n<p>Antes de explorar estrat\u00e9gias pr\u00e1ticas, veja como o equil\u00edbrio interno influencia esse processo:<\/p>\n\n\n\n<figure class=\"wp-block-table\"><table class=\"has-fixed-layout\"><thead><tr><th>A\u00e7\u00e3o emocional<\/th><th>Efeito interno<\/th><th>Resultado no dia a dia<\/th><\/tr><\/thead><tbody><tr><td>Autocuidado<\/td><td>Reduz ansiedade<\/td><td>Melhora o humor<\/td><\/tr><tr><td>Contato social<\/td><td>Estimula v\u00ednculos<\/td><td>Sensa\u00e7\u00e3o de pertencimento<\/td><\/tr><tr><td>Rotina saud\u00e1vel<\/td><td>Aumenta bem-estar<\/td><td>Mais energia<\/td><\/tr><\/tbody><\/table><\/figure>\n\n\n\n<p>Veja algumas estrat\u00e9gias que ajudam no processo:<\/p>\n\n\n\n<ul class=\"wp-block-list\">\n<li>Criar pequenas rotinas que tragam prazer<\/li>\n\n\n\n<li>Retomar contato com pessoas de confian\u00e7a<\/li>\n\n\n\n<li>Buscar atividades que estimulem conex\u00e3o, como grupos e hobbies<\/li>\n<\/ul>\n\n\n\n<h2 class=\"wp-block-heading\">Como fortalecer a rela\u00e7\u00e3o consigo mesmo?<\/h2>\n\n\n\n<p>A solid\u00e3o, muitas vezes, \u00e9 um convite para reconstruir a conex\u00e3o interna. Aprender a ficar bem consigo mesmo \u00e9 uma das ferramentas mais poderosas para enfrentar esse sentimento.<\/p>\n\n\n\n<p><strong>Fortalecer a rela\u00e7\u00e3o consigo mesmo reduz a depend\u00eancia emocional e aumenta o equil\u00edbrio interno.<\/strong> Isso transforma a forma como voc\u00ea vive e se relaciona com o mundo.<\/p>\n\n\n\n<p>Veja um passo a passo simples para praticar essa reconex\u00e3o:<\/p>\n\n\n\n<ol class=\"wp-block-list\">\n<li>Reserve alguns minutos do dia para refletir ou meditar<\/li>\n\n\n\n<li>Anote pensamentos e sentimentos para identificar padr\u00f5es<\/li>\n\n\n\n<li>Pratique gentileza consigo mesmo diariamente<\/li>\n<\/ol>\n\n\n<div class=\"wp-block-image\">\n<figure class=\"aligncenter size-large\"><img decoding=\"async\" width=\"1024\" height=\"576\" src=\"https:\/\/www.correiobraziliense.com.br\/cbradar\/wp-content\/uploads\/2025\/11\/inteligente-sozinho_1763340509148-1024x576.jpg\" alt=\"A maneira mais eficaz de lidar com a solid\u00e3o e criar um caminho s\u00f3lido para o bem-estar emocional\" class=\"wp-image-139118\" srcset=\"https:\/\/www.correiobraziliense.com.br\/cbradar\/wp-content\/uploads\/2025\/11\/inteligente-sozinho_1763340509148-1024x576.jpg 1024w, https:\/\/www.correiobraziliense.com.br\/cbradar\/wp-content\/uploads\/2025\/11\/inteligente-sozinho_1763340509148-300x169.jpg 300w, https:\/\/www.correiobraziliense.com.br\/cbradar\/wp-content\/uploads\/2025\/11\/inteligente-sozinho_1763340509148-768x432.jpg 768w, https:\/\/www.correiobraziliense.com.br\/cbradar\/wp-content\/uploads\/2025\/11\/inteligente-sozinho_1763340509148-750x422.jpg 750w, https:\/\/www.correiobraziliense.com.br\/cbradar\/wp-content\/uploads\/2025\/11\/inteligente-sozinho_1763340509148-1140x641.jpg 1140w, https:\/\/www.correiobraziliense.com.br\/cbradar\/wp-content\/uploads\/2025\/11\/inteligente-sozinho_1763340509148.jpg 1280w\" sizes=\"(max-width: 1024px) 100vw, 1024px\" \/><figcaption class=\"wp-element-caption\">Pessoas inteligentes muitas vezes preferem estar sozinhas para pensar e se concentrar melhor. \/\/ Cr\u00e9ditos: depositphotos.com \/ IgorVetushko<\/figcaption><\/figure><\/div>\n\n\n<h2 class=\"wp-block-heading\">Como o contato social pode ajudar a superar a solid\u00e3o?<\/h2>\n\n\n\n<p>Mesmo pequenas intera\u00e7\u00f5es conseguem mudar a percep\u00e7\u00e3o de isolamento. Conex\u00f5es humana, presenciais ou virtuais, t\u00eam impacto direto no bem-estar.<\/p>\n\n\n\n<p><strong>O contato social ajuda a quebrar o ciclo da solid\u00e3o, trazendo sensa\u00e7\u00e3o de pertencimento e suporte emocional.<\/strong> N\u00e3o \u00e9 preciso ter muitos amigos; apenas conex\u00f5es genu\u00ednas.<\/p>\n\n\n\n<p>Antes de listar as formas de criar conex\u00f5es, lembre-se de que cada pessoa tem seu ritmo. Veja atitudes que ajudam:<\/p>\n\n\n\n<ul class=\"wp-block-list\">\n<li>Participar de grupos de interesse<\/li>\n\n\n\n<li>Conversar com familiares ou amigos regularmente<\/li>\n\n\n\n<li>Envolver-se em projetos volunt\u00e1rios<\/li>\n<\/ul>\n\n\n\n<p><strong>Leia tamb\u00e9m: <a href=\"https:\/\/www.correiobraziliense.com.br\/cbradar\/a-cidade-que-parece-a-europa-e-preserva-um-legado-historico-unico-da-familia-real-brasileira\/\" target=\"_blank\" rel=\"noreferrer noopener\">A cidade que parece a Europa e preserva um legado hist\u00f3rico \u00fanico da fam\u00edlia real brasileira.<\/a><\/strong><\/p>\n\n\n\n<h2 class=\"wp-block-heading\">Quando \u00e9 importante buscar ajuda profissional?<\/h2>\n\n\n\n<p>Em alguns casos, a solid\u00e3o pode evoluir para tristeza profunda, ansiedade ou perda de \u00e2nimo. Quando isso acontece, buscar apoio \u00e9 um sinal de coragem e cuidado consigo mesmo.<\/p>\n\n\n\n<p><strong>Buscar ajuda profissional \u00e9 essencial quando a solid\u00e3o afeta o sono, a motiva\u00e7\u00e3o ou causa sofrimento persistente.<\/strong> Psic\u00f3logos ajudam a desenvolver estrat\u00e9gias personalizadas.<\/p>\n\n\n\n<p>Veja sinais de que \u00e9 hora de procurar apoio:<\/p>\n\n\n\n<ul class=\"wp-block-list\">\n<li>Sentimento de vazio constante<\/li>\n\n\n\n<li>Dificuldade em realizar atividades simples<\/li>\n\n\n\n<li>Sensa\u00e7\u00e3o de que nada far\u00e1 diferen\u00e7a<\/li>\n<\/ul>\n","protected":false},"excerpt":{"rendered":"<p>A solid\u00e3o se tornou um dos sentimentos mais comuns da vida moderna, afetando pessoas de todas as idades e estilos de vida. Mesmo rodeados de tecnologia e distra\u00e7\u00f5es, muitos ainda sentem um vazio interno dif\u00edcil de explicar. A boa not\u00edcia \u00e9 que existem estrat\u00e9gias pr\u00e1ticas e comprovadas que ajudam a transformar esse estado emocional e [&hellip;]<\/p>\n","protected":false},"author":8,"featured_media":92273,"comment_status":"open","ping_status":"open","sticky":false,"template":"","format":"standard","meta":{"jnews-multi-image_gallery":[],"jnews_single_post":{"format":"standard"},"jnews_primary_category":[],"jnews_social_meta":[],"jnews_override_counter":[],"footnotes":""},"categories":[112],"post_tag":[120,12108,2391],"class_list":["post-147596","post","type-post","status-publish","format-standard","has-post-thumbnail","hentry","category-curiosidades","tag-bem-estar","tag-estilos-de-vida","tag-solidao"],"yoast_head":"<!-- This site is optimized with the Yoast SEO plugin v24.6 - https:\/\/yoast.com\/wordpress\/plugins\/seo\/ -->\n<title>A maneira mais eficaz de lidar com a solid\u00e3o e criar um caminho s\u00f3lido para o bem-estar emocional - Correio Braziliense - Radar<\/title>\n<meta name=\"description\" content=\"Aprender a lidar com a solid\u00e3o pode transformar seu bem-estar emocional; pequenas atitudes j\u00e1 trazem grandes mudan\u00e7as no dia a dia.\" \/>\n<meta name=\"robots\" content=\"index, follow, max-snippet:-1, max-image-preview:large, max-video-preview:-1\" \/>\n<link rel=\"canonical\" href=\"https:\/\/www.correiobraziliense.com.br\/cbradar\/a-maneira-mais-eficaz-de-lidar-com-a-solidao-e-criar-um-caminho-solido-para-o-bem-estar-emocional\/\" \/>\n<meta property=\"og:locale\" content=\"pt_BR\" \/>\n<meta property=\"og:type\" content=\"article\" \/>\n<meta property=\"og:title\" content=\"A maneira mais eficaz de lidar com a solid\u00e3o e criar um caminho s\u00f3lido para o bem-estar emocional - Correio Braziliense - Radar\" \/>\n<meta property=\"og:description\" content=\"Aprender a lidar com a solid\u00e3o pode transformar seu bem-estar emocional; pequenas atitudes j\u00e1 trazem grandes mudan\u00e7as no dia a dia.\" \/>\n<meta property=\"og:url\" content=\"https:\/\/www.correiobraziliense.com.br\/cbradar\/a-maneira-mais-eficaz-de-lidar-com-a-solidao-e-criar-um-caminho-solido-para-o-bem-estar-emocional\/\" \/>\n<meta property=\"og:site_name\" content=\"Correio Braziliense - Radar\" \/>\n<meta property=\"article:published_time\" content=\"2025-12-01T22:35:00+00:00\" \/>\n<meta property=\"og:image\" content=\"https:\/\/www.correiobraziliense.com.br\/cbradar\/wp-content\/uploads\/2025\/08\/triste-_1756061446419.jpg\" \/>\n\t<meta property=\"og:image:width\" content=\"1280\" \/>\n\t<meta property=\"og:image:height\" content=\"720\" \/>\n\t<meta property=\"og:image:type\" content=\"image\/jpeg\" \/>\n<meta name=\"author\" content=\"Maura Pereira\" \/>\n<meta name=\"twitter:card\" content=\"summary_large_image\" \/>\n<meta name=\"twitter:label1\" content=\"Escrito por\" \/>\n\t<meta name=\"twitter:data1\" content=\"Maura Pereira\" \/>\n\t<meta name=\"twitter:label2\" content=\"Est. tempo de leitura\" \/>\n\t<meta name=\"twitter:data2\" content=\"5 minutos\" \/>\n<!-- \/ Yoast SEO plugin. -->","yoast_head_json":{"title":"A maneira mais eficaz de lidar com a solid\u00e3o e criar um caminho s\u00f3lido para o bem-estar emocional - Correio Braziliense - Radar","description":"Aprender a lidar com a solid\u00e3o pode transformar seu bem-estar emocional; pequenas atitudes j\u00e1 trazem grandes mudan\u00e7as no dia a dia.","robots":{"index":"index","follow":"follow","max-snippet":"max-snippet:-1","max-image-preview":"max-image-preview:large","max-video-preview":"max-video-preview:-1"},"canonical":"https:\/\/www.correiobraziliense.com.br\/cbradar\/a-maneira-mais-eficaz-de-lidar-com-a-solidao-e-criar-um-caminho-solido-para-o-bem-estar-emocional\/","og_locale":"pt_BR","og_type":"article","og_title":"A maneira mais eficaz de lidar com a solid\u00e3o e criar um caminho s\u00f3lido para o bem-estar emocional - Correio Braziliense - Radar","og_description":"Aprender a lidar com a solid\u00e3o pode transformar seu bem-estar emocional; pequenas atitudes j\u00e1 trazem grandes mudan\u00e7as no dia a dia.","og_url":"https:\/\/www.correiobraziliense.com.br\/cbradar\/a-maneira-mais-eficaz-de-lidar-com-a-solidao-e-criar-um-caminho-solido-para-o-bem-estar-emocional\/","og_site_name":"Correio Braziliense - Radar","article_published_time":"2025-12-01T22:35:00+00:00","og_image":[{"width":1280,"height":720,"url":"https:\/\/www.correiobraziliense.com.br\/cbradar\/wp-content\/uploads\/2025\/08\/triste-_1756061446419.jpg","type":"image\/jpeg"}],"author":"Maura Pereira","twitter_card":"summary_large_image","twitter_misc":{"Escrito por":"Maura Pereira","Est. tempo de leitura":"5 minutos"},"schema":{"@context":"https:\/\/schema.org","@graph":[{"@type":"WebPage","@id":"https:\/\/www.correiobraziliense.com.br\/cbradar\/a-maneira-mais-eficaz-de-lidar-com-a-solidao-e-criar-um-caminho-solido-para-o-bem-estar-emocional\/","url":"https:\/\/www.correiobraziliense.com.br\/cbradar\/a-maneira-mais-eficaz-de-lidar-com-a-solidao-e-criar-um-caminho-solido-para-o-bem-estar-emocional\/","name":"A maneira mais eficaz de lidar com a solid\u00e3o e criar um caminho s\u00f3lido para o bem-estar emocional - Correio Braziliense - Radar","isPartOf":{"@id":"https:\/\/www.correiobraziliense.com.br\/cbradar\/#website"},"primaryImageOfPage":{"@id":"https:\/\/www.correiobraziliense.com.br\/cbradar\/a-maneira-mais-eficaz-de-lidar-com-a-solidao-e-criar-um-caminho-solido-para-o-bem-estar-emocional\/#primaryimage"},"image":{"@id":"https:\/\/www.correiobraziliense.com.br\/cbradar\/a-maneira-mais-eficaz-de-lidar-com-a-solidao-e-criar-um-caminho-solido-para-o-bem-estar-emocional\/#primaryimage"},"thumbnailUrl":"https:\/\/www.correiobraziliense.com.br\/cbradar\/wp-content\/uploads\/2025\/08\/triste-_1756061446419.jpg","datePublished":"2025-12-01T22:35:00+00:00","author":{"@id":"https:\/\/www.correiobraziliense.com.br\/cbradar\/#\/schema\/person\/4053c651a9bfc785afc6f4cbc9032fd3"},"description":"Aprender a lidar com a solid\u00e3o pode transformar seu bem-estar emocional; pequenas atitudes j\u00e1 trazem grandes mudan\u00e7as no dia a dia.","breadcrumb":{"@id":"https:\/\/www.correiobraziliense.com.br\/cbradar\/a-maneira-mais-eficaz-de-lidar-com-a-solidao-e-criar-um-caminho-solido-para-o-bem-estar-emocional\/#breadcrumb"},"inLanguage":"pt-BR","potentialAction":[{"@type":"ReadAction","target":["https:\/\/www.correiobraziliense.com.br\/cbradar\/a-maneira-mais-eficaz-de-lidar-com-a-solidao-e-criar-um-caminho-solido-para-o-bem-estar-emocional\/"]}]},{"@type":"ImageObject","inLanguage":"pt-BR","@id":"https:\/\/www.correiobraziliense.com.br\/cbradar\/a-maneira-mais-eficaz-de-lidar-com-a-solidao-e-criar-um-caminho-solido-para-o-bem-estar-emocional\/#primaryimage","url":"https:\/\/www.correiobraziliense.com.br\/cbradar\/wp-content\/uploads\/2025\/08\/triste-_1756061446419.jpg","contentUrl":"https:\/\/www.correiobraziliense.com.br\/cbradar\/wp-content\/uploads\/2025\/08\/triste-_1756061446419.jpg","width":1280,"height":720,"caption":"Aprender a gerenciar a ansiedade \u00e9 chave para viver com mais equil\u00edbrio e tranquilidade. \/\/ Cr\u00e9ditos: depositphotos.com \/ ikurucan"},{"@type":"BreadcrumbList","@id":"https:\/\/www.correiobraziliense.com.br\/cbradar\/a-maneira-mais-eficaz-de-lidar-com-a-solidao-e-criar-um-caminho-solido-para-o-bem-estar-emocional\/#breadcrumb","itemListElement":[{"@type":"ListItem","position":1,"name":"In\u00edcio","item":"https:\/\/www.correiobraziliense.com.br\/cbradar\/"},{"@type":"ListItem","position":2,"name":"A maneira mais eficaz de lidar com a solid\u00e3o e criar um caminho s\u00f3lido para o bem-estar emocional"}]},{"@type":"WebSite","@id":"https:\/\/www.correiobraziliense.com.br\/cbradar\/#website","url":"https:\/\/www.correiobraziliense.com.br\/cbradar\/","name":"Correio Braziliense - Radar","description":"Acompanhe as \u00faltimas not\u00edcias e fique bem informado sobre tudo o que acontece no Brasil e no mundo.","potentialAction":[{"@type":"SearchAction","target":{"@type":"EntryPoint","urlTemplate":"https:\/\/www.correiobraziliense.com.br\/cbradar\/?s={search_term_string}"},"query-input":{"@type":"PropertyValueSpecification","valueRequired":true,"valueName":"search_term_string"}}],"inLanguage":"pt-BR"},{"@type":"Person","@id":"https:\/\/www.correiobraziliense.com.br\/cbradar\/#\/schema\/person\/4053c651a9bfc785afc6f4cbc9032fd3","name":"Maura Pereira","image":{"@type":"ImageObject","inLanguage":"pt-BR","@id":"https:\/\/www.correiobraziliense.com.br\/cbradar\/#\/schema\/person\/image\/","url":"https:\/\/secure.gravatar.com\/avatar\/3effd6bdadfa447f15089c7f7144eaa6?s=96&d=mm&r=g","contentUrl":"https:\/\/secure.gravatar.com\/avatar\/3effd6bdadfa447f15089c7f7144eaa6?s=96&d=mm&r=g","caption":"Maura Pereira"},"sameAs":["https:\/\/www.correiobraziliense.com.br\/"],"url":"https:\/\/www.correiobraziliense.com.br\/cbradar\/author\/mauramyth\/"}]}},"_links":{"self":[{"href":"https:\/\/www.correiobraziliense.com.br\/cbradar\/wp-json\/wp\/v2\/posts\/147596","targetHints":{"allow":["GET"]}}],"collection":[{"href":"https:\/\/www.correiobraziliense.com.br\/cbradar\/wp-json\/wp\/v2\/posts"}],"about":[{"href":"https:\/\/www.correiobraziliense.com.br\/cbradar\/wp-json\/wp\/v2\/types\/post"}],"author":[{"embeddable":true,"href":"https:\/\/www.correiobraziliense.com.br\/cbradar\/wp-json\/wp\/v2\/users\/8"}],"replies":[{"embeddable":true,"href":"https:\/\/www.correiobraziliense.com.br\/cbradar\/wp-json\/wp\/v2\/comments?post=147596"}],"version-history":[{"count":11,"href":"https:\/\/www.correiobraziliense.com.br\/cbradar\/wp-json\/wp\/v2\/posts\/147596\/revisions"}],"predecessor-version":[{"id":147664,"href":"https:\/\/www.correiobraziliense.com.br\/cbradar\/wp-json\/wp\/v2\/posts\/147596\/revisions\/147664"}],"wp:featuredmedia":[{"embeddable":true,"href":"https:\/\/www.correiobraziliense.com.br\/cbradar\/wp-json\/wp\/v2\/media\/92273"}],"wp:attachment":[{"href":"https:\/\/www.correiobraziliense.com.br\/cbradar\/wp-json\/wp\/v2\/media?parent=147596"}],"wp:term":[{"taxonomy":"category","embeddable":true,"href":"https:\/\/www.correiobraziliense.com.br\/cbradar\/wp-json\/wp\/v2\/categories?post=147596"},{"taxonomy":"post_tag","embeddable":true,"href":"https:\/\/www.correiobraziliense.com.br\/cbradar\/wp-json\/wp\/v2\/post_tag?post=147596"}],"curies":[{"name":"wp","href":"https:\/\/api.w.org\/{rel}","templated":true}]}}