{"id":147719,"date":"2025-12-01T15:55:00","date_gmt":"2025-12-01T18:55:00","guid":{"rendered":"https:\/\/www.correiobraziliense.com.br\/cbradar\/?p=147719"},"modified":"2025-11-30T17:24:22","modified_gmt":"2025-11-30T20:24:22","slug":"por-que-sentimos-o-cheiro-da-chuva-entenda-o-petricor","status":"publish","type":"post","link":"https:\/\/www.correiobraziliense.com.br\/cbradar\/por-que-sentimos-o-cheiro-da-chuva-entenda-o-petricor\/","title":{"rendered":"Por que sentimos o cheiro da chuva? Entenda o petricor"},"content":{"rendered":"\n<p>O fen\u00f4meno que permite aos humanos &#8220;sentir&#8221; a chegada da <strong>chuva<\/strong> \u00e9 um intrigante jogo de composi\u00e7\u00f5es qu\u00edmicas e processos naturais. Embora a chuva em si n\u00e3o possua odor, a combina\u00e7\u00e3o de subst\u00e2ncias qu\u00edmicas que ocorre quando as primeiras gotas tocam o solo e geram o aroma caracter\u00edstico conhecido como\u00a0<strong>petricor<\/strong>.<\/p>\n\n\n\n<p>Pesquisadores australianos foram os primeiros a descrever o processo em 1964, e estudos subsequentes, incluindo aqueles do Instituto de Tecnologia de Massachusetts na d\u00e9cada de 2010, lan\u00e7aram luz sobre o que acontece quando o solo se umedece. O&nbsp;<em>petricor<\/em>&nbsp;\u00e9 composto por v\u00e1rios elementos, sendo os&nbsp;<strong>\u00f3leos vegetais<\/strong>&nbsp;e produtos da decomposi\u00e7\u00e3o de&nbsp;<strong>actinobact\u00e9rias<\/strong>&nbsp;alguns dos contributos principais.<\/p>\n\n\n\n<h2 class=\"wp-block-heading\">Como se forma o Cheiro de Chuva?<\/h2>\n\n\n\n<p>As actinobact\u00e9rias t\u00eam um papel crucial no aroma, pois s\u00e3o respons\u00e1veis por decompor a mat\u00e9ria org\u00e2nica. Durante esse processo, elas produzem um composto chamado&nbsp;<strong>geosmina<\/strong>, que possui um odor marcante e \u00e9 detect\u00e1vel em quantidades m\u00ednimas. Este composto atrai nossa aten\u00e7\u00e3o assim que a chuva come\u00e7a.<\/p>\n\n\n\n<p>Quando as gotas de chuva impactam a terra, especialmente em superf\u00edcies porosas como solo e concreto, eles liberam aeross\u00f3is que cont\u00eam geosmina e outros compostos. Estes s\u00e3o transportados pelo vento, espalhando o cheiro caracter\u00edstico do&nbsp;<em>petricor<\/em>&nbsp;e indicando que a chuva est\u00e1 pr\u00f3xima.<\/p>\n\n\n\n<h2 class=\"wp-block-heading\">Por que o cheiro desaparece?<\/h2>\n\n\n\n<p>O aroma de petricor \u00e9 tempor\u00e1rio e desaparece \u00e0 medida que o solo seca ap\u00f3s a chuva. Isso ocorre porque as actinobact\u00e9rias se tornam menos ativas quando n\u00e3o h\u00e1 umidade e, consequentemente, produzem menos geosmina.<\/p>\n\n\n<div class=\"wp-block-image\">\n<figure class=\"aligncenter size-large\"><img decoding=\"async\" width=\"1024\" height=\"576\" src=\"https:\/\/www.correiobraziliense.com.br\/cbradar\/wp-content\/uploads\/2025\/10\/chuva_1760415247093-1024x576.jpg\" alt=\"\" class=\"wp-image-119222\" srcset=\"https:\/\/www.correiobraziliense.com.br\/cbradar\/wp-content\/uploads\/2025\/10\/chuva_1760415247093-1024x576.jpg 1024w, https:\/\/www.correiobraziliense.com.br\/cbradar\/wp-content\/uploads\/2025\/10\/chuva_1760415247093-300x169.jpg 300w, https:\/\/www.correiobraziliense.com.br\/cbradar\/wp-content\/uploads\/2025\/10\/chuva_1760415247093-768x432.jpg 768w, https:\/\/www.correiobraziliense.com.br\/cbradar\/wp-content\/uploads\/2025\/10\/chuva_1760415247093-750x422.jpg 750w, https:\/\/www.correiobraziliense.com.br\/cbradar\/wp-content\/uploads\/2025\/10\/chuva_1760415247093-1140x641.jpg 1140w, https:\/\/www.correiobraziliense.com.br\/cbradar\/wp-content\/uploads\/2025\/10\/chuva_1760415247093.jpg 1280w\" sizes=\"(max-width: 1024px) 100vw, 1024px\" \/><figcaption class=\"wp-element-caption\">\u00c1gua da Chuva &#8211; Cr\u00e9ditos: depositphotos.com \/ photowrzesien<\/figcaption><\/figure><\/div>\n\n\n<h2 class=\"wp-block-heading\">O que \u00e9 geosmina e por que a sentimos?<\/h2>\n\n\n\n<p>A geosmina, um tipo de \u00e1lcool, \u00e9 particularmente percept\u00edvel para os seres humanos devido \u00e0 sua estrutura qu\u00edmica complexa. Nossos narizes s\u00e3o extremamente sens\u00edveis \u00e0 <a href=\"https:\/\/www.correiobraziliense.com.br\/cbradar\/a-maior-polemica-da-nutricao-que-divide-especialistas\/\" target=\"_blank\" rel=\"noreferrer noopener\">geosmina<\/a>, podendo detect\u00e1-la mesmo em concentra\u00e7\u00f5es muito baixas, o que torna este composto um dos mais distintivos no aroma da chuva.<\/p>\n\n\n\n<h2 class=\"wp-block-heading\">Como a chuva impacta o ambiente?<\/h2>\n\n\n\n<p>Al\u00e9m de sinalizar a chegada de chuva, o&nbsp;<em>petricor<\/em>&nbsp;desempenha um papel crucial nos ecossistemas. Com a atividade de decomposi\u00e7\u00e3o acelerada das actinobact\u00e9rias, mais nutrientes se tornam dispon\u00edveis para as plantas, facilitando seu crescimento. Assim, a chuva e seu cheiro n\u00e3o apenas despertam sensa\u00e7\u00f5es nos humanos, mas tamb\u00e9m sustentam o ciclo da vida.<\/p>\n\n\n<a href=\"https:\/\/www.instagram.com\/dra.annaluisabf\/\" target=\"_blank\" rel=\"noopener\" style=\"text-decoration: none; color: inherit;\">\n    <span style=\"display: inline-block; border: 1px solid #ccc; border-radius: 10px; padding: 15px; max-width: 550px; font-family: sans-serif; box-shadow: 0 2px 5px rgba(0,0,0,0.1); width: 100%;\">\n\n      <!-- T\u00edtulo -->\n      <span style=\"display: block; margin: 0 0 15px 0; font-weight: bold; color: #2c3e50; text-align: center;\">\n        Entre em contato:\n      <\/span>\n\n      <!-- Linha do perfil -->\n      <span style=\"display: flex; align-items: center; gap: 15px;\">\n        <img decoding=\"async\"\n          src=\"https:\/\/www.correiobraziliense.com.br\/cbradar\/wp-content\/uploads\/2025\/08\/dra_anna_luisa.jpeg\"\n          alt=\"Foto da Dra. Anna Lu\u00edsa\"\n          style=\"border-radius: 50%; width: 80px; height: 80px; object-fit: cover;\"\n        \/>\n        <span style=\"display: flex; flex-direction: column;\">\n          <span style=\"font-size: 18px; font-weight: 700; color: #2c3e50;\">Dra. Anna Lu\u00edsa Barbosa Fernandes<\/span>\n          <span style=\"color: #555;\">CRM-GO 33.271<\/span>\n        <\/span>\n      <\/span>\n\n      <!-- Redes -->\n      <span style=\"display: flex; align-items: center; gap: 10px; margin-top: 12px;\">\n        <img decoding=\"async\" src=\"https:\/\/cdn-icons-png.flaticon.com\/24\/1384\/1384063.png\" alt=\"Instagram\" width=\"24\" height=\"24\" \/>\n        <span style=\"text-decoration: underline; color: #2c3e50;\">@dra.annaluisabf<\/span>\n      <\/span>\n\n    <\/span>\n  <\/a>","protected":false},"excerpt":{"rendered":"<p>O fen\u00f4meno que permite aos humanos &#8220;sentir&#8221; a chegada da chuva \u00e9 um intrigante jogo de composi\u00e7\u00f5es qu\u00edmicas e processos naturais. Embora a chuva em si n\u00e3o possua odor, a combina\u00e7\u00e3o de subst\u00e2ncias qu\u00edmicas que ocorre quando as primeiras gotas tocam o solo e geram o aroma caracter\u00edstico conhecido como\u00a0petricor. Pesquisadores australianos foram os primeiros [&hellip;]<\/p>\n","protected":false},"author":14,"featured_media":119221,"comment_status":"open","ping_status":"open","sticky":false,"template":"","format":"standard","meta":{"_yoast_wpseo_focuskw":"Cheiro de Chuva","_yoast_wpseo_title":"","_yoast_wpseo_metadesc":"A chuva ativa bact\u00e9rias que liberam geosmina, respons\u00e1vel pelo aroma chamado petricor. Entenda como funciona esse fen\u00f4meno sensorial.","jnews-multi-image_gallery":[],"jnews_single_post":{"format":"standard"},"jnews_primary_category":[],"jnews_social_meta":[],"jnews_override_counter":[],"footnotes":""},"categories":[4404],"post_tag":[120,247,1318],"class_list":["post-147719","post","type-post","status-publish","format-standard","has-post-thumbnail","hentry","category-saude","tag-bem-estar","tag-qualidade-de-vida","tag-saude-2"],"yoast_head":"<!-- This site is optimized with the Yoast SEO plugin v24.6 - https:\/\/yoast.com\/wordpress\/plugins\/seo\/ -->\n<title>Por que sentimos o cheiro da chuva? Entenda o petricor - Correio Braziliense - Radar<\/title>\n<meta name=\"description\" content=\"A chuva ativa bact\u00e9rias que liberam geosmina, respons\u00e1vel pelo aroma chamado petricor. Entenda como funciona esse fen\u00f4meno sensorial.\" \/>\n<meta name=\"robots\" content=\"index, follow, max-snippet:-1, max-image-preview:large, max-video-preview:-1\" \/>\n<link rel=\"canonical\" href=\"https:\/\/www.correiobraziliense.com.br\/cbradar\/por-que-sentimos-o-cheiro-da-chuva-entenda-o-petricor\/\" \/>\n<meta property=\"og:locale\" content=\"pt_BR\" \/>\n<meta property=\"og:type\" content=\"article\" \/>\n<meta property=\"og:title\" content=\"Por que sentimos o cheiro da chuva? Entenda o petricor - Correio Braziliense - Radar\" \/>\n<meta property=\"og:description\" content=\"A chuva ativa bact\u00e9rias que liberam geosmina, respons\u00e1vel pelo aroma chamado petricor. Entenda como funciona esse fen\u00f4meno sensorial.\" \/>\n<meta property=\"og:url\" content=\"https:\/\/www.correiobraziliense.com.br\/cbradar\/por-que-sentimos-o-cheiro-da-chuva-entenda-o-petricor\/\" \/>\n<meta property=\"og:site_name\" content=\"Correio Braziliense - Radar\" \/>\n<meta property=\"article:published_time\" content=\"2025-12-01T18:55:00+00:00\" \/>\n<meta property=\"og:image\" content=\"https:\/\/www.correiobraziliense.com.br\/cbradar\/wp-content\/uploads\/2025\/10\/chuva_1760415218849.jpg\" \/>\n\t<meta property=\"og:image:width\" content=\"1280\" \/>\n\t<meta property=\"og:image:height\" content=\"720\" \/>\n\t<meta property=\"og:image:type\" content=\"image\/jpeg\" \/>\n<meta name=\"author\" content=\"guilherme_saude\" \/>\n<meta name=\"twitter:card\" content=\"summary_large_image\" \/>\n<meta name=\"twitter:label1\" content=\"Escrito por\" \/>\n\t<meta name=\"twitter:data1\" content=\"guilherme_saude\" \/>\n\t<meta name=\"twitter:label2\" content=\"Est. tempo de leitura\" \/>\n\t<meta name=\"twitter:data2\" content=\"3 minutos\" \/>\n<!-- \/ Yoast SEO plugin. -->","yoast_head_json":{"title":"Por que sentimos o cheiro da chuva? Entenda o petricor - Correio Braziliense - Radar","description":"A chuva ativa bact\u00e9rias que liberam geosmina, respons\u00e1vel pelo aroma chamado petricor. Entenda como funciona esse fen\u00f4meno sensorial.","robots":{"index":"index","follow":"follow","max-snippet":"max-snippet:-1","max-image-preview":"max-image-preview:large","max-video-preview":"max-video-preview:-1"},"canonical":"https:\/\/www.correiobraziliense.com.br\/cbradar\/por-que-sentimos-o-cheiro-da-chuva-entenda-o-petricor\/","og_locale":"pt_BR","og_type":"article","og_title":"Por que sentimos o cheiro da chuva? Entenda o petricor - Correio Braziliense - Radar","og_description":"A chuva ativa bact\u00e9rias que liberam geosmina, respons\u00e1vel pelo aroma chamado petricor. Entenda como funciona esse fen\u00f4meno sensorial.","og_url":"https:\/\/www.correiobraziliense.com.br\/cbradar\/por-que-sentimos-o-cheiro-da-chuva-entenda-o-petricor\/","og_site_name":"Correio Braziliense - Radar","article_published_time":"2025-12-01T18:55:00+00:00","og_image":[{"width":1280,"height":720,"url":"https:\/\/www.correiobraziliense.com.br\/cbradar\/wp-content\/uploads\/2025\/10\/chuva_1760415218849.jpg","type":"image\/jpeg"}],"author":"guilherme_saude","twitter_card":"summary_large_image","twitter_misc":{"Escrito por":"guilherme_saude","Est. tempo de leitura":"3 minutos"},"schema":{"@context":"https:\/\/schema.org","@graph":[{"@type":"WebPage","@id":"https:\/\/www.correiobraziliense.com.br\/cbradar\/por-que-sentimos-o-cheiro-da-chuva-entenda-o-petricor\/","url":"https:\/\/www.correiobraziliense.com.br\/cbradar\/por-que-sentimos-o-cheiro-da-chuva-entenda-o-petricor\/","name":"Por que sentimos o cheiro da chuva? Entenda o petricor - Correio Braziliense - Radar","isPartOf":{"@id":"https:\/\/www.correiobraziliense.com.br\/cbradar\/#website"},"primaryImageOfPage":{"@id":"https:\/\/www.correiobraziliense.com.br\/cbradar\/por-que-sentimos-o-cheiro-da-chuva-entenda-o-petricor\/#primaryimage"},"image":{"@id":"https:\/\/www.correiobraziliense.com.br\/cbradar\/por-que-sentimos-o-cheiro-da-chuva-entenda-o-petricor\/#primaryimage"},"thumbnailUrl":"https:\/\/www.correiobraziliense.com.br\/cbradar\/wp-content\/uploads\/2025\/10\/chuva_1760415218849.jpg","datePublished":"2025-12-01T18:55:00+00:00","author":{"@id":"https:\/\/www.correiobraziliense.com.br\/cbradar\/#\/schema\/person\/5aa4bf3c8fa699c267933611de12978b"},"description":"A chuva ativa bact\u00e9rias que liberam geosmina, respons\u00e1vel pelo aroma chamado petricor. Entenda como funciona esse fen\u00f4meno sensorial.","breadcrumb":{"@id":"https:\/\/www.correiobraziliense.com.br\/cbradar\/por-que-sentimos-o-cheiro-da-chuva-entenda-o-petricor\/#breadcrumb"},"inLanguage":"pt-BR","potentialAction":[{"@type":"ReadAction","target":["https:\/\/www.correiobraziliense.com.br\/cbradar\/por-que-sentimos-o-cheiro-da-chuva-entenda-o-petricor\/"]}]},{"@type":"ImageObject","inLanguage":"pt-BR","@id":"https:\/\/www.correiobraziliense.com.br\/cbradar\/por-que-sentimos-o-cheiro-da-chuva-entenda-o-petricor\/#primaryimage","url":"https:\/\/www.correiobraziliense.com.br\/cbradar\/wp-content\/uploads\/2025\/10\/chuva_1760415218849.jpg","contentUrl":"https:\/\/www.correiobraziliense.com.br\/cbradar\/wp-content\/uploads\/2025\/10\/chuva_1760415218849.jpg","width":1280,"height":720,"caption":"\u00c1gua da Chuva - Cr\u00e9ditos: depositphotos.com \/ riosihombing@gmail.com"},{"@type":"BreadcrumbList","@id":"https:\/\/www.correiobraziliense.com.br\/cbradar\/por-que-sentimos-o-cheiro-da-chuva-entenda-o-petricor\/#breadcrumb","itemListElement":[{"@type":"ListItem","position":1,"name":"In\u00edcio","item":"https:\/\/www.correiobraziliense.com.br\/cbradar\/"},{"@type":"ListItem","position":2,"name":"Por que sentimos o cheiro da chuva? Entenda o petricor"}]},{"@type":"WebSite","@id":"https:\/\/www.correiobraziliense.com.br\/cbradar\/#website","url":"https:\/\/www.correiobraziliense.com.br\/cbradar\/","name":"Correio Braziliense - Radar","description":"Acompanhe as \u00faltimas not\u00edcias e fique bem informado sobre tudo o que acontece no Brasil e no mundo.","potentialAction":[{"@type":"SearchAction","target":{"@type":"EntryPoint","urlTemplate":"https:\/\/www.correiobraziliense.com.br\/cbradar\/?s={search_term_string}"},"query-input":{"@type":"PropertyValueSpecification","valueRequired":true,"valueName":"search_term_string"}}],"inLanguage":"pt-BR"},{"@type":"Person","@id":"https:\/\/www.correiobraziliense.com.br\/cbradar\/#\/schema\/person\/5aa4bf3c8fa699c267933611de12978b","name":"guilherme_saude","image":{"@type":"ImageObject","inLanguage":"pt-BR","@id":"https:\/\/www.correiobraziliense.com.br\/cbradar\/#\/schema\/person\/image\/","url":"https:\/\/secure.gravatar.com\/avatar\/df9adfb835d344bc0af109d41756253f?s=96&d=mm&r=g","contentUrl":"https:\/\/secure.gravatar.com\/avatar\/df9adfb835d344bc0af109d41756253f?s=96&d=mm&r=g","caption":"guilherme_saude"},"url":"https:\/\/www.correiobraziliense.com.br\/cbradar\/author\/guilherme_saude\/"}]}},"_links":{"self":[{"href":"https:\/\/www.correiobraziliense.com.br\/cbradar\/wp-json\/wp\/v2\/posts\/147719","targetHints":{"allow":["GET"]}}],"collection":[{"href":"https:\/\/www.correiobraziliense.com.br\/cbradar\/wp-json\/wp\/v2\/posts"}],"about":[{"href":"https:\/\/www.correiobraziliense.com.br\/cbradar\/wp-json\/wp\/v2\/types\/post"}],"author":[{"embeddable":true,"href":"https:\/\/www.correiobraziliense.com.br\/cbradar\/wp-json\/wp\/v2\/users\/14"}],"replies":[{"embeddable":true,"href":"https:\/\/www.correiobraziliense.com.br\/cbradar\/wp-json\/wp\/v2\/comments?post=147719"}],"version-history":[{"count":1,"href":"https:\/\/www.correiobraziliense.com.br\/cbradar\/wp-json\/wp\/v2\/posts\/147719\/revisions"}],"predecessor-version":[{"id":147726,"href":"https:\/\/www.correiobraziliense.com.br\/cbradar\/wp-json\/wp\/v2\/posts\/147719\/revisions\/147726"}],"wp:featuredmedia":[{"embeddable":true,"href":"https:\/\/www.correiobraziliense.com.br\/cbradar\/wp-json\/wp\/v2\/media\/119221"}],"wp:attachment":[{"href":"https:\/\/www.correiobraziliense.com.br\/cbradar\/wp-json\/wp\/v2\/media?parent=147719"}],"wp:term":[{"taxonomy":"category","embeddable":true,"href":"https:\/\/www.correiobraziliense.com.br\/cbradar\/wp-json\/wp\/v2\/categories?post=147719"},{"taxonomy":"post_tag","embeddable":true,"href":"https:\/\/www.correiobraziliense.com.br\/cbradar\/wp-json\/wp\/v2\/post_tag?post=147719"}],"curies":[{"name":"wp","href":"https:\/\/api.w.org\/{rel}","templated":true}]}}