{"id":147892,"date":"2025-12-01T16:15:00","date_gmt":"2025-12-01T19:15:00","guid":{"rendered":"https:\/\/www.correiobraziliense.com.br\/cbradar\/?p=147892"},"modified":"2025-11-30T19:59:35","modified_gmt":"2025-11-30T22:59:35","slug":"o-ceu-e-azul-por-um-motivo-extraordinario-e-nao-tem-nada-a-ver-com-o-mar-como-muitos-pensam","status":"publish","type":"post","link":"https:\/\/www.correiobraziliense.com.br\/cbradar\/o-ceu-e-azul-por-um-motivo-extraordinario-e-nao-tem-nada-a-ver-com-o-mar-como-muitos-pensam\/","title":{"rendered":"O c\u00e9u \u00e9 azul por um motivo extraordin\u00e1rio e n\u00e3o tem nada a ver com o mar como muitos pensam"},"content":{"rendered":"\n<p><strong>Muita gente observa o c\u00e9u todos os dias, mas poucas pessoas realmente sabem explicar por que ele \u00e9 azul. <\/strong>Apesar de parecer algo simples, esse fen\u00f4meno envolve f\u00edsica, luz e a maneira como nossa atmosfera interage com o Sol. Neste artigo, voc\u00ea vai entender, de forma clara e acess\u00edvel, o que realmente acontece e por que o c\u00e9u muda de cor ao longo do dia.<\/p>\n\n\n\n<h2 class=\"wp-block-heading\">O que faz o c\u00e9u parecer azul?<\/h2>\n\n\n\n<p><strong>A cor do c\u00e9u \u00e9 resultado direto da forma como a luz solar interage com as part\u00edculas da atmosfera.<\/strong> A luz que enxergamos \u00e9 composta por v\u00e1rias cores, e cada uma delas se comporta de maneira diferente quando entra em contato com o ar.<\/p>\n\n\n\n<p><strong>O c\u00e9u \u00e9 azul porque as mol\u00e9culas da atmosfera espalham mais a luz azul do que as outras cores, fazendo com que ela chegue aos nossos olhos com maior intensidade.<\/strong> Esse processo \u00e9 natural e constante.<\/p>\n\n\n<div class=\"wp-block-image\">\n<figure class=\"aligncenter size-large\"><img decoding=\"async\" width=\"1024\" height=\"576\" src=\"https:\/\/www.correiobraziliense.com.br\/cbradar\/wp-content\/uploads\/2025\/11\/ceu-_1764543165493-1024x576.jpg\" alt=\"\" class=\"wp-image-147934\" srcset=\"https:\/\/www.correiobraziliense.com.br\/cbradar\/wp-content\/uploads\/2025\/11\/ceu-_1764543165493-1024x576.jpg 1024w, https:\/\/www.correiobraziliense.com.br\/cbradar\/wp-content\/uploads\/2025\/11\/ceu-_1764543165493-300x169.jpg 300w, https:\/\/www.correiobraziliense.com.br\/cbradar\/wp-content\/uploads\/2025\/11\/ceu-_1764543165493-768x432.jpg 768w, https:\/\/www.correiobraziliense.com.br\/cbradar\/wp-content\/uploads\/2025\/11\/ceu-_1764543165493-750x422.jpg 750w, https:\/\/www.correiobraziliense.com.br\/cbradar\/wp-content\/uploads\/2025\/11\/ceu-_1764543165493-1140x641.jpg 1140w, https:\/\/www.correiobraziliense.com.br\/cbradar\/wp-content\/uploads\/2025\/11\/ceu-_1764543165493.jpg 1280w\" sizes=\"(max-width: 1024px) 100vw, 1024px\" \/><figcaption class=\"wp-element-caption\">C\u00e9u azul sorri claro e divertido, pintando dias leves com tons suaves e convidando olhares alegres para cima no cotidiano simples. \/\/ Cr\u00e9ditos: depositphotos.com \/ DmitryRukhlenko<\/figcaption><\/figure><\/div>\n\n\n<h2 class=\"wp-block-heading\">Como funciona o espalhamento da luz na atmosfera?<\/h2>\n\n\n\n<p>A luz branca do Sol cont\u00e9m todas as cores do arco-\u00edris. Quando ela chega \u00e0 Terra, encontra gases e part\u00edculas presentes no ar. A luz azul, por ter um comprimento de onda menor, \u00e9 espalhada em todas as dire\u00e7\u00f5es com muito mais facilidade.<\/p>\n\n\n\n<p><strong>Esse fen\u00f4meno \u00e9 chamado de espalhamento de Rayleigh e explica por que a luz azul se dispersa mais que outras cores.<\/strong> Assim, o c\u00e9u ganha sua tonalidade caracter\u00edstica.<\/p>\n\n\n\n<p>Confira, no TikTok do <strong>Pedro Loos (@opedroloos)<\/strong>, o v\u00eddeo em que ele esclarece por que o c\u00e9u apresenta a cor azul.<\/p>\n\n\n\n<figure class=\"wp-block-embed is-type-video is-provider-tiktok wp-block-embed-tiktok\"><div class=\"wp-block-embed__wrapper\">\n<blockquote class=\"tiktok-embed\" cite=\"https:\/\/www.tiktok.com\/@opedroloos\/video\/7071259152735046917\" data-video-id=\"7071259152735046917\" data-embed-from=\"oembed\" style=\"max-width:605px; min-width:325px;\"> <section> <a target=\"_blank\" title=\"@opedroloos\" href=\"https:\/\/www.tiktok.com\/@opedroloos?refer=embed\">@opedroloos<\/a> <p>Por que o c\u00e9u \u00e9 azul? N\u00c3O \u00c9 por causa do mar! <a title=\"ciencia\" target=\"_blank\" href=\"https:\/\/www.tiktok.com\/tag\/ciencia?refer=embed\">#ciencia<\/a> <a title=\"cienciatododia\" target=\"_blank\" href=\"https:\/\/www.tiktok.com\/tag\/cienciatododia?refer=embed\">#cienciatododia<\/a> <a title=\"ceu\" target=\"_blank\" href=\"https:\/\/www.tiktok.com\/tag\/ceu?refer=embed\">#ceu<\/a> <a title=\"ceuazul\" target=\"_blank\" href=\"https:\/\/www.tiktok.com\/tag\/ceuazul?refer=embed\">#ceuazul<\/a> <a title=\"fisica\" target=\"_blank\" href=\"https:\/\/www.tiktok.com\/tag\/fisica?refer=embed\">#fisica<\/a><\/p> <a target=\"_blank\" title=\"\u266c original sound - Pedro Loos\" href=\"https:\/\/www.tiktok.com\/music\/original-sound-7071259152995470086?refer=embed\">\u266c original sound &#8211; Pedro Loos<\/a> <\/section> <\/blockquote> <script async src=\"https:\/\/www.tiktok.com\/embed.js\"><\/script>\n<\/div><\/figure>\n\n\n\n<h2 class=\"wp-block-heading\">Por que o c\u00e9u muda de cor ao amanhecer e ao entardecer?<\/h2>\n\n\n\n<p>Durante o nascer e o p\u00f4r do sol, a luz percorre um caminho maior na atmosfera. Isso muda completamente a forma como as cores chegam aos nossos olhos.<\/p>\n\n\n\n<p><strong>Ao amanhecer e ao entardecer, o vermelho e o laranja dominam porque a luz azul \u00e9 espalhada antes de chegar at\u00e9 n\u00f3s, sobrando apenas as cores de comprimento maior.<\/strong> \u00c9 por isso que o c\u00e9u fica t\u00e3o vibrante nesses hor\u00e1rios.<\/p>\n\n\n\n<p>Veja situa\u00e7\u00f5es onde isso acontece:<\/p>\n\n\n\n<ul class=\"wp-block-list\">\n<li>P\u00f4r do sol muito alaranjado<\/li>\n\n\n\n<li>Amanhecer rosado ou avermelhado<\/li>\n\n\n\n<li>Dias mais polu\u00eddos com tons mais intensos<\/li>\n<\/ul>\n\n\n\n<h2 class=\"wp-block-heading\">A polui\u00e7\u00e3o afeta a cor do c\u00e9u?<\/h2>\n\n\n\n<p>Sim. Part\u00edculas em excesso na atmosfera interferem diretamente no espalhamento da luz. A presen\u00e7a de poeira, fuma\u00e7a e poluentes muda o comportamento das cores.<\/p>\n\n\n\n<p><strong>A polui\u00e7\u00e3o torna o c\u00e9u mais esbranqui\u00e7ado ou acinzentado porque ela espalha a luz de maneira irregular, diminuindo a predomin\u00e2ncia do azul.<\/strong> Isso altera a pureza do tom natural.<\/p>\n\n\n\n<p>Veja efeitos da polui\u00e7\u00e3o na cor do c\u00e9u:<\/p>\n\n\n\n<ul class=\"wp-block-list\">\n<li>C\u00e9u mais opaco<\/li>\n\n\n\n<li>Menos azul forte nas tardes claras<\/li>\n\n\n\n<li>Tons acinzentados mesmo em dias de sol<\/li>\n<\/ul>\n\n\n\n<p><strong>Leia tamb\u00e9m: <a href=\"https:\/\/www.correiobraziliense.com.br\/cbradar\/a-cidade-que-parece-a-europa-e-preserva-um-legado-historico-unico-da-familia-real-brasileira\/\" target=\"_blank\" rel=\"noreferrer noopener\">A cidade que parece a Europa e preserva um legado hist\u00f3rico \u00fanico da fam\u00edlia real brasileira.<\/a><\/strong><\/p>\n\n\n\n<h2 class=\"wp-block-heading\">Por que o c\u00e9u n\u00e3o \u00e9 azul em outros planetas?<\/h2>\n\n\n\n<p>Cada planeta possui uma atmosfera diferente \u2014 ou nenhuma. A cor do c\u00e9u depende diretamente dos gases presentes no ar.<\/p>\n\n\n\n<p><strong>O c\u00e9u muda em outros planetas porque a composi\u00e7\u00e3o atmosf\u00e9rica determina como a luz ser\u00e1 espalhada.<\/strong> Em Marte, por exemplo, a poeira avermelhada cria um c\u00e9u alaranjado.<\/p>\n\n\n\n<p>Veja exemplos:<\/p>\n\n\n\n<ul class=\"wp-block-list\">\n<li>Marte: c\u00e9u alaranjado ou avermelhado<\/li>\n\n\n\n<li>V\u00eanus: c\u00e9u amarelado por causa do di\u00f3xido de enxofre<\/li>\n\n\n\n<li>Lua: sem atmosfera, sem cor \u2014 c\u00e9u totalmente preto<\/li>\n<\/ul>\n\n\n<div class=\"wp-block-image\">\n<figure class=\"aligncenter size-large\"><img decoding=\"async\" width=\"1024\" height=\"576\" src=\"https:\/\/www.correiobraziliense.com.br\/cbradar\/wp-content\/uploads\/2025\/11\/ceu-_1764543132336-1024x576.jpg\" alt=\"\" class=\"wp-image-147932\" srcset=\"https:\/\/www.correiobraziliense.com.br\/cbradar\/wp-content\/uploads\/2025\/11\/ceu-_1764543132336-1024x576.jpg 1024w, https:\/\/www.correiobraziliense.com.br\/cbradar\/wp-content\/uploads\/2025\/11\/ceu-_1764543132336-300x169.jpg 300w, https:\/\/www.correiobraziliense.com.br\/cbradar\/wp-content\/uploads\/2025\/11\/ceu-_1764543132336-768x432.jpg 768w, https:\/\/www.correiobraziliense.com.br\/cbradar\/wp-content\/uploads\/2025\/11\/ceu-_1764543132336-750x422.jpg 750w, https:\/\/www.correiobraziliense.com.br\/cbradar\/wp-content\/uploads\/2025\/11\/ceu-_1764543132336-1140x641.jpg 1140w, https:\/\/www.correiobraziliense.com.br\/cbradar\/wp-content\/uploads\/2025\/11\/ceu-_1764543132336.jpg 1280w\" sizes=\"(max-width: 1024px) 100vw, 1024px\" \/><figcaption class=\"wp-element-caption\">C\u00e9u azul ganha estudos recentes sobre clima, revelando impactos de polui\u00e7\u00e3o em dispers\u00e3o luminosa e visibilidade atmosf\u00e9rica atual. \/\/ Cr\u00e9ditos: depositphotos.com \/ VitalikRadko<\/figcaption><\/figure><\/div>\n\n\n<h2 class=\"wp-block-heading\">O que aprendemos ao entender por que o c\u00e9u \u00e9 azul?<\/h2>\n\n\n\n<p>Compreender esse fen\u00f4meno ajuda a reconhecer como a f\u00edsica est\u00e1 presente no dia a dia, mesmo nas coisas mais simples. Al\u00e9m disso, refor\u00e7a como a atmosfera \u00e9 essencial para a vida.<\/p>\n\n\n\n<p><strong>Entender por que o c\u00e9u \u00e9 azul mostra como a luz solar, a atmosfera e a f\u00edsica trabalham juntas para criar o visual que vemos todos os dias.<\/strong> \u00c9 ci\u00eancia pura acontecendo diante dos nossos olhos.<\/p>\n\n\n\n<p>Para fixar esse conhecimento, veja um resumo do processo:<\/p>\n\n\n\n<ol class=\"wp-block-list\">\n<li>A luz do Sol chega \u00e0 atmosfera<\/li>\n\n\n\n<li>A luz azul \u00e9 espalhada em todas as dire\u00e7\u00f5es<\/li>\n\n\n\n<li>Os nossos olhos percebem essa luz como &#8220;c\u00e9u azul&#8221;<\/li>\n<\/ol>\n","protected":false},"excerpt":{"rendered":"<p>Muita gente observa o c\u00e9u todos os dias, mas poucas pessoas realmente sabem explicar por que ele \u00e9 azul. Apesar de parecer algo simples, esse fen\u00f4meno envolve f\u00edsica, luz e a maneira como nossa atmosfera interage com o Sol. Neste artigo, voc\u00ea vai entender, de forma clara e acess\u00edvel, o que realmente acontece e por [&hellip;]<\/p>\n","protected":false},"author":8,"featured_media":147931,"comment_status":"open","ping_status":"open","sticky":false,"template":"","format":"standard","meta":{"jnews-multi-image_gallery":[],"jnews_single_post":{"format":"standard"},"jnews_primary_category":[],"jnews_social_meta":[],"jnews_override_counter":[],"footnotes":""},"categories":[112],"post_tag":[12126,1243,1104],"class_list":["post-147892","post","type-post","status-publish","format-standard","has-post-thumbnail","hentry","category-curiosidades","tag-ceu-azul","tag-mar","tag-sol"],"yoast_head":"<!-- This site is optimized with the Yoast SEO plugin v24.6 - https:\/\/yoast.com\/wordpress\/plugins\/seo\/ -->\n<title>O c\u00e9u \u00e9 azul por um motivo extraordin\u00e1rio e n\u00e3o tem nada a ver com o mar como muitos pensam - Correio Braziliense - Radar<\/title>\n<meta name=\"description\" content=\"O c\u00e9u \u00e9 azul gra\u00e7as a um fen\u00f4meno extraordin\u00e1rio da atmosfera, e n\u00e3o por causa do mar como muitos acreditam erroneamente.\" \/>\n<meta name=\"robots\" content=\"index, follow, max-snippet:-1, max-image-preview:large, max-video-preview:-1\" \/>\n<link rel=\"canonical\" href=\"https:\/\/www.correiobraziliense.com.br\/cbradar\/o-ceu-e-azul-por-um-motivo-extraordinario-e-nao-tem-nada-a-ver-com-o-mar-como-muitos-pensam\/\" \/>\n<meta property=\"og:locale\" content=\"pt_BR\" \/>\n<meta property=\"og:type\" content=\"article\" \/>\n<meta property=\"og:title\" content=\"O c\u00e9u \u00e9 azul por um motivo extraordin\u00e1rio e n\u00e3o tem nada a ver com o mar como muitos pensam - Correio Braziliense - Radar\" \/>\n<meta property=\"og:description\" content=\"O c\u00e9u \u00e9 azul gra\u00e7as a um fen\u00f4meno extraordin\u00e1rio da atmosfera, e n\u00e3o por causa do mar como muitos acreditam erroneamente.\" \/>\n<meta property=\"og:url\" content=\"https:\/\/www.correiobraziliense.com.br\/cbradar\/o-ceu-e-azul-por-um-motivo-extraordinario-e-nao-tem-nada-a-ver-com-o-mar-como-muitos-pensam\/\" \/>\n<meta property=\"og:site_name\" content=\"Correio Braziliense - Radar\" \/>\n<meta property=\"article:published_time\" content=\"2025-12-01T19:15:00+00:00\" \/>\n<meta property=\"og:image\" content=\"https:\/\/www.correiobraziliense.com.br\/cbradar\/wp-content\/uploads\/2025\/11\/ceu-_1764543088348.jpg\" \/>\n\t<meta property=\"og:image:width\" content=\"1280\" \/>\n\t<meta property=\"og:image:height\" content=\"720\" \/>\n\t<meta property=\"og:image:type\" content=\"image\/jpeg\" \/>\n<meta name=\"author\" content=\"Maura Pereira\" \/>\n<meta name=\"twitter:card\" content=\"summary_large_image\" \/>\n<meta name=\"twitter:label1\" content=\"Escrito por\" \/>\n\t<meta name=\"twitter:data1\" content=\"Maura Pereira\" \/>\n\t<meta name=\"twitter:label2\" content=\"Est. tempo de leitura\" \/>\n\t<meta name=\"twitter:data2\" content=\"5 minutos\" \/>\n<!-- \/ Yoast SEO plugin. -->","yoast_head_json":{"title":"O c\u00e9u \u00e9 azul por um motivo extraordin\u00e1rio e n\u00e3o tem nada a ver com o mar como muitos pensam - Correio Braziliense - Radar","description":"O c\u00e9u \u00e9 azul gra\u00e7as a um fen\u00f4meno extraordin\u00e1rio da atmosfera, e n\u00e3o por causa do mar como muitos acreditam erroneamente.","robots":{"index":"index","follow":"follow","max-snippet":"max-snippet:-1","max-image-preview":"max-image-preview:large","max-video-preview":"max-video-preview:-1"},"canonical":"https:\/\/www.correiobraziliense.com.br\/cbradar\/o-ceu-e-azul-por-um-motivo-extraordinario-e-nao-tem-nada-a-ver-com-o-mar-como-muitos-pensam\/","og_locale":"pt_BR","og_type":"article","og_title":"O c\u00e9u \u00e9 azul por um motivo extraordin\u00e1rio e n\u00e3o tem nada a ver com o mar como muitos pensam - Correio Braziliense - Radar","og_description":"O c\u00e9u \u00e9 azul gra\u00e7as a um fen\u00f4meno extraordin\u00e1rio da atmosfera, e n\u00e3o por causa do mar como muitos acreditam erroneamente.","og_url":"https:\/\/www.correiobraziliense.com.br\/cbradar\/o-ceu-e-azul-por-um-motivo-extraordinario-e-nao-tem-nada-a-ver-com-o-mar-como-muitos-pensam\/","og_site_name":"Correio Braziliense - Radar","article_published_time":"2025-12-01T19:15:00+00:00","og_image":[{"width":1280,"height":720,"url":"https:\/\/www.correiobraziliense.com.br\/cbradar\/wp-content\/uploads\/2025\/11\/ceu-_1764543088348.jpg","type":"image\/jpeg"}],"author":"Maura Pereira","twitter_card":"summary_large_image","twitter_misc":{"Escrito por":"Maura Pereira","Est. tempo de leitura":"5 minutos"},"schema":{"@context":"https:\/\/schema.org","@graph":[{"@type":"WebPage","@id":"https:\/\/www.correiobraziliense.com.br\/cbradar\/o-ceu-e-azul-por-um-motivo-extraordinario-e-nao-tem-nada-a-ver-com-o-mar-como-muitos-pensam\/","url":"https:\/\/www.correiobraziliense.com.br\/cbradar\/o-ceu-e-azul-por-um-motivo-extraordinario-e-nao-tem-nada-a-ver-com-o-mar-como-muitos-pensam\/","name":"O c\u00e9u \u00e9 azul por um motivo extraordin\u00e1rio e n\u00e3o tem nada a ver com o mar como muitos pensam - Correio Braziliense - Radar","isPartOf":{"@id":"https:\/\/www.correiobraziliense.com.br\/cbradar\/#website"},"primaryImageOfPage":{"@id":"https:\/\/www.correiobraziliense.com.br\/cbradar\/o-ceu-e-azul-por-um-motivo-extraordinario-e-nao-tem-nada-a-ver-com-o-mar-como-muitos-pensam\/#primaryimage"},"image":{"@id":"https:\/\/www.correiobraziliense.com.br\/cbradar\/o-ceu-e-azul-por-um-motivo-extraordinario-e-nao-tem-nada-a-ver-com-o-mar-como-muitos-pensam\/#primaryimage"},"thumbnailUrl":"https:\/\/www.correiobraziliense.com.br\/cbradar\/wp-content\/uploads\/2025\/11\/ceu-_1764543088348.jpg","datePublished":"2025-12-01T19:15:00+00:00","author":{"@id":"https:\/\/www.correiobraziliense.com.br\/cbradar\/#\/schema\/person\/4053c651a9bfc785afc6f4cbc9032fd3"},"description":"O c\u00e9u \u00e9 azul gra\u00e7as a um fen\u00f4meno extraordin\u00e1rio da atmosfera, e n\u00e3o por causa do mar como muitos acreditam erroneamente.","breadcrumb":{"@id":"https:\/\/www.correiobraziliense.com.br\/cbradar\/o-ceu-e-azul-por-um-motivo-extraordinario-e-nao-tem-nada-a-ver-com-o-mar-como-muitos-pensam\/#breadcrumb"},"inLanguage":"pt-BR","potentialAction":[{"@type":"ReadAction","target":["https:\/\/www.correiobraziliense.com.br\/cbradar\/o-ceu-e-azul-por-um-motivo-extraordinario-e-nao-tem-nada-a-ver-com-o-mar-como-muitos-pensam\/"]}]},{"@type":"ImageObject","inLanguage":"pt-BR","@id":"https:\/\/www.correiobraziliense.com.br\/cbradar\/o-ceu-e-azul-por-um-motivo-extraordinario-e-nao-tem-nada-a-ver-com-o-mar-como-muitos-pensam\/#primaryimage","url":"https:\/\/www.correiobraziliense.com.br\/cbradar\/wp-content\/uploads\/2025\/11\/ceu-_1764543088348.jpg","contentUrl":"https:\/\/www.correiobraziliense.com.br\/cbradar\/wp-content\/uploads\/2025\/11\/ceu-_1764543088348.jpg","width":1280,"height":720,"caption":"C\u00e9u azul resulta da dispers\u00e3o Rayleigh da luz solar na atmosfera, espalhando comprimentos de onda curtos do azul com intensidade m\u00e1xima diurna. \/\/ Cr\u00e9ditos: depositphotos.com \/ prokhorenko9@gmail.com"},{"@type":"BreadcrumbList","@id":"https:\/\/www.correiobraziliense.com.br\/cbradar\/o-ceu-e-azul-por-um-motivo-extraordinario-e-nao-tem-nada-a-ver-com-o-mar-como-muitos-pensam\/#breadcrumb","itemListElement":[{"@type":"ListItem","position":1,"name":"In\u00edcio","item":"https:\/\/www.correiobraziliense.com.br\/cbradar\/"},{"@type":"ListItem","position":2,"name":"O c\u00e9u \u00e9 azul por um motivo extraordin\u00e1rio e n\u00e3o tem nada a ver com o mar como muitos pensam"}]},{"@type":"WebSite","@id":"https:\/\/www.correiobraziliense.com.br\/cbradar\/#website","url":"https:\/\/www.correiobraziliense.com.br\/cbradar\/","name":"Correio Braziliense - Radar","description":"Acompanhe as \u00faltimas not\u00edcias e fique bem informado sobre tudo o que acontece no Brasil e no mundo.","potentialAction":[{"@type":"SearchAction","target":{"@type":"EntryPoint","urlTemplate":"https:\/\/www.correiobraziliense.com.br\/cbradar\/?s={search_term_string}"},"query-input":{"@type":"PropertyValueSpecification","valueRequired":true,"valueName":"search_term_string"}}],"inLanguage":"pt-BR"},{"@type":"Person","@id":"https:\/\/www.correiobraziliense.com.br\/cbradar\/#\/schema\/person\/4053c651a9bfc785afc6f4cbc9032fd3","name":"Maura Pereira","image":{"@type":"ImageObject","inLanguage":"pt-BR","@id":"https:\/\/www.correiobraziliense.com.br\/cbradar\/#\/schema\/person\/image\/","url":"https:\/\/secure.gravatar.com\/avatar\/3effd6bdadfa447f15089c7f7144eaa6?s=96&d=mm&r=g","contentUrl":"https:\/\/secure.gravatar.com\/avatar\/3effd6bdadfa447f15089c7f7144eaa6?s=96&d=mm&r=g","caption":"Maura Pereira"},"sameAs":["https:\/\/www.correiobraziliense.com.br\/"],"url":"https:\/\/www.correiobraziliense.com.br\/cbradar\/author\/mauramyth\/"}]}},"_links":{"self":[{"href":"https:\/\/www.correiobraziliense.com.br\/cbradar\/wp-json\/wp\/v2\/posts\/147892","targetHints":{"allow":["GET"]}}],"collection":[{"href":"https:\/\/www.correiobraziliense.com.br\/cbradar\/wp-json\/wp\/v2\/posts"}],"about":[{"href":"https:\/\/www.correiobraziliense.com.br\/cbradar\/wp-json\/wp\/v2\/types\/post"}],"author":[{"embeddable":true,"href":"https:\/\/www.correiobraziliense.com.br\/cbradar\/wp-json\/wp\/v2\/users\/8"}],"replies":[{"embeddable":true,"href":"https:\/\/www.correiobraziliense.com.br\/cbradar\/wp-json\/wp\/v2\/comments?post=147892"}],"version-history":[{"count":9,"href":"https:\/\/www.correiobraziliense.com.br\/cbradar\/wp-json\/wp\/v2\/posts\/147892\/revisions"}],"predecessor-version":[{"id":147939,"href":"https:\/\/www.correiobraziliense.com.br\/cbradar\/wp-json\/wp\/v2\/posts\/147892\/revisions\/147939"}],"wp:featuredmedia":[{"embeddable":true,"href":"https:\/\/www.correiobraziliense.com.br\/cbradar\/wp-json\/wp\/v2\/media\/147931"}],"wp:attachment":[{"href":"https:\/\/www.correiobraziliense.com.br\/cbradar\/wp-json\/wp\/v2\/media?parent=147892"}],"wp:term":[{"taxonomy":"category","embeddable":true,"href":"https:\/\/www.correiobraziliense.com.br\/cbradar\/wp-json\/wp\/v2\/categories?post=147892"},{"taxonomy":"post_tag","embeddable":true,"href":"https:\/\/www.correiobraziliense.com.br\/cbradar\/wp-json\/wp\/v2\/post_tag?post=147892"}],"curies":[{"name":"wp","href":"https:\/\/api.w.org\/{rel}","templated":true}]}}