{"id":14796,"date":"2025-03-23T15:50:00","date_gmt":"2025-03-23T18:50:00","guid":{"rendered":"https:\/\/www.correiobraziliense.com.br\/cbradar\/?p=14796"},"modified":"2025-03-22T16:57:35","modified_gmt":"2025-03-22T19:57:35","slug":"conheca-a-cidade-menos-populosa-do-brasil","status":"publish","type":"post","link":"https:\/\/www.correiobraziliense.com.br\/cbradar\/conheca-a-cidade-menos-populosa-do-brasil\/","title":{"rendered":"Conhe\u00e7a a cidade menos populosa do Brasil"},"content":{"rendered":"\n<p><strong>Serra da Saudade,<\/strong> localizada no estado de <strong>Minas Gerais,<\/strong> \u00e9 reconhecida como a cidade com a menor popula\u00e7\u00e3o do <strong>Brasil<\/strong>. Com cerca de 831 habitantes, a cidade se destaca por sua tranquilidade e forte senso de comunidade. A vida em Serra da Saudade \u00e9 marcada por um cotidiano pacato, onde a seguran\u00e7a e os la\u00e7os entre os moradores s\u00e3o caracter\u00edsticas predominantes.<\/p>\n\n\n\n<p>Apesar de seu tamanho reduzido, Serra da Saudade oferece servi\u00e7os p\u00fablicos bem avaliados. A cidade n\u00e3o registra um homic\u00eddio h\u00e1 mais de 60 anos, o que refor\u00e7a a sensa\u00e7\u00e3o de seguran\u00e7a entre os habitantes. A proximidade entre os moradores e a confian\u00e7a m\u00fatua s\u00e3o aspectos que contribuem para a harmonia local.<\/p>\n\n\n\n<h2 class=\"wp-block-heading\">Como \u00e9 a vida em Serra da Saudade?<\/h2>\n\n\n\n<p>A vida em Serra da Saudade \u00e9 caracterizada por um ambiente calmo e acolhedor. Os servi\u00e7os de sa\u00fade s\u00e3o acess\u00edveis, com uma unidade de sa\u00fade que fornece medicamentos necess\u00e1rios \u00e0 popula\u00e7\u00e3o. A educa\u00e7\u00e3o tamb\u00e9m \u00e9 valorizada, com uma escola local que atende aos jovens da regi\u00e3o, incentivando-os a planejar seu futuro acad\u00eamico e profissional.<\/p>\n\n\n\n<p>O com\u00e9rcio local \u00e9 baseado na confian\u00e7a, evidenciada pelo uso de cadernetas em mercearias, onde as transa\u00e7\u00f5es s\u00e3o feitas de forma simples e direta. A rela\u00e7\u00e3o pr\u00f3xima entre a Pol\u00edcia Militar e os moradores contribui para a seguran\u00e7a e a ordem na cidade, com movimenta\u00e7\u00f5es suspeitas sendo rapidamente comunicadas e resolvidas.<\/p>\n\n\n\n<figure class=\"wp-block-image size-large\"><img decoding=\"async\" width=\"1024\" height=\"576\" src=\"https:\/\/www.correiobraziliense.com.br\/cbradar\/wp-content\/uploads\/2025\/03\/Minas-Gerais_1742601900647-1024x576.jpg\" alt=\"Conhe\u00e7a a cidade menos populosa do Brasil\" class=\"wp-image-14798\" srcset=\"https:\/\/www.correiobraziliense.com.br\/cbradar\/wp-content\/uploads\/2025\/03\/Minas-Gerais_1742601900647-1024x576.jpg 1024w, https:\/\/www.correiobraziliense.com.br\/cbradar\/wp-content\/uploads\/2025\/03\/Minas-Gerais_1742601900647-300x169.jpg 300w, https:\/\/www.correiobraziliense.com.br\/cbradar\/wp-content\/uploads\/2025\/03\/Minas-Gerais_1742601900647-768x432.jpg 768w, https:\/\/www.correiobraziliense.com.br\/cbradar\/wp-content\/uploads\/2025\/03\/Minas-Gerais_1742601900647-750x422.jpg 750w, https:\/\/www.correiobraziliense.com.br\/cbradar\/wp-content\/uploads\/2025\/03\/Minas-Gerais_1742601900647-1140x641.jpg 1140w, https:\/\/www.correiobraziliense.com.br\/cbradar\/wp-content\/uploads\/2025\/03\/Minas-Gerais_1742601900647.jpg 1280w\" sizes=\"(max-width: 1024px) 100vw, 1024px\" \/><figcaption class=\"wp-element-caption\">Minas Gerais. Cr\u00e9ditos: depositphotos.com \/ lspencer<\/figcaption><\/figure>\n\n\n\n<h2 class=\"wp-block-heading\">Quais s\u00e3o os desafios e benef\u00edcios de viver em Serra da Saudade?<\/h2>\n\n\n\n<p>Viver em Serra da Saudade traz tanto desafios quanto benef\u00edcios. A aus\u00eancia de farm\u00e1cias comerciais pode ser um obst\u00e1culo, mas a unidade de sa\u00fade local supre essa necessidade ao fornecer medicamentos. A vida comunit\u00e1ria \u00e9 intensa, com intera\u00e7\u00f5es aut\u00eanticas e um padr\u00e3o de vida intimista que muitos consideram uma vantagem.<\/p>\n\n\n\n<p>Os moradores de Serra da Saudade, conhecidos como &#8220;serranos saudadenses&#8221;, desfrutam de uma vida tranquila, onde as simples alegrias do dia a dia s\u00e3o valorizadas. A cidade oferece um ref\u00fagio do ritmo acelerado das grandes metr\u00f3poles, proporcionando um ambiente onde a qualidade de vida \u00e9 priorizada.<\/p>\n\n\n\n<h2 class=\"wp-block-heading\">O futuro de Serra da Saudade<\/h2>\n\n\n\n<p>O futuro de Serra da Saudade parece promissor, com um foco cont\u00ednuo na manuten\u00e7\u00e3o da qualidade de vida e na melhoria dos servi\u00e7os p\u00fablicos. A cidade pode ser pequena em tamanho, mas \u00e9 grande em esp\u00edrito comunit\u00e1rio e na determina\u00e7\u00e3o de seus habitantes em preservar o que torna Serra da Saudade \u00fanica.<\/p>\n\n\n\n<p>\u00c0 medida que o mundo avan\u00e7a, Serra da Saudade permanece como um exemplo de como a vida em comunidade pode ser rica e satisfat\u00f3ria, mesmo em um cen\u00e1rio de poucos habitantes. A cidade continua a ser um s\u00edmbolo de seguran\u00e7a, proximidade e simplicidade, valores que s\u00e3o cada vez mais raros no mundo moderno.<\/p>\n","protected":false},"excerpt":{"rendered":"<p>Descubra Serra da Saudade, a cidade brasileira com a popula\u00e7\u00e3o mais reduzida, oferecendo uma vida calma e comunit\u00e1ria.<\/p>\n","protected":false},"author":3,"featured_media":14797,"comment_status":"open","ping_status":"open","sticky":false,"template":"","format":"standard","meta":{"_yoast_wpseo_focuskw":"cidade menos populosa","_yoast_wpseo_title":"%%title%%","_yoast_wpseo_metadesc":"Descubra Serra da Saudade, a cidade brasileira com a popula\u00e7\u00e3o mais reduzida, oferecendo uma vida calma e comunit\u00e1ria.","jnews-multi-image_gallery":[],"jnews_single_post":{"format":"standard"},"jnews_primary_category":[],"jnews_social_meta":[],"jnews_override_counter":[],"footnotes":""},"categories":[108],"tags":[109],"class_list":["post-14796","post","type-post","status-publish","format-standard","has-post-thumbnail","hentry","category-cidades","tag-cidades"],"yoast_head":"<!-- This site is optimized with the Yoast SEO plugin v24.6 - https:\/\/yoast.com\/wordpress\/plugins\/seo\/ -->\n<title>Conhe\u00e7a a cidade menos populosa do Brasil<\/title>\n<meta name=\"description\" content=\"Descubra Serra da Saudade, a cidade brasileira com a popula\u00e7\u00e3o mais reduzida, oferecendo uma vida calma e comunit\u00e1ria.\" \/>\n<meta name=\"robots\" content=\"index, follow, max-snippet:-1, max-image-preview:large, max-video-preview:-1\" \/>\n<link rel=\"canonical\" href=\"https:\/\/www.correiobraziliense.com.br\/cbradar\/conheca-a-cidade-menos-populosa-do-brasil\/\" \/>\n<meta property=\"og:locale\" content=\"pt_BR\" \/>\n<meta property=\"og:type\" content=\"article\" \/>\n<meta property=\"og:title\" content=\"Conhe\u00e7a a cidade menos populosa do Brasil\" \/>\n<meta property=\"og:description\" content=\"Descubra Serra da Saudade, a cidade brasileira com a popula\u00e7\u00e3o mais reduzida, oferecendo uma vida calma e comunit\u00e1ria.\" \/>\n<meta property=\"og:url\" content=\"https:\/\/www.correiobraziliense.com.br\/cbradar\/conheca-a-cidade-menos-populosa-do-brasil\/\" \/>\n<meta property=\"og:site_name\" content=\"Correio Braziliense - Radar\" \/>\n<meta property=\"article:published_time\" content=\"2025-03-23T18:50:00+00:00\" \/>\n<meta property=\"og:image\" content=\"https:\/\/www.correiobraziliense.com.br\/cbradar\/wp-content\/uploads\/2025\/03\/Minas-Gerais_1742601872917.jpg\" \/>\n\t<meta property=\"og:image:width\" content=\"1280\" \/>\n\t<meta property=\"og:image:height\" content=\"720\" \/>\n\t<meta property=\"og:image:type\" content=\"image\/jpeg\" \/>\n<meta name=\"author\" content=\"Larissa Carvalho\" \/>\n<meta name=\"twitter:card\" content=\"summary_large_image\" \/>\n<meta name=\"twitter:label1\" content=\"Escrito por\" \/>\n\t<meta name=\"twitter:data1\" content=\"Larissa Carvalho\" \/>\n\t<meta name=\"twitter:label2\" content=\"Est. tempo de leitura\" \/>\n\t<meta name=\"twitter:data2\" content=\"3 minutos\" \/>\n<!-- \/ Yoast SEO plugin. -->","yoast_head_json":{"title":"Conhe\u00e7a a cidade menos populosa do Brasil","description":"Descubra Serra da Saudade, a cidade brasileira com a popula\u00e7\u00e3o mais reduzida, oferecendo uma vida calma e comunit\u00e1ria.","robots":{"index":"index","follow":"follow","max-snippet":"max-snippet:-1","max-image-preview":"max-image-preview:large","max-video-preview":"max-video-preview:-1"},"canonical":"https:\/\/www.correiobraziliense.com.br\/cbradar\/conheca-a-cidade-menos-populosa-do-brasil\/","og_locale":"pt_BR","og_type":"article","og_title":"Conhe\u00e7a a cidade menos populosa do Brasil","og_description":"Descubra Serra da Saudade, a cidade brasileira com a popula\u00e7\u00e3o mais reduzida, oferecendo uma vida calma e comunit\u00e1ria.","og_url":"https:\/\/www.correiobraziliense.com.br\/cbradar\/conheca-a-cidade-menos-populosa-do-brasil\/","og_site_name":"Correio Braziliense - Radar","article_published_time":"2025-03-23T18:50:00+00:00","og_image":[{"width":1280,"height":720,"url":"https:\/\/www.correiobraziliense.com.br\/cbradar\/wp-content\/uploads\/2025\/03\/Minas-Gerais_1742601872917.jpg","type":"image\/jpeg"}],"author":"Larissa Carvalho","twitter_card":"summary_large_image","twitter_misc":{"Escrito por":"Larissa Carvalho","Est. tempo de leitura":"3 minutos"},"schema":{"@context":"https:\/\/schema.org","@graph":[{"@type":"WebPage","@id":"https:\/\/www.correiobraziliense.com.br\/cbradar\/conheca-a-cidade-menos-populosa-do-brasil\/","url":"https:\/\/www.correiobraziliense.com.br\/cbradar\/conheca-a-cidade-menos-populosa-do-brasil\/","name":"Conhe\u00e7a a cidade menos populosa do Brasil","isPartOf":{"@id":"https:\/\/www.correiobraziliense.com.br\/cbradar\/#website"},"primaryImageOfPage":{"@id":"https:\/\/www.correiobraziliense.com.br\/cbradar\/conheca-a-cidade-menos-populosa-do-brasil\/#primaryimage"},"image":{"@id":"https:\/\/www.correiobraziliense.com.br\/cbradar\/conheca-a-cidade-menos-populosa-do-brasil\/#primaryimage"},"thumbnailUrl":"https:\/\/www.correiobraziliense.com.br\/cbradar\/wp-content\/uploads\/2025\/03\/Minas-Gerais_1742601872917.jpg","datePublished":"2025-03-23T18:50:00+00:00","author":{"@id":"https:\/\/www.correiobraziliense.com.br\/cbradar\/#\/schema\/person\/58422787644df994b53a19d3e56c1513"},"description":"Descubra Serra da Saudade, a cidade brasileira com a popula\u00e7\u00e3o mais reduzida, oferecendo uma vida calma e comunit\u00e1ria.","breadcrumb":{"@id":"https:\/\/www.correiobraziliense.com.br\/cbradar\/conheca-a-cidade-menos-populosa-do-brasil\/#breadcrumb"},"inLanguage":"pt-BR","potentialAction":[{"@type":"ReadAction","target":["https:\/\/www.correiobraziliense.com.br\/cbradar\/conheca-a-cidade-menos-populosa-do-brasil\/"]}]},{"@type":"ImageObject","inLanguage":"pt-BR","@id":"https:\/\/www.correiobraziliense.com.br\/cbradar\/conheca-a-cidade-menos-populosa-do-brasil\/#primaryimage","url":"https:\/\/www.correiobraziliense.com.br\/cbradar\/wp-content\/uploads\/2025\/03\/Minas-Gerais_1742601872917.jpg","contentUrl":"https:\/\/www.correiobraziliense.com.br\/cbradar\/wp-content\/uploads\/2025\/03\/Minas-Gerais_1742601872917.jpg","width":1280,"height":720,"caption":"Minas Gerais. Cr\u00e9ditos: depositphotos.com \/ lspencer"},{"@type":"BreadcrumbList","@id":"https:\/\/www.correiobraziliense.com.br\/cbradar\/conheca-a-cidade-menos-populosa-do-brasil\/#breadcrumb","itemListElement":[{"@type":"ListItem","position":1,"name":"In\u00edcio","item":"https:\/\/www.correiobraziliense.com.br\/cbradar\/"},{"@type":"ListItem","position":2,"name":"Conhe\u00e7a a cidade menos populosa do Brasil"}]},{"@type":"WebSite","@id":"https:\/\/www.correiobraziliense.com.br\/cbradar\/#website","url":"https:\/\/www.correiobraziliense.com.br\/cbradar\/","name":"Correio Braziliense - Radar","description":"Acompanhe as \u00faltimas not\u00edcias e fique bem informado sobre tudo o que acontece no Brasil e no mundo.","potentialAction":[{"@type":"SearchAction","target":{"@type":"EntryPoint","urlTemplate":"https:\/\/www.correiobraziliense.com.br\/cbradar\/?s={search_term_string}"},"query-input":{"@type":"PropertyValueSpecification","valueRequired":true,"valueName":"search_term_string"}}],"inLanguage":"pt-BR"},{"@type":"Person","@id":"https:\/\/www.correiobraziliense.com.br\/cbradar\/#\/schema\/person\/58422787644df994b53a19d3e56c1513","name":"Larissa Carvalho","image":{"@type":"ImageObject","inLanguage":"pt-BR","@id":"https:\/\/www.correiobraziliense.com.br\/cbradar\/#\/schema\/person\/image\/","url":"https:\/\/secure.gravatar.com\/avatar\/fe4f91a0de32b52a838d0d612abdc1aa?s=96&d=mm&r=g","contentUrl":"https:\/\/secure.gravatar.com\/avatar\/fe4f91a0de32b52a838d0d612abdc1aa?s=96&d=mm&r=g","caption":"Larissa Carvalho"},"url":"https:\/\/www.correiobraziliense.com.br\/cbradar\/author\/larissamyth\/"}]}},"_links":{"self":[{"href":"https:\/\/www.correiobraziliense.com.br\/cbradar\/wp-json\/wp\/v2\/posts\/14796","targetHints":{"allow":["GET"]}}],"collection":[{"href":"https:\/\/www.correiobraziliense.com.br\/cbradar\/wp-json\/wp\/v2\/posts"}],"about":[{"href":"https:\/\/www.correiobraziliense.com.br\/cbradar\/wp-json\/wp\/v2\/types\/post"}],"author":[{"embeddable":true,"href":"https:\/\/www.correiobraziliense.com.br\/cbradar\/wp-json\/wp\/v2\/users\/3"}],"replies":[{"embeddable":true,"href":"https:\/\/www.correiobraziliense.com.br\/cbradar\/wp-json\/wp\/v2\/comments?post=14796"}],"version-history":[{"count":1,"href":"https:\/\/www.correiobraziliense.com.br\/cbradar\/wp-json\/wp\/v2\/posts\/14796\/revisions"}],"predecessor-version":[{"id":14799,"href":"https:\/\/www.correiobraziliense.com.br\/cbradar\/wp-json\/wp\/v2\/posts\/14796\/revisions\/14799"}],"wp:featuredmedia":[{"embeddable":true,"href":"https:\/\/www.correiobraziliense.com.br\/cbradar\/wp-json\/wp\/v2\/media\/14797"}],"wp:attachment":[{"href":"https:\/\/www.correiobraziliense.com.br\/cbradar\/wp-json\/wp\/v2\/media?parent=14796"}],"wp:term":[{"taxonomy":"category","embeddable":true,"href":"https:\/\/www.correiobraziliense.com.br\/cbradar\/wp-json\/wp\/v2\/categories?post=14796"},{"taxonomy":"post_tag","embeddable":true,"href":"https:\/\/www.correiobraziliense.com.br\/cbradar\/wp-json\/wp\/v2\/tags?post=14796"}],"curies":[{"name":"wp","href":"https:\/\/api.w.org\/{rel}","templated":true}]}}