{"id":147972,"date":"2025-12-01T15:15:00","date_gmt":"2025-12-01T18:15:00","guid":{"rendered":"https:\/\/www.correiobraziliense.com.br\/cbradar\/?p=147972"},"modified":"2025-11-30T20:55:25","modified_gmt":"2025-11-30T23:55:25","slug":"o-que-realmente-significa-sic-transit-gloria-mundi-e-por-que-a-frase-esta-ligada-ao-vaticano","status":"publish","type":"post","link":"https:\/\/www.correiobraziliense.com.br\/cbradar\/o-que-realmente-significa-sic-transit-gloria-mundi-e-por-que-a-frase-esta-ligada-ao-vaticano\/","title":{"rendered":"O que realmente significa &#8220;Sic Transit Gloria Mundi&#8221; e por que a frase est\u00e1 ligada ao vaticano?"},"content":{"rendered":"\n<p>A express\u00e3o latina <strong>\u201cSic Transit Gloria Mundi\u201d<\/strong> \u00e9 uma das frases mais famosas da hist\u00f3ria da <strong>Igreja Cat\u00f3lica <\/strong>e carrega um significado profundo sobre o destino humano, a humildade e a passagem do tempo. Associada tradicionalmente \u00e0s cerim\u00f4nias papais, ela provoca reflex\u00e3o sobre a fragilidade da gl\u00f3ria e do poder. Neste artigo, voc\u00ea entender\u00e1 a origem, o uso e o sentido real dessa frase hist\u00f3rica.<\/p>\n\n\n\n<h2 class=\"wp-block-heading\">Qual \u00e9 o significado literal e simb\u00f3lico da frase?<\/h2>\n\n\n\n<p>A tradu\u00e7\u00e3o direta de <strong>&#8220;Sic Transit Gloria Mundi&#8221;<\/strong> \u00e9: <strong>\u201cAssim passa a gl\u00f3ria do mundo.\u201d<\/strong> Em outras palavras, tudo o que \u00e9 grandioso, poderoso ou admirado na Terra \u00e9 passageiro. A frase resume a ideia crist\u00e3 de que a vida terrena \u00e9 tempor\u00e1ria e nada \u2014 riqueza, fama ou poder \u2014 permanece para sempre.<\/p>\n\n\n\n<p>Simbolicamente, a express\u00e3o funciona como um lembrete de humildade. Ela alerta que, por mais elevado que algu\u00e9m seja, sua gl\u00f3ria tamb\u00e9m se desfaz com o tempo.<\/p>\n\n\n<div class=\"wp-block-image\">\n<figure class=\"aligncenter size-large\"><img decoding=\"async\" width=\"1024\" height=\"576\" src=\"https:\/\/www.correiobraziliense.com.br\/cbradar\/wp-content\/uploads\/2025\/11\/G-96-1024x576.png\" alt=\"O que realmente significa &quot;Sic Transit Gloria Mundi&quot; e por que a frase est\u00e1 ligada ao vaticano?\" class=\"wp-image-147991\" srcset=\"https:\/\/www.correiobraziliense.com.br\/cbradar\/wp-content\/uploads\/2025\/11\/G-96-1024x576.png 1024w, https:\/\/www.correiobraziliense.com.br\/cbradar\/wp-content\/uploads\/2025\/11\/G-96-300x169.png 300w, https:\/\/www.correiobraziliense.com.br\/cbradar\/wp-content\/uploads\/2025\/11\/G-96-768x432.png 768w, https:\/\/www.correiobraziliense.com.br\/cbradar\/wp-content\/uploads\/2025\/11\/G-96-750x422.png 750w, https:\/\/www.correiobraziliense.com.br\/cbradar\/wp-content\/uploads\/2025\/11\/G-96-1140x641.png 1140w, https:\/\/www.correiobraziliense.com.br\/cbradar\/wp-content\/uploads\/2025\/11\/G-96.png 1280w\" sizes=\"(max-width: 1024px) 100vw, 1024px\" \/><figcaption class=\"wp-element-caption\">A frase \u00e9 um lembrete poderoso de que tudo passa, inclusive os momentos de triunfo<\/figcaption><\/figure><\/div>\n\n\n<h2 class=\"wp-block-heading\">Como essa frase se relacionava com os rituais do Papa?<\/h2>\n\n\n\n<p>Durante s\u00e9culos, a express\u00e3o fez parte da cerim\u00f4nia de <strong>coroa\u00e7\u00e3o papal<\/strong>. No ritual, um mestre de cerim\u00f4nias acendia uma tocha de linho e, ao v\u00ea-la apagar rapidamente, proclamava: <em>&#8220;Sic Transit Gloria Mundi&#8221;.<\/em> Isso acontecia <strong>tr\u00eas vezes<\/strong>.<\/p>\n\n\n\n<p>O gesto tinha um significado claro: lembrar ao novo Papa que, apesar da grande honra e do poder espiritual recebidos, ele continua sendo humano, mortal e sujeito ao tempo. Era um convite \u00e0 humildade diante da responsabilidade.<\/p>\n\n\n\n<h2 class=\"wp-block-heading\">Por que a Igreja usava essa mensagem para o l\u00edder m\u00e1ximo?<\/h2>\n\n\n\n<p>A inten\u00e7\u00e3o era equilibrar o peso da grandeza papal com um chamado \u00e0 consci\u00eancia. O Papa, ao assumir autoridade global, precisava manter o foco no servi\u00e7o e n\u00e3o na gl\u00f3ria.<\/p>\n\n\n\n<p>A frase refor\u00e7ava o princ\u00edpio crist\u00e3o de que o poder deve ser exercido com humildade, compaix\u00e3o e senso de miss\u00e3o \u2014 nunca como exalta\u00e7\u00e3o pessoal.<\/p>\n\n\n\n<h2 class=\"wp-block-heading\">A express\u00e3o ainda \u00e9 usada hoje?<\/h2>\n\n\n\n<p>A cerim\u00f4nia tradicional foi extinta no s\u00e9culo XX, mas a frase continua viva na cultura, na literatura e no ensino religioso. Ela aparece em filmes, livros hist\u00f3ricos e at\u00e9 discuss\u00f5es filos\u00f3ficas sobre a passagem do tempo.<\/p>\n\n\n\n<p>Atualmente, &#8220;Sic Transit Gloria Mundi&#8221; \u00e9 usada para expressar a efemeridade da fama, da beleza, do poder ou de qualquer conquista humana que n\u00e3o dura para sempre.<\/p>\n\n\n\n<p><strong>Leia tamb\u00e9m: <a href=\"https:\/\/www.correiobraziliense.com.br\/cbradar\/a-planta-que-faz-milagres-na-pele-e-ainda-e-facil-de-plantar-em-casa\/\" target=\"_blank\" rel=\"noreferrer noopener\">A planta que faz milagres na pele e ainda \u00e9 f\u00e1cil de plantar em casa.<\/a><\/strong><\/p>\n\n\n\n<h2 class=\"wp-block-heading\">O que podemos aprender com essa express\u00e3o?<\/h2>\n\n\n\n<p>A frase \u00e9 um lembrete poderoso de que tudo passa \u2014 inclusive os momentos de triunfo. \u00c9 uma chamada para viver com consci\u00eancia, valorizar o que realmente importa e manter a humildade mesmo em posi\u00e7\u00f5es elevadas.<\/p>\n\n\n\n<p>Em ess\u00eancia, a li\u00e7\u00e3o \u00e9 clara: <strong>a gl\u00f3ria humana \u00e9 breve, mas o legado deixado pelas a\u00e7\u00f5es e pelo car\u00e1ter permanece muito mais tempo.<\/strong><\/p>\n","protected":false},"excerpt":{"rendered":"<p>A express\u00e3o latina \u201cSic Transit Gloria Mundi\u201d \u00e9 uma das frases mais famosas da hist\u00f3ria da Igreja Cat\u00f3lica e carrega um significado profundo sobre o destino humano, a humildade e a passagem do tempo. Associada tradicionalmente \u00e0s cerim\u00f4nias papais, ela provoca reflex\u00e3o sobre a fragilidade da gl\u00f3ria e do poder. Neste artigo, voc\u00ea entender\u00e1 a [&hellip;]<\/p>\n","protected":false},"author":8,"featured_media":147997,"comment_status":"open","ping_status":"open","sticky":false,"template":"","format":"standard","meta":{"_yoast_wpseo_focuskw":"Sic Transit Gloria Mundi","_yoast_wpseo_title":"","_yoast_wpseo_metadesc":"Descubra por que \"Sic Transit Gloria Mundi\" esconde um significado profundo ligado ao Vaticano e continua provocando tanta curiosidade.","jnews-multi-image_gallery":[],"jnews_single_post":{"format":"standard"},"jnews_primary_category":[],"jnews_social_meta":[],"jnews_override_counter":[],"footnotes":""},"categories":[112],"post_tag":[10394,11284,12130,2943],"class_list":["post-147972","post","type-post","status-publish","format-standard","has-post-thumbnail","hentry","category-curiosidades","tag-frase","tag-linguas-2","tag-sic-transit-gloria-mundi","tag-vaticano"],"yoast_head":"<!-- This site is optimized with the Yoast SEO plugin v24.6 - https:\/\/yoast.com\/wordpress\/plugins\/seo\/ -->\n<title>O que realmente significa &quot;Sic Transit Gloria Mundi&quot; e por que a frase est\u00e1 ligada ao vaticano? - Correio Braziliense - Radar<\/title>\n<meta name=\"description\" content=\"Descubra por que &quot;Sic Transit Gloria Mundi&quot; esconde um significado profundo ligado ao Vaticano e continua provocando tanta curiosidade.\" \/>\n<meta name=\"robots\" content=\"index, follow, max-snippet:-1, max-image-preview:large, max-video-preview:-1\" \/>\n<link rel=\"canonical\" href=\"https:\/\/www.correiobraziliense.com.br\/cbradar\/o-que-realmente-significa-sic-transit-gloria-mundi-e-por-que-a-frase-esta-ligada-ao-vaticano\/\" \/>\n<meta property=\"og:locale\" content=\"pt_BR\" \/>\n<meta property=\"og:type\" content=\"article\" \/>\n<meta property=\"og:title\" content=\"O que realmente significa &quot;Sic Transit Gloria Mundi&quot; e por que a frase est\u00e1 ligada ao vaticano? - Correio Braziliense - Radar\" \/>\n<meta property=\"og:description\" content=\"Descubra por que &quot;Sic Transit Gloria Mundi&quot; esconde um significado profundo ligado ao Vaticano e continua provocando tanta curiosidade.\" \/>\n<meta property=\"og:url\" content=\"https:\/\/www.correiobraziliense.com.br\/cbradar\/o-que-realmente-significa-sic-transit-gloria-mundi-e-por-que-a-frase-esta-ligada-ao-vaticano\/\" \/>\n<meta property=\"og:site_name\" content=\"Correio Braziliense - Radar\" \/>\n<meta property=\"article:published_time\" content=\"2025-12-01T18:15:00+00:00\" \/>\n<meta property=\"og:image\" content=\"https:\/\/www.correiobraziliense.com.br\/cbradar\/wp-content\/uploads\/2025\/11\/vaticano_1764546667886.jpg\" \/>\n\t<meta property=\"og:image:width\" content=\"1280\" \/>\n\t<meta property=\"og:image:height\" content=\"720\" \/>\n\t<meta property=\"og:image:type\" content=\"image\/jpeg\" \/>\n<meta name=\"author\" content=\"Maura Pereira\" \/>\n<meta name=\"twitter:card\" content=\"summary_large_image\" \/>\n<meta name=\"twitter:label1\" content=\"Escrito por\" \/>\n\t<meta name=\"twitter:data1\" content=\"Maura Pereira\" \/>\n\t<meta name=\"twitter:label2\" content=\"Est. tempo de leitura\" \/>\n\t<meta name=\"twitter:data2\" content=\"3 minutos\" \/>\n<!-- \/ Yoast SEO plugin. -->","yoast_head_json":{"title":"O que realmente significa \"Sic Transit Gloria Mundi\" e por que a frase est\u00e1 ligada ao vaticano? - Correio Braziliense - Radar","description":"Descubra por que \"Sic Transit Gloria Mundi\" esconde um significado profundo ligado ao Vaticano e continua provocando tanta curiosidade.","robots":{"index":"index","follow":"follow","max-snippet":"max-snippet:-1","max-image-preview":"max-image-preview:large","max-video-preview":"max-video-preview:-1"},"canonical":"https:\/\/www.correiobraziliense.com.br\/cbradar\/o-que-realmente-significa-sic-transit-gloria-mundi-e-por-que-a-frase-esta-ligada-ao-vaticano\/","og_locale":"pt_BR","og_type":"article","og_title":"O que realmente significa \"Sic Transit Gloria Mundi\" e por que a frase est\u00e1 ligada ao vaticano? - Correio Braziliense - Radar","og_description":"Descubra por que \"Sic Transit Gloria Mundi\" esconde um significado profundo ligado ao Vaticano e continua provocando tanta curiosidade.","og_url":"https:\/\/www.correiobraziliense.com.br\/cbradar\/o-que-realmente-significa-sic-transit-gloria-mundi-e-por-que-a-frase-esta-ligada-ao-vaticano\/","og_site_name":"Correio Braziliense - Radar","article_published_time":"2025-12-01T18:15:00+00:00","og_image":[{"width":1280,"height":720,"url":"https:\/\/www.correiobraziliense.com.br\/cbradar\/wp-content\/uploads\/2025\/11\/vaticano_1764546667886.jpg","type":"image\/jpeg"}],"author":"Maura Pereira","twitter_card":"summary_large_image","twitter_misc":{"Escrito por":"Maura Pereira","Est. tempo de leitura":"3 minutos"},"schema":{"@context":"https:\/\/schema.org","@graph":[{"@type":"WebPage","@id":"https:\/\/www.correiobraziliense.com.br\/cbradar\/o-que-realmente-significa-sic-transit-gloria-mundi-e-por-que-a-frase-esta-ligada-ao-vaticano\/","url":"https:\/\/www.correiobraziliense.com.br\/cbradar\/o-que-realmente-significa-sic-transit-gloria-mundi-e-por-que-a-frase-esta-ligada-ao-vaticano\/","name":"O que realmente significa \"Sic Transit Gloria Mundi\" e por que a frase est\u00e1 ligada ao vaticano? - Correio Braziliense - Radar","isPartOf":{"@id":"https:\/\/www.correiobraziliense.com.br\/cbradar\/#website"},"primaryImageOfPage":{"@id":"https:\/\/www.correiobraziliense.com.br\/cbradar\/o-que-realmente-significa-sic-transit-gloria-mundi-e-por-que-a-frase-esta-ligada-ao-vaticano\/#primaryimage"},"image":{"@id":"https:\/\/www.correiobraziliense.com.br\/cbradar\/o-que-realmente-significa-sic-transit-gloria-mundi-e-por-que-a-frase-esta-ligada-ao-vaticano\/#primaryimage"},"thumbnailUrl":"https:\/\/www.correiobraziliense.com.br\/cbradar\/wp-content\/uploads\/2025\/11\/vaticano_1764546667886.jpg","datePublished":"2025-12-01T18:15:00+00:00","author":{"@id":"https:\/\/www.correiobraziliense.com.br\/cbradar\/#\/schema\/person\/4053c651a9bfc785afc6f4cbc9032fd3"},"description":"Descubra por que \"Sic Transit Gloria Mundi\" esconde um significado profundo ligado ao Vaticano e continua provocando tanta curiosidade.","breadcrumb":{"@id":"https:\/\/www.correiobraziliense.com.br\/cbradar\/o-que-realmente-significa-sic-transit-gloria-mundi-e-por-que-a-frase-esta-ligada-ao-vaticano\/#breadcrumb"},"inLanguage":"pt-BR","potentialAction":[{"@type":"ReadAction","target":["https:\/\/www.correiobraziliense.com.br\/cbradar\/o-que-realmente-significa-sic-transit-gloria-mundi-e-por-que-a-frase-esta-ligada-ao-vaticano\/"]}]},{"@type":"ImageObject","inLanguage":"pt-BR","@id":"https:\/\/www.correiobraziliense.com.br\/cbradar\/o-que-realmente-significa-sic-transit-gloria-mundi-e-por-que-a-frase-esta-ligada-ao-vaticano\/#primaryimage","url":"https:\/\/www.correiobraziliense.com.br\/cbradar\/wp-content\/uploads\/2025\/11\/vaticano_1764546667886.jpg","contentUrl":"https:\/\/www.correiobraziliense.com.br\/cbradar\/wp-content\/uploads\/2025\/11\/vaticano_1764546667886.jpg","width":1280,"height":720,"caption":"Simbolicamente, a express\u00e3o funciona como um lembrete de humildade. Ela alerta que, por mais elevado que algu\u00e9m seja, sua gl\u00f3ria tamb\u00e9m se desfaz com o tempo. \/\/ Cr\u00e9ditos: depositphotos.com \/ gianliguori"},{"@type":"BreadcrumbList","@id":"https:\/\/www.correiobraziliense.com.br\/cbradar\/o-que-realmente-significa-sic-transit-gloria-mundi-e-por-que-a-frase-esta-ligada-ao-vaticano\/#breadcrumb","itemListElement":[{"@type":"ListItem","position":1,"name":"In\u00edcio","item":"https:\/\/www.correiobraziliense.com.br\/cbradar\/"},{"@type":"ListItem","position":2,"name":"O que realmente significa &#8220;Sic Transit Gloria Mundi&#8221; e por que a frase est\u00e1 ligada ao vaticano?"}]},{"@type":"WebSite","@id":"https:\/\/www.correiobraziliense.com.br\/cbradar\/#website","url":"https:\/\/www.correiobraziliense.com.br\/cbradar\/","name":"Correio Braziliense - Radar","description":"Acompanhe as \u00faltimas not\u00edcias e fique bem informado sobre tudo o que acontece no Brasil e no mundo.","potentialAction":[{"@type":"SearchAction","target":{"@type":"EntryPoint","urlTemplate":"https:\/\/www.correiobraziliense.com.br\/cbradar\/?s={search_term_string}"},"query-input":{"@type":"PropertyValueSpecification","valueRequired":true,"valueName":"search_term_string"}}],"inLanguage":"pt-BR"},{"@type":"Person","@id":"https:\/\/www.correiobraziliense.com.br\/cbradar\/#\/schema\/person\/4053c651a9bfc785afc6f4cbc9032fd3","name":"Maura Pereira","image":{"@type":"ImageObject","inLanguage":"pt-BR","@id":"https:\/\/www.correiobraziliense.com.br\/cbradar\/#\/schema\/person\/image\/","url":"https:\/\/secure.gravatar.com\/avatar\/3effd6bdadfa447f15089c7f7144eaa6?s=96&d=mm&r=g","contentUrl":"https:\/\/secure.gravatar.com\/avatar\/3effd6bdadfa447f15089c7f7144eaa6?s=96&d=mm&r=g","caption":"Maura Pereira"},"sameAs":["https:\/\/www.correiobraziliense.com.br\/"],"url":"https:\/\/www.correiobraziliense.com.br\/cbradar\/author\/mauramyth\/"}]}},"_links":{"self":[{"href":"https:\/\/www.correiobraziliense.com.br\/cbradar\/wp-json\/wp\/v2\/posts\/147972","targetHints":{"allow":["GET"]}}],"collection":[{"href":"https:\/\/www.correiobraziliense.com.br\/cbradar\/wp-json\/wp\/v2\/posts"}],"about":[{"href":"https:\/\/www.correiobraziliense.com.br\/cbradar\/wp-json\/wp\/v2\/types\/post"}],"author":[{"embeddable":true,"href":"https:\/\/www.correiobraziliense.com.br\/cbradar\/wp-json\/wp\/v2\/users\/8"}],"replies":[{"embeddable":true,"href":"https:\/\/www.correiobraziliense.com.br\/cbradar\/wp-json\/wp\/v2\/comments?post=147972"}],"version-history":[{"count":8,"href":"https:\/\/www.correiobraziliense.com.br\/cbradar\/wp-json\/wp\/v2\/posts\/147972\/revisions"}],"predecessor-version":[{"id":147999,"href":"https:\/\/www.correiobraziliense.com.br\/cbradar\/wp-json\/wp\/v2\/posts\/147972\/revisions\/147999"}],"wp:featuredmedia":[{"embeddable":true,"href":"https:\/\/www.correiobraziliense.com.br\/cbradar\/wp-json\/wp\/v2\/media\/147997"}],"wp:attachment":[{"href":"https:\/\/www.correiobraziliense.com.br\/cbradar\/wp-json\/wp\/v2\/media?parent=147972"}],"wp:term":[{"taxonomy":"category","embeddable":true,"href":"https:\/\/www.correiobraziliense.com.br\/cbradar\/wp-json\/wp\/v2\/categories?post=147972"},{"taxonomy":"post_tag","embeddable":true,"href":"https:\/\/www.correiobraziliense.com.br\/cbradar\/wp-json\/wp\/v2\/post_tag?post=147972"}],"curies":[{"name":"wp","href":"https:\/\/api.w.org\/{rel}","templated":true}]}}