{"id":148004,"date":"2025-12-01T11:05:00","date_gmt":"2025-12-01T14:05:00","guid":{"rendered":"https:\/\/www.correiobraziliense.com.br\/cbradar\/?p=148004"},"modified":"2025-11-30T21:13:53","modified_gmt":"2025-12-01T00:13:53","slug":"por-que-joao-e-maria-sao-nomes-antigos-mas-ainda-tao-comuns-no-brasil","status":"publish","type":"post","link":"https:\/\/www.correiobraziliense.com.br\/cbradar\/por-que-joao-e-maria-sao-nomes-antigos-mas-ainda-tao-comuns-no-brasil\/","title":{"rendered":"Por que Jo\u00e3o e Maria s\u00e3o nomes antigos, mas ainda t\u00e3o comuns no Brasil?"},"content":{"rendered":"\n<p><strong>Jo\u00e3o e Maria est\u00e3o entre os nomes mais tradicionais da cultura brasileira, aparecendo por d\u00e9cadas nos primeiros lugares das listas de registros de nascimento. <\/strong>Embora simples, esses nomes carregam hist\u00f3ria, simbolismo religioso e forte presen\u00e7a cultural. Neste artigo, voc\u00ea entender\u00e1 por que esses dois nomes se tornaram t\u00e3o populares e como influenciaram a identidade brasileira.<\/p>\n\n\n\n<h2 class=\"wp-block-heading\">Qual \u00e9 a origem hist\u00f3rica de Jo\u00e3o e Maria no Brasil?<\/h2>\n\n\n\n<p>A popularidade desses nomes come\u00e7a no per\u00edodo colonial, quando a cultura portuguesa \u2014 <strong>profundamente crist\u00e3 <\/strong>\u2014 influenciou diretamente os costumes, inclusive a escolha de nomes. <strong>Jo\u00e3o<\/strong> e <strong>Maria<\/strong> j\u00e1 eram comuns em Portugal e foram trazidos pelos colonizadores, mission\u00e1rios e imigrantes europeus.<\/p>\n\n\n\n<p>A for\u00e7a religiosa tamb\u00e9m contribuiu: Jo\u00e3o \u00e9 associado a diversos santos e figuras b\u00edblicas, assim como Maria \u00e9 reverenciada como a principal figura feminina do cristianismo. Essa heran\u00e7a espiritual moldou gera\u00e7\u00f5es e consolidou esses nomes como parte da identidade nacional.<\/p>\n\n\n<div class=\"wp-block-image\">\n<figure class=\"aligncenter size-large\"><img decoding=\"async\" width=\"1024\" height=\"576\" src=\"https:\/\/www.correiobraziliense.com.br\/cbradar\/wp-content\/uploads\/2025\/11\/joao-e-maria_1764547605476-1024x576.jpg\" alt=\"Por que Jo\u00e3o e Maria s\u00e3o nomes antigos, mas ainda t\u00e3o comuns no Brasil?\" class=\"wp-image-148009\" srcset=\"https:\/\/www.correiobraziliense.com.br\/cbradar\/wp-content\/uploads\/2025\/11\/joao-e-maria_1764547605476-1024x576.jpg 1024w, https:\/\/www.correiobraziliense.com.br\/cbradar\/wp-content\/uploads\/2025\/11\/joao-e-maria_1764547605476-300x169.jpg 300w, https:\/\/www.correiobraziliense.com.br\/cbradar\/wp-content\/uploads\/2025\/11\/joao-e-maria_1764547605476-768x432.jpg 768w, https:\/\/www.correiobraziliense.com.br\/cbradar\/wp-content\/uploads\/2025\/11\/joao-e-maria_1764547605476-750x422.jpg 750w, https:\/\/www.correiobraziliense.com.br\/cbradar\/wp-content\/uploads\/2025\/11\/joao-e-maria_1764547605476-1140x641.jpg 1140w, https:\/\/www.correiobraziliense.com.br\/cbradar\/wp-content\/uploads\/2025\/11\/joao-e-maria_1764547605476.jpg 1280w\" sizes=\"(max-width: 1024px) 100vw, 1024px\" \/><figcaption class=\"wp-element-caption\">o\u00e3o e Maria evocam heran\u00e7a colonial de f\u00e9 profunda, inspirando gera\u00e7\u00f5es com simplicidade eterna e conex\u00f5es familiares que transcendem o tempo. \/\/ Cr\u00e9ditos: depositphotos.com \/ ruskpp<\/figcaption><\/figure><\/div>\n\n\n<h2 class=\"wp-block-heading\">Por que esses nomes se tornaram s\u00edmbolos culturais?<\/h2>\n\n\n\n<p>Al\u00e9m da religi\u00e3o, Jo\u00e3o e Maria aparecem repetidamente na m\u00fasica, literatura, contos populares e hist\u00f3rias infantis. A presen\u00e7a em narrativas tradicionais refor\u00e7ou seu uso durante s\u00e9culos.<\/p>\n\n\n\n<p>Jo\u00e3o tornou-se s\u00edmbolo do \u201chomem comum\u201d, aparecendo em express\u00f5es como \u201cJo\u00e3o Ningu\u00e9m\u201d ou \u201cJo\u00e3o do povo\u201d. J\u00e1 Maria ganhou significados variados, desde a figura materna at\u00e9 representa\u00e7\u00f5es de for\u00e7a, simplicidade e f\u00e9.<\/p>\n\n\n\n<h2 class=\"wp-block-heading\">O que influencia os pais a escolherem esses nomes at\u00e9 hoje?<\/h2>\n\n\n\n<p>Mesmo com tend\u00eancias modernas, muitos pais preferem nomes cl\u00e1ssicos por causa da familiaridade, da sonoridade e da tradi\u00e7\u00e3o. Esses nomes s\u00e3o f\u00e1ceis de pronunciar, simples de escrever e combinam com diversos sobrenomes brasileiros.<\/p>\n\n\n\n<p>Outro fator \u00e9 a sensa\u00e7\u00e3o de proximidade e afeto ligada a esses nomes. Eles transmitem acolhimento, hist\u00f3ria e conex\u00e3o com a cultura do pa\u00eds.<\/p>\n\n\n\n<p><strong>Leia tamb\u00e9m: <a href=\"https:\/\/www.correiobraziliense.com.br\/cbradar\/a-planta-que-faz-milagres-na-pele-e-ainda-e-facil-de-plantar-em-casa\/\">A planta que faz milagres na pele e ainda \u00e9 f\u00e1cil de plantar em casa.<\/a><\/strong><\/p>\n\n\n\n<h2 class=\"wp-block-heading\">Jo\u00e3o e Maria perderam for\u00e7a ao longo dos anos?<\/h2>\n\n\n\n<p>Embora novas gera\u00e7\u00f5es busquem nomes mais curtos ou contempor\u00e2neos, Jo\u00e3o e Maria continuam entre os nomes mais escolhidos. Variantes modernas \u2014 como Jo\u00e3o Pedro, Jo\u00e3o Miguel, Maria Clara e Maria Eduarda \u2014 mant\u00eam viva a tradi\u00e7\u00e3o.<\/p>\n\n\n\n<p>Essas combina\u00e7\u00f5es permitem renovar a sonoridade sem perder o valor hist\u00f3rico e emocional que acompanha esses nomes h\u00e1 s\u00e9culos.<\/p>\n\n\n\n<h2 class=\"wp-block-heading\">O que esses nomes revelam sobre a cultura brasileira?<\/h2>\n\n\n\n<p>A prefer\u00eancia por Jo\u00e3o e Maria mostra a for\u00e7a das ra\u00edzes crist\u00e3s, da influ\u00eancia portuguesa e da import\u00e2ncia da simplicidade na identidade brasileira. S\u00e3o nomes que atravessam classes sociais, regi\u00f5es e gera\u00e7\u00f5es.<\/p>\n\n\n\n<p>Em ess\u00eancia, <strong>Jo\u00e3o e Maria simbolizam tradi\u00e7\u00e3o, f\u00e9 e continuidade cultural<\/strong>, preservando parte da mem\u00f3ria hist\u00f3rica do Brasil em cada nova crian\u00e7a que recebe esses nomes.<\/p>\n","protected":false},"excerpt":{"rendered":"<p>Jo\u00e3o e Maria est\u00e3o entre os nomes mais tradicionais da cultura brasileira, aparecendo por d\u00e9cadas nos primeiros lugares das listas de registros de nascimento. Embora simples, esses nomes carregam hist\u00f3ria, simbolismo religioso e forte presen\u00e7a cultural. Neste artigo, voc\u00ea entender\u00e1 por que esses dois nomes se tornaram t\u00e3o populares e como influenciaram a identidade brasileira. [&hellip;]<\/p>\n","protected":false},"author":8,"featured_media":148012,"comment_status":"open","ping_status":"open","sticky":false,"template":"","format":"standard","meta":{"_yoast_wpseo_focuskw":"jo\u00e3o e maria","_yoast_wpseo_title":"","_yoast_wpseo_metadesc":"Jo\u00e3o e Maria s\u00e3o nomes antigos, mas continuam populares no Brasil por motivos culturais e hist\u00f3ricos que surpreendem.","jnews-multi-image_gallery":[],"jnews_single_post":{"format":"standard"},"jnews_primary_category":[],"jnews_social_meta":[],"jnews_override_counter":[],"footnotes":""},"categories":[112],"post_tag":[12132,5202],"class_list":["post-148004","post","type-post","status-publish","format-standard","has-post-thumbnail","hentry","category-curiosidades","tag-joao-e-maria","tag-nomes"],"yoast_head":"<!-- This site is optimized with the Yoast SEO plugin v24.6 - https:\/\/yoast.com\/wordpress\/plugins\/seo\/ -->\n<title>Por que Jo\u00e3o e Maria s\u00e3o nomes antigos, mas ainda t\u00e3o comuns no Brasil? - Correio Braziliense - Radar<\/title>\n<meta name=\"description\" content=\"Jo\u00e3o e Maria s\u00e3o nomes antigos, mas continuam populares no Brasil por motivos culturais e hist\u00f3ricos que surpreendem.\" \/>\n<meta name=\"robots\" content=\"index, follow, max-snippet:-1, max-image-preview:large, max-video-preview:-1\" \/>\n<link rel=\"canonical\" href=\"https:\/\/www.correiobraziliense.com.br\/cbradar\/por-que-joao-e-maria-sao-nomes-antigos-mas-ainda-tao-comuns-no-brasil\/\" \/>\n<meta property=\"og:locale\" content=\"pt_BR\" \/>\n<meta property=\"og:type\" content=\"article\" \/>\n<meta property=\"og:title\" content=\"Por que Jo\u00e3o e Maria s\u00e3o nomes antigos, mas ainda t\u00e3o comuns no Brasil? - Correio Braziliense - Radar\" \/>\n<meta property=\"og:description\" content=\"Jo\u00e3o e Maria s\u00e3o nomes antigos, mas continuam populares no Brasil por motivos culturais e hist\u00f3ricos que surpreendem.\" \/>\n<meta property=\"og:url\" content=\"https:\/\/www.correiobraziliense.com.br\/cbradar\/por-que-joao-e-maria-sao-nomes-antigos-mas-ainda-tao-comuns-no-brasil\/\" \/>\n<meta property=\"og:site_name\" content=\"Correio Braziliense - Radar\" \/>\n<meta property=\"article:published_time\" content=\"2025-12-01T14:05:00+00:00\" \/>\n<meta property=\"og:image\" content=\"https:\/\/www.correiobraziliense.com.br\/cbradar\/wp-content\/uploads\/2025\/11\/casal-idoso-negros_1764547860326.jpg\" \/>\n\t<meta property=\"og:image:width\" content=\"1280\" \/>\n\t<meta property=\"og:image:height\" content=\"720\" \/>\n\t<meta property=\"og:image:type\" content=\"image\/jpeg\" \/>\n<meta name=\"author\" content=\"Maura Pereira\" \/>\n<meta name=\"twitter:card\" content=\"summary_large_image\" \/>\n<meta name=\"twitter:label1\" content=\"Escrito por\" \/>\n\t<meta name=\"twitter:data1\" content=\"Maura Pereira\" \/>\n\t<meta name=\"twitter:label2\" content=\"Est. tempo de leitura\" \/>\n\t<meta name=\"twitter:data2\" content=\"3 minutos\" \/>\n<!-- \/ Yoast SEO plugin. -->","yoast_head_json":{"title":"Por que Jo\u00e3o e Maria s\u00e3o nomes antigos, mas ainda t\u00e3o comuns no Brasil? - Correio Braziliense - Radar","description":"Jo\u00e3o e Maria s\u00e3o nomes antigos, mas continuam populares no Brasil por motivos culturais e hist\u00f3ricos que surpreendem.","robots":{"index":"index","follow":"follow","max-snippet":"max-snippet:-1","max-image-preview":"max-image-preview:large","max-video-preview":"max-video-preview:-1"},"canonical":"https:\/\/www.correiobraziliense.com.br\/cbradar\/por-que-joao-e-maria-sao-nomes-antigos-mas-ainda-tao-comuns-no-brasil\/","og_locale":"pt_BR","og_type":"article","og_title":"Por que Jo\u00e3o e Maria s\u00e3o nomes antigos, mas ainda t\u00e3o comuns no Brasil? - Correio Braziliense - Radar","og_description":"Jo\u00e3o e Maria s\u00e3o nomes antigos, mas continuam populares no Brasil por motivos culturais e hist\u00f3ricos que surpreendem.","og_url":"https:\/\/www.correiobraziliense.com.br\/cbradar\/por-que-joao-e-maria-sao-nomes-antigos-mas-ainda-tao-comuns-no-brasil\/","og_site_name":"Correio Braziliense - Radar","article_published_time":"2025-12-01T14:05:00+00:00","og_image":[{"width":1280,"height":720,"url":"https:\/\/www.correiobraziliense.com.br\/cbradar\/wp-content\/uploads\/2025\/11\/casal-idoso-negros_1764547860326.jpg","type":"image\/jpeg"}],"author":"Maura Pereira","twitter_card":"summary_large_image","twitter_misc":{"Escrito por":"Maura Pereira","Est. tempo de leitura":"3 minutos"},"schema":{"@context":"https:\/\/schema.org","@graph":[{"@type":"WebPage","@id":"https:\/\/www.correiobraziliense.com.br\/cbradar\/por-que-joao-e-maria-sao-nomes-antigos-mas-ainda-tao-comuns-no-brasil\/","url":"https:\/\/www.correiobraziliense.com.br\/cbradar\/por-que-joao-e-maria-sao-nomes-antigos-mas-ainda-tao-comuns-no-brasil\/","name":"Por que Jo\u00e3o e Maria s\u00e3o nomes antigos, mas ainda t\u00e3o comuns no Brasil? - Correio Braziliense - Radar","isPartOf":{"@id":"https:\/\/www.correiobraziliense.com.br\/cbradar\/#website"},"primaryImageOfPage":{"@id":"https:\/\/www.correiobraziliense.com.br\/cbradar\/por-que-joao-e-maria-sao-nomes-antigos-mas-ainda-tao-comuns-no-brasil\/#primaryimage"},"image":{"@id":"https:\/\/www.correiobraziliense.com.br\/cbradar\/por-que-joao-e-maria-sao-nomes-antigos-mas-ainda-tao-comuns-no-brasil\/#primaryimage"},"thumbnailUrl":"https:\/\/www.correiobraziliense.com.br\/cbradar\/wp-content\/uploads\/2025\/11\/casal-idoso-negros_1764547860326.jpg","datePublished":"2025-12-01T14:05:00+00:00","author":{"@id":"https:\/\/www.correiobraziliense.com.br\/cbradar\/#\/schema\/person\/4053c651a9bfc785afc6f4cbc9032fd3"},"description":"Jo\u00e3o e Maria s\u00e3o nomes antigos, mas continuam populares no Brasil por motivos culturais e hist\u00f3ricos que surpreendem.","breadcrumb":{"@id":"https:\/\/www.correiobraziliense.com.br\/cbradar\/por-que-joao-e-maria-sao-nomes-antigos-mas-ainda-tao-comuns-no-brasil\/#breadcrumb"},"inLanguage":"pt-BR","potentialAction":[{"@type":"ReadAction","target":["https:\/\/www.correiobraziliense.com.br\/cbradar\/por-que-joao-e-maria-sao-nomes-antigos-mas-ainda-tao-comuns-no-brasil\/"]}]},{"@type":"ImageObject","inLanguage":"pt-BR","@id":"https:\/\/www.correiobraziliense.com.br\/cbradar\/por-que-joao-e-maria-sao-nomes-antigos-mas-ainda-tao-comuns-no-brasil\/#primaryimage","url":"https:\/\/www.correiobraziliense.com.br\/cbradar\/wp-content\/uploads\/2025\/11\/casal-idoso-negros_1764547860326.jpg","contentUrl":"https:\/\/www.correiobraziliense.com.br\/cbradar\/wp-content\/uploads\/2025\/11\/casal-idoso-negros_1764547860326.jpg","width":1280,"height":720,"caption":"o\u00e3o e Maria fluem simples no Brasil colonial, nomes queridos que alegram fam\u00edlias com tradi\u00e7\u00e3o portuguesa leve e carinhosa no dia a dia. \/\/ Cr\u00e9ditos: depositphotos.com \/ Milkos"},{"@type":"BreadcrumbList","@id":"https:\/\/www.correiobraziliense.com.br\/cbradar\/por-que-joao-e-maria-sao-nomes-antigos-mas-ainda-tao-comuns-no-brasil\/#breadcrumb","itemListElement":[{"@type":"ListItem","position":1,"name":"In\u00edcio","item":"https:\/\/www.correiobraziliense.com.br\/cbradar\/"},{"@type":"ListItem","position":2,"name":"Por que Jo\u00e3o e Maria s\u00e3o nomes antigos, mas ainda t\u00e3o comuns no Brasil?"}]},{"@type":"WebSite","@id":"https:\/\/www.correiobraziliense.com.br\/cbradar\/#website","url":"https:\/\/www.correiobraziliense.com.br\/cbradar\/","name":"Correio Braziliense - Radar","description":"Acompanhe as \u00faltimas not\u00edcias e fique bem informado sobre tudo o que acontece no Brasil e no mundo.","potentialAction":[{"@type":"SearchAction","target":{"@type":"EntryPoint","urlTemplate":"https:\/\/www.correiobraziliense.com.br\/cbradar\/?s={search_term_string}"},"query-input":{"@type":"PropertyValueSpecification","valueRequired":true,"valueName":"search_term_string"}}],"inLanguage":"pt-BR"},{"@type":"Person","@id":"https:\/\/www.correiobraziliense.com.br\/cbradar\/#\/schema\/person\/4053c651a9bfc785afc6f4cbc9032fd3","name":"Maura Pereira","image":{"@type":"ImageObject","inLanguage":"pt-BR","@id":"https:\/\/www.correiobraziliense.com.br\/cbradar\/#\/schema\/person\/image\/","url":"https:\/\/secure.gravatar.com\/avatar\/3effd6bdadfa447f15089c7f7144eaa6?s=96&d=mm&r=g","contentUrl":"https:\/\/secure.gravatar.com\/avatar\/3effd6bdadfa447f15089c7f7144eaa6?s=96&d=mm&r=g","caption":"Maura Pereira"},"sameAs":["https:\/\/www.correiobraziliense.com.br\/"],"url":"https:\/\/www.correiobraziliense.com.br\/cbradar\/author\/mauramyth\/"}]}},"_links":{"self":[{"href":"https:\/\/www.correiobraziliense.com.br\/cbradar\/wp-json\/wp\/v2\/posts\/148004","targetHints":{"allow":["GET"]}}],"collection":[{"href":"https:\/\/www.correiobraziliense.com.br\/cbradar\/wp-json\/wp\/v2\/posts"}],"about":[{"href":"https:\/\/www.correiobraziliense.com.br\/cbradar\/wp-json\/wp\/v2\/types\/post"}],"author":[{"embeddable":true,"href":"https:\/\/www.correiobraziliense.com.br\/cbradar\/wp-json\/wp\/v2\/users\/8"}],"replies":[{"embeddable":true,"href":"https:\/\/www.correiobraziliense.com.br\/cbradar\/wp-json\/wp\/v2\/comments?post=148004"}],"version-history":[{"count":8,"href":"https:\/\/www.correiobraziliense.com.br\/cbradar\/wp-json\/wp\/v2\/posts\/148004\/revisions"}],"predecessor-version":[{"id":148015,"href":"https:\/\/www.correiobraziliense.com.br\/cbradar\/wp-json\/wp\/v2\/posts\/148004\/revisions\/148015"}],"wp:featuredmedia":[{"embeddable":true,"href":"https:\/\/www.correiobraziliense.com.br\/cbradar\/wp-json\/wp\/v2\/media\/148012"}],"wp:attachment":[{"href":"https:\/\/www.correiobraziliense.com.br\/cbradar\/wp-json\/wp\/v2\/media?parent=148004"}],"wp:term":[{"taxonomy":"category","embeddable":true,"href":"https:\/\/www.correiobraziliense.com.br\/cbradar\/wp-json\/wp\/v2\/categories?post=148004"},{"taxonomy":"post_tag","embeddable":true,"href":"https:\/\/www.correiobraziliense.com.br\/cbradar\/wp-json\/wp\/v2\/post_tag?post=148004"}],"curies":[{"name":"wp","href":"https:\/\/api.w.org\/{rel}","templated":true}]}}