{"id":148005,"date":"2025-12-01T21:35:00","date_gmt":"2025-12-02T00:35:00","guid":{"rendered":"https:\/\/www.correiobraziliense.com.br\/cbradar\/?p=148005"},"modified":"2025-11-30T21:20:27","modified_gmt":"2025-12-01T00:20:27","slug":"os-3-nomes-masculinos-para-meninos-inteligentes-que-carregam-poder-e-despertam-orgulho-em-qualquer-familia","status":"publish","type":"post","link":"https:\/\/www.correiobraziliense.com.br\/cbradar\/os-3-nomes-masculinos-para-meninos-inteligentes-que-carregam-poder-e-despertam-orgulho-em-qualquer-familia\/","title":{"rendered":"Os 3 nomes masculinos para meninos inteligentes que carregam poder e despertam orgulho em qualquer fam\u00edlia"},"content":{"rendered":"\n<p><strong>Escolher o nome de um filho \u00e9 uma decis\u00e3o carregada de significado. <\/strong>Muitos pais buscam nomes que transmitam for\u00e7a, intelig\u00eancia e personalidade, caracter\u00edsticas que desejam ver refletidas no futuro da crian\u00e7a. Alguns nomes masculinos se tornaram populares justamente por trazerem consigo um simbolismo poderoso, hist\u00f3rico e inspirador. A seguir, voc\u00ea descobrir\u00e1 tr\u00eas nomes que carregam, em sua origem e significado, a ideia de for\u00e7a e sabedoria.<\/p>\n\n\n\n<h2 class=\"wp-block-heading\">Heitor: o nome do guerreiro forte e leal<\/h2>\n\n\n\n<p><strong>Heitor \u00e9 um nome de origem grega associado a um dos maiores her\u00f3is da mitologia: <\/strong>Heitor de Troia, conhecido por sua coragem, honra e esp\u00edrito protetor. Na literatura, ele simboliza for\u00e7a f\u00edsica, bravura e intelig\u00eancia estrat\u00e9gica, sendo uma das figuras mais admiradas da <em>Il\u00edada<\/em>, de Homero.<\/p>\n\n\n\n<p>Al\u00e9m de remeter \u00e0 for\u00e7a heroica, o nome tamb\u00e9m carrega a ideia de lideran\u00e7a e car\u00e1ter firme. Por isso, Heitor \u00e9 visto como um nome forte, marcante e cheio de personalidade.<\/p>\n\n\n<div class=\"wp-block-image\">\n<figure class=\"aligncenter size-large\"><img decoding=\"async\" width=\"1024\" height=\"576\" src=\"https:\/\/www.correiobraziliense.com.br\/cbradar\/wp-content\/uploads\/2025\/11\/bebe-menino_1763440002801-1024x576.jpg\" alt=\"Os 3 nomes masculinos para meninos inteligentes que carregam poder e despertam orgulho em qualquer fam\u00edlia\" class=\"wp-image-139844\" srcset=\"https:\/\/www.correiobraziliense.com.br\/cbradar\/wp-content\/uploads\/2025\/11\/bebe-menino_1763440002801-1024x576.jpg 1024w, https:\/\/www.correiobraziliense.com.br\/cbradar\/wp-content\/uploads\/2025\/11\/bebe-menino_1763440002801-300x169.jpg 300w, https:\/\/www.correiobraziliense.com.br\/cbradar\/wp-content\/uploads\/2025\/11\/bebe-menino_1763440002801-768x432.jpg 768w, https:\/\/www.correiobraziliense.com.br\/cbradar\/wp-content\/uploads\/2025\/11\/bebe-menino_1763440002801-750x422.jpg 750w, https:\/\/www.correiobraziliense.com.br\/cbradar\/wp-content\/uploads\/2025\/11\/bebe-menino_1763440002801-1140x641.jpg 1140w, https:\/\/www.correiobraziliense.com.br\/cbradar\/wp-content\/uploads\/2025\/11\/bebe-menino_1763440002801.jpg 1280w\" sizes=\"(max-width: 1024px) 100vw, 1024px\" \/><figcaption class=\"wp-element-caption\">A cultura hebraica valoriza nomes que indicam b\u00ean\u00e7\u00e3os, prote\u00e7\u00e3o e liga\u00e7\u00e3o com Deus. \/\/ Cr\u00e9ditos: depositphotos.com \/ pavsie<\/figcaption><\/figure><\/div>\n\n\n<h2 class=\"wp-block-heading\">Arthur: s\u00edmbolo de sabedoria, coragem e nobreza<\/h2>\n\n\n\n<p><strong>Arthur tem origem celta e significa \u201cgrande urso\u201d ou \u201cforte como uma rocha\u201d.<\/strong> \u00c9 amplamente associado ao lend\u00e1rio Rei Arthur, figura hist\u00f3rica e mitol\u00f3gica que representa sabedoria, coragem e lideran\u00e7a justa.<\/p>\n\n\n\n<p>O nome \u00e9 perfeito para pais que desejam transmitir intelig\u00eancia aliada \u00e0 for\u00e7a moral. Ele combina delicadeza e impon\u00eancia, sendo um dos nomes preferidos em v\u00e1rias culturas ao longo de s\u00e9culos.<\/p>\n\n\n\n<h2 class=\"wp-block-heading\">Miguel: o nome que representa poder e prote\u00e7\u00e3o<\/h2>\n\n\n\n<p><strong>Miguel \u00e9 um nome hebraico que significa \u201cQuem \u00e9 como Deus?\u201d, uma express\u00e3o de grande for\u00e7a espiritual.<\/strong> \u00c9 associado ao Arcanjo Miguel, considerado l\u00edder dos ex\u00e9rcitos celestiais e s\u00edmbolo de prote\u00e7\u00e3o, coragem e determina\u00e7\u00e3o.<\/p>\n\n\n\n<p>Por unir for\u00e7a interior, intelig\u00eancia espiritual e significado profundo, Miguel continua sendo um dos nomes mais escolhidos por fam\u00edlias que desejam transmitir poder e prop\u00f3sito.<\/p>\n\n\n<div class=\"wp-block-image\">\n<figure class=\"aligncenter size-large\"><img decoding=\"async\" width=\"1024\" height=\"576\" src=\"https:\/\/www.correiobraziliense.com.br\/cbradar\/wp-content\/uploads\/2025\/11\/MENINO_1764548248558-1024x576.jpg\" alt=\"Os 3 nomes masculinos para meninos inteligentes que carregam poder e despertam orgulho em qualquer fam\u00edlia\" class=\"wp-image-148023\" srcset=\"https:\/\/www.correiobraziliense.com.br\/cbradar\/wp-content\/uploads\/2025\/11\/MENINO_1764548248558-1024x576.jpg 1024w, https:\/\/www.correiobraziliense.com.br\/cbradar\/wp-content\/uploads\/2025\/11\/MENINO_1764548248558-300x169.jpg 300w, https:\/\/www.correiobraziliense.com.br\/cbradar\/wp-content\/uploads\/2025\/11\/MENINO_1764548248558-768x432.jpg 768w, https:\/\/www.correiobraziliense.com.br\/cbradar\/wp-content\/uploads\/2025\/11\/MENINO_1764548248558-750x422.jpg 750w, https:\/\/www.correiobraziliense.com.br\/cbradar\/wp-content\/uploads\/2025\/11\/MENINO_1764548248558-1140x641.jpg 1140w, https:\/\/www.correiobraziliense.com.br\/cbradar\/wp-content\/uploads\/2025\/11\/MENINO_1764548248558.jpg 1280w\" sizes=\"(max-width: 1024px) 100vw, 1024px\" \/><figcaption class=\"wp-element-caption\">Jo\u00e3o e Maria facilitam identidade cultural pr\u00e1tica, preservando ra\u00edzes portuguesas para registros civis e la\u00e7os sociais acess\u00edveis hoje. \/\/ Cr\u00e9ditos: depositphotos.com \/ IgorVetushko<\/figcaption><\/figure><\/div>\n\n\n<h2 class=\"wp-block-heading\">Como escolher um nome que realmente combine com o seu filho?<\/h2>\n\n\n\n<p><strong>A escolha do nome ideal envolve mais do que significado; <\/strong>tamb\u00e9m passa pela sonoridade, pela hist\u00f3ria familiar e pelo que voc\u00ea deseja transmitir para o futuro da crian\u00e7a. \u00c9 importante pensar em como o nome combina com o sobrenome, como ser\u00e1 pronunciado no dia a dia e at\u00e9 como pode influenciar a identidade que a crian\u00e7a desenvolver\u00e1.<\/p>\n\n\n\n<p>Refletir sobre valores, refer\u00eancias culturais e inspira\u00e7\u00f5es pessoais ajuda a encontrar um nome que fa\u00e7a sentido emocionalmente e mantenha for\u00e7a e beleza ao longo da vida.<\/p>\n\n\n\n<p><strong>Leia tamb\u00e9m: <a href=\"https:\/\/www.correiobraziliense.com.br\/cbradar\/a-planta-que-faz-milagres-na-pele-e-ainda-e-facil-de-plantar-em-casa\/\" target=\"_blank\" rel=\"noreferrer noopener\">A planta que faz milagres na pele e ainda \u00e9 f\u00e1cil de plantar em casa.<\/a><\/strong><\/p>\n\n\n\n<h2 class=\"wp-block-heading\">Nomes fortes criam mem\u00f3rias e identidades<\/h2>\n\n\n\n<p><strong>Nomes s\u00e3o mais do que palavras \u2014 s\u00e3o s\u00edmbolos que acompanham algu\u00e9m por toda a vida. <\/strong>Optar por nomes que representem for\u00e7a, intelig\u00eancia ou significado profundo \u00e9 uma forma de homenagear o futuro e transmitir carinho, esperan\u00e7a e prop\u00f3sito.<\/p>\n\n\n\n<p>Ao escolher um nome com hist\u00f3ria e identidade, voc\u00ea ajuda a construir as primeiras bases da personalidade do seu filho, criando uma marca que o acompanhar\u00e1 por todas as fases da vida.<\/p>\n","protected":false},"excerpt":{"rendered":"<p>Escolher o nome de um filho \u00e9 uma decis\u00e3o carregada de significado. Muitos pais buscam nomes que transmitam for\u00e7a, intelig\u00eancia e personalidade, caracter\u00edsticas que desejam ver refletidas no futuro da crian\u00e7a. Alguns nomes masculinos se tornaram populares justamente por trazerem consigo um simbolismo poderoso, hist\u00f3rico e inspirador. A seguir, voc\u00ea descobrir\u00e1 tr\u00eas nomes que carregam, [&hellip;]<\/p>\n","protected":false},"author":8,"featured_media":57609,"comment_status":"open","ping_status":"open","sticky":false,"template":"","format":"standard","meta":{"_yoast_wpseo_focuskw":"nomes masculinos","_yoast_wpseo_title":"","_yoast_wpseo_metadesc":"Descubra 3 nomes masculinos que representam for\u00e7a e intelig\u00eancia. Cada um guarda um significado marcante para qualquer fam\u00edlia.","jnews-multi-image_gallery":[],"jnews_single_post":{"format":"standard"},"jnews_primary_category":[],"jnews_social_meta":[],"jnews_override_counter":[],"footnotes":""},"categories":[112],"tags":[11118,5202],"class_list":["post-148005","post","type-post","status-publish","format-standard","has-post-thumbnail","hentry","category-curiosidades","tag-meninos","tag-nomes"],"yoast_head":"<!-- This site is optimized with the Yoast SEO plugin v24.6 - https:\/\/yoast.com\/wordpress\/plugins\/seo\/ -->\n<title>Os 3 nomes masculinos para meninos inteligentes que carregam poder e despertam orgulho em qualquer fam\u00edlia - Correio Braziliense - Radar<\/title>\n<meta name=\"description\" content=\"Descubra 3 nomes masculinos que representam for\u00e7a e intelig\u00eancia. Cada um guarda um significado marcante para qualquer fam\u00edlia.\" \/>\n<meta name=\"robots\" content=\"index, follow, max-snippet:-1, max-image-preview:large, max-video-preview:-1\" \/>\n<link rel=\"canonical\" href=\"https:\/\/www.correiobraziliense.com.br\/cbradar\/os-3-nomes-masculinos-para-meninos-inteligentes-que-carregam-poder-e-despertam-orgulho-em-qualquer-familia\/\" \/>\n<meta property=\"og:locale\" content=\"pt_BR\" \/>\n<meta property=\"og:type\" content=\"article\" \/>\n<meta property=\"og:title\" content=\"Os 3 nomes masculinos para meninos inteligentes que carregam poder e despertam orgulho em qualquer fam\u00edlia - Correio Braziliense - Radar\" \/>\n<meta property=\"og:description\" content=\"Descubra 3 nomes masculinos que representam for\u00e7a e intelig\u00eancia. Cada um guarda um significado marcante para qualquer fam\u00edlia.\" \/>\n<meta property=\"og:url\" content=\"https:\/\/www.correiobraziliense.com.br\/cbradar\/os-3-nomes-masculinos-para-meninos-inteligentes-que-carregam-poder-e-despertam-orgulho-em-qualquer-familia\/\" \/>\n<meta property=\"og:site_name\" content=\"Correio Braziliense - Radar\" \/>\n<meta property=\"article:published_time\" content=\"2025-12-02T00:35:00+00:00\" \/>\n<meta property=\"og:image\" content=\"https:\/\/www.correiobraziliense.com.br\/cbradar\/wp-content\/uploads\/2025\/06\/inteligentes_1750633123109.jpg\" \/>\n\t<meta property=\"og:image:width\" content=\"1280\" \/>\n\t<meta property=\"og:image:height\" content=\"720\" \/>\n\t<meta property=\"og:image:type\" content=\"image\/jpeg\" \/>\n<meta name=\"author\" content=\"Maura Pereira\" \/>\n<meta name=\"twitter:card\" content=\"summary_large_image\" \/>\n<meta name=\"twitter:label1\" content=\"Escrito por\" \/>\n\t<meta name=\"twitter:data1\" content=\"Maura Pereira\" \/>\n\t<meta name=\"twitter:label2\" content=\"Est. tempo de leitura\" \/>\n\t<meta name=\"twitter:data2\" content=\"4 minutos\" \/>\n<!-- \/ Yoast SEO plugin. -->","yoast_head_json":{"title":"Os 3 nomes masculinos para meninos inteligentes que carregam poder e despertam orgulho em qualquer fam\u00edlia - Correio Braziliense - Radar","description":"Descubra 3 nomes masculinos que representam for\u00e7a e intelig\u00eancia. Cada um guarda um significado marcante para qualquer fam\u00edlia.","robots":{"index":"index","follow":"follow","max-snippet":"max-snippet:-1","max-image-preview":"max-image-preview:large","max-video-preview":"max-video-preview:-1"},"canonical":"https:\/\/www.correiobraziliense.com.br\/cbradar\/os-3-nomes-masculinos-para-meninos-inteligentes-que-carregam-poder-e-despertam-orgulho-em-qualquer-familia\/","og_locale":"pt_BR","og_type":"article","og_title":"Os 3 nomes masculinos para meninos inteligentes que carregam poder e despertam orgulho em qualquer fam\u00edlia - Correio Braziliense - Radar","og_description":"Descubra 3 nomes masculinos que representam for\u00e7a e intelig\u00eancia. Cada um guarda um significado marcante para qualquer fam\u00edlia.","og_url":"https:\/\/www.correiobraziliense.com.br\/cbradar\/os-3-nomes-masculinos-para-meninos-inteligentes-que-carregam-poder-e-despertam-orgulho-em-qualquer-familia\/","og_site_name":"Correio Braziliense - Radar","article_published_time":"2025-12-02T00:35:00+00:00","og_image":[{"width":1280,"height":720,"url":"https:\/\/www.correiobraziliense.com.br\/cbradar\/wp-content\/uploads\/2025\/06\/inteligentes_1750633123109.jpg","type":"image\/jpeg"}],"author":"Maura Pereira","twitter_card":"summary_large_image","twitter_misc":{"Escrito por":"Maura Pereira","Est. tempo de leitura":"4 minutos"},"schema":{"@context":"https:\/\/schema.org","@graph":[{"@type":"WebPage","@id":"https:\/\/www.correiobraziliense.com.br\/cbradar\/os-3-nomes-masculinos-para-meninos-inteligentes-que-carregam-poder-e-despertam-orgulho-em-qualquer-familia\/","url":"https:\/\/www.correiobraziliense.com.br\/cbradar\/os-3-nomes-masculinos-para-meninos-inteligentes-que-carregam-poder-e-despertam-orgulho-em-qualquer-familia\/","name":"Os 3 nomes masculinos para meninos inteligentes que carregam poder e despertam orgulho em qualquer fam\u00edlia - Correio Braziliense - Radar","isPartOf":{"@id":"https:\/\/www.correiobraziliense.com.br\/cbradar\/#website"},"primaryImageOfPage":{"@id":"https:\/\/www.correiobraziliense.com.br\/cbradar\/os-3-nomes-masculinos-para-meninos-inteligentes-que-carregam-poder-e-despertam-orgulho-em-qualquer-familia\/#primaryimage"},"image":{"@id":"https:\/\/www.correiobraziliense.com.br\/cbradar\/os-3-nomes-masculinos-para-meninos-inteligentes-que-carregam-poder-e-despertam-orgulho-em-qualquer-familia\/#primaryimage"},"thumbnailUrl":"https:\/\/www.correiobraziliense.com.br\/cbradar\/wp-content\/uploads\/2025\/06\/inteligentes_1750633123109.jpg","datePublished":"2025-12-02T00:35:00+00:00","author":{"@id":"https:\/\/www.correiobraziliense.com.br\/cbradar\/#\/schema\/person\/4053c651a9bfc785afc6f4cbc9032fd3"},"description":"Descubra 3 nomes masculinos que representam for\u00e7a e intelig\u00eancia. Cada um guarda um significado marcante para qualquer fam\u00edlia.","breadcrumb":{"@id":"https:\/\/www.correiobraziliense.com.br\/cbradar\/os-3-nomes-masculinos-para-meninos-inteligentes-que-carregam-poder-e-despertam-orgulho-em-qualquer-familia\/#breadcrumb"},"inLanguage":"pt-BR","potentialAction":[{"@type":"ReadAction","target":["https:\/\/www.correiobraziliense.com.br\/cbradar\/os-3-nomes-masculinos-para-meninos-inteligentes-que-carregam-poder-e-despertam-orgulho-em-qualquer-familia\/"]}]},{"@type":"ImageObject","inLanguage":"pt-BR","@id":"https:\/\/www.correiobraziliense.com.br\/cbradar\/os-3-nomes-masculinos-para-meninos-inteligentes-que-carregam-poder-e-despertam-orgulho-em-qualquer-familia\/#primaryimage","url":"https:\/\/www.correiobraziliense.com.br\/cbradar\/wp-content\/uploads\/2025\/06\/inteligentes_1750633123109.jpg","contentUrl":"https:\/\/www.correiobraziliense.com.br\/cbradar\/wp-content\/uploads\/2025\/06\/inteligentes_1750633123109.jpg","width":1280,"height":720,"caption":"Gerenciar v\u00e1rios interesses exige planejamento, organiza\u00e7\u00e3o e defini\u00e7\u00e3o clara de prioridades. \/\/ Cr\u00e9ditos: depositphotos.com \/ HayDmitriy"},{"@type":"BreadcrumbList","@id":"https:\/\/www.correiobraziliense.com.br\/cbradar\/os-3-nomes-masculinos-para-meninos-inteligentes-que-carregam-poder-e-despertam-orgulho-em-qualquer-familia\/#breadcrumb","itemListElement":[{"@type":"ListItem","position":1,"name":"In\u00edcio","item":"https:\/\/www.correiobraziliense.com.br\/cbradar\/"},{"@type":"ListItem","position":2,"name":"Os 3 nomes masculinos para meninos inteligentes que carregam poder e despertam orgulho em qualquer fam\u00edlia"}]},{"@type":"WebSite","@id":"https:\/\/www.correiobraziliense.com.br\/cbradar\/#website","url":"https:\/\/www.correiobraziliense.com.br\/cbradar\/","name":"Correio Braziliense - Radar","description":"Acompanhe as \u00faltimas not\u00edcias e fique bem informado sobre tudo o que acontece no Brasil e no mundo.","potentialAction":[{"@type":"SearchAction","target":{"@type":"EntryPoint","urlTemplate":"https:\/\/www.correiobraziliense.com.br\/cbradar\/?s={search_term_string}"},"query-input":{"@type":"PropertyValueSpecification","valueRequired":true,"valueName":"search_term_string"}}],"inLanguage":"pt-BR"},{"@type":"Person","@id":"https:\/\/www.correiobraziliense.com.br\/cbradar\/#\/schema\/person\/4053c651a9bfc785afc6f4cbc9032fd3","name":"Maura Pereira","image":{"@type":"ImageObject","inLanguage":"pt-BR","@id":"https:\/\/www.correiobraziliense.com.br\/cbradar\/#\/schema\/person\/image\/","url":"https:\/\/secure.gravatar.com\/avatar\/3effd6bdadfa447f15089c7f7144eaa6?s=96&d=mm&r=g","contentUrl":"https:\/\/secure.gravatar.com\/avatar\/3effd6bdadfa447f15089c7f7144eaa6?s=96&d=mm&r=g","caption":"Maura Pereira"},"sameAs":["https:\/\/www.correiobraziliense.com.br\/"],"url":"https:\/\/www.correiobraziliense.com.br\/cbradar\/author\/mauramyth\/"}]}},"_links":{"self":[{"href":"https:\/\/www.correiobraziliense.com.br\/cbradar\/wp-json\/wp\/v2\/posts\/148005","targetHints":{"allow":["GET"]}}],"collection":[{"href":"https:\/\/www.correiobraziliense.com.br\/cbradar\/wp-json\/wp\/v2\/posts"}],"about":[{"href":"https:\/\/www.correiobraziliense.com.br\/cbradar\/wp-json\/wp\/v2\/types\/post"}],"author":[{"embeddable":true,"href":"https:\/\/www.correiobraziliense.com.br\/cbradar\/wp-json\/wp\/v2\/users\/8"}],"replies":[{"embeddable":true,"href":"https:\/\/www.correiobraziliense.com.br\/cbradar\/wp-json\/wp\/v2\/comments?post=148005"}],"version-history":[{"count":13,"href":"https:\/\/www.correiobraziliense.com.br\/cbradar\/wp-json\/wp\/v2\/posts\/148005\/revisions"}],"predecessor-version":[{"id":148029,"href":"https:\/\/www.correiobraziliense.com.br\/cbradar\/wp-json\/wp\/v2\/posts\/148005\/revisions\/148029"}],"wp:featuredmedia":[{"embeddable":true,"href":"https:\/\/www.correiobraziliense.com.br\/cbradar\/wp-json\/wp\/v2\/media\/57609"}],"wp:attachment":[{"href":"https:\/\/www.correiobraziliense.com.br\/cbradar\/wp-json\/wp\/v2\/media?parent=148005"}],"wp:term":[{"taxonomy":"category","embeddable":true,"href":"https:\/\/www.correiobraziliense.com.br\/cbradar\/wp-json\/wp\/v2\/categories?post=148005"},{"taxonomy":"post_tag","embeddable":true,"href":"https:\/\/www.correiobraziliense.com.br\/cbradar\/wp-json\/wp\/v2\/tags?post=148005"}],"curies":[{"name":"wp","href":"https:\/\/api.w.org\/{rel}","templated":true}]}}