{"id":148062,"date":"2025-12-02T14:55:06","date_gmt":"2025-12-02T17:55:06","guid":{"rendered":"https:\/\/www.correiobraziliense.com.br\/cbradar\/?p=148062"},"modified":"2025-12-01T10:36:44","modified_gmt":"2025-12-01T13:36:44","slug":"o-que-significa-sonhar-com-um-animal-ferido-e-por-que-mexe-tanto-com-a-gente","status":"publish","type":"post","link":"https:\/\/www.correiobraziliense.com.br\/cbradar\/o-que-significa-sonhar-com-um-animal-ferido-e-por-que-mexe-tanto-com-a-gente\/","title":{"rendered":"O que significa sonhar com um animal ferido e por que mexe tanto com a gente"},"content":{"rendered":"\n<p>Sonhar com um <strong>animal ferido<\/strong> pode provocar diversas interpreta\u00e7\u00f5es, pois no universo dos sonhos os animais frequentemente representam nossos instintos, emo\u00e7\u00f5es ou partes do eu interior que necessitam de aten\u00e7\u00e3o e cuidado. Quando vemos um <strong>animal machucado,<\/strong> sentimos um chamado simb\u00f3lico para investigar determinadas vulnerabilidades e preocupa\u00e7\u00f5es emocionais, considerando sempre que a interpreta\u00e7\u00e3o pode variar amplamente conforme experi\u00eancias, cren\u00e7as e contextos culturais do sonhador.<\/p>\n\n\n\n<h2 class=\"wp-block-heading\">O que significa sonhar com um animal machucado?<\/h2>\n\n\n\n<p>Ao se deparar com um animal ferido em um sonho, \u00e9 comum associar a cena a aspectos sens\u00edveis da pr\u00f3pria personalidade que clamam por prote\u00e7\u00e3o ou recupera\u00e7\u00e3o. O sofrimento do animal pode revelar inquieta\u00e7\u00f5es ou conflitos internos que exigem <strong>reflex\u00e3o<\/strong> e <strong>acolhimento.<\/strong> Este tipo de sonho ainda pode ser um alerta para quest\u00f5es n\u00e3o resolvidas que impactam o equil\u00edbrio emocional.<\/p>\n\n\n<div class=\"wp-block-image\">\n<figure class=\"aligncenter size-large\"><img decoding=\"async\" width=\"1024\" height=\"576\" src=\"https:\/\/www.correiobraziliense.com.br\/cbradar\/wp-content\/uploads\/2025\/12\/Gemini_Generated_Image_w04ld2w04ld2w04l-2-1024x576.png\" alt=\"\" class=\"wp-image-148072\" srcset=\"https:\/\/www.correiobraziliense.com.br\/cbradar\/wp-content\/uploads\/2025\/12\/Gemini_Generated_Image_w04ld2w04ld2w04l-2-1024x576.png 1024w, https:\/\/www.correiobraziliense.com.br\/cbradar\/wp-content\/uploads\/2025\/12\/Gemini_Generated_Image_w04ld2w04ld2w04l-2-300x169.png 300w, https:\/\/www.correiobraziliense.com.br\/cbradar\/wp-content\/uploads\/2025\/12\/Gemini_Generated_Image_w04ld2w04ld2w04l-2-768x432.png 768w, https:\/\/www.correiobraziliense.com.br\/cbradar\/wp-content\/uploads\/2025\/12\/Gemini_Generated_Image_w04ld2w04ld2w04l-2-750x422.png 750w, https:\/\/www.correiobraziliense.com.br\/cbradar\/wp-content\/uploads\/2025\/12\/Gemini_Generated_Image_w04ld2w04ld2w04l-2-1140x641.png 1140w, https:\/\/www.correiobraziliense.com.br\/cbradar\/wp-content\/uploads\/2025\/12\/Gemini_Generated_Image_w04ld2w04ld2w04l-2.png 1280w\" sizes=\"(max-width: 1024px) 100vw, 1024px\" \/><figcaption class=\"wp-element-caption\"> Reflita sobre as emo\u00e7\u00f5es presentes no cotidiano e \u00e1reas da vida que precisam de suporte<\/figcaption><\/figure><\/div>\n\n\n<p>Leia tamb\u00e9m:&nbsp;<a href=\"https:\/\/www.correiobraziliense.com.br\/cbradar\/o-que-significa-sonhar-com-rato\/\" target=\"_blank\" rel=\"noopener\">O que significa sonhar com rato?<\/a><\/p>\n\n\n\n<h2 class=\"wp-block-heading\">Quais s\u00e3o interpreta\u00e7\u00f5es frequentes para sonhos com animais feridos?<\/h2>\n\n\n\n<p>Esses sonhos abrem espa\u00e7o para diferentes interpreta\u00e7\u00f5es, frequentemente associadas \u00e0 vida emocional, rela\u00e7\u00f5es pessoais e desenvolvimento interior. O simbolismo do animal machucado \u00e9 rico, permitindo que o <strong>sonhador enxergue mensagens<\/strong> sobre seus sentimentos e desafios atuais. Para facilitar o entendimento desse tipo de sonho, confira alguns dos significados mais recorrentes a seguir:<\/p>\n\n\n\n<ul class=\"wp-block-list\">\n<li><strong>Fragilidade emocional:<\/strong> O estado vulner\u00e1vel do animal pode indicar sensibilidade elevada ou fases de inseguran\u00e7a.<\/li>\n\n\n\n<li><strong>Problemas em rela\u00e7\u00f5es interpessoais:<\/strong> Se um animal conhecido, como um cachorro, aparece ferido, pode representar preocupa\u00e7\u00f5es com v\u00ednculos afetivos.<\/li>\n\n\n\n<li><strong>Neglig\u00eancia interior:<\/strong> O animal pode simbolizar aspectos espirituais ou psicol\u00f3gicos esquecidos ou carentes de aten\u00e7\u00e3o.<\/li>\n<\/ul>\n\n\n\n<h2 class=\"wp-block-heading\">Como lidar com imagens de animais feridos em sonhos?<\/h2>\n\n\n\n<p>Se voc\u00ea tem frequentemente sonhos com animais machucados, \u00e9 recomend\u00e1vel adotar estrat\u00e9gias para decifrar e enfrentar essas mensagens do inconsciente. A auto-observa\u00e7\u00e3o e o cuidado emocional s\u00e3o cruciais para transformar esse tipo de sonho em <strong>oportunidades de fortalecimento pessoal.<\/strong> Veja algumas sugest\u00f5es \u00fateis:<\/p>\n\n\n\n<ol class=\"wp-block-list\">\n<li><strong>Autoavalia\u00e7\u00e3o:<\/strong> Reflita sobre as emo\u00e7\u00f5es presentes no cotidiano e \u00e1reas da vida que precisam de suporte.<\/li>\n\n\n\n<li><strong>Busca por cura pessoal:<\/strong> T\u00e9cnicas como terapia, pr\u00e1ticas meditativas ou atividades art\u00edsticas podem ajudar no entendimento de ansiedades sinalizadas pelos sonhos.<\/li>\n\n\n\n<li><strong>Di\u00e1logo interno:<\/strong> Explore o significado das imagens on\u00edricas relacionando-as com experi\u00eancias e sentimentos do dia a dia.<\/li>\n<\/ol>\n\n\n<div class=\"wp-block-image\">\n<figure class=\"aligncenter size-large\"><img decoding=\"async\" width=\"1024\" height=\"576\" src=\"https:\/\/www.correiobraziliense.com.br\/cbradar\/wp-content\/uploads\/2025\/12\/animal-machucado_1764582923558-1024x576.jpg\" alt=\"\" class=\"wp-image-148071\" srcset=\"https:\/\/www.correiobraziliense.com.br\/cbradar\/wp-content\/uploads\/2025\/12\/animal-machucado_1764582923558-1024x576.jpg 1024w, https:\/\/www.correiobraziliense.com.br\/cbradar\/wp-content\/uploads\/2025\/12\/animal-machucado_1764582923558-300x169.jpg 300w, https:\/\/www.correiobraziliense.com.br\/cbradar\/wp-content\/uploads\/2025\/12\/animal-machucado_1764582923558-768x432.jpg 768w, https:\/\/www.correiobraziliense.com.br\/cbradar\/wp-content\/uploads\/2025\/12\/animal-machucado_1764582923558-750x422.jpg 750w, https:\/\/www.correiobraziliense.com.br\/cbradar\/wp-content\/uploads\/2025\/12\/animal-machucado_1764582923558-1140x641.jpg 1140w, https:\/\/www.correiobraziliense.com.br\/cbradar\/wp-content\/uploads\/2025\/12\/animal-machucado_1764582923558.jpg 1280w\" sizes=\"(max-width: 1024px) 100vw, 1024px\" \/><figcaption class=\"wp-element-caption\">Ao se deparar com um animal ferido em um sonho, \u00e9 comum associar a cena a aspectos sens\u00edveis da pr\u00f3pria personalidade &#8211; Cr\u00e9ditos: depositphotos.com \/ MVolodymyr<\/figcaption><\/figure><\/div>\n\n\n<h2 class=\"wp-block-heading\">Sonhar com animal ferido \u00e9 sempre algo negativo?<\/h2>\n\n\n\n<p>Apesar do inc\u00f4modo inicial, sonhar com um animal ferido n\u00e3o \u00e9 necessariamente negativo. Muitas vezes, esses sonhos funcionam como impulso para autoconhecimento e supera\u00e7\u00e3o de dificuldades internas. Enfrentar e compreender tais s\u00edmbolos pode levar a um fortalecimento psicol\u00f3gico, pois o sonho traz \u00e0 tona quest\u00f5es a serem trabalhadas para o pr\u00f3prio crescimento.<\/p>\n","protected":false},"excerpt":{"rendered":"<p>Sonhar com um animal ferido pode provocar diversas interpreta\u00e7\u00f5es, pois no universo dos sonhos os animais frequentemente representam nossos instintos, emo\u00e7\u00f5es ou partes do eu interior que necessitam de aten\u00e7\u00e3o e cuidado. Quando vemos um animal machucado, sentimos um chamado simb\u00f3lico para investigar determinadas vulnerabilidades e preocupa\u00e7\u00f5es emocionais, considerando sempre que a interpreta\u00e7\u00e3o pode variar [&hellip;]<\/p>\n","protected":false},"author":9,"featured_media":148138,"comment_status":"open","ping_status":"open","sticky":false,"template":"","format":"standard","meta":{"_yoast_wpseo_focuskw":"sonhar com um animal ferido","_yoast_wpseo_title":"","_yoast_wpseo_metadesc":"Entenda as poss\u00edveis interpreta\u00e7\u00f5es de sonhar com um animal ferido e o que esse s\u00edmbolo pode revelar sobre suas emo\u00e7\u00f5es.","jnews-multi-image_gallery":[],"jnews_single_post":{"format":"standard"},"jnews_primary_category":[],"jnews_social_meta":[],"jnews_override_counter":[],"footnotes":""},"categories":[112],"tags":[12146,12145,3907],"class_list":["post-148062","post","type-post","status-publish","format-standard","has-post-thumbnail","hentry","category-curiosidades","tag-animal-ferido","tag-revelacao","tag-sonhar"],"yoast_head":"<!-- This site is optimized with the Yoast SEO plugin v24.6 - https:\/\/yoast.com\/wordpress\/plugins\/seo\/ -->\n<title>O que significa sonhar com um animal ferido e por que mexe tanto com a gente - Correio Braziliense - Radar<\/title>\n<meta name=\"description\" content=\"Entenda as poss\u00edveis interpreta\u00e7\u00f5es de sonhar com um animal ferido e o que esse s\u00edmbolo pode revelar sobre suas emo\u00e7\u00f5es.\" \/>\n<meta name=\"robots\" content=\"index, follow, max-snippet:-1, max-image-preview:large, max-video-preview:-1\" \/>\n<link rel=\"canonical\" href=\"https:\/\/www.correiobraziliense.com.br\/cbradar\/o-que-significa-sonhar-com-um-animal-ferido-e-por-que-mexe-tanto-com-a-gente\/\" \/>\n<meta property=\"og:locale\" content=\"pt_BR\" \/>\n<meta property=\"og:type\" content=\"article\" \/>\n<meta property=\"og:title\" content=\"O que significa sonhar com um animal ferido e por que mexe tanto com a gente - Correio Braziliense - Radar\" \/>\n<meta property=\"og:description\" content=\"Entenda as poss\u00edveis interpreta\u00e7\u00f5es de sonhar com um animal ferido e o que esse s\u00edmbolo pode revelar sobre suas emo\u00e7\u00f5es.\" \/>\n<meta property=\"og:url\" content=\"https:\/\/www.correiobraziliense.com.br\/cbradar\/o-que-significa-sonhar-com-um-animal-ferido-e-por-que-mexe-tanto-com-a-gente\/\" \/>\n<meta property=\"og:site_name\" content=\"Correio Braziliense - Radar\" \/>\n<meta property=\"article:published_time\" content=\"2025-12-02T17:55:06+00:00\" \/>\n<meta property=\"og:image\" content=\"https:\/\/www.correiobraziliense.com.br\/cbradar\/wp-content\/uploads\/2025\/12\/freepik__faa-uma-imagem-realista-de-um-cachorro-com-a-pata-__38288.jpeg\" \/>\n\t<meta property=\"og:image:width\" content=\"1280\" \/>\n\t<meta property=\"og:image:height\" content=\"720\" \/>\n\t<meta property=\"og:image:type\" content=\"image\/jpeg\" \/>\n<meta name=\"author\" content=\"Daniely Cardoso\" \/>\n<meta name=\"twitter:card\" content=\"summary_large_image\" \/>\n<meta name=\"twitter:label1\" content=\"Escrito por\" \/>\n\t<meta name=\"twitter:data1\" content=\"Daniely Cardoso\" \/>\n\t<meta name=\"twitter:label2\" content=\"Est. tempo de leitura\" \/>\n\t<meta name=\"twitter:data2\" content=\"3 minutos\" \/>\n<!-- \/ Yoast SEO plugin. -->","yoast_head_json":{"title":"O que significa sonhar com um animal ferido e por que mexe tanto com a gente - Correio Braziliense - Radar","description":"Entenda as poss\u00edveis interpreta\u00e7\u00f5es de sonhar com um animal ferido e o que esse s\u00edmbolo pode revelar sobre suas emo\u00e7\u00f5es.","robots":{"index":"index","follow":"follow","max-snippet":"max-snippet:-1","max-image-preview":"max-image-preview:large","max-video-preview":"max-video-preview:-1"},"canonical":"https:\/\/www.correiobraziliense.com.br\/cbradar\/o-que-significa-sonhar-com-um-animal-ferido-e-por-que-mexe-tanto-com-a-gente\/","og_locale":"pt_BR","og_type":"article","og_title":"O que significa sonhar com um animal ferido e por que mexe tanto com a gente - Correio Braziliense - Radar","og_description":"Entenda as poss\u00edveis interpreta\u00e7\u00f5es de sonhar com um animal ferido e o que esse s\u00edmbolo pode revelar sobre suas emo\u00e7\u00f5es.","og_url":"https:\/\/www.correiobraziliense.com.br\/cbradar\/o-que-significa-sonhar-com-um-animal-ferido-e-por-que-mexe-tanto-com-a-gente\/","og_site_name":"Correio Braziliense - Radar","article_published_time":"2025-12-02T17:55:06+00:00","og_image":[{"width":1280,"height":720,"url":"https:\/\/www.correiobraziliense.com.br\/cbradar\/wp-content\/uploads\/2025\/12\/freepik__faa-uma-imagem-realista-de-um-cachorro-com-a-pata-__38288.jpeg","type":"image\/jpeg"}],"author":"Daniely Cardoso","twitter_card":"summary_large_image","twitter_misc":{"Escrito por":"Daniely Cardoso","Est. tempo de leitura":"3 minutos"},"schema":{"@context":"https:\/\/schema.org","@graph":[{"@type":"WebPage","@id":"https:\/\/www.correiobraziliense.com.br\/cbradar\/o-que-significa-sonhar-com-um-animal-ferido-e-por-que-mexe-tanto-com-a-gente\/","url":"https:\/\/www.correiobraziliense.com.br\/cbradar\/o-que-significa-sonhar-com-um-animal-ferido-e-por-que-mexe-tanto-com-a-gente\/","name":"O que significa sonhar com um animal ferido e por que mexe tanto com a gente - Correio Braziliense - Radar","isPartOf":{"@id":"https:\/\/www.correiobraziliense.com.br\/cbradar\/#website"},"primaryImageOfPage":{"@id":"https:\/\/www.correiobraziliense.com.br\/cbradar\/o-que-significa-sonhar-com-um-animal-ferido-e-por-que-mexe-tanto-com-a-gente\/#primaryimage"},"image":{"@id":"https:\/\/www.correiobraziliense.com.br\/cbradar\/o-que-significa-sonhar-com-um-animal-ferido-e-por-que-mexe-tanto-com-a-gente\/#primaryimage"},"thumbnailUrl":"https:\/\/www.correiobraziliense.com.br\/cbradar\/wp-content\/uploads\/2025\/12\/freepik__faa-uma-imagem-realista-de-um-cachorro-com-a-pata-__38288.jpeg","datePublished":"2025-12-02T17:55:06+00:00","author":{"@id":"https:\/\/www.correiobraziliense.com.br\/cbradar\/#\/schema\/person\/7356666e12ec0ee53f348ee5db227032"},"description":"Entenda as poss\u00edveis interpreta\u00e7\u00f5es de sonhar com um animal ferido e o que esse s\u00edmbolo pode revelar sobre suas emo\u00e7\u00f5es.","breadcrumb":{"@id":"https:\/\/www.correiobraziliense.com.br\/cbradar\/o-que-significa-sonhar-com-um-animal-ferido-e-por-que-mexe-tanto-com-a-gente\/#breadcrumb"},"inLanguage":"pt-BR","potentialAction":[{"@type":"ReadAction","target":["https:\/\/www.correiobraziliense.com.br\/cbradar\/o-que-significa-sonhar-com-um-animal-ferido-e-por-que-mexe-tanto-com-a-gente\/"]}]},{"@type":"ImageObject","inLanguage":"pt-BR","@id":"https:\/\/www.correiobraziliense.com.br\/cbradar\/o-que-significa-sonhar-com-um-animal-ferido-e-por-que-mexe-tanto-com-a-gente\/#primaryimage","url":"https:\/\/www.correiobraziliense.com.br\/cbradar\/wp-content\/uploads\/2025\/12\/freepik__faa-uma-imagem-realista-de-um-cachorro-com-a-pata-__38288.jpeg","contentUrl":"https:\/\/www.correiobraziliense.com.br\/cbradar\/wp-content\/uploads\/2025\/12\/freepik__faa-uma-imagem-realista-de-um-cachorro-com-a-pata-__38288.jpeg","width":1280,"height":720,"caption":"A presen\u00e7a de um animal ferido pode representar vulnerabilidades emocionais ou conflitos internos"},{"@type":"BreadcrumbList","@id":"https:\/\/www.correiobraziliense.com.br\/cbradar\/o-que-significa-sonhar-com-um-animal-ferido-e-por-que-mexe-tanto-com-a-gente\/#breadcrumb","itemListElement":[{"@type":"ListItem","position":1,"name":"In\u00edcio","item":"https:\/\/www.correiobraziliense.com.br\/cbradar\/"},{"@type":"ListItem","position":2,"name":"O que significa sonhar com um animal ferido e por que mexe tanto com a gente"}]},{"@type":"WebSite","@id":"https:\/\/www.correiobraziliense.com.br\/cbradar\/#website","url":"https:\/\/www.correiobraziliense.com.br\/cbradar\/","name":"Correio Braziliense - Radar","description":"Acompanhe as \u00faltimas not\u00edcias e fique bem informado sobre tudo o que acontece no Brasil e no mundo.","potentialAction":[{"@type":"SearchAction","target":{"@type":"EntryPoint","urlTemplate":"https:\/\/www.correiobraziliense.com.br\/cbradar\/?s={search_term_string}"},"query-input":{"@type":"PropertyValueSpecification","valueRequired":true,"valueName":"search_term_string"}}],"inLanguage":"pt-BR"},{"@type":"Person","@id":"https:\/\/www.correiobraziliense.com.br\/cbradar\/#\/schema\/person\/7356666e12ec0ee53f348ee5db227032","name":"Daniely Cardoso","image":{"@type":"ImageObject","inLanguage":"pt-BR","@id":"https:\/\/www.correiobraziliense.com.br\/cbradar\/#\/schema\/person\/image\/","url":"https:\/\/secure.gravatar.com\/avatar\/4b80ddbd124d1f071b626d52d62e5dff?s=96&d=mm&r=g","contentUrl":"https:\/\/secure.gravatar.com\/avatar\/4b80ddbd124d1f071b626d52d62e5dff?s=96&d=mm&r=g","caption":"Daniely Cardoso"},"description":"Redatora nos portais CB Radar e EM Foco, formada pela Universidade Federal de Goi\u00e1s, em Goi\u00e2nia. Apaixonada por comunica\u00e7\u00e3o, arte, decora\u00e7\u00e3o e tend\u00eancias, atuo na produ\u00e7\u00e3o de conte\u00fados envolventes sobre curiosidades, moda, beleza e paisagismo, sempre com um olhar atento \u00e0s novidades do momento.","sameAs":["https:\/\/www.correiobraziliense.com.br\/cbradar"],"url":"https:\/\/www.correiobraziliense.com.br\/cbradar\/author\/danielymyth\/"}]}},"_links":{"self":[{"href":"https:\/\/www.correiobraziliense.com.br\/cbradar\/wp-json\/wp\/v2\/posts\/148062","targetHints":{"allow":["GET"]}}],"collection":[{"href":"https:\/\/www.correiobraziliense.com.br\/cbradar\/wp-json\/wp\/v2\/posts"}],"about":[{"href":"https:\/\/www.correiobraziliense.com.br\/cbradar\/wp-json\/wp\/v2\/types\/post"}],"author":[{"embeddable":true,"href":"https:\/\/www.correiobraziliense.com.br\/cbradar\/wp-json\/wp\/v2\/users\/9"}],"replies":[{"embeddable":true,"href":"https:\/\/www.correiobraziliense.com.br\/cbradar\/wp-json\/wp\/v2\/comments?post=148062"}],"version-history":[{"count":2,"href":"https:\/\/www.correiobraziliense.com.br\/cbradar\/wp-json\/wp\/v2\/posts\/148062\/revisions"}],"predecessor-version":[{"id":148073,"href":"https:\/\/www.correiobraziliense.com.br\/cbradar\/wp-json\/wp\/v2\/posts\/148062\/revisions\/148073"}],"wp:featuredmedia":[{"embeddable":true,"href":"https:\/\/www.correiobraziliense.com.br\/cbradar\/wp-json\/wp\/v2\/media\/148138"}],"wp:attachment":[{"href":"https:\/\/www.correiobraziliense.com.br\/cbradar\/wp-json\/wp\/v2\/media?parent=148062"}],"wp:term":[{"taxonomy":"category","embeddable":true,"href":"https:\/\/www.correiobraziliense.com.br\/cbradar\/wp-json\/wp\/v2\/categories?post=148062"},{"taxonomy":"post_tag","embeddable":true,"href":"https:\/\/www.correiobraziliense.com.br\/cbradar\/wp-json\/wp\/v2\/tags?post=148062"}],"curies":[{"name":"wp","href":"https:\/\/api.w.org\/{rel}","templated":true}]}}