{"id":148094,"date":"2025-12-02T16:25:00","date_gmt":"2025-12-02T19:25:00","guid":{"rendered":"https:\/\/www.correiobraziliense.com.br\/cbradar\/?p=148094"},"modified":"2025-12-01T10:36:59","modified_gmt":"2025-12-01T13:36:59","slug":"a-rainha-das-frutas-que-acalma-inflamacoes-e-ainda-pode-ser-plantada-em-casa-com-passos-simples","status":"publish","type":"post","link":"https:\/\/www.correiobraziliense.com.br\/cbradar\/a-rainha-das-frutas-que-acalma-inflamacoes-e-ainda-pode-ser-plantada-em-casa-com-passos-simples\/","title":{"rendered":"A rainha das frutas que acalma inflama\u00e7\u00f5es e ainda pode ser plantada em casa com passos simples"},"content":{"rendered":"\n<p>O <strong>mangost\u00e3o<\/strong> (<em>Garcinia mangostana L.<\/em>) \u00e9 uma fruta tropical ex\u00f3tica, aclamada como a &#8220;Rainha das Frutas&#8221; por seu sabor e por suas extraordin\u00e1rias <strong>propriedades medicinais<\/strong>. Seu <strong>poder curativo<\/strong> \u00e9 conferido pela alta concentra\u00e7\u00e3o de <strong>xantonas<\/strong>, um grupo de <strong>compostos bioativos<\/strong> que lhe garantem potente <strong>a\u00e7\u00e3o anti-inflamat\u00f3ria<\/strong> e antioxidante, com benef\u00edcios para a sa\u00fade cardiovascular e imunol\u00f3gica.<\/p>\n\n\n\n<p>Descubra os principais <strong>benef\u00edcios terap\u00eauticos<\/strong> do mangost\u00e3o:<\/p>\n\n\n\n<ul class=\"wp-block-list\">\n<li>Xantonas, o principal princ\u00edpio ativo com forte propriedade anti-inflamat\u00f3ria.<\/li>\n\n\n\n<li>A\u00e7\u00e3o antioxidante superior, protegendo contra o estresse oxidativo e o envelhecimento celular.<\/li>\n\n\n\n<li>Compostos que auxiliam na modula\u00e7\u00e3o da resposta imunol\u00f3gica e na cicatriza\u00e7\u00e3o.<\/li>\n<\/ul>\n\n\n\n<h2 class=\"wp-block-heading\">Propriedade anti-inflamat\u00f3ria potente das xantonas<\/h2>\n\n\n\n<p>O principal <strong>benef\u00edcio terap\u00eautico<\/strong> do <strong>mangost\u00e3o<\/strong> \u00e9 sua intensa <strong>propriedade anti-inflamat\u00f3ria<\/strong>, concentrada principalmente na casca (pericarpo) do fruto. As <strong>xantonas<\/strong>, como a alfa-mangostina, s\u00e3o os <strong>princ\u00edpios ativos<\/strong> que atuam inibindo enzimas inflamat\u00f3rias, como a COX-2, e modulando a libera\u00e7\u00e3o de mediadores inflamat\u00f3rios no corpo. Essa <strong>a\u00e7\u00e3o anti-inflamat\u00f3ria<\/strong> sist\u00eamica torna o mangost\u00e3o um valioso aliado no manejo de condi\u00e7\u00f5es inflamat\u00f3rias cr\u00f4nicas. O estudo sobre as xantonas e a inflama\u00e7\u00e3o \u00e9 conclusivo:<\/p>\n\n\n\n<blockquote class=\"wp-block-quote is-layout-flow wp-block-quote-is-layout-flow\">\n<p><em>&#8220;As xantonas isoladas do pericarpo do mangost\u00e3o, especialmente a alfa-mangostina, demonstraram uma significativa inibi\u00e7\u00e3o de citocinas pr\u00f3-inflamat\u00f3rias e da via COX-2, confirmando o seu potencial no tratamento de estados inflamat\u00f3rios.&#8221;<\/em> (CHEN et al., 2008).<\/p>\n<\/blockquote>\n\n\n<div class=\"wp-block-image\">\n<figure class=\"aligncenter size-large\"><img decoding=\"async\" width=\"1024\" height=\"576\" src=\"https:\/\/www.correiobraziliense.com.br\/cbradar\/wp-content\/uploads\/2025\/12\/Garcinia-mangostana-_1764586529459-1024x576.jpg\" alt=\"\" class=\"wp-image-148100\" srcset=\"https:\/\/www.correiobraziliense.com.br\/cbradar\/wp-content\/uploads\/2025\/12\/Garcinia-mangostana-_1764586529459-1024x576.jpg 1024w, https:\/\/www.correiobraziliense.com.br\/cbradar\/wp-content\/uploads\/2025\/12\/Garcinia-mangostana-_1764586529459-300x169.jpg 300w, https:\/\/www.correiobraziliense.com.br\/cbradar\/wp-content\/uploads\/2025\/12\/Garcinia-mangostana-_1764586529459-768x432.jpg 768w, https:\/\/www.correiobraziliense.com.br\/cbradar\/wp-content\/uploads\/2025\/12\/Garcinia-mangostana-_1764586529459-750x422.jpg 750w, https:\/\/www.correiobraziliense.com.br\/cbradar\/wp-content\/uploads\/2025\/12\/Garcinia-mangostana-_1764586529459-1140x641.jpg 1140w, https:\/\/www.correiobraziliense.com.br\/cbradar\/wp-content\/uploads\/2025\/12\/Garcinia-mangostana-_1764586529459.jpg 1280w\" sizes=\"(max-width: 1024px) 100vw, 1024px\" \/><figcaption class=\"wp-element-caption\">O principal benef\u00edcio terap\u00eautico do mangost\u00e3o \u00e9 sua intensa propriedade anti-inflamat\u00f3ria &#8211; Cr\u00e9ditos: depositphotos.com \/ Tanagron<\/figcaption><\/figure><\/div>\n\n\n<p>Leia tamb\u00e9m: <a href=\"https:\/\/www.correiobraziliense.com.br\/cbradar\/a-planta-que-faz-milagres-na-pele-e-ainda-e-facil-de-plantar-em-casa\/\" target=\"_blank\" rel=\"noreferrer noopener\">A planta que faz milagres na pele e ainda \u00e9 f\u00e1cil de plantar em casa<\/a><\/p>\n\n\n\n<h2 class=\"wp-block-heading\">A\u00e7\u00e3o antioxidante superior e prote\u00e7\u00e3o celular<\/h2>\n\n\n\n<p>O <strong>mangost\u00e3o<\/strong> possui um dos maiores valores de capacidade de absor\u00e7\u00e3o de radicais oxig\u00eanio (ORAC) entre as frutas, devido \u00e0 sua riqueza em <strong>xantonas<\/strong>. Este <strong>poder curativo<\/strong> antioxidante protege as c\u00e9lulas contra o estresse oxidativo, que \u00e9 a causa raiz de muitas doen\u00e7as e do envelhecimento. A polpa e a casca do fruto fornecem <strong>compostos bioativos<\/strong> que atuam como varredores de radicais livres, garantindo uma defesa celular robusta. A efic\u00e1cia das xantonas \u00e9 bem conhecida:<\/p>\n\n\n\n<blockquote class=\"wp-block-quote is-layout-flow wp-block-quote-is-layout-flow\">\n<p><em>&#8220;As xantonas do mangost\u00e3o s\u00e3o classificadas como antioxidantes de alta pot\u00eancia. Sua estrutura qu\u00edmica permite uma forte neutraliza\u00e7\u00e3o de radicais livres, contribuindo para a manuten\u00e7\u00e3o da integridade celular e a preven\u00e7\u00e3o de danos oxidativos.&#8221;<\/em> (MATOS, 2009).<\/p>\n<\/blockquote>\n\n\n\n<h3 class=\"wp-block-heading\">Consumo integral (casca e polpa)<\/h3>\n\n\n\n<p>Para obter a m\u00e1xima concentra\u00e7\u00e3o de <strong>xantonas<\/strong>, o ideal \u00e9 consumir o extrato da casca (pericarpo), pois a concentra\u00e7\u00e3o desses <strong>princ\u00edpios ativos<\/strong> \u00e9 muito maior nessa parte. A polpa do <strong>mangost\u00e3o<\/strong>, embora deliciosa, \u00e9 mais rica em \u00e1gua e a\u00e7\u00facares.<\/p>\n\n\n\n<h2 class=\"wp-block-heading\">Guia r\u00e1pido de como plantar mangost\u00e3o<\/h2>\n\n\n\n<p>O cultivo do <strong>mangost\u00e3o<\/strong> \u00e9 desafiador devido \u00e0 exig\u00eancia de um clima tropical \u00famido e \u00e0 lentid\u00e3o do crescimento da \u00e1rvore (mangostaneira). \u00c9 essencial ter paci\u00eancia e aten\u00e7\u00e3o \u00e0 umidade para <strong>plantar<\/strong> com sucesso. A \u00e1rvore come\u00e7a a produzir frutos apenas ap\u00f3s 7 a 10 anos, dependendo das condi\u00e7\u00f5es.<\/p>\n\n\n\n<ol class=\"wp-block-list\">\n<li><strong>Plantio por Semente<\/strong>: O mangost\u00e3o s\u00f3 pode ser plantado por <strong>sementes<\/strong>, pois a planta n\u00e3o aceita enxertia. A semente deve ser plantada imediatamente ap\u00f3s a remo\u00e7\u00e3o do fruto, pois perde a viabilidade rapidamente.<\/li>\n\n\n\n<li><strong>Clima e Sombra<\/strong>: A mangostaneira exige clima quente e \u00famido constante, sem flutua\u00e7\u00f5es de temperatura. \u00c9 fundamental que as mudas jovens sejam plantadas em <strong>sombra parcial<\/strong> por pelo menos 3 a 4 anos, pois s\u00e3o muito sens\u00edveis ao sol direto.<\/li>\n\n\n\n<li><strong>Solo e Drenagem<\/strong>: Utilize solo f\u00e9rtil, profundo e ligeiramente \u00e1cido (pH 5,5 a 6,5). A <strong>drenagem<\/strong> deve ser perfeita; o mangost\u00e3o odeia solo encharcado, mas precisa de alta umidade do ar.<\/li>\n<\/ol>\n\n\n\n<p>O canal <a href=\"https:\/\/www.youtube.com\/@Amantedanatureza8\" target=\"_blank\" rel=\"noreferrer noopener\">Adoro Plantar<\/a> ensina a como plantar sementes de mangost\u00e3o, confira abaixo:<\/p>\n\n\n\n<figure class=\"wp-block-embed is-type-video is-provider-youtube wp-block-embed-youtube wp-embed-aspect-16-9 wp-has-aspect-ratio\"><div class=\"wp-block-embed__wrapper\">\n<div class=\"jeg_video_container jeg_video_content\"><iframe loading=\"lazy\" title=\"COMO PLANTAR SEMENTES DE MANGOST\u00c3O SUPER F\u00c1CIL VEJA!\" width=\"500\" height=\"281\" src=\"https:\/\/www.youtube.com\/embed\/6hbcB3Feo7I?feature=oembed\" frameborder=\"0\" allow=\"accelerometer; autoplay; clipboard-write; encrypted-media; gyroscope; picture-in-picture; web-share\" referrerpolicy=\"strict-origin-when-cross-origin\" allowfullscreen><\/iframe><\/div>\n<\/div><\/figure>\n\n\n\n<p>Plantar o mangost\u00e3o \u00e9 um investimento de longo prazo que recompensa com <strong>propriedades curativas<\/strong> \u00fanicas.<\/p>\n\n\n\n<h2 class=\"wp-block-heading\">A realeza das frutas anti-inflamat\u00f3rias<\/h2>\n\n\n\n<p>O <strong>mangost\u00e3o<\/strong> \u00e9 um <strong>fitoter\u00e1pico<\/strong> poderoso, com <strong>propriedades curativas<\/strong> concentradas nas suas <strong>xantonas<\/strong>. Seu <strong>poder curativo<\/strong> fornece um suporte anti-inflamat\u00f3rio e antioxidante de elite, sendo um recurso valioso da <strong>bot\u00e2nica medicinal<\/strong> tropical.<\/p>\n\n\n\n<ul class=\"wp-block-list\">\n<li>As <strong>xantonas<\/strong> s\u00e3o os <strong>princ\u00edpios ativos<\/strong> chave, com forte <strong>a\u00e7\u00e3o anti-inflamat\u00f3ria<\/strong> e antioxidante, combatendo a inflama\u00e7\u00e3o sist\u00eamica.<\/li>\n\n\n\n<li>O consumo da fruta fornece <strong>compostos bioativos<\/strong> que protegem contra o estresse oxidativo e o envelhecimento celular.<\/li>\n\n\n\n<li>O cultivo exige <strong>clima tropical \u00famido<\/strong> e <strong>sombra parcial<\/strong> nos primeiros anos, sendo um processo longo, mas de grande valor.<\/li>\n<\/ul>\n\n\n\n<h2 class=\"wp-block-heading\">Refer\u00eancias bibliogr\u00e1ficas<\/h2>\n\n\n\n<ul class=\"wp-block-list\">\n<li>CHEN, Y. C. et al. Anti-inflammatory activity of xanthones from the bark of Garcinia mangostana. <em>Journal of Natural Products<\/em>, v. 71, n. 4, p. 574-581, 2008.<\/li>\n\n\n\n<li>MATOS, Francisco Jos\u00e9 de Abreu. <em>Farmacognosia: do produto natural ao medicamento<\/em>. 7. ed. Fortaleza: Edi\u00e7\u00f5es UFC, 2009.<\/li>\n\n\n\n<li>EMBRAPA. <em>Cultivo do Mangost\u00e3o em Climas Tropicais<\/em>. Bras\u00edlia, DF: Embrapa Informa\u00e7\u00e3o Tecnol\u00f3gica, 2019.<\/li>\n<\/ul>\n","protected":false},"excerpt":{"rendered":"<p>O mangost\u00e3o (Garcinia mangostana L.) \u00e9 uma fruta tropical ex\u00f3tica, aclamada como a &#8220;Rainha das Frutas&#8221; por seu sabor e por suas extraordin\u00e1rias propriedades medicinais. Seu poder curativo \u00e9 conferido pela alta concentra\u00e7\u00e3o de xantonas, um grupo de compostos bioativos que lhe garantem potente a\u00e7\u00e3o anti-inflamat\u00f3ria e antioxidante, com benef\u00edcios para a sa\u00fade cardiovascular e [&hellip;]<\/p>\n","protected":false},"author":9,"featured_media":148136,"comment_status":"open","ping_status":"open","sticky":false,"template":"","format":"standard","meta":{"_yoast_wpseo_focuskw":"como plantar mangost\u00e3o","_yoast_wpseo_title":"","_yoast_wpseo_metadesc":"Uma fruta tropical com a\u00e7\u00e3o anti-inflamat\u00f3ria e antioxidante que ainda pode ser plantada em casa com passos simples e cuidados essenciais.","jnews-multi-image_gallery":[],"jnews_single_post":{"format":"standard"},"jnews_primary_category":[],"jnews_social_meta":[],"jnews_override_counter":[],"footnotes":""},"categories":[119,4404],"tags":[7164,12152,565],"class_list":["post-148094","post","type-post","status-publish","format-standard","has-post-thumbnail","hentry","category-bem-estar","category-saude","tag-anti-inflamatoria","tag-como-plantar-mangostao","tag-saude"],"yoast_head":"<!-- This site is optimized with the Yoast SEO plugin v24.6 - https:\/\/yoast.com\/wordpress\/plugins\/seo\/ -->\n<title>A rainha das frutas que acalma inflama\u00e7\u00f5es e ainda pode ser plantada em casa com passos simples - Correio Braziliense - Radar<\/title>\n<meta name=\"description\" content=\"Uma fruta tropical com a\u00e7\u00e3o anti-inflamat\u00f3ria e antioxidante que ainda pode ser plantada em casa com passos simples e cuidados essenciais.\" \/>\n<meta name=\"robots\" content=\"index, follow, max-snippet:-1, max-image-preview:large, max-video-preview:-1\" \/>\n<link rel=\"canonical\" href=\"https:\/\/www.correiobraziliense.com.br\/cbradar\/a-rainha-das-frutas-que-acalma-inflamacoes-e-ainda-pode-ser-plantada-em-casa-com-passos-simples\/\" \/>\n<meta property=\"og:locale\" content=\"pt_BR\" \/>\n<meta property=\"og:type\" content=\"article\" \/>\n<meta property=\"og:title\" content=\"A rainha das frutas que acalma inflama\u00e7\u00f5es e ainda pode ser plantada em casa com passos simples - Correio Braziliense - Radar\" \/>\n<meta property=\"og:description\" content=\"Uma fruta tropical com a\u00e7\u00e3o anti-inflamat\u00f3ria e antioxidante que ainda pode ser plantada em casa com passos simples e cuidados essenciais.\" \/>\n<meta property=\"og:url\" content=\"https:\/\/www.correiobraziliense.com.br\/cbradar\/a-rainha-das-frutas-que-acalma-inflamacoes-e-ainda-pode-ser-plantada-em-casa-com-passos-simples\/\" \/>\n<meta property=\"og:site_name\" content=\"Correio Braziliense - Radar\" \/>\n<meta property=\"article:published_time\" content=\"2025-12-02T19:25:00+00:00\" \/>\n<meta property=\"og:image\" content=\"https:\/\/www.correiobraziliense.com.br\/cbradar\/wp-content\/uploads\/2025\/12\/freepik__faa-uma-imagem-realista-da-fruta-mangosto__38287.jpeg\" \/>\n\t<meta property=\"og:image:width\" content=\"1280\" \/>\n\t<meta property=\"og:image:height\" content=\"720\" \/>\n\t<meta property=\"og:image:type\" content=\"image\/jpeg\" \/>\n<meta name=\"author\" content=\"Daniely Cardoso\" \/>\n<meta name=\"twitter:card\" content=\"summary_large_image\" \/>\n<meta name=\"twitter:label1\" content=\"Escrito por\" \/>\n\t<meta name=\"twitter:data1\" content=\"Daniely Cardoso\" \/>\n\t<meta name=\"twitter:label2\" content=\"Est. tempo de leitura\" \/>\n\t<meta name=\"twitter:data2\" content=\"4 minutos\" \/>\n<!-- \/ Yoast SEO plugin. -->","yoast_head_json":{"title":"A rainha das frutas que acalma inflama\u00e7\u00f5es e ainda pode ser plantada em casa com passos simples - Correio Braziliense - Radar","description":"Uma fruta tropical com a\u00e7\u00e3o anti-inflamat\u00f3ria e antioxidante que ainda pode ser plantada em casa com passos simples e cuidados essenciais.","robots":{"index":"index","follow":"follow","max-snippet":"max-snippet:-1","max-image-preview":"max-image-preview:large","max-video-preview":"max-video-preview:-1"},"canonical":"https:\/\/www.correiobraziliense.com.br\/cbradar\/a-rainha-das-frutas-que-acalma-inflamacoes-e-ainda-pode-ser-plantada-em-casa-com-passos-simples\/","og_locale":"pt_BR","og_type":"article","og_title":"A rainha das frutas que acalma inflama\u00e7\u00f5es e ainda pode ser plantada em casa com passos simples - Correio Braziliense - Radar","og_description":"Uma fruta tropical com a\u00e7\u00e3o anti-inflamat\u00f3ria e antioxidante que ainda pode ser plantada em casa com passos simples e cuidados essenciais.","og_url":"https:\/\/www.correiobraziliense.com.br\/cbradar\/a-rainha-das-frutas-que-acalma-inflamacoes-e-ainda-pode-ser-plantada-em-casa-com-passos-simples\/","og_site_name":"Correio Braziliense - Radar","article_published_time":"2025-12-02T19:25:00+00:00","og_image":[{"width":1280,"height":720,"url":"https:\/\/www.correiobraziliense.com.br\/cbradar\/wp-content\/uploads\/2025\/12\/freepik__faa-uma-imagem-realista-da-fruta-mangosto__38287.jpeg","type":"image\/jpeg"}],"author":"Daniely Cardoso","twitter_card":"summary_large_image","twitter_misc":{"Escrito por":"Daniely Cardoso","Est. tempo de leitura":"4 minutos"},"schema":{"@context":"https:\/\/schema.org","@graph":[{"@type":"WebPage","@id":"https:\/\/www.correiobraziliense.com.br\/cbradar\/a-rainha-das-frutas-que-acalma-inflamacoes-e-ainda-pode-ser-plantada-em-casa-com-passos-simples\/","url":"https:\/\/www.correiobraziliense.com.br\/cbradar\/a-rainha-das-frutas-que-acalma-inflamacoes-e-ainda-pode-ser-plantada-em-casa-com-passos-simples\/","name":"A rainha das frutas que acalma inflama\u00e7\u00f5es e ainda pode ser plantada em casa com passos simples - Correio Braziliense - Radar","isPartOf":{"@id":"https:\/\/www.correiobraziliense.com.br\/cbradar\/#website"},"primaryImageOfPage":{"@id":"https:\/\/www.correiobraziliense.com.br\/cbradar\/a-rainha-das-frutas-que-acalma-inflamacoes-e-ainda-pode-ser-plantada-em-casa-com-passos-simples\/#primaryimage"},"image":{"@id":"https:\/\/www.correiobraziliense.com.br\/cbradar\/a-rainha-das-frutas-que-acalma-inflamacoes-e-ainda-pode-ser-plantada-em-casa-com-passos-simples\/#primaryimage"},"thumbnailUrl":"https:\/\/www.correiobraziliense.com.br\/cbradar\/wp-content\/uploads\/2025\/12\/freepik__faa-uma-imagem-realista-da-fruta-mangosto__38287.jpeg","datePublished":"2025-12-02T19:25:00+00:00","author":{"@id":"https:\/\/www.correiobraziliense.com.br\/cbradar\/#\/schema\/person\/7356666e12ec0ee53f348ee5db227032"},"description":"Uma fruta tropical com a\u00e7\u00e3o anti-inflamat\u00f3ria e antioxidante que ainda pode ser plantada em casa com passos simples e cuidados essenciais.","breadcrumb":{"@id":"https:\/\/www.correiobraziliense.com.br\/cbradar\/a-rainha-das-frutas-que-acalma-inflamacoes-e-ainda-pode-ser-plantada-em-casa-com-passos-simples\/#breadcrumb"},"inLanguage":"pt-BR","potentialAction":[{"@type":"ReadAction","target":["https:\/\/www.correiobraziliense.com.br\/cbradar\/a-rainha-das-frutas-que-acalma-inflamacoes-e-ainda-pode-ser-plantada-em-casa-com-passos-simples\/"]}]},{"@type":"ImageObject","inLanguage":"pt-BR","@id":"https:\/\/www.correiobraziliense.com.br\/cbradar\/a-rainha-das-frutas-que-acalma-inflamacoes-e-ainda-pode-ser-plantada-em-casa-com-passos-simples\/#primaryimage","url":"https:\/\/www.correiobraziliense.com.br\/cbradar\/wp-content\/uploads\/2025\/12\/freepik__faa-uma-imagem-realista-da-fruta-mangosto__38287.jpeg","contentUrl":"https:\/\/www.correiobraziliense.com.br\/cbradar\/wp-content\/uploads\/2025\/12\/freepik__faa-uma-imagem-realista-da-fruta-mangosto__38287.jpeg","width":1280,"height":720,"caption":"Alto teor de xantonas com a\u00e7\u00e3o antioxidante e anti-inflamat\u00f3ria"},{"@type":"BreadcrumbList","@id":"https:\/\/www.correiobraziliense.com.br\/cbradar\/a-rainha-das-frutas-que-acalma-inflamacoes-e-ainda-pode-ser-plantada-em-casa-com-passos-simples\/#breadcrumb","itemListElement":[{"@type":"ListItem","position":1,"name":"In\u00edcio","item":"https:\/\/www.correiobraziliense.com.br\/cbradar\/"},{"@type":"ListItem","position":2,"name":"A rainha das frutas que acalma inflama\u00e7\u00f5es e ainda pode ser plantada em casa com passos simples"}]},{"@type":"WebSite","@id":"https:\/\/www.correiobraziliense.com.br\/cbradar\/#website","url":"https:\/\/www.correiobraziliense.com.br\/cbradar\/","name":"Correio Braziliense - Radar","description":"Acompanhe as \u00faltimas not\u00edcias e fique bem informado sobre tudo o que acontece no Brasil e no mundo.","potentialAction":[{"@type":"SearchAction","target":{"@type":"EntryPoint","urlTemplate":"https:\/\/www.correiobraziliense.com.br\/cbradar\/?s={search_term_string}"},"query-input":{"@type":"PropertyValueSpecification","valueRequired":true,"valueName":"search_term_string"}}],"inLanguage":"pt-BR"},{"@type":"Person","@id":"https:\/\/www.correiobraziliense.com.br\/cbradar\/#\/schema\/person\/7356666e12ec0ee53f348ee5db227032","name":"Daniely Cardoso","image":{"@type":"ImageObject","inLanguage":"pt-BR","@id":"https:\/\/www.correiobraziliense.com.br\/cbradar\/#\/schema\/person\/image\/","url":"https:\/\/secure.gravatar.com\/avatar\/4b80ddbd124d1f071b626d52d62e5dff?s=96&d=mm&r=g","contentUrl":"https:\/\/secure.gravatar.com\/avatar\/4b80ddbd124d1f071b626d52d62e5dff?s=96&d=mm&r=g","caption":"Daniely Cardoso"},"description":"Redatora nos portais CB Radar e EM Foco, formada pela Universidade Federal de Goi\u00e1s, em Goi\u00e2nia. Apaixonada por comunica\u00e7\u00e3o, arte, decora\u00e7\u00e3o e tend\u00eancias, atuo na produ\u00e7\u00e3o de conte\u00fados envolventes sobre curiosidades, moda, beleza e paisagismo, sempre com um olhar atento \u00e0s novidades do momento.","sameAs":["https:\/\/www.correiobraziliense.com.br\/cbradar"],"url":"https:\/\/www.correiobraziliense.com.br\/cbradar\/author\/danielymyth\/"}]}},"_links":{"self":[{"href":"https:\/\/www.correiobraziliense.com.br\/cbradar\/wp-json\/wp\/v2\/posts\/148094","targetHints":{"allow":["GET"]}}],"collection":[{"href":"https:\/\/www.correiobraziliense.com.br\/cbradar\/wp-json\/wp\/v2\/posts"}],"about":[{"href":"https:\/\/www.correiobraziliense.com.br\/cbradar\/wp-json\/wp\/v2\/types\/post"}],"author":[{"embeddable":true,"href":"https:\/\/www.correiobraziliense.com.br\/cbradar\/wp-json\/wp\/v2\/users\/9"}],"replies":[{"embeddable":true,"href":"https:\/\/www.correiobraziliense.com.br\/cbradar\/wp-json\/wp\/v2\/comments?post=148094"}],"version-history":[{"count":1,"href":"https:\/\/www.correiobraziliense.com.br\/cbradar\/wp-json\/wp\/v2\/posts\/148094\/revisions"}],"predecessor-version":[{"id":148102,"href":"https:\/\/www.correiobraziliense.com.br\/cbradar\/wp-json\/wp\/v2\/posts\/148094\/revisions\/148102"}],"wp:featuredmedia":[{"embeddable":true,"href":"https:\/\/www.correiobraziliense.com.br\/cbradar\/wp-json\/wp\/v2\/media\/148136"}],"wp:attachment":[{"href":"https:\/\/www.correiobraziliense.com.br\/cbradar\/wp-json\/wp\/v2\/media?parent=148094"}],"wp:term":[{"taxonomy":"category","embeddable":true,"href":"https:\/\/www.correiobraziliense.com.br\/cbradar\/wp-json\/wp\/v2\/categories?post=148094"},{"taxonomy":"post_tag","embeddable":true,"href":"https:\/\/www.correiobraziliense.com.br\/cbradar\/wp-json\/wp\/v2\/tags?post=148094"}],"curies":[{"name":"wp","href":"https:\/\/api.w.org\/{rel}","templated":true}]}}