{"id":14812,"date":"2025-03-23T21:50:00","date_gmt":"2025-03-24T00:50:00","guid":{"rendered":"https:\/\/www.correiobraziliense.com.br\/cbradar\/?p=14812"},"modified":"2025-03-22T16:52:30","modified_gmt":"2025-03-22T19:52:30","slug":"ponto-turistico-do-japao-dobra-taxas-para-visitacao-entenda","status":"publish","type":"post","link":"https:\/\/www.correiobraziliense.com.br\/cbradar\/ponto-turistico-do-japao-dobra-taxas-para-visitacao-entenda\/","title":{"rendered":"Ponto tur\u00edstico do Jap\u00e3o dobra taxas para visita\u00e7\u00e3o, entenda"},"content":{"rendered":"\n<p>O <strong>Monte Fuji<\/strong>, um dos marcos mais ic\u00f4nicos do <strong>Jap\u00e3o<\/strong>, atrai turistas de todo o mundo que desejam experimentar a majestade de sua paisagem e a serenidade de seu ambiente natural. Recentemente, as autoridades locais implementaram uma nova taxa de entrada para aqueles que desejam escalar a montanha, com o objetivo de controlar o fluxo de visitantes e preservar o local.<\/p>\n\n\n\n<p>Localizado entre as prefeituras de <strong>Yamanashi <\/strong>e <strong>Shizuoka<\/strong>, o Monte Fuji \u00e9 famoso por sua forma sim\u00e9trica e beleza estonteante. Durante o ver\u00e3o japon\u00eas, que coincide com o inverno no hemisf\u00e9rio sul, a montanha se torna um destino popular para aqueles que buscam uma experi\u00eancia \u00fanica de escalada e a oportunidade de assistir ao nascer do sol do cume.<\/p>\n\n\n\n<h2 class=\"wp-block-heading\">Por que a Taxa de Entrada foi Implementada?<\/h2>\n\n\n\n<p>Em 2024, a prefeitura de Yamanashi introduziu uma taxa de 2.000 ienes para acessar a trilha &#8220;Yoshida&#8221;, a rota mais popular para o Monte Fuji. Este ano, a taxa foi aumentada para 4.000 ienes, e a prefeitura de Shizuoka tamb\u00e9m decidiu cobrar o mesmo valor para suas tr\u00eas trilhas, que anteriormente eram gratuitas. A medida visa controlar o n\u00famero de visitantes e garantir a seguran\u00e7a de todos.<\/p>\n\n\n\n<p>O aumento no n\u00famero de turistas tem levantado preocupa\u00e7\u00f5es sobre o impacto ambiental e a seguran\u00e7a dos visitantes. Em 2024, 204.316 pessoas escalaram o Monte Fuji, uma redu\u00e7\u00e3o em rela\u00e7\u00e3o aos 221.322 visitantes de 2023. A implementa\u00e7\u00e3o da taxa e o limite di\u00e1rio de visitantes s\u00e3o passos importantes para mitigar esses problemas.<\/p>\n\n\n\n<figure class=\"wp-block-image size-large\"><img decoding=\"async\" width=\"1024\" height=\"576\" src=\"https:\/\/www.correiobraziliense.com.br\/cbradar\/wp-content\/uploads\/2025\/03\/Japao_1742606191475-1024x576.jpg\" alt=\"Ponto tur\u00edstico do Jap\u00e3o dobra taxas para visita\u00e7\u00e3o, entenda\" class=\"wp-image-14814\" srcset=\"https:\/\/www.correiobraziliense.com.br\/cbradar\/wp-content\/uploads\/2025\/03\/Japao_1742606191475-1024x576.jpg 1024w, https:\/\/www.correiobraziliense.com.br\/cbradar\/wp-content\/uploads\/2025\/03\/Japao_1742606191475-300x169.jpg 300w, https:\/\/www.correiobraziliense.com.br\/cbradar\/wp-content\/uploads\/2025\/03\/Japao_1742606191475-768x432.jpg 768w, https:\/\/www.correiobraziliense.com.br\/cbradar\/wp-content\/uploads\/2025\/03\/Japao_1742606191475-750x422.jpg 750w, https:\/\/www.correiobraziliense.com.br\/cbradar\/wp-content\/uploads\/2025\/03\/Japao_1742606191475-1140x641.jpg 1140w, https:\/\/www.correiobraziliense.com.br\/cbradar\/wp-content\/uploads\/2025\/03\/Japao_1742606191475.jpg 1280w\" sizes=\"(max-width: 1024px) 100vw, 1024px\" \/><figcaption class=\"wp-element-caption\">Jap\u00e3o. Cr\u00e9ditos: depositphotos.com \/ mrsiraphol<\/figcaption><\/figure>\n\n\n\n<h2 class=\"wp-block-heading\">Como a Mudan\u00e7a Clim\u00e1tica Afeta o Monte Fuji?<\/h2>\n\n\n\n<p>Al\u00e9m das preocupa\u00e7\u00f5es com o turismo, o Monte Fuji tamb\u00e9m enfrenta desafios relacionados \u00e0 mudan\u00e7a clim\u00e1tica. Moradores locais relataram que a quantidade de neve na montanha tem diminu\u00eddo ao longo dos anos, afetando a paisagem e o ecossistema local. O aquecimento global \u00e9 um fator que contribui para essas mudan\u00e7as, tornando a preserva\u00e7\u00e3o do Monte Fuji ainda mais crucial.<\/p>\n\n\n\n<p>A montanha, que \u00e9 coberta de neve durante a maior parte do ano, tem visto uma redu\u00e7\u00e3o significativa na cobertura de neve, o que pode impactar a experi\u00eancia dos turistas e a biodiversidade da regi\u00e3o. As autoridades est\u00e3o cientes desses desafios e buscam solu\u00e7\u00f5es para proteger este patrim\u00f4nio natural.<\/p>\n\n\n\n<h2 class=\"wp-block-heading\">O Impacto do Turismo no Jap\u00e3o<\/h2>\n\n\n\n<p>O Jap\u00e3o tem visto um aumento significativo no n\u00famero de turistas estrangeiros, com um recorde de 36,8 milh\u00f5es de visitantes em 2024. Este fluxo elevado de turistas tem levantado preocupa\u00e7\u00f5es sobre o impacto em destinos populares, como Kyoto e o pr\u00f3prio Monte Fuji. As autoridades est\u00e3o trabalhando para equilibrar o turismo com a preserva\u00e7\u00e3o cultural e ambiental.<\/p>\n\n\n\n<p>O Monte Fuji, imortalizado em obras de arte como &#8220;A Grande Onda de Kanagawa&#8221; de Hokusai, continua a ser um s\u00edmbolo de beleza e tranquilidade. As medidas recentes visam garantir que ele permane\u00e7a assim para as futuras gera\u00e7\u00f5es, permitindo que visitantes de todo o mundo continuem a desfrutar de sua majestade de forma segura e sustent\u00e1vel.<\/p>\n","protected":false},"excerpt":{"rendered":"<p>O ic\u00f4nico Monte Fuji no Jap\u00e3o e o impacto da nova taxa de entrada implementada para controlar turistas e preservar a montanha.<\/p>\n","protected":false},"author":3,"featured_media":14813,"comment_status":"open","ping_status":"open","sticky":false,"template":"","format":"standard","meta":{"_yoast_wpseo_focuskw":"cobran\u00e7a de taxa","_yoast_wpseo_title":"%%title%%","_yoast_wpseo_metadesc":"O ic\u00f4nico Monte Fuji no Jap\u00e3o e o impacto da nova taxa de entrada implementada para controlar turistas e preservar a montanha.","jnews-multi-image_gallery":[],"jnews_single_post":{"format":"standard"},"jnews_primary_category":[],"jnews_social_meta":[],"jnews_override_counter":[],"footnotes":""},"categories":[108],"tags":[109,1217],"class_list":["post-14812","post","type-post","status-publish","format-standard","has-post-thumbnail","hentry","category-cidades","tag-cidades","tag-japao"],"yoast_head":"<!-- This site is optimized with the Yoast SEO plugin v24.6 - https:\/\/yoast.com\/wordpress\/plugins\/seo\/ -->\n<title>Ponto tur\u00edstico do Jap\u00e3o dobra taxas para visita\u00e7\u00e3o, entenda<\/title>\n<meta name=\"description\" content=\"O ic\u00f4nico Monte Fuji no Jap\u00e3o e o impacto da nova taxa de entrada implementada para controlar turistas e preservar a montanha.\" \/>\n<meta name=\"robots\" content=\"index, follow, max-snippet:-1, max-image-preview:large, max-video-preview:-1\" \/>\n<link rel=\"canonical\" href=\"https:\/\/www.correiobraziliense.com.br\/cbradar\/ponto-turistico-do-japao-dobra-taxas-para-visitacao-entenda\/\" \/>\n<meta property=\"og:locale\" content=\"pt_BR\" \/>\n<meta property=\"og:type\" content=\"article\" \/>\n<meta property=\"og:title\" content=\"Ponto tur\u00edstico do Jap\u00e3o dobra taxas para visita\u00e7\u00e3o, entenda\" \/>\n<meta property=\"og:description\" content=\"O ic\u00f4nico Monte Fuji no Jap\u00e3o e o impacto da nova taxa de entrada implementada para controlar turistas e preservar a montanha.\" \/>\n<meta property=\"og:url\" content=\"https:\/\/www.correiobraziliense.com.br\/cbradar\/ponto-turistico-do-japao-dobra-taxas-para-visitacao-entenda\/\" \/>\n<meta property=\"og:site_name\" content=\"Correio Braziliense - Radar\" \/>\n<meta property=\"article:published_time\" content=\"2025-03-24T00:50:00+00:00\" \/>\n<meta property=\"og:image\" content=\"https:\/\/www.correiobraziliense.com.br\/cbradar\/wp-content\/uploads\/2025\/03\/monte-fuji_1742606089946.jpg\" \/>\n\t<meta property=\"og:image:width\" content=\"1280\" \/>\n\t<meta property=\"og:image:height\" content=\"720\" \/>\n\t<meta property=\"og:image:type\" content=\"image\/jpeg\" \/>\n<meta name=\"author\" content=\"Larissa Carvalho\" \/>\n<meta name=\"twitter:card\" content=\"summary_large_image\" \/>\n<meta name=\"twitter:label1\" content=\"Escrito por\" \/>\n\t<meta name=\"twitter:data1\" content=\"Larissa Carvalho\" \/>\n\t<meta name=\"twitter:label2\" content=\"Est. tempo de leitura\" \/>\n\t<meta name=\"twitter:data2\" content=\"4 minutos\" \/>\n<!-- \/ Yoast SEO plugin. -->","yoast_head_json":{"title":"Ponto tur\u00edstico do Jap\u00e3o dobra taxas para visita\u00e7\u00e3o, entenda","description":"O ic\u00f4nico Monte Fuji no Jap\u00e3o e o impacto da nova taxa de entrada implementada para controlar turistas e preservar a montanha.","robots":{"index":"index","follow":"follow","max-snippet":"max-snippet:-1","max-image-preview":"max-image-preview:large","max-video-preview":"max-video-preview:-1"},"canonical":"https:\/\/www.correiobraziliense.com.br\/cbradar\/ponto-turistico-do-japao-dobra-taxas-para-visitacao-entenda\/","og_locale":"pt_BR","og_type":"article","og_title":"Ponto tur\u00edstico do Jap\u00e3o dobra taxas para visita\u00e7\u00e3o, entenda","og_description":"O ic\u00f4nico Monte Fuji no Jap\u00e3o e o impacto da nova taxa de entrada implementada para controlar turistas e preservar a montanha.","og_url":"https:\/\/www.correiobraziliense.com.br\/cbradar\/ponto-turistico-do-japao-dobra-taxas-para-visitacao-entenda\/","og_site_name":"Correio Braziliense - Radar","article_published_time":"2025-03-24T00:50:00+00:00","og_image":[{"width":1280,"height":720,"url":"https:\/\/www.correiobraziliense.com.br\/cbradar\/wp-content\/uploads\/2025\/03\/monte-fuji_1742606089946.jpg","type":"image\/jpeg"}],"author":"Larissa Carvalho","twitter_card":"summary_large_image","twitter_misc":{"Escrito por":"Larissa Carvalho","Est. tempo de leitura":"4 minutos"},"schema":{"@context":"https:\/\/schema.org","@graph":[{"@type":"WebPage","@id":"https:\/\/www.correiobraziliense.com.br\/cbradar\/ponto-turistico-do-japao-dobra-taxas-para-visitacao-entenda\/","url":"https:\/\/www.correiobraziliense.com.br\/cbradar\/ponto-turistico-do-japao-dobra-taxas-para-visitacao-entenda\/","name":"Ponto tur\u00edstico do Jap\u00e3o dobra taxas para visita\u00e7\u00e3o, entenda","isPartOf":{"@id":"https:\/\/www.correiobraziliense.com.br\/cbradar\/#website"},"primaryImageOfPage":{"@id":"https:\/\/www.correiobraziliense.com.br\/cbradar\/ponto-turistico-do-japao-dobra-taxas-para-visitacao-entenda\/#primaryimage"},"image":{"@id":"https:\/\/www.correiobraziliense.com.br\/cbradar\/ponto-turistico-do-japao-dobra-taxas-para-visitacao-entenda\/#primaryimage"},"thumbnailUrl":"https:\/\/www.correiobraziliense.com.br\/cbradar\/wp-content\/uploads\/2025\/03\/monte-fuji_1742606089946.jpg","datePublished":"2025-03-24T00:50:00+00:00","author":{"@id":"https:\/\/www.correiobraziliense.com.br\/cbradar\/#\/schema\/person\/58422787644df994b53a19d3e56c1513"},"description":"O ic\u00f4nico Monte Fuji no Jap\u00e3o e o impacto da nova taxa de entrada implementada para controlar turistas e preservar a montanha.","breadcrumb":{"@id":"https:\/\/www.correiobraziliense.com.br\/cbradar\/ponto-turistico-do-japao-dobra-taxas-para-visitacao-entenda\/#breadcrumb"},"inLanguage":"pt-BR","potentialAction":[{"@type":"ReadAction","target":["https:\/\/www.correiobraziliense.com.br\/cbradar\/ponto-turistico-do-japao-dobra-taxas-para-visitacao-entenda\/"]}]},{"@type":"ImageObject","inLanguage":"pt-BR","@id":"https:\/\/www.correiobraziliense.com.br\/cbradar\/ponto-turistico-do-japao-dobra-taxas-para-visitacao-entenda\/#primaryimage","url":"https:\/\/www.correiobraziliense.com.br\/cbradar\/wp-content\/uploads\/2025\/03\/monte-fuji_1742606089946.jpg","contentUrl":"https:\/\/www.correiobraziliense.com.br\/cbradar\/wp-content\/uploads\/2025\/03\/monte-fuji_1742606089946.jpg","width":1280,"height":720,"caption":"monte fuji. Cr\u00e9ditos: depositphotos.com \/ nicholashan"},{"@type":"BreadcrumbList","@id":"https:\/\/www.correiobraziliense.com.br\/cbradar\/ponto-turistico-do-japao-dobra-taxas-para-visitacao-entenda\/#breadcrumb","itemListElement":[{"@type":"ListItem","position":1,"name":"In\u00edcio","item":"https:\/\/www.correiobraziliense.com.br\/cbradar\/"},{"@type":"ListItem","position":2,"name":"Ponto tur\u00edstico do Jap\u00e3o dobra taxas para visita\u00e7\u00e3o, entenda"}]},{"@type":"WebSite","@id":"https:\/\/www.correiobraziliense.com.br\/cbradar\/#website","url":"https:\/\/www.correiobraziliense.com.br\/cbradar\/","name":"Correio Braziliense - Radar","description":"Acompanhe as \u00faltimas not\u00edcias e fique bem informado sobre tudo o que acontece no Brasil e no mundo.","potentialAction":[{"@type":"SearchAction","target":{"@type":"EntryPoint","urlTemplate":"https:\/\/www.correiobraziliense.com.br\/cbradar\/?s={search_term_string}"},"query-input":{"@type":"PropertyValueSpecification","valueRequired":true,"valueName":"search_term_string"}}],"inLanguage":"pt-BR"},{"@type":"Person","@id":"https:\/\/www.correiobraziliense.com.br\/cbradar\/#\/schema\/person\/58422787644df994b53a19d3e56c1513","name":"Larissa Carvalho","image":{"@type":"ImageObject","inLanguage":"pt-BR","@id":"https:\/\/www.correiobraziliense.com.br\/cbradar\/#\/schema\/person\/image\/","url":"https:\/\/secure.gravatar.com\/avatar\/fe4f91a0de32b52a838d0d612abdc1aa?s=96&d=mm&r=g","contentUrl":"https:\/\/secure.gravatar.com\/avatar\/fe4f91a0de32b52a838d0d612abdc1aa?s=96&d=mm&r=g","caption":"Larissa Carvalho"},"url":"https:\/\/www.correiobraziliense.com.br\/cbradar\/author\/larissamyth\/"}]}},"_links":{"self":[{"href":"https:\/\/www.correiobraziliense.com.br\/cbradar\/wp-json\/wp\/v2\/posts\/14812","targetHints":{"allow":["GET"]}}],"collection":[{"href":"https:\/\/www.correiobraziliense.com.br\/cbradar\/wp-json\/wp\/v2\/posts"}],"about":[{"href":"https:\/\/www.correiobraziliense.com.br\/cbradar\/wp-json\/wp\/v2\/types\/post"}],"author":[{"embeddable":true,"href":"https:\/\/www.correiobraziliense.com.br\/cbradar\/wp-json\/wp\/v2\/users\/3"}],"replies":[{"embeddable":true,"href":"https:\/\/www.correiobraziliense.com.br\/cbradar\/wp-json\/wp\/v2\/comments?post=14812"}],"version-history":[{"count":1,"href":"https:\/\/www.correiobraziliense.com.br\/cbradar\/wp-json\/wp\/v2\/posts\/14812\/revisions"}],"predecessor-version":[{"id":14815,"href":"https:\/\/www.correiobraziliense.com.br\/cbradar\/wp-json\/wp\/v2\/posts\/14812\/revisions\/14815"}],"wp:featuredmedia":[{"embeddable":true,"href":"https:\/\/www.correiobraziliense.com.br\/cbradar\/wp-json\/wp\/v2\/media\/14813"}],"wp:attachment":[{"href":"https:\/\/www.correiobraziliense.com.br\/cbradar\/wp-json\/wp\/v2\/media?parent=14812"}],"wp:term":[{"taxonomy":"category","embeddable":true,"href":"https:\/\/www.correiobraziliense.com.br\/cbradar\/wp-json\/wp\/v2\/categories?post=14812"},{"taxonomy":"post_tag","embeddable":true,"href":"https:\/\/www.correiobraziliense.com.br\/cbradar\/wp-json\/wp\/v2\/tags?post=14812"}],"curies":[{"name":"wp","href":"https:\/\/api.w.org\/{rel}","templated":true}]}}