{"id":14816,"date":"2025-03-23T09:50:00","date_gmt":"2025-03-23T12:50:00","guid":{"rendered":"https:\/\/www.correiobraziliense.com.br\/cbradar\/?p=14816"},"modified":"2025-06-30T00:01:56","modified_gmt":"2025-06-30T03:01:56","slug":"ultima-temporada-de-the-handmaids-tale-ja-tem-data-para-estrear-veja","status":"publish","type":"post","link":"https:\/\/www.correiobraziliense.com.br\/cbradar\/ultima-temporada-de-the-handmaids-tale-ja-tem-data-para-estrear-veja\/","title":{"rendered":"\u00daltima temporada de The Handmaid&#8217;s Tale j\u00e1 tem data para estrear, veja"},"content":{"rendered":"\n<p>Depois de oito anos mudando a forma como vemos distopia na TV, <a href=\"https:\/\/www.imdb.com\/pt\/title\/tt5834204\/\" target=\"_blank\" rel=\"noreferrer noopener\"><strong>The Handmaid&#8217;s Tale<\/strong> <\/a>chegou ao fim em maio de 2025. A s\u00e9rie que come\u00e7ou com <strong>Elisabeth Moss<\/strong> interpretando uma mulher for\u00e7ada a ter filhos para outros terminou mostrando uma revolu\u00e7\u00e3o completa. O final foi t\u00e3o intenso que a pr\u00f3pria <strong>Moss<\/strong> disse ter chorado muito ao ler o \u00faltimo roteiro.<\/p>\n\n\n\n<p>A sexta temporada estreou em abril de 2025 no <strong>Hulu<\/strong> e trouxe exatamente o que os f\u00e3s esperavam h\u00e1 anos: <strong>June<\/strong> finalmente liderando uma rebeli\u00e3o de verdade. N\u00e3o foi s\u00f3 resist\u00eancia silenciosa ou fugas desesperadas. Desta vez, foi guerra mesmo. A s\u00e9rie conseguiu algo raro: terminar no auge, sem se arrastar ou perder a for\u00e7a. <strong>Elisabeth Moss<\/strong> dirigiu os \u00faltimos epis\u00f3dios, fechando o ciclo de uma personagem que a acompanhou por quase uma d\u00e9cada.<\/p>\n\n\n\n<h2 class=\"wp-block-heading\">Por que essa temporada final foi diferente de todas as outras?<\/h2>\n\n\n\n<p>A sexta <a href=\"https:\/\/www.correiobraziliense.com.br\/cbradar\/conheca-estas-5-series-baseadas-em-historias-reais-da-netflix\/\" target=\"_blank\" rel=\"noreferrer noopener\">temporada <\/a>de <strong>The Handmaid&#8217;s Tale<\/strong> foi feita para ser o grand finale que todo mundo queria. <strong>Moss<\/strong> disse que foi a temporada mais cara e ambiciosa, com mais loca\u00e7\u00f5es, mais elenco e mais a\u00e7\u00e3o do que qualquer outra. A produ\u00e7\u00e3o sabia que era a \u00faltima chance de contar essas hist\u00f3rias, ent\u00e3o capricharam em tudo.<\/p>\n\n\n\n<p>O foco principal ficou na rela\u00e7\u00e3o entre <strong>June<\/strong> e <strong>Serena<\/strong>, interpretada por <strong>Yvonne Strahovski<\/strong>. As duas passaram de inimigas mortais para aliadas improv\u00e1veis, fugindo juntas num trem de refugiados no final da quinta temporada. Essa parceria estranha virou o cora\u00e7\u00e3o da temporada final. <strong>Moss<\/strong> sempre disse que a s\u00e9rie era tanto sobre <strong>June<\/strong> quanto sobre <strong>Serena<\/strong>, e no final isso ficou bem claro.<\/p>\n\n\n\n<h2 class=\"wp-block-heading\">Como Elisabeth Moss se despediu de June Osborne?<\/h2>\n\n\n\n<p><strong>Elisabeth Moss<\/strong> viveu <strong>June Osborne<\/strong> por nove anos da sua vida. Ela n\u00e3o foi s\u00f3 atriz, mas tamb\u00e9m produtora executiva e diretora de v\u00e1rios epis\u00f3dios importantes. No final das contas, ela dirigiu o primeiro e o \u00faltimo epis\u00f3dio da sexta temporada, o que fez a despedida ainda mais especial.<\/p>\n\n\n\n<p>A atriz disse que foi muito significativo terminar a s\u00e9rie sendo m\u00e3e na vida real. <strong>Moss<\/strong> teve seu primeiro filho em 2024 e trouxe o beb\u00ea para o set de filmagem no <strong>Canad\u00e1<\/strong>. Interpretar uma m\u00e3e lutando para recuperar a filha ganhou uma dimens\u00e3o completamente nova. Ela descreveu a experi\u00eancia como &#8220;visceral e emocional&#8221;, muito diferente de quando come\u00e7ou a s\u00e9rie sem ter filhos.<\/p>\n\n\n\n<h2 class=\"wp-block-heading\">O que aconteceu com os personagens principais?<\/h2>\n\n\n\n<p>A s\u00e9rie terminou de forma inteligente, resolvendo as hist\u00f3rias principais mas deixando algumas pontas soltas para <strong>The Testaments<\/strong>, a s\u00e9rie spin-off que j\u00e1 est\u00e1 em desenvolvimento. <strong>June<\/strong> conseguiu sua revolu\u00e7\u00e3o, <strong>Gilead<\/strong> foi severamente enfraquecido, mas n\u00e3o completamente destru\u00eddo. O regime ainda existe, s\u00f3 que bem mais fr\u00e1gil.<\/p>\n\n\n\n<p>Uma das grandes decep\u00e7\u00f5es para os f\u00e3s foi que <strong>June<\/strong> nunca conseguiu recuperar <strong>Hannah<\/strong>, sua filha mais velha. Mas isso foi proposital. <strong>Margaret Atwood<\/strong> j\u00e1 tinha planejado essa hist\u00f3ria no livro <strong>The Testaments<\/strong>, ent\u00e3o os roteiristas n\u00e3o podiam mudar isso. <strong>Moss<\/strong> disse que entende a frustra\u00e7\u00e3o dos f\u00e3s, mas que a hist\u00f3ria de <strong>Hannah<\/strong> continua na sequ\u00eancia.<\/p>\n\n\n\n<h2 class=\"wp-block-heading\">Qual \u00e9 o legado de The Handmaid&#8217;s Tale?<\/h2>\n\n\n\n<figure class=\"wp-block-embed is-type-video is-provider-youtube wp-block-embed-youtube wp-embed-aspect-16-9 wp-has-aspect-ratio\"><div class=\"wp-block-embed__wrapper\">\n<div class=\"jeg_video_container jeg_video_content\"><iframe loading=\"lazy\" title=\"The Handmaid&#039;s Tale | Trailer Oficial | Paramount Plus Brasil\" width=\"500\" height=\"281\" src=\"https:\/\/www.youtube.com\/embed\/aDqxFl7LTxU?feature=oembed\" frameborder=\"0\" allow=\"accelerometer; autoplay; clipboard-write; encrypted-media; gyroscope; picture-in-picture; web-share\" referrerpolicy=\"strict-origin-when-cross-origin\" allowfullscreen><\/iframe><\/div>\n<\/div><\/figure>\n\n\n\n<p><strong>The Handmaid&#8217;s Tale<\/strong> virou muito mais que uma s\u00e9rie de TV. Virou s\u00edmbolo de resist\u00eancia feminina no mundo real. As vestimentas vermelhas das aias apareceram em protestos do mundo inteiro, especialmente depois que <strong>Roe vs. Wade<\/strong> foi derrubado nos <strong>Estados Unidos<\/strong>. A s\u00e9rie conseguiu algo raro: influenciar a pol\u00edtica real.<\/p>\n\n\n\n<p><strong>Bradley Whitford<\/strong>, que interpretou <strong>Comandante Lawrence<\/strong>, disse que o tema da temporada final \u00e9 resist\u00eancia. <strong>Moss<\/strong> se orgulha de ver como pessoas usaram a s\u00e9rie para se encorajar a lutar pelo que acreditam. A fic\u00e7\u00e3o virou ferramenta de ativismo, coisa que poucos programas de TV conseguem fazer.<\/p>\n\n\n\n<h2 class=\"wp-block-heading\">O que vem depois do fim de Gilead?<\/h2>\n\n\n\n<p>O fim de <strong>The Handmaid&#8217;s Tale<\/strong> n\u00e3o \u00e9 realmente o fim. <strong>Bruce Miller<\/strong>, criador da s\u00e9rie original, j\u00e1 est\u00e1 desenvolvendo <strong>The Testaments<\/strong> para o <strong>Hulu<\/strong>. <strong>Ann Dowd<\/strong> deve voltar como <strong>Tia Lydia<\/strong>, e <strong>Moss<\/strong> vai ser produtora executiva. A nova s\u00e9rie vai se passar anos depois dos eventos da original.<\/p>\n\n\n\n<p><strong>Moss<\/strong> n\u00e3o est\u00e1 pronta para se despedir completamente desse universo. Ela passou nove anos trabalhando nisso, praticamente sem parar. O final da s\u00e9rie original \u00e9 na verdade uma ponte para <strong>The Testaments<\/strong>, que deve estrear nos pr\u00f3ximos anos. Para os f\u00e3s, isso significa que a hist\u00f3ria de <strong>Gilead<\/strong> ainda n\u00e3o acabou, s\u00f3 est\u00e1 entrando numa nova fase.<\/p>\n","protected":false},"excerpt":{"rendered":"<p>A aguardada sexta temporada de &#8216;The Handmaid&#8217;s Tale&#8217;. Sinopse, elenco e impacto cultural da s\u00e9rie dist\u00f3pica. N\u00e3o perca o desfecho desta saga!<\/p>\n","protected":false},"author":3,"featured_media":14817,"comment_status":"open","ping_status":"open","sticky":false,"template":"","format":"standard","meta":{"_yoast_wpseo_focuskw":"The Handmaid's Tale","_yoast_wpseo_title":"%%title%%","_yoast_wpseo_metadesc":"A aguardada sexta temporada de 'The Handmaid's Tale'. Sinopse, elenco e impacto cultural da s\u00e9rie dist\u00f3pica. N\u00e3o perca o desfecho desta saga!","jnews-multi-image_gallery":[],"jnews_single_post":{"format":"standard"},"jnews_primary_category":[],"jnews_social_meta":[],"jnews_override_counter":[],"footnotes":""},"categories":[140],"post_tag":[568,660],"class_list":["post-14816","post","type-post","status-publish","format-standard","has-post-thumbnail","hentry","category-entretenimento","tag-series-e-filmes","tag-the-handmaids-tale"],"yoast_head":"<!-- This site is optimized with the Yoast SEO plugin v24.6 - https:\/\/yoast.com\/wordpress\/plugins\/seo\/ -->\n<title>\u00daltima temporada de The Handmaid&#039;s Tale j\u00e1 tem data para estrear, veja<\/title>\n<meta name=\"description\" content=\"A aguardada sexta temporada de &#039;The Handmaid&#039;s Tale&#039;. Sinopse, elenco e impacto cultural da s\u00e9rie dist\u00f3pica. N\u00e3o perca o desfecho desta saga!\" \/>\n<meta name=\"robots\" content=\"index, follow, max-snippet:-1, max-image-preview:large, max-video-preview:-1\" \/>\n<link rel=\"canonical\" href=\"https:\/\/www.correiobraziliense.com.br\/cbradar\/ultima-temporada-de-the-handmaids-tale-ja-tem-data-para-estrear-veja\/\" \/>\n<meta property=\"og:locale\" content=\"pt_BR\" \/>\n<meta property=\"og:type\" content=\"article\" \/>\n<meta property=\"og:title\" content=\"\u00daltima temporada de The Handmaid&#039;s Tale j\u00e1 tem data para estrear, veja\" \/>\n<meta property=\"og:description\" content=\"A aguardada sexta temporada de &#039;The Handmaid&#039;s Tale&#039;. Sinopse, elenco e impacto cultural da s\u00e9rie dist\u00f3pica. N\u00e3o perca o desfecho desta saga!\" \/>\n<meta property=\"og:url\" content=\"https:\/\/www.correiobraziliense.com.br\/cbradar\/ultima-temporada-de-the-handmaids-tale-ja-tem-data-para-estrear-veja\/\" \/>\n<meta property=\"og:site_name\" content=\"Correio Braziliense - Radar\" \/>\n<meta property=\"article:published_time\" content=\"2025-03-23T12:50:00+00:00\" \/>\n<meta property=\"article:modified_time\" content=\"2025-06-30T03:01:56+00:00\" \/>\n<meta property=\"og:image\" content=\"https:\/\/www.correiobraziliense.com.br\/cbradar\/wp-content\/uploads\/2025\/03\/The-Handmaids-Tale-2.png\" \/>\n\t<meta property=\"og:image:width\" content=\"1280\" \/>\n\t<meta property=\"og:image:height\" content=\"720\" \/>\n\t<meta property=\"og:image:type\" content=\"image\/png\" \/>\n<meta name=\"author\" content=\"Larissa Carvalho\" \/>\n<meta name=\"twitter:card\" content=\"summary_large_image\" \/>\n<meta name=\"twitter:label1\" content=\"Escrito por\" \/>\n\t<meta name=\"twitter:data1\" content=\"Larissa Carvalho\" \/>\n\t<meta name=\"twitter:label2\" content=\"Est. tempo de leitura\" \/>\n\t<meta name=\"twitter:data2\" content=\"5 minutos\" \/>\n<!-- \/ Yoast SEO plugin. -->","yoast_head_json":{"title":"\u00daltima temporada de The Handmaid's Tale j\u00e1 tem data para estrear, veja","description":"A aguardada sexta temporada de 'The Handmaid's Tale'. Sinopse, elenco e impacto cultural da s\u00e9rie dist\u00f3pica. N\u00e3o perca o desfecho desta saga!","robots":{"index":"index","follow":"follow","max-snippet":"max-snippet:-1","max-image-preview":"max-image-preview:large","max-video-preview":"max-video-preview:-1"},"canonical":"https:\/\/www.correiobraziliense.com.br\/cbradar\/ultima-temporada-de-the-handmaids-tale-ja-tem-data-para-estrear-veja\/","og_locale":"pt_BR","og_type":"article","og_title":"\u00daltima temporada de The Handmaid's Tale j\u00e1 tem data para estrear, veja","og_description":"A aguardada sexta temporada de 'The Handmaid's Tale'. Sinopse, elenco e impacto cultural da s\u00e9rie dist\u00f3pica. N\u00e3o perca o desfecho desta saga!","og_url":"https:\/\/www.correiobraziliense.com.br\/cbradar\/ultima-temporada-de-the-handmaids-tale-ja-tem-data-para-estrear-veja\/","og_site_name":"Correio Braziliense - Radar","article_published_time":"2025-03-23T12:50:00+00:00","article_modified_time":"2025-06-30T03:01:56+00:00","og_image":[{"width":1280,"height":720,"url":"https:\/\/www.correiobraziliense.com.br\/cbradar\/wp-content\/uploads\/2025\/03\/The-Handmaids-Tale-2.png","type":"image\/png"}],"author":"Larissa Carvalho","twitter_card":"summary_large_image","twitter_misc":{"Escrito por":"Larissa Carvalho","Est. tempo de leitura":"5 minutos"},"schema":{"@context":"https:\/\/schema.org","@graph":[{"@type":"WebPage","@id":"https:\/\/www.correiobraziliense.com.br\/cbradar\/ultima-temporada-de-the-handmaids-tale-ja-tem-data-para-estrear-veja\/","url":"https:\/\/www.correiobraziliense.com.br\/cbradar\/ultima-temporada-de-the-handmaids-tale-ja-tem-data-para-estrear-veja\/","name":"\u00daltima temporada de The Handmaid's Tale j\u00e1 tem data para estrear, veja","isPartOf":{"@id":"https:\/\/www.correiobraziliense.com.br\/cbradar\/#website"},"primaryImageOfPage":{"@id":"https:\/\/www.correiobraziliense.com.br\/cbradar\/ultima-temporada-de-the-handmaids-tale-ja-tem-data-para-estrear-veja\/#primaryimage"},"image":{"@id":"https:\/\/www.correiobraziliense.com.br\/cbradar\/ultima-temporada-de-the-handmaids-tale-ja-tem-data-para-estrear-veja\/#primaryimage"},"thumbnailUrl":"https:\/\/www.correiobraziliense.com.br\/cbradar\/wp-content\/uploads\/2025\/03\/The-Handmaids-Tale-2.png","datePublished":"2025-03-23T12:50:00+00:00","dateModified":"2025-06-30T03:01:56+00:00","author":{"@id":"https:\/\/www.correiobraziliense.com.br\/cbradar\/#\/schema\/person\/58422787644df994b53a19d3e56c1513"},"description":"A aguardada sexta temporada de 'The Handmaid's Tale'. Sinopse, elenco e impacto cultural da s\u00e9rie dist\u00f3pica. N\u00e3o perca o desfecho desta saga!","breadcrumb":{"@id":"https:\/\/www.correiobraziliense.com.br\/cbradar\/ultima-temporada-de-the-handmaids-tale-ja-tem-data-para-estrear-veja\/#breadcrumb"},"inLanguage":"pt-BR","potentialAction":[{"@type":"ReadAction","target":["https:\/\/www.correiobraziliense.com.br\/cbradar\/ultima-temporada-de-the-handmaids-tale-ja-tem-data-para-estrear-veja\/"]}]},{"@type":"ImageObject","inLanguage":"pt-BR","@id":"https:\/\/www.correiobraziliense.com.br\/cbradar\/ultima-temporada-de-the-handmaids-tale-ja-tem-data-para-estrear-veja\/#primaryimage","url":"https:\/\/www.correiobraziliense.com.br\/cbradar\/wp-content\/uploads\/2025\/03\/The-Handmaids-Tale-2.png","contentUrl":"https:\/\/www.correiobraziliense.com.br\/cbradar\/wp-content\/uploads\/2025\/03\/The-Handmaids-Tale-2.png","width":1280,"height":720,"caption":"The Handmaid's Tale. Fonte: divulga\u00e7\u00e3o \/ Hulu"},{"@type":"BreadcrumbList","@id":"https:\/\/www.correiobraziliense.com.br\/cbradar\/ultima-temporada-de-the-handmaids-tale-ja-tem-data-para-estrear-veja\/#breadcrumb","itemListElement":[{"@type":"ListItem","position":1,"name":"In\u00edcio","item":"https:\/\/www.correiobraziliense.com.br\/cbradar\/"},{"@type":"ListItem","position":2,"name":"\u00daltima temporada de The Handmaid&#8217;s Tale j\u00e1 tem data para estrear, veja"}]},{"@type":"WebSite","@id":"https:\/\/www.correiobraziliense.com.br\/cbradar\/#website","url":"https:\/\/www.correiobraziliense.com.br\/cbradar\/","name":"Correio Braziliense - Radar","description":"Acompanhe as \u00faltimas not\u00edcias e fique bem informado sobre tudo o que acontece no Brasil e no mundo.","potentialAction":[{"@type":"SearchAction","target":{"@type":"EntryPoint","urlTemplate":"https:\/\/www.correiobraziliense.com.br\/cbradar\/?s={search_term_string}"},"query-input":{"@type":"PropertyValueSpecification","valueRequired":true,"valueName":"search_term_string"}}],"inLanguage":"pt-BR"},{"@type":"Person","@id":"https:\/\/www.correiobraziliense.com.br\/cbradar\/#\/schema\/person\/58422787644df994b53a19d3e56c1513","name":"Larissa Carvalho","image":{"@type":"ImageObject","inLanguage":"pt-BR","@id":"https:\/\/www.correiobraziliense.com.br\/cbradar\/#\/schema\/person\/image\/","url":"https:\/\/secure.gravatar.com\/avatar\/fe4f91a0de32b52a838d0d612abdc1aa?s=96&d=mm&r=g","contentUrl":"https:\/\/secure.gravatar.com\/avatar\/fe4f91a0de32b52a838d0d612abdc1aa?s=96&d=mm&r=g","caption":"Larissa Carvalho"},"url":"https:\/\/www.correiobraziliense.com.br\/cbradar\/author\/larissamyth\/"}]}},"_links":{"self":[{"href":"https:\/\/www.correiobraziliense.com.br\/cbradar\/wp-json\/wp\/v2\/posts\/14816","targetHints":{"allow":["GET"]}}],"collection":[{"href":"https:\/\/www.correiobraziliense.com.br\/cbradar\/wp-json\/wp\/v2\/posts"}],"about":[{"href":"https:\/\/www.correiobraziliense.com.br\/cbradar\/wp-json\/wp\/v2\/types\/post"}],"author":[{"embeddable":true,"href":"https:\/\/www.correiobraziliense.com.br\/cbradar\/wp-json\/wp\/v2\/users\/3"}],"replies":[{"embeddable":true,"href":"https:\/\/www.correiobraziliense.com.br\/cbradar\/wp-json\/wp\/v2\/comments?post=14816"}],"version-history":[{"count":3,"href":"https:\/\/www.correiobraziliense.com.br\/cbradar\/wp-json\/wp\/v2\/posts\/14816\/revisions"}],"predecessor-version":[{"id":61625,"href":"https:\/\/www.correiobraziliense.com.br\/cbradar\/wp-json\/wp\/v2\/posts\/14816\/revisions\/61625"}],"wp:featuredmedia":[{"embeddable":true,"href":"https:\/\/www.correiobraziliense.com.br\/cbradar\/wp-json\/wp\/v2\/media\/14817"}],"wp:attachment":[{"href":"https:\/\/www.correiobraziliense.com.br\/cbradar\/wp-json\/wp\/v2\/media?parent=14816"}],"wp:term":[{"taxonomy":"category","embeddable":true,"href":"https:\/\/www.correiobraziliense.com.br\/cbradar\/wp-json\/wp\/v2\/categories?post=14816"},{"taxonomy":"post_tag","embeddable":true,"href":"https:\/\/www.correiobraziliense.com.br\/cbradar\/wp-json\/wp\/v2\/post_tag?post=14816"}],"curies":[{"name":"wp","href":"https:\/\/api.w.org\/{rel}","templated":true}]}}