{"id":14832,"date":"2025-03-23T07:30:00","date_gmt":"2025-03-23T10:30:00","guid":{"rendered":"https:\/\/www.correiobraziliense.com.br\/cbradar\/?p=14832"},"modified":"2025-03-22T17:01:52","modified_gmt":"2025-03-22T20:01:52","slug":"conheca-a-cidade-com-o-maior-numero-de-gemeos-por-habitante","status":"publish","type":"post","link":"https:\/\/www.correiobraziliense.com.br\/cbradar\/conheca-a-cidade-com-o-maior-numero-de-gemeos-por-habitante\/","title":{"rendered":"Conhe\u00e7a a cidade com o maior n\u00famero de g\u00eameos por habitante"},"content":{"rendered":"\n<p>Escondida no interior do <strong>Rio Grande do Sul<\/strong>, no sul do <strong>Brasil<\/strong>, existe uma cidadezinha com uma caracter\u00edstica t\u00e3o incomum que atrai cientistas e curiosos do mundo inteiro: <strong>C\u00e2ndido God\u00f3i<\/strong>, conhecida como a <strong>&#8220;Cidade dos G\u00eameos&#8221;<\/strong>. Com uma popula\u00e7\u00e3o de cerca de 6.000 habitantes, ela tem uma taxa de <strong>nascimentos de g\u00eameos at\u00e9 10 vezes maior que a m\u00eddia mundial<\/strong> \u2014 e ningu\u00e9m sabe exatamente por qu\u00ea.<\/p>\n\n\n\n<h2 class=\"wp-block-heading\">Por que h\u00e1 tantas duplas em C\u00e2ndido God\u00f3i?<\/h2>\n\n\n\n<p>A import\u00e2ncia est\u00e1 especialmente concentrada na comunidade rural da <strong>Linha S\u00e3o Pedro<\/strong>, uma pequena localidade dentro do munic\u00edpio. L\u00e1, fam\u00edlias com filhos g\u00eameos s\u00e3o t\u00e3o comuns que viraram parte da identidade local.<\/p>\n\n\n\n<p>Algumas das hip\u00f3teses levantadas por cientistas e estudiosos ao longo dos anos incluem:<\/p>\n\n\n\n<ul class=\"wp-block-list\">\n<li><strong>Fatores gen\u00e9ticos<\/strong>: muitos dos habitantes descendem de <strong>imigrantes alem\u00e3es<\/strong>, e podem haver uma predisposi\u00e7\u00e3o gen\u00e9tica ao nascimento de duas entre essas linhagens.<\/li>\n\n\n\n<li><strong>Fatores ambientais<\/strong>: pesquisadores j\u00e1 investigaram se h\u00e1 algo na \u00e1gua, na alimenta\u00e7\u00e3o ou no solo da regi\u00e3o que possa estimular ovula\u00e7\u00f5es duplas.<\/li>\n\n\n\n<li><strong>Interven\u00e7\u00f5es misteriosas<\/strong>: teorias mais controversas sugerem que <strong>Josef Mengele<\/strong>, m\u00e9dico nazista que teria se refugiado no Brasil ap\u00f3s a Segunda Guerra Mundial, realizou experi\u00eancias gen\u00e9ticas na regi\u00e3o para tentar aumentar a taxa de g\u00eameos \u2014 embora essa teoria nunca tenha sido comprovada.<\/li>\n<\/ul>\n\n\n\n<figure class=\"wp-block-image size-large\"><img decoding=\"async\" width=\"1024\" height=\"576\" src=\"https:\/\/www.correiobraziliense.com.br\/cbradar\/wp-content\/uploads\/2025\/03\/irmaos-gemeos_1742644858320-1024x576.jpg\" alt=\"Conhe\u00e7a a cidade com o maior n\u00famero de g\u00eameos por habitante\" class=\"wp-image-14834\" srcset=\"https:\/\/www.correiobraziliense.com.br\/cbradar\/wp-content\/uploads\/2025\/03\/irmaos-gemeos_1742644858320-1024x576.jpg 1024w, https:\/\/www.correiobraziliense.com.br\/cbradar\/wp-content\/uploads\/2025\/03\/irmaos-gemeos_1742644858320-300x169.jpg 300w, https:\/\/www.correiobraziliense.com.br\/cbradar\/wp-content\/uploads\/2025\/03\/irmaos-gemeos_1742644858320-768x432.jpg 768w, https:\/\/www.correiobraziliense.com.br\/cbradar\/wp-content\/uploads\/2025\/03\/irmaos-gemeos_1742644858320-750x422.jpg 750w, https:\/\/www.correiobraziliense.com.br\/cbradar\/wp-content\/uploads\/2025\/03\/irmaos-gemeos_1742644858320-1140x642.jpg 1140w, https:\/\/www.correiobraziliense.com.br\/cbradar\/wp-content\/uploads\/2025\/03\/irmaos-gemeos_1742644858320.jpg 1279w\" sizes=\"(max-width: 1024px) 100vw, 1024px\" \/><figcaption class=\"wp-element-caption\">irm\u00e3os g\u00eameos. Cr\u00e9ditos: depositphotos.com \/ katrinaelena<\/figcaption><\/figure>\n\n\n\n<h2 class=\"wp-block-heading\">Como a cidade lida com essa fama?<\/h2>\n\n\n\n<p>C\u00e2ndido God\u00f3i abra\u00e7ou sua identidade \u00fanica com orgulho. Uma cidade:<\/p>\n\n\n\n<ul class=\"wp-block-list\">\n<li><strong>Tem um museu dedicado \u00e0s caracter\u00edsticas<\/strong>, o <em>Museu dos G\u00eameos<\/em>, com fotos, documentos e relatos.<\/li>\n\n\n\n<li><strong>Realiza eventos tem\u00e1ticos<\/strong>, como encontros e festas que celebram irm\u00e3os g\u00eameos.<\/li>\n\n\n\n<li><strong>Recebe visitantes do mundo todo<\/strong>, incluindo estudiosos, jornalistas e turistas curiosos.<\/li>\n<\/ul>\n\n\n\n<p>O interesse n\u00e3o apenas virou parte da cultura local, mas tamb\u00e9m ajudou a desenvolver o turismo e o interesse pela hist\u00f3ria da cidade.<\/p>\n\n\n\n<h2 class=\"wp-block-heading\">Curiosidades sobre C\u00e2ndido God\u00f3i<\/h2>\n\n\n\n<ul class=\"wp-block-list\">\n<li><strong>A cada 10 nascimentos, ao menos 1 costuma ser de g\u00eameos, especialmente na Linha S\u00e3o Pedro.<\/strong><\/li>\n\n\n\n<li><strong>A cidade abriga mais de 100 pares de g\u00eameos documentados.<\/strong><\/li>\n\n\n\n<li><strong>Em 2008, o p\u00fablico virou tema de document\u00e1rio e atraiu a aten\u00e7\u00e3o da m\u00eddia internacional.<\/strong><\/li>\n\n\n\n<li><strong>Muitas fam\u00edlias t\u00eam g\u00eameos em duas ou mais gera\u00e7\u00f5es consecutivas.<\/strong><\/li>\n\n\n\n<li><strong>A popula\u00e7\u00e3o mant\u00e9m h\u00e1bitos rurais e estilo de vida simples, sem grandes altera\u00e7\u00f5es nos \u00faltimos s\u00e9culos.<\/strong><\/li>\n<\/ul>\n\n\n\n<p>C\u00e2ndido God\u00f3i \u00e9 uma cidade onde a gen\u00e9tica, a cultura e o mist\u00e9rio se misturam em um aspecto fascinante que continua desafiando explica\u00e7\u00f5es cient\u00edficas.<\/p>\n","protected":false},"excerpt":{"rendered":"<p>Uma cidade no sul do Brasil tem a maior taxa de f\u00eameas por habitante do mundo. Descubra C\u00e2ndido God\u00f3i, a misteriosa \u201cCidade dos G\u00eameos\u201d!<\/p>\n","protected":false},"author":3,"featured_media":14833,"comment_status":"open","ping_status":"open","sticky":false,"template":"","format":"standard","meta":{"_yoast_wpseo_focuskw":"cidade g\u00eameos","_yoast_wpseo_title":"%%title%%","_yoast_wpseo_metadesc":"Uma cidade no sul do Brasil tem a maior taxa de f\u00eameas por habitante do mundo. Descubra C\u00e2ndido God\u00f3i, a misteriosa \u201cCidade dos G\u00eameos\u201d!","jnews-multi-image_gallery":[],"jnews_single_post":{"format":"standard"},"jnews_primary_category":[],"jnews_social_meta":[],"jnews_override_counter":[],"footnotes":""},"categories":[108],"tags":[109],"class_list":["post-14832","post","type-post","status-publish","format-standard","has-post-thumbnail","hentry","category-cidades","tag-cidades"],"yoast_head":"<!-- This site is optimized with the Yoast SEO plugin v24.6 - https:\/\/yoast.com\/wordpress\/plugins\/seo\/ -->\n<title>Conhe\u00e7a a cidade com o maior n\u00famero de g\u00eameos por habitante<\/title>\n<meta name=\"description\" content=\"Uma cidade no sul do Brasil tem a maior taxa de f\u00eameas por habitante do mundo. Descubra C\u00e2ndido God\u00f3i, a misteriosa \u201cCidade dos G\u00eameos\u201d!\" \/>\n<meta name=\"robots\" content=\"index, follow, max-snippet:-1, max-image-preview:large, max-video-preview:-1\" \/>\n<link rel=\"canonical\" href=\"https:\/\/www.correiobraziliense.com.br\/cbradar\/conheca-a-cidade-com-o-maior-numero-de-gemeos-por-habitante\/\" \/>\n<meta property=\"og:locale\" content=\"pt_BR\" \/>\n<meta property=\"og:type\" content=\"article\" \/>\n<meta property=\"og:title\" content=\"Conhe\u00e7a a cidade com o maior n\u00famero de g\u00eameos por habitante\" \/>\n<meta property=\"og:description\" content=\"Uma cidade no sul do Brasil tem a maior taxa de f\u00eameas por habitante do mundo. Descubra C\u00e2ndido God\u00f3i, a misteriosa \u201cCidade dos G\u00eameos\u201d!\" \/>\n<meta property=\"og:url\" content=\"https:\/\/www.correiobraziliense.com.br\/cbradar\/conheca-a-cidade-com-o-maior-numero-de-gemeos-por-habitante\/\" \/>\n<meta property=\"og:site_name\" content=\"Correio Braziliense - Radar\" \/>\n<meta property=\"article:published_time\" content=\"2025-03-23T10:30:00+00:00\" \/>\n<meta property=\"og:image\" content=\"https:\/\/www.correiobraziliense.com.br\/cbradar\/wp-content\/uploads\/2025\/03\/irmaos-gemeos_1742644824692.jpg\" \/>\n\t<meta property=\"og:image:width\" content=\"1279\" \/>\n\t<meta property=\"og:image:height\" content=\"720\" \/>\n\t<meta property=\"og:image:type\" content=\"image\/jpeg\" \/>\n<meta name=\"author\" content=\"Larissa Carvalho\" \/>\n<meta name=\"twitter:card\" content=\"summary_large_image\" \/>\n<meta name=\"twitter:label1\" content=\"Escrito por\" \/>\n\t<meta name=\"twitter:data1\" content=\"Larissa Carvalho\" \/>\n\t<meta name=\"twitter:label2\" content=\"Est. tempo de leitura\" \/>\n\t<meta name=\"twitter:data2\" content=\"3 minutos\" \/>\n<!-- \/ Yoast SEO plugin. -->","yoast_head_json":{"title":"Conhe\u00e7a a cidade com o maior n\u00famero de g\u00eameos por habitante","description":"Uma cidade no sul do Brasil tem a maior taxa de f\u00eameas por habitante do mundo. Descubra C\u00e2ndido God\u00f3i, a misteriosa \u201cCidade dos G\u00eameos\u201d!","robots":{"index":"index","follow":"follow","max-snippet":"max-snippet:-1","max-image-preview":"max-image-preview:large","max-video-preview":"max-video-preview:-1"},"canonical":"https:\/\/www.correiobraziliense.com.br\/cbradar\/conheca-a-cidade-com-o-maior-numero-de-gemeos-por-habitante\/","og_locale":"pt_BR","og_type":"article","og_title":"Conhe\u00e7a a cidade com o maior n\u00famero de g\u00eameos por habitante","og_description":"Uma cidade no sul do Brasil tem a maior taxa de f\u00eameas por habitante do mundo. Descubra C\u00e2ndido God\u00f3i, a misteriosa \u201cCidade dos G\u00eameos\u201d!","og_url":"https:\/\/www.correiobraziliense.com.br\/cbradar\/conheca-a-cidade-com-o-maior-numero-de-gemeos-por-habitante\/","og_site_name":"Correio Braziliense - Radar","article_published_time":"2025-03-23T10:30:00+00:00","og_image":[{"width":1279,"height":720,"url":"https:\/\/www.correiobraziliense.com.br\/cbradar\/wp-content\/uploads\/2025\/03\/irmaos-gemeos_1742644824692.jpg","type":"image\/jpeg"}],"author":"Larissa Carvalho","twitter_card":"summary_large_image","twitter_misc":{"Escrito por":"Larissa Carvalho","Est. tempo de leitura":"3 minutos"},"schema":{"@context":"https:\/\/schema.org","@graph":[{"@type":"WebPage","@id":"https:\/\/www.correiobraziliense.com.br\/cbradar\/conheca-a-cidade-com-o-maior-numero-de-gemeos-por-habitante\/","url":"https:\/\/www.correiobraziliense.com.br\/cbradar\/conheca-a-cidade-com-o-maior-numero-de-gemeos-por-habitante\/","name":"Conhe\u00e7a a cidade com o maior n\u00famero de g\u00eameos por habitante","isPartOf":{"@id":"https:\/\/www.correiobraziliense.com.br\/cbradar\/#website"},"primaryImageOfPage":{"@id":"https:\/\/www.correiobraziliense.com.br\/cbradar\/conheca-a-cidade-com-o-maior-numero-de-gemeos-por-habitante\/#primaryimage"},"image":{"@id":"https:\/\/www.correiobraziliense.com.br\/cbradar\/conheca-a-cidade-com-o-maior-numero-de-gemeos-por-habitante\/#primaryimage"},"thumbnailUrl":"https:\/\/www.correiobraziliense.com.br\/cbradar\/wp-content\/uploads\/2025\/03\/irmaos-gemeos_1742644824692.jpg","datePublished":"2025-03-23T10:30:00+00:00","author":{"@id":"https:\/\/www.correiobraziliense.com.br\/cbradar\/#\/schema\/person\/58422787644df994b53a19d3e56c1513"},"description":"Uma cidade no sul do Brasil tem a maior taxa de f\u00eameas por habitante do mundo. Descubra C\u00e2ndido God\u00f3i, a misteriosa \u201cCidade dos G\u00eameos\u201d!","breadcrumb":{"@id":"https:\/\/www.correiobraziliense.com.br\/cbradar\/conheca-a-cidade-com-o-maior-numero-de-gemeos-por-habitante\/#breadcrumb"},"inLanguage":"pt-BR","potentialAction":[{"@type":"ReadAction","target":["https:\/\/www.correiobraziliense.com.br\/cbradar\/conheca-a-cidade-com-o-maior-numero-de-gemeos-por-habitante\/"]}]},{"@type":"ImageObject","inLanguage":"pt-BR","@id":"https:\/\/www.correiobraziliense.com.br\/cbradar\/conheca-a-cidade-com-o-maior-numero-de-gemeos-por-habitante\/#primaryimage","url":"https:\/\/www.correiobraziliense.com.br\/cbradar\/wp-content\/uploads\/2025\/03\/irmaos-gemeos_1742644824692.jpg","contentUrl":"https:\/\/www.correiobraziliense.com.br\/cbradar\/wp-content\/uploads\/2025\/03\/irmaos-gemeos_1742644824692.jpg","width":1279,"height":720,"caption":"irm\u00e3os g\u00eameos. Cr\u00e9ditos: depositphotos.com \/ katrinaelena"},{"@type":"BreadcrumbList","@id":"https:\/\/www.correiobraziliense.com.br\/cbradar\/conheca-a-cidade-com-o-maior-numero-de-gemeos-por-habitante\/#breadcrumb","itemListElement":[{"@type":"ListItem","position":1,"name":"In\u00edcio","item":"https:\/\/www.correiobraziliense.com.br\/cbradar\/"},{"@type":"ListItem","position":2,"name":"Conhe\u00e7a a cidade com o maior n\u00famero de g\u00eameos por habitante"}]},{"@type":"WebSite","@id":"https:\/\/www.correiobraziliense.com.br\/cbradar\/#website","url":"https:\/\/www.correiobraziliense.com.br\/cbradar\/","name":"Correio Braziliense - Radar","description":"Acompanhe as \u00faltimas not\u00edcias e fique bem informado sobre tudo o que acontece no Brasil e no mundo.","potentialAction":[{"@type":"SearchAction","target":{"@type":"EntryPoint","urlTemplate":"https:\/\/www.correiobraziliense.com.br\/cbradar\/?s={search_term_string}"},"query-input":{"@type":"PropertyValueSpecification","valueRequired":true,"valueName":"search_term_string"}}],"inLanguage":"pt-BR"},{"@type":"Person","@id":"https:\/\/www.correiobraziliense.com.br\/cbradar\/#\/schema\/person\/58422787644df994b53a19d3e56c1513","name":"Larissa Carvalho","image":{"@type":"ImageObject","inLanguage":"pt-BR","@id":"https:\/\/www.correiobraziliense.com.br\/cbradar\/#\/schema\/person\/image\/","url":"https:\/\/secure.gravatar.com\/avatar\/fe4f91a0de32b52a838d0d612abdc1aa?s=96&d=mm&r=g","contentUrl":"https:\/\/secure.gravatar.com\/avatar\/fe4f91a0de32b52a838d0d612abdc1aa?s=96&d=mm&r=g","caption":"Larissa Carvalho"},"url":"https:\/\/www.correiobraziliense.com.br\/cbradar\/author\/larissamyth\/"}]}},"_links":{"self":[{"href":"https:\/\/www.correiobraziliense.com.br\/cbradar\/wp-json\/wp\/v2\/posts\/14832","targetHints":{"allow":["GET"]}}],"collection":[{"href":"https:\/\/www.correiobraziliense.com.br\/cbradar\/wp-json\/wp\/v2\/posts"}],"about":[{"href":"https:\/\/www.correiobraziliense.com.br\/cbradar\/wp-json\/wp\/v2\/types\/post"}],"author":[{"embeddable":true,"href":"https:\/\/www.correiobraziliense.com.br\/cbradar\/wp-json\/wp\/v2\/users\/3"}],"replies":[{"embeddable":true,"href":"https:\/\/www.correiobraziliense.com.br\/cbradar\/wp-json\/wp\/v2\/comments?post=14832"}],"version-history":[{"count":1,"href":"https:\/\/www.correiobraziliense.com.br\/cbradar\/wp-json\/wp\/v2\/posts\/14832\/revisions"}],"predecessor-version":[{"id":14835,"href":"https:\/\/www.correiobraziliense.com.br\/cbradar\/wp-json\/wp\/v2\/posts\/14832\/revisions\/14835"}],"wp:featuredmedia":[{"embeddable":true,"href":"https:\/\/www.correiobraziliense.com.br\/cbradar\/wp-json\/wp\/v2\/media\/14833"}],"wp:attachment":[{"href":"https:\/\/www.correiobraziliense.com.br\/cbradar\/wp-json\/wp\/v2\/media?parent=14832"}],"wp:term":[{"taxonomy":"category","embeddable":true,"href":"https:\/\/www.correiobraziliense.com.br\/cbradar\/wp-json\/wp\/v2\/categories?post=14832"},{"taxonomy":"post_tag","embeddable":true,"href":"https:\/\/www.correiobraziliense.com.br\/cbradar\/wp-json\/wp\/v2\/tags?post=14832"}],"curies":[{"name":"wp","href":"https:\/\/api.w.org\/{rel}","templated":true}]}}