{"id":14836,"date":"2025-03-23T09:30:00","date_gmt":"2025-03-23T12:30:00","guid":{"rendered":"https:\/\/www.correiobraziliense.com.br\/cbradar\/?p=14836"},"modified":"2025-03-22T17:01:15","modified_gmt":"2025-03-22T20:01:15","slug":"conheca-a-cidade-onde-o-natal-e-comemorado-o-ano-inteiro","status":"publish","type":"post","link":"https:\/\/www.correiobraziliense.com.br\/cbradar\/conheca-a-cidade-onde-o-natal-e-comemorado-o-ano-inteiro\/","title":{"rendered":"Conhe\u00e7a a cidade onde o natal \u00e9 comemorado o ano inteiro"},"content":{"rendered":"\n<p>Imagine viver em um lugar onde \u00e9 <strong>Natal todos os dias<\/strong>. Esse sonho natalino \u00e9 realidade em <strong>Santa Claus<\/strong>, uma pequena cidade localizada no estado de <strong>Indiana, nos Estados Unidos<\/strong>. Com ruas tem\u00e1ticas, lojas decoradas, est\u00e1tuas do Papai Noel e at\u00e9 <strong>um parque de divers\u00f5es natalino<\/strong>, Santa Claus vive o esp\u00edrito natalino durante os <strong>365 dias do ano<\/strong>.<\/p>\n\n\n\n<h2 class=\"wp-block-heading\">Por que a cidade se chama Papai Noel?<\/h2>\n\n\n\n<p>A hist\u00f3ria come\u00e7a em <strong>1854<\/strong>, quando a cidade ainda era chamada de <em>Santa F\u00e9<\/em>. Ao tentar registrar o nome oficial do correio, supostamente j\u00e1 existia fora da cidade com o mesmo nome no estado. Ent\u00e3o, numa reuni\u00e3o comunit\u00e1ria pr\u00f3xima em Natal, algu\u00e9m sugeriu o nome <strong>Papai Noel<\/strong> \u2014 e ele foi aprovado.<\/p>\n\n\n\n<p>Desde ent\u00e3o, o nome se tornou uma marca registrada e passou a influenciar diretamente o estilo e o turismo da cidade. O lugar rapidamente se transformou em um destino natalino permanente.<\/p>\n\n\n\n<figure class=\"wp-block-image size-large\"><img decoding=\"async\" width=\"1024\" height=\"576\" src=\"https:\/\/www.correiobraziliense.com.br\/cbradar\/wp-content\/uploads\/2025\/03\/Santa-Claus_1742645004804-1024x576.jpg\" alt=\"Conhe\u00e7a a cidade onde o natal \u00e9 comemorado o ano inteiro\" class=\"wp-image-14838\" srcset=\"https:\/\/www.correiobraziliense.com.br\/cbradar\/wp-content\/uploads\/2025\/03\/Santa-Claus_1742645004804-1024x576.jpg 1024w, https:\/\/www.correiobraziliense.com.br\/cbradar\/wp-content\/uploads\/2025\/03\/Santa-Claus_1742645004804-300x169.jpg 300w, https:\/\/www.correiobraziliense.com.br\/cbradar\/wp-content\/uploads\/2025\/03\/Santa-Claus_1742645004804-768x432.jpg 768w, https:\/\/www.correiobraziliense.com.br\/cbradar\/wp-content\/uploads\/2025\/03\/Santa-Claus_1742645004804-750x422.jpg 750w, https:\/\/www.correiobraziliense.com.br\/cbradar\/wp-content\/uploads\/2025\/03\/Santa-Claus_1742645004804-1140x641.jpg 1140w, https:\/\/www.correiobraziliense.com.br\/cbradar\/wp-content\/uploads\/2025\/03\/Santa-Claus_1742645004804.jpg 1280w\" sizes=\"(max-width: 1024px) 100vw, 1024px\" \/><figcaption class=\"wp-element-caption\">Santa Claus. Cr\u00e9ditos: depositphotos.com \/ AlexNosenko<\/figcaption><\/figure>\n\n\n\n<h2 class=\"wp-block-heading\">Como \u00e9 viver em Papai Noel ou ano todo?<\/h2>\n\n\n\n<p>Em Papai Noel, o Natal nunca acaba! Entre os elementos mais curiosos e encantadores da cidade est\u00e3o:<\/p>\n\n\n\n<ul class=\"wp-block-list\">\n<li><strong>O Santa Claus Museum &amp; Village<\/strong>, com um enorme Papai Noel de 6 metros de altura.<\/li>\n\n\n\n<li><strong>O parque tem\u00e1tico Holiday World<\/strong>, que tem atra\u00e7\u00f5es natalinas, al\u00e9m de \u00e1reas tem\u00e1ticas de outras festas, como Halloween e A\u00e7\u00e3o de Gra\u00e7as.<\/li>\n\n\n\n<li><strong>A Santa&#8217;s Candy Castle<\/strong>, uma loja de doces e chocolates natalinos que parece sa\u00edda de um filme.<\/li>\n\n\n\n<li><strong>O correio da cidade<\/strong>, que recebe milhares de cartas destinadas ao Papai Noel todos os anos. Volunt\u00e1rios responderam cada uma delas com mensagens personalizadas!<\/li>\n\n\n\n<li><strong>Ruas com nomes como \u201cCandy Cane Lane\u201d e \u201cChristmas Boulevard\u201d<\/strong>, mantendo o clima festivo o tempo todo.<\/li>\n<\/ul>\n\n\n\n<h2 class=\"wp-block-heading\">Curiosidades sobre Papai Noel<\/h2>\n\n\n\n<ul class=\"wp-block-list\">\n<li><strong>A cidade tem pouco mais de 2.500 habitantes<\/strong>, mas recebe ofertas de milhares de visitantes anualmente.<\/li>\n\n\n\n<li><strong>\u00c9 o \u00fanico munic\u00edpio nos EUA com esse nome oficialmente reconhecido.<\/strong><\/li>\n\n\n\n<li><strong>O escrit\u00f3rio de correios \u00e9 um dos mais movimentados da regi\u00e3o durante o Natal, com turistas indo apenas para carimbar postais.<\/strong><\/li>\n\n\n\n<li><strong>A tradi\u00e7\u00e3o de responder cartas para o Papai Noel come\u00e7ou em 1914.<\/strong><\/li>\n\n\n\n<li><strong>O parque Holiday World foi o primeiro parque tem\u00e1tico dos EUA com tem\u00e1tica de feriados.<\/strong><\/li>\n<\/ul>\n\n\n\n<p>Papai Noel \u00e9 um lugar onde o <strong>esp\u00edrito natalino nunca termina<\/strong>, e onde cada dia pode ser vivido com a alegria, magia e encanto t\u00edpicos do m\u00eas de dezembro.<\/p>\n","protected":false},"excerpt":{"rendered":"<p>Uma cidade nos EUA vive o Natal o ano inteiro, com Papai Noel gigante, ruas tem\u00e1ticas e at\u00e9 parque natalino. Conhe\u00e7a Papai Noel, em Indiana!<\/p>\n","protected":false},"author":3,"featured_media":14837,"comment_status":"open","ping_status":"open","sticky":false,"template":"","format":"standard","meta":{"_yoast_wpseo_focuskw":"natal ano inteiro","_yoast_wpseo_title":"%%title%%","_yoast_wpseo_metadesc":"Uma cidade nos EUA vive o Natal o ano inteiro, com Papai Noel gigante, ruas tem\u00e1ticas e at\u00e9 parque natalino. Conhe\u00e7a Papai Noel, em Indiana!","jnews-multi-image_gallery":[],"jnews_single_post":{"format":"standard"},"jnews_primary_category":[],"jnews_social_meta":[],"jnews_override_counter":[],"footnotes":""},"categories":[108],"tags":[109],"class_list":["post-14836","post","type-post","status-publish","format-standard","has-post-thumbnail","hentry","category-cidades","tag-cidades"],"yoast_head":"<!-- This site is optimized with the Yoast SEO plugin v24.6 - https:\/\/yoast.com\/wordpress\/plugins\/seo\/ -->\n<title>Conhe\u00e7a a cidade onde o natal \u00e9 comemorado o ano inteiro<\/title>\n<meta name=\"description\" content=\"Uma cidade nos EUA vive o Natal o ano inteiro, com Papai Noel gigante, ruas tem\u00e1ticas e at\u00e9 parque natalino. Conhe\u00e7a Papai Noel, em Indiana!\" \/>\n<meta name=\"robots\" content=\"index, follow, max-snippet:-1, max-image-preview:large, max-video-preview:-1\" \/>\n<link rel=\"canonical\" href=\"https:\/\/www.correiobraziliense.com.br\/cbradar\/conheca-a-cidade-onde-o-natal-e-comemorado-o-ano-inteiro\/\" \/>\n<meta property=\"og:locale\" content=\"pt_BR\" \/>\n<meta property=\"og:type\" content=\"article\" \/>\n<meta property=\"og:title\" content=\"Conhe\u00e7a a cidade onde o natal \u00e9 comemorado o ano inteiro\" \/>\n<meta property=\"og:description\" content=\"Uma cidade nos EUA vive o Natal o ano inteiro, com Papai Noel gigante, ruas tem\u00e1ticas e at\u00e9 parque natalino. Conhe\u00e7a Papai Noel, em Indiana!\" \/>\n<meta property=\"og:url\" content=\"https:\/\/www.correiobraziliense.com.br\/cbradar\/conheca-a-cidade-onde-o-natal-e-comemorado-o-ano-inteiro\/\" \/>\n<meta property=\"og:site_name\" content=\"Correio Braziliense - Radar\" \/>\n<meta property=\"article:published_time\" content=\"2025-03-23T12:30:00+00:00\" \/>\n<meta property=\"og:image\" content=\"https:\/\/www.correiobraziliense.com.br\/cbradar\/wp-content\/uploads\/2025\/03\/Santa-Claus-indiana_1742644967582.jpg\" \/>\n\t<meta property=\"og:image:width\" content=\"1280\" \/>\n\t<meta property=\"og:image:height\" content=\"720\" \/>\n\t<meta property=\"og:image:type\" content=\"image\/jpeg\" \/>\n<meta name=\"author\" content=\"Larissa Carvalho\" \/>\n<meta name=\"twitter:card\" content=\"summary_large_image\" \/>\n<meta name=\"twitter:label1\" content=\"Escrito por\" \/>\n\t<meta name=\"twitter:data1\" content=\"Larissa Carvalho\" \/>\n\t<meta name=\"twitter:label2\" content=\"Est. tempo de leitura\" \/>\n\t<meta name=\"twitter:data2\" content=\"3 minutos\" \/>\n<!-- \/ Yoast SEO plugin. -->","yoast_head_json":{"title":"Conhe\u00e7a a cidade onde o natal \u00e9 comemorado o ano inteiro","description":"Uma cidade nos EUA vive o Natal o ano inteiro, com Papai Noel gigante, ruas tem\u00e1ticas e at\u00e9 parque natalino. Conhe\u00e7a Papai Noel, em Indiana!","robots":{"index":"index","follow":"follow","max-snippet":"max-snippet:-1","max-image-preview":"max-image-preview:large","max-video-preview":"max-video-preview:-1"},"canonical":"https:\/\/www.correiobraziliense.com.br\/cbradar\/conheca-a-cidade-onde-o-natal-e-comemorado-o-ano-inteiro\/","og_locale":"pt_BR","og_type":"article","og_title":"Conhe\u00e7a a cidade onde o natal \u00e9 comemorado o ano inteiro","og_description":"Uma cidade nos EUA vive o Natal o ano inteiro, com Papai Noel gigante, ruas tem\u00e1ticas e at\u00e9 parque natalino. Conhe\u00e7a Papai Noel, em Indiana!","og_url":"https:\/\/www.correiobraziliense.com.br\/cbradar\/conheca-a-cidade-onde-o-natal-e-comemorado-o-ano-inteiro\/","og_site_name":"Correio Braziliense - Radar","article_published_time":"2025-03-23T12:30:00+00:00","og_image":[{"width":1280,"height":720,"url":"https:\/\/www.correiobraziliense.com.br\/cbradar\/wp-content\/uploads\/2025\/03\/Santa-Claus-indiana_1742644967582.jpg","type":"image\/jpeg"}],"author":"Larissa Carvalho","twitter_card":"summary_large_image","twitter_misc":{"Escrito por":"Larissa Carvalho","Est. tempo de leitura":"3 minutos"},"schema":{"@context":"https:\/\/schema.org","@graph":[{"@type":"WebPage","@id":"https:\/\/www.correiobraziliense.com.br\/cbradar\/conheca-a-cidade-onde-o-natal-e-comemorado-o-ano-inteiro\/","url":"https:\/\/www.correiobraziliense.com.br\/cbradar\/conheca-a-cidade-onde-o-natal-e-comemorado-o-ano-inteiro\/","name":"Conhe\u00e7a a cidade onde o natal \u00e9 comemorado o ano inteiro","isPartOf":{"@id":"https:\/\/www.correiobraziliense.com.br\/cbradar\/#website"},"primaryImageOfPage":{"@id":"https:\/\/www.correiobraziliense.com.br\/cbradar\/conheca-a-cidade-onde-o-natal-e-comemorado-o-ano-inteiro\/#primaryimage"},"image":{"@id":"https:\/\/www.correiobraziliense.com.br\/cbradar\/conheca-a-cidade-onde-o-natal-e-comemorado-o-ano-inteiro\/#primaryimage"},"thumbnailUrl":"https:\/\/www.correiobraziliense.com.br\/cbradar\/wp-content\/uploads\/2025\/03\/Santa-Claus-indiana_1742644967582.jpg","datePublished":"2025-03-23T12:30:00+00:00","author":{"@id":"https:\/\/www.correiobraziliense.com.br\/cbradar\/#\/schema\/person\/58422787644df994b53a19d3e56c1513"},"description":"Uma cidade nos EUA vive o Natal o ano inteiro, com Papai Noel gigante, ruas tem\u00e1ticas e at\u00e9 parque natalino. Conhe\u00e7a Papai Noel, em Indiana!","breadcrumb":{"@id":"https:\/\/www.correiobraziliense.com.br\/cbradar\/conheca-a-cidade-onde-o-natal-e-comemorado-o-ano-inteiro\/#breadcrumb"},"inLanguage":"pt-BR","potentialAction":[{"@type":"ReadAction","target":["https:\/\/www.correiobraziliense.com.br\/cbradar\/conheca-a-cidade-onde-o-natal-e-comemorado-o-ano-inteiro\/"]}]},{"@type":"ImageObject","inLanguage":"pt-BR","@id":"https:\/\/www.correiobraziliense.com.br\/cbradar\/conheca-a-cidade-onde-o-natal-e-comemorado-o-ano-inteiro\/#primaryimage","url":"https:\/\/www.correiobraziliense.com.br\/cbradar\/wp-content\/uploads\/2025\/03\/Santa-Claus-indiana_1742644967582.jpg","contentUrl":"https:\/\/www.correiobraziliense.com.br\/cbradar\/wp-content\/uploads\/2025\/03\/Santa-Claus-indiana_1742644967582.jpg","width":1280,"height":720,"caption":"Santa Claus indiana. Cr\u00e9ditos: depositphotos.com \/ tsrun527"},{"@type":"BreadcrumbList","@id":"https:\/\/www.correiobraziliense.com.br\/cbradar\/conheca-a-cidade-onde-o-natal-e-comemorado-o-ano-inteiro\/#breadcrumb","itemListElement":[{"@type":"ListItem","position":1,"name":"In\u00edcio","item":"https:\/\/www.correiobraziliense.com.br\/cbradar\/"},{"@type":"ListItem","position":2,"name":"Conhe\u00e7a a cidade onde o natal \u00e9 comemorado o ano inteiro"}]},{"@type":"WebSite","@id":"https:\/\/www.correiobraziliense.com.br\/cbradar\/#website","url":"https:\/\/www.correiobraziliense.com.br\/cbradar\/","name":"Correio Braziliense - Radar","description":"Acompanhe as \u00faltimas not\u00edcias e fique bem informado sobre tudo o que acontece no Brasil e no mundo.","potentialAction":[{"@type":"SearchAction","target":{"@type":"EntryPoint","urlTemplate":"https:\/\/www.correiobraziliense.com.br\/cbradar\/?s={search_term_string}"},"query-input":{"@type":"PropertyValueSpecification","valueRequired":true,"valueName":"search_term_string"}}],"inLanguage":"pt-BR"},{"@type":"Person","@id":"https:\/\/www.correiobraziliense.com.br\/cbradar\/#\/schema\/person\/58422787644df994b53a19d3e56c1513","name":"Larissa Carvalho","image":{"@type":"ImageObject","inLanguage":"pt-BR","@id":"https:\/\/www.correiobraziliense.com.br\/cbradar\/#\/schema\/person\/image\/","url":"https:\/\/secure.gravatar.com\/avatar\/fe4f91a0de32b52a838d0d612abdc1aa?s=96&d=mm&r=g","contentUrl":"https:\/\/secure.gravatar.com\/avatar\/fe4f91a0de32b52a838d0d612abdc1aa?s=96&d=mm&r=g","caption":"Larissa Carvalho"},"url":"https:\/\/www.correiobraziliense.com.br\/cbradar\/author\/larissamyth\/"}]}},"_links":{"self":[{"href":"https:\/\/www.correiobraziliense.com.br\/cbradar\/wp-json\/wp\/v2\/posts\/14836","targetHints":{"allow":["GET"]}}],"collection":[{"href":"https:\/\/www.correiobraziliense.com.br\/cbradar\/wp-json\/wp\/v2\/posts"}],"about":[{"href":"https:\/\/www.correiobraziliense.com.br\/cbradar\/wp-json\/wp\/v2\/types\/post"}],"author":[{"embeddable":true,"href":"https:\/\/www.correiobraziliense.com.br\/cbradar\/wp-json\/wp\/v2\/users\/3"}],"replies":[{"embeddable":true,"href":"https:\/\/www.correiobraziliense.com.br\/cbradar\/wp-json\/wp\/v2\/comments?post=14836"}],"version-history":[{"count":1,"href":"https:\/\/www.correiobraziliense.com.br\/cbradar\/wp-json\/wp\/v2\/posts\/14836\/revisions"}],"predecessor-version":[{"id":14839,"href":"https:\/\/www.correiobraziliense.com.br\/cbradar\/wp-json\/wp\/v2\/posts\/14836\/revisions\/14839"}],"wp:featuredmedia":[{"embeddable":true,"href":"https:\/\/www.correiobraziliense.com.br\/cbradar\/wp-json\/wp\/v2\/media\/14837"}],"wp:attachment":[{"href":"https:\/\/www.correiobraziliense.com.br\/cbradar\/wp-json\/wp\/v2\/media?parent=14836"}],"wp:term":[{"taxonomy":"category","embeddable":true,"href":"https:\/\/www.correiobraziliense.com.br\/cbradar\/wp-json\/wp\/v2\/categories?post=14836"},{"taxonomy":"post_tag","embeddable":true,"href":"https:\/\/www.correiobraziliense.com.br\/cbradar\/wp-json\/wp\/v2\/tags?post=14836"}],"curies":[{"name":"wp","href":"https:\/\/api.w.org\/{rel}","templated":true}]}}