{"id":148383,"date":"2025-12-03T09:25:00","date_gmt":"2025-12-03T12:25:00","guid":{"rendered":"https:\/\/www.correiobraziliense.com.br\/cbradar\/?p=148383"},"modified":"2025-12-02T09:53:22","modified_gmt":"2025-12-02T12:53:22","slug":"reduza-dores-musculares-e-articulares-com-uma-planta-medicinal-que-voce-pode-ter-em-casa","status":"publish","type":"post","link":"https:\/\/www.correiobraziliense.com.br\/cbradar\/reduza-dores-musculares-e-articulares-com-uma-planta-medicinal-que-voce-pode-ter-em-casa\/","title":{"rendered":"Reduza dores musculares e articulares com uma planta medicinal que voc\u00ea pode ter em casa"},"content":{"rendered":"\n<p>A <strong>erva-baleeira<\/strong> (<em>Cordia verbenacea<\/em> DC.) \u00e9 um arbusto nativo da Mata Atl\u00e2ntica brasileira, reconhecido como um dos fitoter\u00e1picos mais eficazes para o tratamento de traumas, dores e inflama\u00e7\u00f5es. Seus <strong>benef\u00edcios terap\u00eauticos<\/strong> est\u00e3o ligados ao \u00f3leo essencial, rico em <strong>alfa-humuleno<\/strong> e <strong>trans-cariofileno<\/strong>, <strong>compostos bioativos<\/strong> que conferem a\u00e7\u00e3o anti-inflamat\u00f3ria, analg\u00e9sica e antioxidante. O uso t\u00f3pico da planta \u00e9 um recurso natural eficiente para <strong>dores musculares<\/strong>, contus\u00f5es e problemas articulares.<\/p>\n\n\n\n<p>Principais <strong>propriedades curativas<\/strong> da erva-baleeira:<\/p>\n\n\n\n<ul class=\"wp-block-list\">\n<li>Poderosa a\u00e7\u00e3o anti-inflamat\u00f3ria e analg\u00e9sica, eficaz contra dores musculares e articulares.<\/li>\n\n\n\n<li>Propriedades antioxidantes, protegendo as c\u00e9lulas contra danos oxidativos.<\/li>\n\n\n\n<li>Dicas de plantio em quintais e colheita correta para uso terap\u00eautico.<\/li>\n<\/ul>\n\n\n\n<h2 class=\"wp-block-heading\">A\u00e7\u00e3o anti-inflamat\u00f3ria e o papel do alfa-Humuleno<\/h2>\n\n\n\n<p>A <strong>erva-baleeira<\/strong> apresenta intensa <strong>a\u00e7\u00e3o anti-inflamat\u00f3ria<\/strong>, mediada pelos <strong>compostos bioativos<\/strong> alfa-humuleno e trans-cariofileno. Estes atuam inibindo vias inflamat\u00f3rias e a produ\u00e7\u00e3o de citocinas pr\u00f3-inflamat\u00f3rias (como TNF-$\\alpha$), reduzindo incha\u00e7o e dor em casos de <strong>tendinite<\/strong>, artrite e traumas musculares. Estudo cient\u00edfico:<\/p>\n\n\n\n<blockquote class=\"wp-block-quote is-layout-flow wp-block-quote-is-layout-flow\">\n<p><em>&#8220;O \u00f3leo essencial de Cordia verbenacea, rico em alfa-humuleno, demonstrou potente atividade anti-inflamat\u00f3ria em modelos experimentais, compar\u00e1vel \u00e0 de anti-inflamat\u00f3rios n\u00e3o esteroidais (AINEs), validando seu uso no tratamento t\u00f3pico de inflama\u00e7\u00f5es.&#8221;<\/em> (CORBUCCI et al., 2017).<\/p>\n<\/blockquote>\n\n\n<div class=\"wp-block-image\">\n<figure class=\"aligncenter size-large\"><img decoding=\"async\" width=\"1024\" height=\"576\" src=\"https:\/\/www.correiobraziliense.com.br\/cbradar\/wp-content\/uploads\/2025\/12\/Gemini_Generated_Image_fgu9l6fgu9l6fgu9-2-1024x576.png\" alt=\"\" class=\"wp-image-148404\" srcset=\"https:\/\/www.correiobraziliense.com.br\/cbradar\/wp-content\/uploads\/2025\/12\/Gemini_Generated_Image_fgu9l6fgu9l6fgu9-2-1024x576.png 1024w, https:\/\/www.correiobraziliense.com.br\/cbradar\/wp-content\/uploads\/2025\/12\/Gemini_Generated_Image_fgu9l6fgu9l6fgu9-2-300x169.png 300w, https:\/\/www.correiobraziliense.com.br\/cbradar\/wp-content\/uploads\/2025\/12\/Gemini_Generated_Image_fgu9l6fgu9l6fgu9-2-768x432.png 768w, https:\/\/www.correiobraziliense.com.br\/cbradar\/wp-content\/uploads\/2025\/12\/Gemini_Generated_Image_fgu9l6fgu9l6fgu9-2-750x422.png 750w, https:\/\/www.correiobraziliense.com.br\/cbradar\/wp-content\/uploads\/2025\/12\/Gemini_Generated_Image_fgu9l6fgu9l6fgu9-2-1140x641.png 1140w, https:\/\/www.correiobraziliense.com.br\/cbradar\/wp-content\/uploads\/2025\/12\/Gemini_Generated_Image_fgu9l6fgu9l6fgu9-2.png 1280w\" sizes=\"(max-width: 1024px) 100vw, 1024px\" \/><figcaption class=\"wp-element-caption\">Al\u00e9m da a\u00e7\u00e3o anti-inflamat\u00f3ria, a erva-baleeira possui efeito analg\u00e9sico t\u00f3pico<\/figcaption><\/figure><\/div>\n\n\n<p>Leia tamb\u00e9m: <a href=\"https:\/\/www.correiobraziliense.com.br\/cbradar\/a-forma-mais-simples-de-plantar-limao-em-casa-e-fazer-a-arvore-produzir-muito-mais\/\" target=\"_blank\" rel=\"noreferrer noopener\">A forma mais simples de plantar lim\u00e3o em casa e fazer a \u00e1rvore produzir muito mais<\/a><\/p>\n\n\n\n<h2 class=\"wp-block-heading\">Efeito analg\u00e9sico para dores musculares e contus\u00f5es<\/h2>\n\n\n\n<p>Al\u00e9m da a\u00e7\u00e3o anti-inflamat\u00f3ria, a <strong>erva-baleeira<\/strong> possui efeito analg\u00e9sico t\u00f3pico, essencial para aliviar <strong>dores musculares<\/strong> e desconforto de contus\u00f5es e tor\u00e7\u00f5es. O alfa-humuleno e outros princ\u00edpios ativos do \u00f3leo essencial modulam a percep\u00e7\u00e3o da dor, proporcionando al\u00edvio imediato quando aplicados na \u00e1rea afetada. Uso popular e estudo cient\u00edfico confirmam sua efic\u00e1cia:<\/p>\n\n\n\n<blockquote class=\"wp-block-quote is-layout-flow wp-block-quote-is-layout-flow\">\n<p><em>&#8220;O \u00f3leo essencial de erva-baleeira demonstrou efeito analg\u00e9sico significativo em testes de dor, apoiando seu uso tradicional como recurso t\u00f3pico para al\u00edvio de dores musculoesquel\u00e9ticas.&#8221;<\/em> (VAN DER WAAL et al., 2019).<\/p>\n<\/blockquote>\n\n\n\n<h2 class=\"wp-block-heading\">Como plantar em quintal e colher<\/h2>\n\n\n\n<p>O <strong>cultivo da erva-baleeira<\/strong> \u00e9 simples e adapt\u00e1vel a quintais e jardins brasileiros, especialmente em climas quentes. Seguindo cuidados b\u00e1sicos, \u00e9 poss\u00edvel otimizar a produ\u00e7\u00e3o de folhas ricas em <strong>compostos bioativos<\/strong>:<\/p>\n\n\n\n<ol class=\"wp-block-list\">\n<li><strong>Sol e Clima:<\/strong> Prefere sol pleno ou meia-sombra. \u00c9 resistente ao calor e tolerante \u00e0 seca.<\/li>\n\n\n\n<li><strong>Solo:<\/strong> Bem drenado, de prefer\u00eancia levemente arenoso. Evite encharcamento.<\/li>\n\n\n\n<li><strong>Plantio:<\/strong> Por estacas (galhos) diretamente no solo, em covas de cerca de 30 cm. Regue bem no in\u00edcio.<\/li>\n\n\n\n<li><strong>Colheita:<\/strong> Folhas adultas, ap\u00f3s 1 ano, preferencialmente pela manh\u00e3, quando a concentra\u00e7\u00e3o de \u00f3leo essencial \u00e9 maior.<\/li>\n<\/ol>\n\n\n\n<p>Quem cultiva em casa, vai curtir esse v\u00eddeo especialmente selecionado do canal <a href=\"https:\/\/www.youtube.com\/@gilsongiombeliterapiasnatu52\" target=\"_blank\" rel=\"noreferrer noopener\">Gilson Giombeli Terapias Naturais<\/a>, que conta com mais de 10 mil inscritos, onde o especialista <strong>Gilson Giombeli <\/strong>mostra como fazer a muda da erva:<\/p>\n\n\n\n<figure class=\"wp-block-embed is-type-video is-provider-youtube wp-block-embed-youtube wp-embed-aspect-16-9 wp-has-aspect-ratio\"><div class=\"wp-block-embed__wrapper\">\n<div class=\"jeg_video_container jeg_video_content\"><iframe loading=\"lazy\" title=\"Como fazer as mudas de erva baleeira\" width=\"500\" height=\"281\" src=\"https:\/\/www.youtube.com\/embed\/YOJ2QSmHdlc?list=PLTQxN2g8AsawFpGcsHUY0xKkdU_LVrL06\" frameborder=\"0\" allow=\"accelerometer; autoplay; clipboard-write; encrypted-media; gyroscope; picture-in-picture; web-share\" referrerpolicy=\"strict-origin-when-cross-origin\" allowfullscreen><\/iframe><\/div>\n<\/div><\/figure>\n\n\n\n<p>O cultivo em casa garante o acesso seguro e natural a este potente recurso terap\u00eautico.<\/p>\n\n\n\n<h2 class=\"wp-block-heading\">Erva-baleeira: um analg\u00e9sico t\u00f3pico brasileiro<\/h2>\n\n\n\n<p>A <strong>erva-baleeira<\/strong> \u00e9 um fitoter\u00e1pico brasileiro de grande valor, com <strong>propriedades curativas<\/strong> comprovadas para al\u00edvio de dor e inflama\u00e7\u00e3o. Seus <strong>compostos bioativos<\/strong>, como alfa-humuleno, tornam-na um recurso natural seguro e eficaz para uso t\u00f3pico em <strong>dores musculares<\/strong> e articulares. O plantio dom\u00e9stico facilita o acesso cont\u00ednuo a esta planta terap\u00eautica.<\/p>\n\n\n\n<ul class=\"wp-block-list\">\n<li>Potente a\u00e7\u00e3o anti-inflamat\u00f3ria e analg\u00e9sica, mediada pelo alfa-humuleno.<\/li>\n\n\n\n<li>Ideal para al\u00edvio de dores musculares, contus\u00f5es e problemas articulares, com aplica\u00e7\u00e3o t\u00f3pica.<\/li>\n\n\n\n<li>Plantio simples em quintal, requer sol pleno e solo bem drenado para prosperar.<\/li>\n<\/ul>\n\n\n\n<h2 class=\"wp-block-heading\">Refer\u00eancias bibliogr\u00e1ficas<\/h2>\n\n\n\n<ul class=\"wp-block-list\">\n<li>CORBUCCI, S. P. et al. Anti-inflammatory activity of the essential oil of <em>Cordia verbenacea<\/em> DC. <em>Revista Brasileira de Farmacognosia<\/em>, v. 27, n. 4, p. 509-515, 2017.<\/li>\n\n\n\n<li>VAN DER WAAL, T. M. H. et al. Analgesic and anti-inflammatory effects of the essential oil from <em>Cordia verbenacea<\/em>. <em>Journal of Ethnopharmacology<\/em>, v. 238, p. 111867, 2019.<\/li>\n<\/ul>\n","protected":false},"excerpt":{"rendered":"<p>A erva-baleeira (Cordia verbenacea DC.) \u00e9 um arbusto nativo da Mata Atl\u00e2ntica brasileira, reconhecido como um dos fitoter\u00e1picos mais eficazes para o tratamento de traumas, dores e inflama\u00e7\u00f5es. Seus benef\u00edcios terap\u00eauticos est\u00e3o ligados ao \u00f3leo essencial, rico em alfa-humuleno e trans-cariofileno, compostos bioativos que conferem a\u00e7\u00e3o anti-inflamat\u00f3ria, analg\u00e9sica e antioxidante. O uso t\u00f3pico da planta [&hellip;]<\/p>\n","protected":false},"author":9,"featured_media":148796,"comment_status":"open","ping_status":"open","sticky":false,"template":"","format":"standard","meta":{"_yoast_wpseo_focuskw":"plantar erva-baleeira","_yoast_wpseo_title":"","_yoast_wpseo_metadesc":"Al\u00edvio natural de dores e inflama\u00e7\u00f5es com planta medicinal que voc\u00ea pode plantar facilmente em casa e usar de forma segura.","jnews-multi-image_gallery":[],"jnews_single_post":{"format":"standard"},"jnews_primary_category":[],"jnews_social_meta":[],"jnews_override_counter":[],"footnotes":""},"categories":[119,136],"post_tag":[12170,12169,1318],"class_list":["post-148383","post","type-post","status-publish","format-standard","has-post-thumbnail","hentry","category-bem-estar","category-jardinagem","tag-como-plantar-erva-baleeira","tag-erva-baleeira","tag-saude-2"],"yoast_head":"<!-- This site is optimized with the Yoast SEO plugin v24.6 - https:\/\/yoast.com\/wordpress\/plugins\/seo\/ -->\n<title>Reduza dores musculares e articulares com uma planta medicinal que voc\u00ea pode ter em casa - Correio Braziliense - Radar<\/title>\n<meta name=\"description\" content=\"Al\u00edvio natural de dores e inflama\u00e7\u00f5es com planta medicinal que voc\u00ea pode plantar facilmente em casa e usar de forma segura.\" \/>\n<meta name=\"robots\" content=\"index, follow, max-snippet:-1, max-image-preview:large, max-video-preview:-1\" \/>\n<link rel=\"canonical\" href=\"https:\/\/www.correiobraziliense.com.br\/cbradar\/reduza-dores-musculares-e-articulares-com-uma-planta-medicinal-que-voce-pode-ter-em-casa\/\" \/>\n<meta property=\"og:locale\" content=\"pt_BR\" \/>\n<meta property=\"og:type\" content=\"article\" \/>\n<meta property=\"og:title\" content=\"Reduza dores musculares e articulares com uma planta medicinal que voc\u00ea pode ter em casa - Correio Braziliense - Radar\" \/>\n<meta property=\"og:description\" content=\"Al\u00edvio natural de dores e inflama\u00e7\u00f5es com planta medicinal que voc\u00ea pode plantar facilmente em casa e usar de forma segura.\" \/>\n<meta property=\"og:url\" content=\"https:\/\/www.correiobraziliense.com.br\/cbradar\/reduza-dores-musculares-e-articulares-com-uma-planta-medicinal-que-voce-pode-ter-em-casa\/\" \/>\n<meta property=\"og:site_name\" content=\"Correio Braziliense - Radar\" \/>\n<meta property=\"article:published_time\" content=\"2025-12-03T12:25:00+00:00\" \/>\n<meta property=\"og:image\" content=\"https:\/\/www.correiobraziliense.com.br\/cbradar\/wp-content\/uploads\/2025\/12\/freepik__jardim-brasileiro-simples-e-ensolarado-com-um-pequ__38982.jpeg\" \/>\n\t<meta property=\"og:image:width\" content=\"1280\" \/>\n\t<meta property=\"og:image:height\" content=\"720\" \/>\n\t<meta property=\"og:image:type\" content=\"image\/jpeg\" \/>\n<meta name=\"author\" content=\"Daniely Cardoso\" \/>\n<meta name=\"twitter:card\" content=\"summary_large_image\" \/>\n<meta name=\"twitter:label1\" content=\"Escrito por\" \/>\n\t<meta name=\"twitter:data1\" content=\"Daniely Cardoso\" \/>\n\t<meta name=\"twitter:label2\" content=\"Est. tempo de leitura\" \/>\n\t<meta name=\"twitter:data2\" content=\"4 minutos\" \/>\n<!-- \/ Yoast SEO plugin. -->","yoast_head_json":{"title":"Reduza dores musculares e articulares com uma planta medicinal que voc\u00ea pode ter em casa - Correio Braziliense - Radar","description":"Al\u00edvio natural de dores e inflama\u00e7\u00f5es com planta medicinal que voc\u00ea pode plantar facilmente em casa e usar de forma segura.","robots":{"index":"index","follow":"follow","max-snippet":"max-snippet:-1","max-image-preview":"max-image-preview:large","max-video-preview":"max-video-preview:-1"},"canonical":"https:\/\/www.correiobraziliense.com.br\/cbradar\/reduza-dores-musculares-e-articulares-com-uma-planta-medicinal-que-voce-pode-ter-em-casa\/","og_locale":"pt_BR","og_type":"article","og_title":"Reduza dores musculares e articulares com uma planta medicinal que voc\u00ea pode ter em casa - Correio Braziliense - Radar","og_description":"Al\u00edvio natural de dores e inflama\u00e7\u00f5es com planta medicinal que voc\u00ea pode plantar facilmente em casa e usar de forma segura.","og_url":"https:\/\/www.correiobraziliense.com.br\/cbradar\/reduza-dores-musculares-e-articulares-com-uma-planta-medicinal-que-voce-pode-ter-em-casa\/","og_site_name":"Correio Braziliense - Radar","article_published_time":"2025-12-03T12:25:00+00:00","og_image":[{"width":1280,"height":720,"url":"https:\/\/www.correiobraziliense.com.br\/cbradar\/wp-content\/uploads\/2025\/12\/freepik__jardim-brasileiro-simples-e-ensolarado-com-um-pequ__38982.jpeg","type":"image\/jpeg"}],"author":"Daniely Cardoso","twitter_card":"summary_large_image","twitter_misc":{"Escrito por":"Daniely Cardoso","Est. tempo de leitura":"4 minutos"},"schema":{"@context":"https:\/\/schema.org","@graph":[{"@type":"WebPage","@id":"https:\/\/www.correiobraziliense.com.br\/cbradar\/reduza-dores-musculares-e-articulares-com-uma-planta-medicinal-que-voce-pode-ter-em-casa\/","url":"https:\/\/www.correiobraziliense.com.br\/cbradar\/reduza-dores-musculares-e-articulares-com-uma-planta-medicinal-que-voce-pode-ter-em-casa\/","name":"Reduza dores musculares e articulares com uma planta medicinal que voc\u00ea pode ter em casa - Correio Braziliense - Radar","isPartOf":{"@id":"https:\/\/www.correiobraziliense.com.br\/cbradar\/#website"},"primaryImageOfPage":{"@id":"https:\/\/www.correiobraziliense.com.br\/cbradar\/reduza-dores-musculares-e-articulares-com-uma-planta-medicinal-que-voce-pode-ter-em-casa\/#primaryimage"},"image":{"@id":"https:\/\/www.correiobraziliense.com.br\/cbradar\/reduza-dores-musculares-e-articulares-com-uma-planta-medicinal-que-voce-pode-ter-em-casa\/#primaryimage"},"thumbnailUrl":"https:\/\/www.correiobraziliense.com.br\/cbradar\/wp-content\/uploads\/2025\/12\/freepik__jardim-brasileiro-simples-e-ensolarado-com-um-pequ__38982.jpeg","datePublished":"2025-12-03T12:25:00+00:00","author":{"@id":"https:\/\/www.correiobraziliense.com.br\/cbradar\/#\/schema\/person\/7356666e12ec0ee53f348ee5db227032"},"description":"Al\u00edvio natural de dores e inflama\u00e7\u00f5es com planta medicinal que voc\u00ea pode plantar facilmente em casa e usar de forma segura.","breadcrumb":{"@id":"https:\/\/www.correiobraziliense.com.br\/cbradar\/reduza-dores-musculares-e-articulares-com-uma-planta-medicinal-que-voce-pode-ter-em-casa\/#breadcrumb"},"inLanguage":"pt-BR","potentialAction":[{"@type":"ReadAction","target":["https:\/\/www.correiobraziliense.com.br\/cbradar\/reduza-dores-musculares-e-articulares-com-uma-planta-medicinal-que-voce-pode-ter-em-casa\/"]}]},{"@type":"ImageObject","inLanguage":"pt-BR","@id":"https:\/\/www.correiobraziliense.com.br\/cbradar\/reduza-dores-musculares-e-articulares-com-uma-planta-medicinal-que-voce-pode-ter-em-casa\/#primaryimage","url":"https:\/\/www.correiobraziliense.com.br\/cbradar\/wp-content\/uploads\/2025\/12\/freepik__jardim-brasileiro-simples-e-ensolarado-com-um-pequ__38982.jpeg","contentUrl":"https:\/\/www.correiobraziliense.com.br\/cbradar\/wp-content\/uploads\/2025\/12\/freepik__jardim-brasileiro-simples-e-ensolarado-com-um-pequ__38982.jpeg","width":1280,"height":720,"caption":"A erva-baleeira \u00e9 amplamente utilizada na medicina popular brasileira para aliviar dores e inflama\u00e7\u00f5es"},{"@type":"BreadcrumbList","@id":"https:\/\/www.correiobraziliense.com.br\/cbradar\/reduza-dores-musculares-e-articulares-com-uma-planta-medicinal-que-voce-pode-ter-em-casa\/#breadcrumb","itemListElement":[{"@type":"ListItem","position":1,"name":"In\u00edcio","item":"https:\/\/www.correiobraziliense.com.br\/cbradar\/"},{"@type":"ListItem","position":2,"name":"Reduza dores musculares e articulares com uma planta medicinal que voc\u00ea pode ter em casa"}]},{"@type":"WebSite","@id":"https:\/\/www.correiobraziliense.com.br\/cbradar\/#website","url":"https:\/\/www.correiobraziliense.com.br\/cbradar\/","name":"Correio Braziliense - Radar","description":"Acompanhe as \u00faltimas not\u00edcias e fique bem informado sobre tudo o que acontece no Brasil e no mundo.","potentialAction":[{"@type":"SearchAction","target":{"@type":"EntryPoint","urlTemplate":"https:\/\/www.correiobraziliense.com.br\/cbradar\/?s={search_term_string}"},"query-input":{"@type":"PropertyValueSpecification","valueRequired":true,"valueName":"search_term_string"}}],"inLanguage":"pt-BR"},{"@type":"Person","@id":"https:\/\/www.correiobraziliense.com.br\/cbradar\/#\/schema\/person\/7356666e12ec0ee53f348ee5db227032","name":"Daniely Cardoso","image":{"@type":"ImageObject","inLanguage":"pt-BR","@id":"https:\/\/www.correiobraziliense.com.br\/cbradar\/#\/schema\/person\/image\/","url":"https:\/\/secure.gravatar.com\/avatar\/4b80ddbd124d1f071b626d52d62e5dff?s=96&d=mm&r=g","contentUrl":"https:\/\/secure.gravatar.com\/avatar\/4b80ddbd124d1f071b626d52d62e5dff?s=96&d=mm&r=g","caption":"Daniely Cardoso"},"description":"Redatora nos portais CB Radar e EM Foco, formada pela Universidade Federal de Goi\u00e1s, em Goi\u00e2nia. Apaixonada por comunica\u00e7\u00e3o, arte, decora\u00e7\u00e3o e tend\u00eancias, atuo na produ\u00e7\u00e3o de conte\u00fados envolventes sobre curiosidades, moda, beleza e paisagismo, sempre com um olhar atento \u00e0s novidades do momento.","sameAs":["https:\/\/www.correiobraziliense.com.br\/cbradar"],"url":"https:\/\/www.correiobraziliense.com.br\/cbradar\/author\/danielymyth\/"}]}},"_links":{"self":[{"href":"https:\/\/www.correiobraziliense.com.br\/cbradar\/wp-json\/wp\/v2\/posts\/148383","targetHints":{"allow":["GET"]}}],"collection":[{"href":"https:\/\/www.correiobraziliense.com.br\/cbradar\/wp-json\/wp\/v2\/posts"}],"about":[{"href":"https:\/\/www.correiobraziliense.com.br\/cbradar\/wp-json\/wp\/v2\/types\/post"}],"author":[{"embeddable":true,"href":"https:\/\/www.correiobraziliense.com.br\/cbradar\/wp-json\/wp\/v2\/users\/9"}],"replies":[{"embeddable":true,"href":"https:\/\/www.correiobraziliense.com.br\/cbradar\/wp-json\/wp\/v2\/comments?post=148383"}],"version-history":[{"count":1,"href":"https:\/\/www.correiobraziliense.com.br\/cbradar\/wp-json\/wp\/v2\/posts\/148383\/revisions"}],"predecessor-version":[{"id":148406,"href":"https:\/\/www.correiobraziliense.com.br\/cbradar\/wp-json\/wp\/v2\/posts\/148383\/revisions\/148406"}],"wp:featuredmedia":[{"embeddable":true,"href":"https:\/\/www.correiobraziliense.com.br\/cbradar\/wp-json\/wp\/v2\/media\/148796"}],"wp:attachment":[{"href":"https:\/\/www.correiobraziliense.com.br\/cbradar\/wp-json\/wp\/v2\/media?parent=148383"}],"wp:term":[{"taxonomy":"category","embeddable":true,"href":"https:\/\/www.correiobraziliense.com.br\/cbradar\/wp-json\/wp\/v2\/categories?post=148383"},{"taxonomy":"post_tag","embeddable":true,"href":"https:\/\/www.correiobraziliense.com.br\/cbradar\/wp-json\/wp\/v2\/post_tag?post=148383"}],"curies":[{"name":"wp","href":"https:\/\/api.w.org\/{rel}","templated":true}]}}