{"id":14840,"date":"2025-03-23T18:30:00","date_gmt":"2025-03-23T21:30:00","guid":{"rendered":"https:\/\/www.correiobraziliense.com.br\/cbradar\/?p=14840"},"modified":"2025-03-22T16:54:53","modified_gmt":"2025-03-22T19:54:53","slug":"conheca-a-cidade-onde-a-temperatura-e-controlada-artificialmente","status":"publish","type":"post","link":"https:\/\/www.correiobraziliense.com.br\/cbradar\/conheca-a-cidade-onde-a-temperatura-e-controlada-artificialmente\/","title":{"rendered":"Conhe\u00e7a a cidade onde a temperatura \u00e9 controlada artificialmente"},"content":{"rendered":"\n<p>Na vanguarda do urbanismo moderno, a cidade de <strong>Songdo<\/strong>, na <strong>Coreia do Sul<\/strong>, destaca-se como uma das primeiras <strong>cidades inteligentes do mundo<\/strong> \u2014 e uma de suas inova\u00e7\u00f5es mais surpreendentes \u00e9 o <strong>controle artificial da temperatura nos setores urbanos<\/strong>, principalmente em espa\u00e7os p\u00fablicos e comerciais fechados.<\/p>\n\n\n\n<p>Songdo n\u00e3o \u00e9 uma cidade comum. Ela foi <strong>constru\u00edda do zero<\/strong> sobre terras recuperadas do mar, com o objetivo de ser <strong>totalmente sustent\u00e1vel, inteligente e interconectada<\/strong>. Entre suas solu\u00e7\u00f5es futuristas est\u00e3o sistemas de automa\u00e7\u00e3o que controlam <strong>clima, luz e energia<\/strong> em diversos ambientes.<\/p>\n\n\n\n<h2 class=\"wp-block-heading\">Como uma cidade controla a temperatura artificialmente?<\/h2>\n\n\n\n<p>Embora n\u00e3o se trate de um controle clim\u00e1tico ao ar livre (como domos futuristas de fic\u00e7\u00e3o cient\u00edfica), Songdo tem <strong>\u00e1reas urbanas fechadas, como centros comerciais, pra\u00e7as internas e edif\u00edcios corporativos interligados<\/strong>, onde:<\/p>\n\n\n\n<ul class=\"wp-block-list\">\n<li><strong>A temperatura e a ventila\u00e7\u00e3o s\u00e3o monitoradas e ajustadas automaticamente<\/strong>, com base no clima externo e no n\u00famero de pessoas presentes.<\/li>\n\n\n\n<li><strong>Sensores detectam calor, umidade e vibra\u00e7\u00e3o<\/strong>, otimizando o conforto t\u00e9rmico em tempo real.<\/li>\n\n\n\n<li><strong>O sistema central de gest\u00e3o urbana<\/strong> integra ar-condicionado, aquecimento e ilumina\u00e7\u00e3o, reduzindo desperd\u00edcio de energia.<\/li>\n<\/ul>\n\n\n\n<p>Essas medidas fazem parte do plano da cidade para serem <strong>ambientalmente eficientes e altamente tecnol\u00f3gicas<\/strong>, garantindo conforto mesmo nos meses de ver\u00e3o intenso ou inverno rigorosamente.<\/p>\n\n\n\n<figure class=\"wp-block-image size-large\"><img decoding=\"async\" width=\"1024\" height=\"576\" src=\"https:\/\/www.correiobraziliense.com.br\/cbradar\/wp-content\/uploads\/2025\/03\/Songdo_1742645155553-1024x576.jpg\" alt=\"Conhe\u00e7a a cidade onde a temperatura \u00e9 controlada artificialmente\" class=\"wp-image-14842\" srcset=\"https:\/\/www.correiobraziliense.com.br\/cbradar\/wp-content\/uploads\/2025\/03\/Songdo_1742645155553-1024x576.jpg 1024w, https:\/\/www.correiobraziliense.com.br\/cbradar\/wp-content\/uploads\/2025\/03\/Songdo_1742645155553-300x169.jpg 300w, https:\/\/www.correiobraziliense.com.br\/cbradar\/wp-content\/uploads\/2025\/03\/Songdo_1742645155553-768x432.jpg 768w, https:\/\/www.correiobraziliense.com.br\/cbradar\/wp-content\/uploads\/2025\/03\/Songdo_1742645155553-750x422.jpg 750w, https:\/\/www.correiobraziliense.com.br\/cbradar\/wp-content\/uploads\/2025\/03\/Songdo_1742645155553-1140x641.jpg 1140w, https:\/\/www.correiobraziliense.com.br\/cbradar\/wp-content\/uploads\/2025\/03\/Songdo_1742645155553.jpg 1280w\" sizes=\"(max-width: 1024px) 100vw, 1024px\" \/><figcaption class=\"wp-element-caption\">Songdo. Cr\u00e9ditos: depositphotos.com \/ KR_photograph<\/figcaption><\/figure>\n\n\n\n<h2 class=\"wp-block-heading\">O que mais torna Songdo uma cidade do futuro?<\/h2>\n\n\n\n<p>Songdo \u00e9 considerado um <strong>modelo global de cidade inteligente<\/strong>. Al\u00e9m do controle t\u00e9rmico em ambientes urbanos, ela oferece:<\/p>\n\n\n\n<ul class=\"wp-block-list\">\n<li><strong>Rede de transporte totalmente integrada e sustent\u00e1vel<\/strong>, com ciclovias e carros el\u00e9tricos.<\/li>\n\n\n\n<li><strong>Coleta de lixo pneum\u00e1tica subterr\u00e2nea<\/strong>, eliminando a necessidade de caminh\u00f5es.<\/li>\n\n\n\n<li><strong>Pr\u00e9dios inteligentes com vidros que regulam a luz solar e a temperatura interna.<\/strong><\/li>\n\n\n\n<li><strong>Wi-Fi p\u00fablico, c\u00e2meras e sensores que monitoram tudo \u2014 da polui\u00e7\u00e3o ao tr\u00e1fego.<\/strong><\/li>\n<\/ul>\n\n\n\n<p>Tudo em Songdo foi pensado para ser <strong>eficiente, ecol\u00f3gico e automatizado<\/strong>, tornando a cidade um laborat\u00f3rio real de solu\u00e7\u00f5es urbanas do futuro.<\/p>\n\n\n\n<h2 class=\"wp-block-heading\">Curiosidades sobre Songdo<\/h2>\n\n\n\n<ul class=\"wp-block-list\">\n<li><strong>A cidade come\u00e7ou a ser constru\u00edda em 2003 e segue em expans\u00e3o at\u00e9 hoje.<\/strong><\/li>\n\n\n\n<li><strong>Abriga o Green Climate Fund, da ONU, refor\u00e7ando seu compromisso com a sustentabilidade.<\/strong><\/li>\n\n\n\n<li><strong>70% do lixo recicl\u00e1vel da cidade \u00e9 reaproveitado por sistemas automatizados.<\/strong><\/li>\n\n\n\n<li><strong>\u00c9 uma das cidades mais monitoradas do mundo, com sensores por todos os lados.<\/strong><\/li>\n\n\n\n<li><strong>Pr\u00e9dios e ruas s\u00e3o conectados digitalmente por fibra \u00f3ptica, permitindo comunica\u00e7\u00e3o entre estruturas.<\/strong><\/li>\n<\/ul>\n\n\n\n<p>Songdo mostra que o futuro das cidades j\u00e1 est\u00e1 entre n\u00f3s \u2014 e, em alguns lugares, at\u00e9 o <strong>clima pode ser controlado para o bem-estar coletivo<\/strong>.<\/p>\n","protected":false},"excerpt":{"rendered":"<p>Uma cidade sul-coreana controla temperatura em \u00e1reas urbanas por sensores e automa\u00e7\u00e3o. Descubra o modelo de cidade inteligente futuro!<\/p>\n","protected":false},"author":3,"featured_media":14841,"comment_status":"open","ping_status":"open","sticky":false,"template":"","format":"standard","meta":{"_yoast_wpseo_focuskw":"cidade temperatura artificialmente","_yoast_wpseo_title":"%%title%%","_yoast_wpseo_metadesc":"Uma cidade sul-coreana controla temperatura em \u00e1reas urbanas por sensores e automa\u00e7\u00e3o. Descubra o modelo de cidade inteligente futuro!","jnews-multi-image_gallery":[],"jnews_single_post":{"format":"standard"},"jnews_primary_category":[],"jnews_social_meta":[],"jnews_override_counter":[],"footnotes":""},"categories":[108],"tags":[109],"class_list":["post-14840","post","type-post","status-publish","format-standard","has-post-thumbnail","hentry","category-cidades","tag-cidades"],"yoast_head":"<!-- This site is optimized with the Yoast SEO plugin v24.6 - https:\/\/yoast.com\/wordpress\/plugins\/seo\/ -->\n<title>Conhe\u00e7a a cidade onde a temperatura \u00e9 controlada artificialmente<\/title>\n<meta name=\"description\" content=\"Uma cidade sul-coreana controla temperatura em \u00e1reas urbanas por sensores e automa\u00e7\u00e3o. Descubra o modelo de cidade inteligente futuro!\" \/>\n<meta name=\"robots\" content=\"index, follow, max-snippet:-1, max-image-preview:large, max-video-preview:-1\" \/>\n<link rel=\"canonical\" href=\"https:\/\/www.correiobraziliense.com.br\/cbradar\/conheca-a-cidade-onde-a-temperatura-e-controlada-artificialmente\/\" \/>\n<meta property=\"og:locale\" content=\"pt_BR\" \/>\n<meta property=\"og:type\" content=\"article\" \/>\n<meta property=\"og:title\" content=\"Conhe\u00e7a a cidade onde a temperatura \u00e9 controlada artificialmente\" \/>\n<meta property=\"og:description\" content=\"Uma cidade sul-coreana controla temperatura em \u00e1reas urbanas por sensores e automa\u00e7\u00e3o. Descubra o modelo de cidade inteligente futuro!\" \/>\n<meta property=\"og:url\" content=\"https:\/\/www.correiobraziliense.com.br\/cbradar\/conheca-a-cidade-onde-a-temperatura-e-controlada-artificialmente\/\" \/>\n<meta property=\"og:site_name\" content=\"Correio Braziliense - Radar\" \/>\n<meta property=\"article:published_time\" content=\"2025-03-23T21:30:00+00:00\" \/>\n<meta property=\"og:image\" content=\"https:\/\/www.correiobraziliense.com.br\/cbradar\/wp-content\/uploads\/2025\/03\/Songdo_1742645112716.jpg\" \/>\n\t<meta property=\"og:image:width\" content=\"1280\" \/>\n\t<meta property=\"og:image:height\" content=\"720\" \/>\n\t<meta property=\"og:image:type\" content=\"image\/jpeg\" \/>\n<meta name=\"author\" content=\"Larissa Carvalho\" \/>\n<meta name=\"twitter:card\" content=\"summary_large_image\" \/>\n<meta name=\"twitter:label1\" content=\"Escrito por\" \/>\n\t<meta name=\"twitter:data1\" content=\"Larissa Carvalho\" \/>\n\t<meta name=\"twitter:label2\" content=\"Est. tempo de leitura\" \/>\n\t<meta name=\"twitter:data2\" content=\"3 minutos\" \/>\n<!-- \/ Yoast SEO plugin. -->","yoast_head_json":{"title":"Conhe\u00e7a a cidade onde a temperatura \u00e9 controlada artificialmente","description":"Uma cidade sul-coreana controla temperatura em \u00e1reas urbanas por sensores e automa\u00e7\u00e3o. Descubra o modelo de cidade inteligente futuro!","robots":{"index":"index","follow":"follow","max-snippet":"max-snippet:-1","max-image-preview":"max-image-preview:large","max-video-preview":"max-video-preview:-1"},"canonical":"https:\/\/www.correiobraziliense.com.br\/cbradar\/conheca-a-cidade-onde-a-temperatura-e-controlada-artificialmente\/","og_locale":"pt_BR","og_type":"article","og_title":"Conhe\u00e7a a cidade onde a temperatura \u00e9 controlada artificialmente","og_description":"Uma cidade sul-coreana controla temperatura em \u00e1reas urbanas por sensores e automa\u00e7\u00e3o. Descubra o modelo de cidade inteligente futuro!","og_url":"https:\/\/www.correiobraziliense.com.br\/cbradar\/conheca-a-cidade-onde-a-temperatura-e-controlada-artificialmente\/","og_site_name":"Correio Braziliense - Radar","article_published_time":"2025-03-23T21:30:00+00:00","og_image":[{"width":1280,"height":720,"url":"https:\/\/www.correiobraziliense.com.br\/cbradar\/wp-content\/uploads\/2025\/03\/Songdo_1742645112716.jpg","type":"image\/jpeg"}],"author":"Larissa Carvalho","twitter_card":"summary_large_image","twitter_misc":{"Escrito por":"Larissa Carvalho","Est. tempo de leitura":"3 minutos"},"schema":{"@context":"https:\/\/schema.org","@graph":[{"@type":"WebPage","@id":"https:\/\/www.correiobraziliense.com.br\/cbradar\/conheca-a-cidade-onde-a-temperatura-e-controlada-artificialmente\/","url":"https:\/\/www.correiobraziliense.com.br\/cbradar\/conheca-a-cidade-onde-a-temperatura-e-controlada-artificialmente\/","name":"Conhe\u00e7a a cidade onde a temperatura \u00e9 controlada artificialmente","isPartOf":{"@id":"https:\/\/www.correiobraziliense.com.br\/cbradar\/#website"},"primaryImageOfPage":{"@id":"https:\/\/www.correiobraziliense.com.br\/cbradar\/conheca-a-cidade-onde-a-temperatura-e-controlada-artificialmente\/#primaryimage"},"image":{"@id":"https:\/\/www.correiobraziliense.com.br\/cbradar\/conheca-a-cidade-onde-a-temperatura-e-controlada-artificialmente\/#primaryimage"},"thumbnailUrl":"https:\/\/www.correiobraziliense.com.br\/cbradar\/wp-content\/uploads\/2025\/03\/Songdo_1742645112716.jpg","datePublished":"2025-03-23T21:30:00+00:00","author":{"@id":"https:\/\/www.correiobraziliense.com.br\/cbradar\/#\/schema\/person\/58422787644df994b53a19d3e56c1513"},"description":"Uma cidade sul-coreana controla temperatura em \u00e1reas urbanas por sensores e automa\u00e7\u00e3o. Descubra o modelo de cidade inteligente futuro!","breadcrumb":{"@id":"https:\/\/www.correiobraziliense.com.br\/cbradar\/conheca-a-cidade-onde-a-temperatura-e-controlada-artificialmente\/#breadcrumb"},"inLanguage":"pt-BR","potentialAction":[{"@type":"ReadAction","target":["https:\/\/www.correiobraziliense.com.br\/cbradar\/conheca-a-cidade-onde-a-temperatura-e-controlada-artificialmente\/"]}]},{"@type":"ImageObject","inLanguage":"pt-BR","@id":"https:\/\/www.correiobraziliense.com.br\/cbradar\/conheca-a-cidade-onde-a-temperatura-e-controlada-artificialmente\/#primaryimage","url":"https:\/\/www.correiobraziliense.com.br\/cbradar\/wp-content\/uploads\/2025\/03\/Songdo_1742645112716.jpg","contentUrl":"https:\/\/www.correiobraziliense.com.br\/cbradar\/wp-content\/uploads\/2025\/03\/Songdo_1742645112716.jpg","width":1280,"height":720,"caption":"Songdo. Cr\u00e9ditos: depositphotos.com \/ KR_photograph"},{"@type":"BreadcrumbList","@id":"https:\/\/www.correiobraziliense.com.br\/cbradar\/conheca-a-cidade-onde-a-temperatura-e-controlada-artificialmente\/#breadcrumb","itemListElement":[{"@type":"ListItem","position":1,"name":"In\u00edcio","item":"https:\/\/www.correiobraziliense.com.br\/cbradar\/"},{"@type":"ListItem","position":2,"name":"Conhe\u00e7a a cidade onde a temperatura \u00e9 controlada artificialmente"}]},{"@type":"WebSite","@id":"https:\/\/www.correiobraziliense.com.br\/cbradar\/#website","url":"https:\/\/www.correiobraziliense.com.br\/cbradar\/","name":"Correio Braziliense - Radar","description":"Acompanhe as \u00faltimas not\u00edcias e fique bem informado sobre tudo o que acontece no Brasil e no mundo.","potentialAction":[{"@type":"SearchAction","target":{"@type":"EntryPoint","urlTemplate":"https:\/\/www.correiobraziliense.com.br\/cbradar\/?s={search_term_string}"},"query-input":{"@type":"PropertyValueSpecification","valueRequired":true,"valueName":"search_term_string"}}],"inLanguage":"pt-BR"},{"@type":"Person","@id":"https:\/\/www.correiobraziliense.com.br\/cbradar\/#\/schema\/person\/58422787644df994b53a19d3e56c1513","name":"Larissa Carvalho","image":{"@type":"ImageObject","inLanguage":"pt-BR","@id":"https:\/\/www.correiobraziliense.com.br\/cbradar\/#\/schema\/person\/image\/","url":"https:\/\/secure.gravatar.com\/avatar\/fe4f91a0de32b52a838d0d612abdc1aa?s=96&d=mm&r=g","contentUrl":"https:\/\/secure.gravatar.com\/avatar\/fe4f91a0de32b52a838d0d612abdc1aa?s=96&d=mm&r=g","caption":"Larissa Carvalho"},"url":"https:\/\/www.correiobraziliense.com.br\/cbradar\/author\/larissamyth\/"}]}},"_links":{"self":[{"href":"https:\/\/www.correiobraziliense.com.br\/cbradar\/wp-json\/wp\/v2\/posts\/14840","targetHints":{"allow":["GET"]}}],"collection":[{"href":"https:\/\/www.correiobraziliense.com.br\/cbradar\/wp-json\/wp\/v2\/posts"}],"about":[{"href":"https:\/\/www.correiobraziliense.com.br\/cbradar\/wp-json\/wp\/v2\/types\/post"}],"author":[{"embeddable":true,"href":"https:\/\/www.correiobraziliense.com.br\/cbradar\/wp-json\/wp\/v2\/users\/3"}],"replies":[{"embeddable":true,"href":"https:\/\/www.correiobraziliense.com.br\/cbradar\/wp-json\/wp\/v2\/comments?post=14840"}],"version-history":[{"count":1,"href":"https:\/\/www.correiobraziliense.com.br\/cbradar\/wp-json\/wp\/v2\/posts\/14840\/revisions"}],"predecessor-version":[{"id":14843,"href":"https:\/\/www.correiobraziliense.com.br\/cbradar\/wp-json\/wp\/v2\/posts\/14840\/revisions\/14843"}],"wp:featuredmedia":[{"embeddable":true,"href":"https:\/\/www.correiobraziliense.com.br\/cbradar\/wp-json\/wp\/v2\/media\/14841"}],"wp:attachment":[{"href":"https:\/\/www.correiobraziliense.com.br\/cbradar\/wp-json\/wp\/v2\/media?parent=14840"}],"wp:term":[{"taxonomy":"category","embeddable":true,"href":"https:\/\/www.correiobraziliense.com.br\/cbradar\/wp-json\/wp\/v2\/categories?post=14840"},{"taxonomy":"post_tag","embeddable":true,"href":"https:\/\/www.correiobraziliense.com.br\/cbradar\/wp-json\/wp\/v2\/tags?post=14840"}],"curies":[{"name":"wp","href":"https:\/\/api.w.org\/{rel}","templated":true}]}}