{"id":148432,"date":"2025-12-03T12:55:00","date_gmt":"2025-12-03T15:55:00","guid":{"rendered":"https:\/\/www.correiobraziliense.com.br\/cbradar\/?p=148432"},"modified":"2025-12-02T09:54:50","modified_gmt":"2025-12-02T12:54:50","slug":"o-vegetal-nutritivo-que-ajuda-na-saude-dos-ossos-e-da-folhas-gigantes-ao-plantar-em-casa","status":"publish","type":"post","link":"https:\/\/www.correiobraziliense.com.br\/cbradar\/o-vegetal-nutritivo-que-ajuda-na-saude-dos-ossos-e-da-folhas-gigantes-ao-plantar-em-casa\/","title":{"rendered":"O vegetal nutritivo que ajuda na sa\u00fade dos ossos e d\u00e1 folhas gigantes ao plantar em casa"},"content":{"rendered":"\n<p>A <strong>acelga<\/strong> (<em>Beta vulgaris<\/em> var. <em>cicla<\/em>), um vegetal folhoso robusto de hastes geralmente brancas ou coloridas, \u00e9 um superalimento com not\u00e1vel densidade nutricional. Suas <strong>propriedades medicinais<\/strong> s\u00e3o atribu\u00eddas \u00e0 sua riqueza em micronutrientes essenciais. A acelga \u00e9 uma fonte excepcional de <strong>Vitamina K<\/strong> e <strong>Vitamina A<\/strong> (na forma de carotenoides), <strong>compostos bioativos<\/strong> que conferem <strong>benef\u00edcios terap\u00eauticos<\/strong> cruciais para a <strong>sa\u00fade \u00f3ssea<\/strong>, a <strong>coagula\u00e7\u00e3o sangu\u00ednea<\/strong> e a <strong>sa\u00fade ocular<\/strong>.<\/p>\n\n\n\n<p>Este artigo explora as principais propriedades curativas da acelga, com foco em:<\/p>\n\n\n\n<ul class=\"wp-block-list\">\n<li>O papel vital da <strong>Vitamina K<\/strong> na <strong>sa\u00fade \u00f3ssea<\/strong> e na preven\u00e7\u00e3o de dist\u00farbios da coagula\u00e7\u00e3o.<\/li>\n\n\n\n<li>O <strong>benef\u00edcio para a vis\u00e3o<\/strong> e a <strong>sa\u00fade da pele<\/strong>, mediado pela Vitamina A (carotenoides).<\/li>\n\n\n\n<li>As orienta\u00e7\u00f5es essenciais sobre <strong>como plantar e colher folhas gigantes<\/strong> em hortas caseiras.<\/li>\n<\/ul>\n\n\n\n<h2 class=\"wp-block-heading\">Riqueza em vitamina K e suporte \u00e0 sa\u00fade \u00f3ssea<\/h2>\n\n\n\n<p>A principal <strong>propriedade curativa<\/strong> da <strong>acelga<\/strong> \u00e9 a sua concentra\u00e7\u00e3o extraordin\u00e1ria de <strong>Vitamina K<\/strong>, um <strong>princ\u00edpio ativo<\/strong> essencial para a <strong>sa\u00fade \u00f3ssea<\/strong>. A Vitamina K \u00e9 fundamental para a ativa\u00e7\u00e3o da <strong>osteocalcina<\/strong>, uma prote\u00edna que ajuda a ligar o c\u00e1lcio na matriz \u00f3ssea, garantindo a sua densidade e resist\u00eancia. O consumo adequado de acelga, portanto, est\u00e1 associado \u00e0 redu\u00e7\u00e3o do risco de fraturas e ao suporte na preven\u00e7\u00e3o da osteoporose. Al\u00e9m disso, a Vitamina K \u00e9 crucial para a coagula\u00e7\u00e3o sangu\u00ednea. De acordo com o estudo de Booth e colaboradores sobre a Vitamina K:<\/p>\n\n\n\n<blockquote class=\"wp-block-quote is-layout-flow wp-block-quote-is-layout-flow\">\n<p><em>&#8220;A Vitamina K \u00e9 um nutriente lipossol\u00favel essencial, encontrado em alta concentra\u00e7\u00e3o em vegetais folhosos como a acelga, sendo indispens\u00e1vel para a carboxila\u00e7\u00e3o da osteocalcina, que \u00e9 necess\u00e1ria para a mineraliza\u00e7\u00e3o \u00f3ssea, bem como para a regula\u00e7\u00e3o dos fatores de coagula\u00e7\u00e3o&#8221;<\/em> (BOOTH et al., 2017).<\/p>\n<\/blockquote>\n\n\n<div class=\"wp-block-image\">\n<figure class=\"aligncenter size-large\"><img decoding=\"async\" width=\"1024\" height=\"576\" src=\"https:\/\/www.correiobraziliense.com.br\/cbradar\/wp-content\/uploads\/2025\/11\/acelga_1763054085082-1024x576.jpg\" alt=\"\" class=\"wp-image-136810\" srcset=\"https:\/\/www.correiobraziliense.com.br\/cbradar\/wp-content\/uploads\/2025\/11\/acelga_1763054085082-1024x576.jpg 1024w, https:\/\/www.correiobraziliense.com.br\/cbradar\/wp-content\/uploads\/2025\/11\/acelga_1763054085082-300x169.jpg 300w, https:\/\/www.correiobraziliense.com.br\/cbradar\/wp-content\/uploads\/2025\/11\/acelga_1763054085082-768x432.jpg 768w, https:\/\/www.correiobraziliense.com.br\/cbradar\/wp-content\/uploads\/2025\/11\/acelga_1763054085082-750x422.jpg 750w, https:\/\/www.correiobraziliense.com.br\/cbradar\/wp-content\/uploads\/2025\/11\/acelga_1763054085082-1140x641.jpg 1140w, https:\/\/www.correiobraziliense.com.br\/cbradar\/wp-content\/uploads\/2025\/11\/acelga_1763054085082.jpg 1280w\" sizes=\"(max-width: 1024px) 100vw, 1024px\" \/><figcaption class=\"wp-element-caption\">Prepare o solo adicionando mat\u00e9ria org\u00e2nica ou compostagem para garantir nutri\u00e7\u00e3o &#8211; Cr\u00e9ditos: depositphotos.com \/ lola19<\/figcaption><\/figure><\/div>\n\n\n<p>Leia tamb\u00e9m: <a href=\"https:\/\/www.correiobraziliense.com.br\/cbradar\/a-forma-mais-simples-de-plantar-limao-em-casa-e-fazer-a-arvore-produzir-muito-mais\/\" target=\"_blank\" rel=\"noreferrer noopener\">A forma mais simples de plantar lim\u00e3o em casa e fazer a \u00e1rvore produzir muito mais<\/a><\/p>\n\n\n\n<h2 class=\"wp-block-heading\">Vitamina A para vis\u00e3o e imunidade<\/h2>\n\n\n\n<p>As folhas da <strong>acelga<\/strong> s\u00e3o ricas em <strong>carotenoides<\/strong>, que o organismo converte em <strong>Vitamina A<\/strong>. Este <strong>composto bioativo<\/strong> \u00e9 um <strong>benef\u00edcio terap\u00eautico<\/strong> crucial, pois a Vitamina A \u00e9 essencial para a <strong>vis\u00e3o<\/strong> (particularmente a vis\u00e3o noturna), para o crescimento celular e para o <strong>fortalecimento imunol\u00f3gico<\/strong>. Al\u00e9m disso, os carotenoides atuam como <strong>antioxidantes<\/strong>, protegendo as c\u00e9lulas do corpo, incluindo as da retina, contra o estresse oxidativo. A pesquisa de T. M. H. Van der Waal e colaboradores, publicada na <em>Nutrition Reviews<\/em>, refor\u00e7a essa dupla fun\u00e7\u00e3o:<\/p>\n\n\n\n<blockquote class=\"wp-block-quote is-layout-flow wp-block-quote-is-layout-flow\">\n<p><em>&#8220;O betacaroteno e outros carotenoides presentes em vegetais folhosos como a acelga, al\u00e9m de serem precursores da Vitamina A, atuam como antioxidantes que protegem as membranas celulares e s\u00e3o vitais para a sa\u00fade da vis\u00e3o e a manuten\u00e7\u00e3o da integridade da pele&#8221;<\/em> (VAN DER WAAL et al., 2019).<\/p>\n<\/blockquote>\n\n\n\n<h2 class=\"wp-block-heading\">Como plantar e colher folhas gigantes<\/h2>\n\n\n\n<p>Cultivar <strong>folhas gigantes<\/strong> de <strong>acelga<\/strong> \u00e9 poss\u00edvel com o manejo adequado do solo e da colheita. A acelga cresce em climas amenos e \u00e9 bastante produtiva. Para maximizar o tamanho das folhas e das hastes (pec\u00edolos):<\/p>\n\n\n\n<ol class=\"wp-block-list\">\n<li><strong>Solo Rico e F\u00e9rtil:<\/strong> Utilize solo com <strong>alto teor de mat\u00e9ria org\u00e2nica<\/strong> (compostagem) e mantenha-o <strong>\u00famido<\/strong> (n\u00e3o encharcado). O solo rico \u00e9 fundamental para o desenvolvimento de folhas grandes.<\/li>\n\n\n\n<li><strong>Espa\u00e7amento:<\/strong> Deixe um <strong>espa\u00e7o maior<\/strong> entre as plantas (cerca de 30 a 40 cm), garantindo que cada planta tenha acesso total \u00e0 luz e aos nutrientes para crescer em seu potencial m\u00e1ximo.<\/li>\n\n\n\n<li><strong>Colheita Seletiva:<\/strong> Colha as <strong>folhas externas e maduras<\/strong> primeiro, individualmente, cortando-as na base da haste. Essa t\u00e9cnica (colheita &#8220;corte-e-volte&#8221;) estimula a planta a continuar produzindo novas folhas grandes a partir do centro.<\/li>\n\n\n\n<li><strong>Luz e Temperatura:<\/strong> A acelga prospera sob <strong>sol pleno<\/strong> ou meia-sombra, mas tende a &#8220;espigar&#8221; (florescer) rapidamente no calor excessivo, o que reduz a qualidade das folhas.<\/li>\n<\/ol>\n\n\n\n<p>Quem cultiva em casa, vai curtir esse v\u00eddeo especialmente selecionado do canal <a href=\"https:\/\/www.youtube.com\/@PlanteeCozinhe\" target=\"_blank\" rel=\"noreferrer noopener\">Plante e Cozinhe<\/a> que conta com mais de 300 mil de inscritos, onde o jardineiro mostra como plantar acelga em casa:<\/p>\n\n\n\n<figure class=\"wp-block-embed is-type-video is-provider-youtube wp-block-embed-youtube wp-embed-aspect-16-9 wp-has-aspect-ratio\"><div class=\"wp-block-embed__wrapper\">\n<div class=\"jeg_video_container jeg_video_content\"><iframe loading=\"lazy\" title=\"PLANTIO E COLHEITA DE ACELGAS DIFERENTES E COLORIDAS NA HORTA DO PLANTE E COZINHE (Ep118)\" width=\"500\" height=\"281\" src=\"https:\/\/www.youtube.com\/embed\/uozgP7O-Eys?start=122&#038;feature=oembed\" frameborder=\"0\" allow=\"accelerometer; autoplay; clipboard-write; encrypted-media; gyroscope; picture-in-picture; web-share\" referrerpolicy=\"strict-origin-when-cross-origin\" allowfullscreen><\/iframe><\/div>\n<\/div><\/figure>\n\n\n\n<p>A colheita cont\u00ednua garante um suprimento constante desse <strong>recurso terap\u00eautico<\/strong>.<\/p>\n\n\n\n<h2 class=\"wp-block-heading\">Acelga um essencial para a longevidade celular<\/h2>\n\n\n\n<p>A <strong>acelga<\/strong> \u00e9 um <strong>alimento funcional<\/strong> com <strong>propriedades curativas<\/strong> profundas, destacando-se como uma das maiores fontes vegetais de <strong>Vitamina K<\/strong> e <strong>Vitamina A<\/strong>. Seus <strong>compostos bioativos<\/strong> oferecem um <strong>benef\u00edcio terap\u00eautico<\/strong> inestim\u00e1vel para a <strong>sa\u00fade \u00f3ssea<\/strong>, a <strong>coagula\u00e7\u00e3o<\/strong> e a <strong>vis\u00e3o<\/strong>, consolidando sua import\u00e2ncia na dieta moderna.<\/p>\n\n\n\n<ul class=\"wp-block-list\">\n<li>A acelga \u00e9 riqu\u00edssima em <strong>Vitamina K<\/strong>, vital para a <strong>sa\u00fade \u00f3ssea<\/strong> e a s\u00edntese da osteocalcina.<\/li>\n\n\n\n<li>Seus <strong>carotenoides<\/strong> s\u00e3o essenciais como precursores da <strong>Vitamina A<\/strong>, beneficiando a <strong>vis\u00e3o<\/strong> e a integridade celular.<\/li>\n\n\n\n<li>A t\u00e9cnica de <strong>colheita seletiva<\/strong> estimula a produ\u00e7\u00e3o cont\u00ednua de <strong>folhas gigantes<\/strong> e nutritivas.<\/li>\n<\/ul>\n\n\n\n<h2 class=\"wp-block-heading\">Refer\u00eancias bibliogr\u00e1ficas<\/h2>\n\n\n\n<ul class=\"wp-block-list\">\n<li>BOOTH, S. L. et al. Vitamin K and bone health. <em>Nutrition Reviews<\/em>, v. 75, n. 12, p. 1042-1051, 2017.<\/li>\n\n\n\n<li>VAN DER WAAL, T. M. H. et al. Carotenoid intake and its implications for visual and cardiovascular health: a review. <em>Nutrition Reviews<\/em>, v. 77, n. 1, p. 58-71, 2019.<\/li>\n<\/ul>\n","protected":false},"excerpt":{"rendered":"<p>A acelga (Beta vulgaris var. cicla), um vegetal folhoso robusto de hastes geralmente brancas ou coloridas, \u00e9 um superalimento com not\u00e1vel densidade nutricional. Suas propriedades medicinais s\u00e3o atribu\u00eddas \u00e0 sua riqueza em micronutrientes essenciais. A acelga \u00e9 uma fonte excepcional de Vitamina K e Vitamina A (na forma de carotenoides), compostos bioativos que conferem benef\u00edcios [&hellip;]<\/p>\n","protected":false},"author":9,"featured_media":148794,"comment_status":"open","ping_status":"open","sticky":false,"template":"","format":"standard","meta":{"_yoast_wpseo_focuskw":"plantar acelga","_yoast_wpseo_title":"","_yoast_wpseo_metadesc":"Fortale\u00e7a ossos, proteja a vis\u00e3o e colha folhas gigantes cultivando em casa um vegetal nutritivo que cresce f\u00e1cil e traz sa\u00fade todos os dias.","jnews-multi-image_gallery":[],"jnews_single_post":{"format":"standard"},"jnews_primary_category":[],"jnews_social_meta":[],"jnews_override_counter":[],"footnotes":""},"categories":[119,136],"post_tag":[2239,12175,5303],"class_list":["post-148432","post","type-post","status-publish","format-standard","has-post-thumbnail","hentry","category-bem-estar","category-jardinagem","tag-acelga","tag-como-plantar-acelga","tag-saude-ossea"],"yoast_head":"<!-- This site is optimized with the Yoast SEO plugin v24.6 - https:\/\/yoast.com\/wordpress\/plugins\/seo\/ -->\n<title>O vegetal nutritivo que ajuda na sa\u00fade dos ossos e d\u00e1 folhas gigantes ao plantar em casa - Correio Braziliense - Radar<\/title>\n<meta name=\"description\" content=\"Fortale\u00e7a ossos, proteja a vis\u00e3o e colha folhas gigantes cultivando em casa um vegetal nutritivo que cresce f\u00e1cil e traz sa\u00fade todos os dias.\" \/>\n<meta name=\"robots\" content=\"index, follow, max-snippet:-1, max-image-preview:large, max-video-preview:-1\" \/>\n<link rel=\"canonical\" href=\"https:\/\/www.correiobraziliense.com.br\/cbradar\/o-vegetal-nutritivo-que-ajuda-na-saude-dos-ossos-e-da-folhas-gigantes-ao-plantar-em-casa\/\" \/>\n<meta property=\"og:locale\" content=\"pt_BR\" \/>\n<meta property=\"og:type\" content=\"article\" \/>\n<meta property=\"og:title\" content=\"O vegetal nutritivo que ajuda na sa\u00fade dos ossos e d\u00e1 folhas gigantes ao plantar em casa - Correio Braziliense - Radar\" \/>\n<meta property=\"og:description\" content=\"Fortale\u00e7a ossos, proteja a vis\u00e3o e colha folhas gigantes cultivando em casa um vegetal nutritivo que cresce f\u00e1cil e traz sa\u00fade todos os dias.\" \/>\n<meta property=\"og:url\" content=\"https:\/\/www.correiobraziliense.com.br\/cbradar\/o-vegetal-nutritivo-que-ajuda-na-saude-dos-ossos-e-da-folhas-gigantes-ao-plantar-em-casa\/\" \/>\n<meta property=\"og:site_name\" content=\"Correio Braziliense - Radar\" \/>\n<meta property=\"article:published_time\" content=\"2025-12-03T15:55:00+00:00\" \/>\n<meta property=\"og:image\" content=\"https:\/\/www.correiobraziliense.com.br\/cbradar\/wp-content\/uploads\/2025\/12\/freepik__faa-uma-imagem-realista-de-uma-acelga-plantada-em-__28239.jpeg\" \/>\n\t<meta property=\"og:image:width\" content=\"1280\" \/>\n\t<meta property=\"og:image:height\" content=\"720\" \/>\n\t<meta property=\"og:image:type\" content=\"image\/jpeg\" \/>\n<meta name=\"author\" content=\"Daniely Cardoso\" \/>\n<meta name=\"twitter:card\" content=\"summary_large_image\" \/>\n<meta name=\"twitter:label1\" content=\"Escrito por\" \/>\n\t<meta name=\"twitter:data1\" content=\"Daniely Cardoso\" \/>\n\t<meta name=\"twitter:label2\" content=\"Est. tempo de leitura\" \/>\n\t<meta name=\"twitter:data2\" content=\"5 minutos\" \/>\n<!-- \/ Yoast SEO plugin. -->","yoast_head_json":{"title":"O vegetal nutritivo que ajuda na sa\u00fade dos ossos e d\u00e1 folhas gigantes ao plantar em casa - Correio Braziliense - Radar","description":"Fortale\u00e7a ossos, proteja a vis\u00e3o e colha folhas gigantes cultivando em casa um vegetal nutritivo que cresce f\u00e1cil e traz sa\u00fade todos os dias.","robots":{"index":"index","follow":"follow","max-snippet":"max-snippet:-1","max-image-preview":"max-image-preview:large","max-video-preview":"max-video-preview:-1"},"canonical":"https:\/\/www.correiobraziliense.com.br\/cbradar\/o-vegetal-nutritivo-que-ajuda-na-saude-dos-ossos-e-da-folhas-gigantes-ao-plantar-em-casa\/","og_locale":"pt_BR","og_type":"article","og_title":"O vegetal nutritivo que ajuda na sa\u00fade dos ossos e d\u00e1 folhas gigantes ao plantar em casa - Correio Braziliense - Radar","og_description":"Fortale\u00e7a ossos, proteja a vis\u00e3o e colha folhas gigantes cultivando em casa um vegetal nutritivo que cresce f\u00e1cil e traz sa\u00fade todos os dias.","og_url":"https:\/\/www.correiobraziliense.com.br\/cbradar\/o-vegetal-nutritivo-que-ajuda-na-saude-dos-ossos-e-da-folhas-gigantes-ao-plantar-em-casa\/","og_site_name":"Correio Braziliense - Radar","article_published_time":"2025-12-03T15:55:00+00:00","og_image":[{"width":1280,"height":720,"url":"https:\/\/www.correiobraziliense.com.br\/cbradar\/wp-content\/uploads\/2025\/12\/freepik__faa-uma-imagem-realista-de-uma-acelga-plantada-em-__28239.jpeg","type":"image\/jpeg"}],"author":"Daniely Cardoso","twitter_card":"summary_large_image","twitter_misc":{"Escrito por":"Daniely Cardoso","Est. tempo de leitura":"5 minutos"},"schema":{"@context":"https:\/\/schema.org","@graph":[{"@type":"WebPage","@id":"https:\/\/www.correiobraziliense.com.br\/cbradar\/o-vegetal-nutritivo-que-ajuda-na-saude-dos-ossos-e-da-folhas-gigantes-ao-plantar-em-casa\/","url":"https:\/\/www.correiobraziliense.com.br\/cbradar\/o-vegetal-nutritivo-que-ajuda-na-saude-dos-ossos-e-da-folhas-gigantes-ao-plantar-em-casa\/","name":"O vegetal nutritivo que ajuda na sa\u00fade dos ossos e d\u00e1 folhas gigantes ao plantar em casa - Correio Braziliense - Radar","isPartOf":{"@id":"https:\/\/www.correiobraziliense.com.br\/cbradar\/#website"},"primaryImageOfPage":{"@id":"https:\/\/www.correiobraziliense.com.br\/cbradar\/o-vegetal-nutritivo-que-ajuda-na-saude-dos-ossos-e-da-folhas-gigantes-ao-plantar-em-casa\/#primaryimage"},"image":{"@id":"https:\/\/www.correiobraziliense.com.br\/cbradar\/o-vegetal-nutritivo-que-ajuda-na-saude-dos-ossos-e-da-folhas-gigantes-ao-plantar-em-casa\/#primaryimage"},"thumbnailUrl":"https:\/\/www.correiobraziliense.com.br\/cbradar\/wp-content\/uploads\/2025\/12\/freepik__faa-uma-imagem-realista-de-uma-acelga-plantada-em-__28239.jpeg","datePublished":"2025-12-03T15:55:00+00:00","author":{"@id":"https:\/\/www.correiobraziliense.com.br\/cbradar\/#\/schema\/person\/7356666e12ec0ee53f348ee5db227032"},"description":"Fortale\u00e7a ossos, proteja a vis\u00e3o e colha folhas gigantes cultivando em casa um vegetal nutritivo que cresce f\u00e1cil e traz sa\u00fade todos os dias.","breadcrumb":{"@id":"https:\/\/www.correiobraziliense.com.br\/cbradar\/o-vegetal-nutritivo-que-ajuda-na-saude-dos-ossos-e-da-folhas-gigantes-ao-plantar-em-casa\/#breadcrumb"},"inLanguage":"pt-BR","potentialAction":[{"@type":"ReadAction","target":["https:\/\/www.correiobraziliense.com.br\/cbradar\/o-vegetal-nutritivo-que-ajuda-na-saude-dos-ossos-e-da-folhas-gigantes-ao-plantar-em-casa\/"]}]},{"@type":"ImageObject","inLanguage":"pt-BR","@id":"https:\/\/www.correiobraziliense.com.br\/cbradar\/o-vegetal-nutritivo-que-ajuda-na-saude-dos-ossos-e-da-folhas-gigantes-ao-plantar-em-casa\/#primaryimage","url":"https:\/\/www.correiobraziliense.com.br\/cbradar\/wp-content\/uploads\/2025\/12\/freepik__faa-uma-imagem-realista-de-uma-acelga-plantada-em-__28239.jpeg","contentUrl":"https:\/\/www.correiobraziliense.com.br\/cbradar\/wp-content\/uploads\/2025\/12\/freepik__faa-uma-imagem-realista-de-uma-acelga-plantada-em-__28239.jpeg","width":1280,"height":720,"caption":"Rica em vitamina K essencial para a coagula\u00e7\u00e3o sangu\u00ednea e sa\u00fade dos ossos"},{"@type":"BreadcrumbList","@id":"https:\/\/www.correiobraziliense.com.br\/cbradar\/o-vegetal-nutritivo-que-ajuda-na-saude-dos-ossos-e-da-folhas-gigantes-ao-plantar-em-casa\/#breadcrumb","itemListElement":[{"@type":"ListItem","position":1,"name":"In\u00edcio","item":"https:\/\/www.correiobraziliense.com.br\/cbradar\/"},{"@type":"ListItem","position":2,"name":"O vegetal nutritivo que ajuda na sa\u00fade dos ossos e d\u00e1 folhas gigantes ao plantar em casa"}]},{"@type":"WebSite","@id":"https:\/\/www.correiobraziliense.com.br\/cbradar\/#website","url":"https:\/\/www.correiobraziliense.com.br\/cbradar\/","name":"Correio Braziliense - Radar","description":"Acompanhe as \u00faltimas not\u00edcias e fique bem informado sobre tudo o que acontece no Brasil e no mundo.","potentialAction":[{"@type":"SearchAction","target":{"@type":"EntryPoint","urlTemplate":"https:\/\/www.correiobraziliense.com.br\/cbradar\/?s={search_term_string}"},"query-input":{"@type":"PropertyValueSpecification","valueRequired":true,"valueName":"search_term_string"}}],"inLanguage":"pt-BR"},{"@type":"Person","@id":"https:\/\/www.correiobraziliense.com.br\/cbradar\/#\/schema\/person\/7356666e12ec0ee53f348ee5db227032","name":"Daniely Cardoso","image":{"@type":"ImageObject","inLanguage":"pt-BR","@id":"https:\/\/www.correiobraziliense.com.br\/cbradar\/#\/schema\/person\/image\/","url":"https:\/\/secure.gravatar.com\/avatar\/4b80ddbd124d1f071b626d52d62e5dff?s=96&d=mm&r=g","contentUrl":"https:\/\/secure.gravatar.com\/avatar\/4b80ddbd124d1f071b626d52d62e5dff?s=96&d=mm&r=g","caption":"Daniely Cardoso"},"description":"Redatora nos portais CB Radar e EM Foco, formada pela Universidade Federal de Goi\u00e1s, em Goi\u00e2nia. Apaixonada por comunica\u00e7\u00e3o, arte, decora\u00e7\u00e3o e tend\u00eancias, atuo na produ\u00e7\u00e3o de conte\u00fados envolventes sobre curiosidades, moda, beleza e paisagismo, sempre com um olhar atento \u00e0s novidades do momento.","sameAs":["https:\/\/www.correiobraziliense.com.br\/cbradar"],"url":"https:\/\/www.correiobraziliense.com.br\/cbradar\/author\/danielymyth\/"}]}},"_links":{"self":[{"href":"https:\/\/www.correiobraziliense.com.br\/cbradar\/wp-json\/wp\/v2\/posts\/148432","targetHints":{"allow":["GET"]}}],"collection":[{"href":"https:\/\/www.correiobraziliense.com.br\/cbradar\/wp-json\/wp\/v2\/posts"}],"about":[{"href":"https:\/\/www.correiobraziliense.com.br\/cbradar\/wp-json\/wp\/v2\/types\/post"}],"author":[{"embeddable":true,"href":"https:\/\/www.correiobraziliense.com.br\/cbradar\/wp-json\/wp\/v2\/users\/9"}],"replies":[{"embeddable":true,"href":"https:\/\/www.correiobraziliense.com.br\/cbradar\/wp-json\/wp\/v2\/comments?post=148432"}],"version-history":[{"count":2,"href":"https:\/\/www.correiobraziliense.com.br\/cbradar\/wp-json\/wp\/v2\/posts\/148432\/revisions"}],"predecessor-version":[{"id":148441,"href":"https:\/\/www.correiobraziliense.com.br\/cbradar\/wp-json\/wp\/v2\/posts\/148432\/revisions\/148441"}],"wp:featuredmedia":[{"embeddable":true,"href":"https:\/\/www.correiobraziliense.com.br\/cbradar\/wp-json\/wp\/v2\/media\/148794"}],"wp:attachment":[{"href":"https:\/\/www.correiobraziliense.com.br\/cbradar\/wp-json\/wp\/v2\/media?parent=148432"}],"wp:term":[{"taxonomy":"category","embeddable":true,"href":"https:\/\/www.correiobraziliense.com.br\/cbradar\/wp-json\/wp\/v2\/categories?post=148432"},{"taxonomy":"post_tag","embeddable":true,"href":"https:\/\/www.correiobraziliense.com.br\/cbradar\/wp-json\/wp\/v2\/post_tag?post=148432"}],"curies":[{"name":"wp","href":"https:\/\/api.w.org\/{rel}","templated":true}]}}