{"id":14844,"date":"2025-03-23T20:10:00","date_gmt":"2025-03-23T23:10:00","guid":{"rendered":"https:\/\/www.correiobraziliense.com.br\/cbradar\/?p=14844"},"modified":"2025-03-22T16:53:57","modified_gmt":"2025-03-22T19:53:57","slug":"o-correio-nesta-cidade-e-feito-pela-tirolesa-entenda","status":"publish","type":"post","link":"https:\/\/www.correiobraziliense.com.br\/cbradar\/o-correio-nesta-cidade-e-feito-pela-tirolesa-entenda\/","title":{"rendered":"O correio nesta cidade \u00e9 feito pela tirolesa, entenda"},"content":{"rendered":"\n<p>No meio das paisagens montanhosas do <strong>Chile<\/strong>, h\u00e1 uma cidadezinha onde o <strong>correio n\u00e3o chega de caminh\u00e3o, bicicleta ou a p\u00e9<\/strong> \u2014 ele chega <strong>voando<\/strong>! Esse lugar \u00e9 <strong>Laja<\/strong>, uma cidade localizada na regi\u00e3o de <strong>Biob\u00edo<\/strong>, onde em determinadas \u00e1reas rurais e isoladas, o servi\u00e7o postal \u00e9 realizado por meio de uma <strong>tirolesa improvisada<\/strong> que cruza rios e terrenos acidentados.<\/p>\n\n\n\n<h2 class=\"wp-block-heading\">Por que o correio \u00e9 entregue por tirolesa em Laja?<\/h2>\n\n\n\n<p>Laja \u00e9 cercada por <strong>rios caudalosos, ravinas profundas e estradas de dif\u00edcil acesso<\/strong>, especialmente durante os per\u00edodos de chuva ou cheia. Algumas comunidades rurais, como <strong>Los Aromos<\/strong>, ficam isoladas por obst\u00e1culos naturais que tornam o transporte terrestre extremamente complicado \u2014 ou at\u00e9 imposs\u00edvel.<\/p>\n\n\n\n<p>Para resolver isso, os moradores e os carteiros locais realizam um sistema criativo:<\/p>\n\n\n\n<ul class=\"wp-block-list\">\n<li>Uma <strong>corda de a\u00e7o atravessa o rio<\/strong>, ligando dois pontos distantes.<\/li>\n\n\n\n<li><strong>Uma roldana e uma caixa met\u00e1lica suspensa<\/strong> deslizam pela corda \u2014 esse \u00e9 o &#8220;correio voador&#8221;.<\/li>\n\n\n\n<li>Os carteiros colocam <strong>cartas, rem\u00e9dios, pacotes e at\u00e9 alimentos<\/strong> dentro da caixa, que s\u00e3o puxados manualmente por moradores do outro lado.<\/li>\n<\/ul>\n\n\n\n<p>O sistema, al\u00e9m de funcional, tornou-se s\u00edmbolo de <strong>criatividade e resist\u00eancia das comunidades chilenas diante da adversidade<\/strong>.<\/p>\n\n\n\n<figure class=\"wp-block-image size-large\"><img decoding=\"async\" width=\"1024\" height=\"576\" src=\"https:\/\/www.correiobraziliense.com.br\/cbradar\/wp-content\/uploads\/2025\/03\/Chile_1742645339964-1024x576.jpg\" alt=\"O correio nesta cidade \u00e9 feito pela tirolesa, entenda\" class=\"wp-image-14846\" srcset=\"https:\/\/www.correiobraziliense.com.br\/cbradar\/wp-content\/uploads\/2025\/03\/Chile_1742645339964-1024x576.jpg 1024w, https:\/\/www.correiobraziliense.com.br\/cbradar\/wp-content\/uploads\/2025\/03\/Chile_1742645339964-300x169.jpg 300w, https:\/\/www.correiobraziliense.com.br\/cbradar\/wp-content\/uploads\/2025\/03\/Chile_1742645339964-768x432.jpg 768w, https:\/\/www.correiobraziliense.com.br\/cbradar\/wp-content\/uploads\/2025\/03\/Chile_1742645339964-750x422.jpg 750w, https:\/\/www.correiobraziliense.com.br\/cbradar\/wp-content\/uploads\/2025\/03\/Chile_1742645339964-1140x641.jpg 1140w, https:\/\/www.correiobraziliense.com.br\/cbradar\/wp-content\/uploads\/2025\/03\/Chile_1742645339964.jpg 1280w\" sizes=\"(max-width: 1024px) 100vw, 1024px\" \/><figcaption class=\"wp-element-caption\">Chile. Cr\u00e9ditos: depositphotos.com \/ tifonimages<\/figcaption><\/figure>\n\n\n\n<h2 class=\"wp-block-heading\">Como \u00e9 o dia a dia do &#8220;correio tirolesa&#8221;?<\/h2>\n\n\n\n<p>Apesar de parecer improvisado, o servi\u00e7o \u00e9 <strong>organizado e confi\u00e1vel<\/strong>. Os carteiros j\u00e1 conhecem os hor\u00e1rios e as rotinas das fam\u00edlias, e muitas vezes a tirolesa \u00e9 a <strong>\u00fanica liga\u00e7\u00e3o entre a cidade e o mundo exterior<\/strong> para quem mora nas \u00e1reas mais remotas.<\/p>\n\n\n\n<p>Al\u00e9m das cartas, o sistema tamb\u00e9m \u00e9 usado para:<\/p>\n\n\n\n<ul class=\"wp-block-list\">\n<li><strong>Enviar documentos oficiais<\/strong> e registros escolares.<\/li>\n\n\n\n<li><strong>Entregar medicamentos essenciais<\/strong> para idosos e pessoas com dificuldade de locomo\u00e7\u00e3o.<\/li>\n\n\n\n<li><strong>Receber pequenas mantimentos<\/strong>, especialmente durante emerg\u00eancias.<\/li>\n<\/ul>\n\n\n\n<h2 class=\"wp-block-heading\">Curiosidades sobre Laja e o &#8220;correio voador&#8221;<\/h2>\n\n\n\n<ul class=\"wp-block-list\">\n<li><strong>\u00c9 um dos \u00fanicos servi\u00e7os postais do mundo feitos por tirolesa ativa.<\/strong><\/li>\n\n\n\n<li><strong>O sistema foi criado pelos pr\u00f3prios moradores com apoio dos carteiros locais.<\/strong><\/li>\n\n\n\n<li><strong>Durante per\u00edodos de enchente, o correio tirolesa \u00e9 a \u00fanica forma de comunica\u00e7\u00e3o.<\/strong><\/li>\n\n\n\n<li><strong>O local virou atra\u00e7\u00e3o tur\u00edstica para quem visita \u00e0 regi\u00e3o.<\/strong><\/li>\n\n\n\n<li><strong>A criatividade do projeto j\u00e1 foi destaque na TV chilena e em document\u00e1rios internacionais.<\/strong><\/li>\n<\/ul>\n\n\n\n<p>Em Laja, o correio voa, literalmente \u2014 e mostra que, quando falta infraestrutura, <strong>a comunidade encontra solu\u00e7\u00f5es engenhosas para continuar conectada com o mundo<\/strong>.<\/p>\n","protected":false},"excerpt":{"rendered":"<p>Em uma cidade do Chile, o correio \u00e9 entregue por tirolesa sobre um rio. Descubra o criativo sistema de entrega que virou s\u00edmbolo local!<\/p>\n","protected":false},"author":3,"featured_media":14845,"comment_status":"open","ping_status":"open","sticky":false,"template":"","format":"standard","meta":{"_yoast_wpseo_focuskw":"cidade correio tirolesa","_yoast_wpseo_title":"%%title%%","_yoast_wpseo_metadesc":"Em uma cidade do Chile, o correio \u00e9 entregue por tirolesa sobre um rio. Descubra o criativo sistema de entrega que virou s\u00edmbolo local!","jnews-multi-image_gallery":[],"jnews_single_post":{"format":"standard"},"jnews_primary_category":[],"jnews_social_meta":[],"jnews_override_counter":[],"footnotes":""},"categories":[108],"tags":[109],"class_list":["post-14844","post","type-post","status-publish","format-standard","has-post-thumbnail","hentry","category-cidades","tag-cidades"],"yoast_head":"<!-- This site is optimized with the Yoast SEO plugin v24.6 - https:\/\/yoast.com\/wordpress\/plugins\/seo\/ -->\n<title>O correio nesta cidade \u00e9 feito pela tirolesa, entenda<\/title>\n<meta name=\"description\" content=\"Em uma cidade do Chile, o correio \u00e9 entregue por tirolesa sobre um rio. Descubra o criativo sistema de entrega que virou s\u00edmbolo local!\" \/>\n<meta name=\"robots\" content=\"index, follow, max-snippet:-1, max-image-preview:large, max-video-preview:-1\" \/>\n<link rel=\"canonical\" href=\"https:\/\/www.correiobraziliense.com.br\/cbradar\/o-correio-nesta-cidade-e-feito-pela-tirolesa-entenda\/\" \/>\n<meta property=\"og:locale\" content=\"pt_BR\" \/>\n<meta property=\"og:type\" content=\"article\" \/>\n<meta property=\"og:title\" content=\"O correio nesta cidade \u00e9 feito pela tirolesa, entenda\" \/>\n<meta property=\"og:description\" content=\"Em uma cidade do Chile, o correio \u00e9 entregue por tirolesa sobre um rio. Descubra o criativo sistema de entrega que virou s\u00edmbolo local!\" \/>\n<meta property=\"og:url\" content=\"https:\/\/www.correiobraziliense.com.br\/cbradar\/o-correio-nesta-cidade-e-feito-pela-tirolesa-entenda\/\" \/>\n<meta property=\"og:site_name\" content=\"Correio Braziliense - Radar\" \/>\n<meta property=\"article:published_time\" content=\"2025-03-23T23:10:00+00:00\" \/>\n<meta property=\"og:image\" content=\"https:\/\/www.correiobraziliense.com.br\/cbradar\/wp-content\/uploads\/2025\/03\/Chile_1742645316550.jpg\" \/>\n\t<meta property=\"og:image:width\" content=\"1280\" \/>\n\t<meta property=\"og:image:height\" content=\"720\" \/>\n\t<meta property=\"og:image:type\" content=\"image\/jpeg\" \/>\n<meta name=\"author\" content=\"Larissa Carvalho\" \/>\n<meta name=\"twitter:card\" content=\"summary_large_image\" \/>\n<meta name=\"twitter:label1\" content=\"Escrito por\" \/>\n\t<meta name=\"twitter:data1\" content=\"Larissa Carvalho\" \/>\n\t<meta name=\"twitter:label2\" content=\"Est. tempo de leitura\" \/>\n\t<meta name=\"twitter:data2\" content=\"3 minutos\" \/>\n<!-- \/ Yoast SEO plugin. -->","yoast_head_json":{"title":"O correio nesta cidade \u00e9 feito pela tirolesa, entenda","description":"Em uma cidade do Chile, o correio \u00e9 entregue por tirolesa sobre um rio. Descubra o criativo sistema de entrega que virou s\u00edmbolo local!","robots":{"index":"index","follow":"follow","max-snippet":"max-snippet:-1","max-image-preview":"max-image-preview:large","max-video-preview":"max-video-preview:-1"},"canonical":"https:\/\/www.correiobraziliense.com.br\/cbradar\/o-correio-nesta-cidade-e-feito-pela-tirolesa-entenda\/","og_locale":"pt_BR","og_type":"article","og_title":"O correio nesta cidade \u00e9 feito pela tirolesa, entenda","og_description":"Em uma cidade do Chile, o correio \u00e9 entregue por tirolesa sobre um rio. Descubra o criativo sistema de entrega que virou s\u00edmbolo local!","og_url":"https:\/\/www.correiobraziliense.com.br\/cbradar\/o-correio-nesta-cidade-e-feito-pela-tirolesa-entenda\/","og_site_name":"Correio Braziliense - Radar","article_published_time":"2025-03-23T23:10:00+00:00","og_image":[{"width":1280,"height":720,"url":"https:\/\/www.correiobraziliense.com.br\/cbradar\/wp-content\/uploads\/2025\/03\/Chile_1742645316550.jpg","type":"image\/jpeg"}],"author":"Larissa Carvalho","twitter_card":"summary_large_image","twitter_misc":{"Escrito por":"Larissa Carvalho","Est. tempo de leitura":"3 minutos"},"schema":{"@context":"https:\/\/schema.org","@graph":[{"@type":"WebPage","@id":"https:\/\/www.correiobraziliense.com.br\/cbradar\/o-correio-nesta-cidade-e-feito-pela-tirolesa-entenda\/","url":"https:\/\/www.correiobraziliense.com.br\/cbradar\/o-correio-nesta-cidade-e-feito-pela-tirolesa-entenda\/","name":"O correio nesta cidade \u00e9 feito pela tirolesa, entenda","isPartOf":{"@id":"https:\/\/www.correiobraziliense.com.br\/cbradar\/#website"},"primaryImageOfPage":{"@id":"https:\/\/www.correiobraziliense.com.br\/cbradar\/o-correio-nesta-cidade-e-feito-pela-tirolesa-entenda\/#primaryimage"},"image":{"@id":"https:\/\/www.correiobraziliense.com.br\/cbradar\/o-correio-nesta-cidade-e-feito-pela-tirolesa-entenda\/#primaryimage"},"thumbnailUrl":"https:\/\/www.correiobraziliense.com.br\/cbradar\/wp-content\/uploads\/2025\/03\/Chile_1742645316550.jpg","datePublished":"2025-03-23T23:10:00+00:00","author":{"@id":"https:\/\/www.correiobraziliense.com.br\/cbradar\/#\/schema\/person\/58422787644df994b53a19d3e56c1513"},"description":"Em uma cidade do Chile, o correio \u00e9 entregue por tirolesa sobre um rio. Descubra o criativo sistema de entrega que virou s\u00edmbolo local!","breadcrumb":{"@id":"https:\/\/www.correiobraziliense.com.br\/cbradar\/o-correio-nesta-cidade-e-feito-pela-tirolesa-entenda\/#breadcrumb"},"inLanguage":"pt-BR","potentialAction":[{"@type":"ReadAction","target":["https:\/\/www.correiobraziliense.com.br\/cbradar\/o-correio-nesta-cidade-e-feito-pela-tirolesa-entenda\/"]}]},{"@type":"ImageObject","inLanguage":"pt-BR","@id":"https:\/\/www.correiobraziliense.com.br\/cbradar\/o-correio-nesta-cidade-e-feito-pela-tirolesa-entenda\/#primaryimage","url":"https:\/\/www.correiobraziliense.com.br\/cbradar\/wp-content\/uploads\/2025\/03\/Chile_1742645316550.jpg","contentUrl":"https:\/\/www.correiobraziliense.com.br\/cbradar\/wp-content\/uploads\/2025\/03\/Chile_1742645316550.jpg","width":1280,"height":720,"caption":"Chile. Cr\u00e9ditos: depositphotos.com \/ ihervas"},{"@type":"BreadcrumbList","@id":"https:\/\/www.correiobraziliense.com.br\/cbradar\/o-correio-nesta-cidade-e-feito-pela-tirolesa-entenda\/#breadcrumb","itemListElement":[{"@type":"ListItem","position":1,"name":"In\u00edcio","item":"https:\/\/www.correiobraziliense.com.br\/cbradar\/"},{"@type":"ListItem","position":2,"name":"O correio nesta cidade \u00e9 feito pela tirolesa, entenda"}]},{"@type":"WebSite","@id":"https:\/\/www.correiobraziliense.com.br\/cbradar\/#website","url":"https:\/\/www.correiobraziliense.com.br\/cbradar\/","name":"Correio Braziliense - Radar","description":"Acompanhe as \u00faltimas not\u00edcias e fique bem informado sobre tudo o que acontece no Brasil e no mundo.","potentialAction":[{"@type":"SearchAction","target":{"@type":"EntryPoint","urlTemplate":"https:\/\/www.correiobraziliense.com.br\/cbradar\/?s={search_term_string}"},"query-input":{"@type":"PropertyValueSpecification","valueRequired":true,"valueName":"search_term_string"}}],"inLanguage":"pt-BR"},{"@type":"Person","@id":"https:\/\/www.correiobraziliense.com.br\/cbradar\/#\/schema\/person\/58422787644df994b53a19d3e56c1513","name":"Larissa Carvalho","image":{"@type":"ImageObject","inLanguage":"pt-BR","@id":"https:\/\/www.correiobraziliense.com.br\/cbradar\/#\/schema\/person\/image\/","url":"https:\/\/secure.gravatar.com\/avatar\/fe4f91a0de32b52a838d0d612abdc1aa?s=96&d=mm&r=g","contentUrl":"https:\/\/secure.gravatar.com\/avatar\/fe4f91a0de32b52a838d0d612abdc1aa?s=96&d=mm&r=g","caption":"Larissa Carvalho"},"url":"https:\/\/www.correiobraziliense.com.br\/cbradar\/author\/larissamyth\/"}]}},"_links":{"self":[{"href":"https:\/\/www.correiobraziliense.com.br\/cbradar\/wp-json\/wp\/v2\/posts\/14844","targetHints":{"allow":["GET"]}}],"collection":[{"href":"https:\/\/www.correiobraziliense.com.br\/cbradar\/wp-json\/wp\/v2\/posts"}],"about":[{"href":"https:\/\/www.correiobraziliense.com.br\/cbradar\/wp-json\/wp\/v2\/types\/post"}],"author":[{"embeddable":true,"href":"https:\/\/www.correiobraziliense.com.br\/cbradar\/wp-json\/wp\/v2\/users\/3"}],"replies":[{"embeddable":true,"href":"https:\/\/www.correiobraziliense.com.br\/cbradar\/wp-json\/wp\/v2\/comments?post=14844"}],"version-history":[{"count":1,"href":"https:\/\/www.correiobraziliense.com.br\/cbradar\/wp-json\/wp\/v2\/posts\/14844\/revisions"}],"predecessor-version":[{"id":14847,"href":"https:\/\/www.correiobraziliense.com.br\/cbradar\/wp-json\/wp\/v2\/posts\/14844\/revisions\/14847"}],"wp:featuredmedia":[{"embeddable":true,"href":"https:\/\/www.correiobraziliense.com.br\/cbradar\/wp-json\/wp\/v2\/media\/14845"}],"wp:attachment":[{"href":"https:\/\/www.correiobraziliense.com.br\/cbradar\/wp-json\/wp\/v2\/media?parent=14844"}],"wp:term":[{"taxonomy":"category","embeddable":true,"href":"https:\/\/www.correiobraziliense.com.br\/cbradar\/wp-json\/wp\/v2\/categories?post=14844"},{"taxonomy":"post_tag","embeddable":true,"href":"https:\/\/www.correiobraziliense.com.br\/cbradar\/wp-json\/wp\/v2\/tags?post=14844"}],"curies":[{"name":"wp","href":"https:\/\/api.w.org\/{rel}","templated":true}]}}