{"id":148590,"date":"2025-12-02T06:05:00","date_gmt":"2025-12-02T09:05:00","guid":{"rendered":"https:\/\/www.correiobraziliense.com.br\/cbradar\/?p=148590"},"modified":"2025-12-02T00:34:37","modified_gmt":"2025-12-02T03:34:37","slug":"como-montar-uma-dieta-saudavel-para-emagrecer","status":"publish","type":"post","link":"https:\/\/www.correiobraziliense.com.br\/cbradar\/como-montar-uma-dieta-saudavel-para-emagrecer\/","title":{"rendered":"Como montar uma dieta saud\u00e1vel para emagrecer"},"content":{"rendered":"\n<p>Adotar uma <strong>Dieta <\/strong>equilibrada \u00e9 um dos pilares fundamentais para quem deseja perder peso de forma saud\u00e1vel e eficaz. Para atingir esse objetivo, \u00e9 crucial ingerir menos calorias enquanto se prioriza o consumo de prote\u00ednas magras, gorduras saud\u00e1veis, frutas, vegetais frescos, e cereais integrais. Por outro lado, deve-se evitar alimentos processados, ricos em a\u00e7\u00facares e aditivos qu\u00edmicos, pois esses fatores podem dificultar o emagrecimento. A escolha consciente dos alimentos que comp\u00f5em a Dieta \u00e9 essencial para garantir os resultados esperados.<\/p>\n\n\n\n<p>Antes de definir os alimentos a serem consumidos, \u00e9 necess\u00e1rio saber a quantidade ideal de calorias di\u00e1rias. A partir dessa informa\u00e7\u00e3o, pode-se montar um plano alimentar com elementos que favore\u00e7am o emagrecimento <a href=\"https:\/\/www.correiobraziliense.com.br\/cbradar\/por-que-algumas-feridas-nunca-cicatrizam\/\" target=\"_blank\" rel=\"noreferrer noopener\">saud\u00e1vel<\/a>. As prote\u00ednas magras, como frango, peixe, tofu e queijos brancos s\u00e3o fundamentais, pois ajudam a controlar a fome devido \u00e0 digest\u00e3o mais lenta. Incorporar esses alimentos nas refei\u00e7\u00f5es di\u00e1rias auxilia na redu\u00e7\u00e3o do apetite e no controle do peso.<\/p>\n\n\n\n<h2 class=\"wp-block-heading\">Qual a import\u00e2ncia das gorduras saud\u00e1veis na Dieta?<\/h2>\n\n\n\n<p>As gorduras saud\u00e1veis desempenham um papel vital na acelera\u00e7\u00e3o do metabolismo e promo\u00e7\u00e3o da saciedade. Alimentos como azeite extra virgem, oleaginosas e sementes s\u00e3o ricos em gorduras boas. Apesar de saud\u00e1veis, \u00e9 importante consumi-las em por\u00e7\u00f5es controladas, pois s\u00e3o cal\u00f3ricas. Recomenda-se que formem cerca de 20% da ingest\u00e3o cal\u00f3rica di\u00e1ria total.<\/p>\n\n\n\n<h2 class=\"wp-block-heading\">Por que incluir frutas e vegetais frescos?<\/h2>\n\n\n\n<p>Frutas como morango, mam\u00e3o e pera t\u00eam baixa caloria e s\u00e3o ricas em \u00e1gua e fibras, que s\u00e3o essenciais para o controle da fome. Da mesma forma, vegetais como alface e couve-flor ajudam na digest\u00e3o e no controle do apetite, gra\u00e7as \u00e0s suas vitaminas e fibras. \u00c9 recomend\u00e1vel consumir frutas inteiras tr\u00eas vezes ao dia, e incluir vegetais nas refei\u00e7\u00f5es principais, alcan\u00e7ando at\u00e9 40% do valor cal\u00f3rico di\u00e1rio.<\/p>\n\n\n\n<figure class=\"wp-block-image aligncenter size-large\"><img decoding=\"async\" width=\"1024\" height=\"576\" src=\"https:\/\/www.correiobraziliense.com.br\/cbradar\/wp-content\/uploads\/2025\/05\/morango_1748265617805-1024x576.jpg\" alt=\"\" class=\"wp-image-43061\" srcset=\"https:\/\/www.correiobraziliense.com.br\/cbradar\/wp-content\/uploads\/2025\/05\/morango_1748265617805-1024x576.jpg 1024w, https:\/\/www.correiobraziliense.com.br\/cbradar\/wp-content\/uploads\/2025\/05\/morango_1748265617805-300x169.jpg 300w, https:\/\/www.correiobraziliense.com.br\/cbradar\/wp-content\/uploads\/2025\/05\/morango_1748265617805-768x432.jpg 768w, https:\/\/www.correiobraziliense.com.br\/cbradar\/wp-content\/uploads\/2025\/05\/morango_1748265617805-750x422.jpg 750w, https:\/\/www.correiobraziliense.com.br\/cbradar\/wp-content\/uploads\/2025\/05\/morango_1748265617805-1140x641.jpg 1140w, https:\/\/www.correiobraziliense.com.br\/cbradar\/wp-content\/uploads\/2025\/05\/morango_1748265617805.jpg 1280w\" sizes=\"(max-width: 1024px) 100vw, 1024px\" \/><figcaption class=\"wp-element-caption\">Morango &#8211; Cr\u00e9ditos: depositphotos.com \/ VadimVasenin\n\n<\/figcaption><\/figure>\n\n\n\n<h2 class=\"wp-block-heading\">Como os cereais integrais contribuem para o emagrecimento?<\/h2>\n\n\n\n<p>Cereais como arroz integral e p\u00e3o integral s\u00e3o ricos em fibras, que s\u00e3o cruciais na elimina\u00e7\u00e3o de gorduras e controle do apetite. Estes alimentos devem ser consumidos regularmente, por\u00e9m com modera\u00e7\u00e3o, dado que s\u00e3o fontes de carboidratos. Junto com frutas e vegetais, os cereais devem representar at\u00e9 40% do valor cal\u00f3rico total di\u00e1rio.<\/p>\n\n\n\n<h2 class=\"wp-block-heading\">Qual o papel dos alimentos termog\u00eanicos?<\/h2>\n\n\n\n<p>Os alimentos termog\u00eanicos, como canela e ch\u00e1 verde, cont\u00eam subst\u00e2ncias que aceleram o metabolismo, facilitando o emagrecimento. Podem ser incorporados em diversas formas nas refei\u00e7\u00f5es di\u00e1rias. \u00c9 importante, no entanto, que sua utiliza\u00e7\u00e3o seja equilibrada e acompanhada por profissionais de sa\u00fade quando necess\u00e1rio.<\/p>\n\n\n\n<h2 class=\"wp-block-heading\">Quais alimentos evitar em uma Dieta para emagrecer?<\/h2>\n\n\n\n<p>Para garantir um emagrecimento saud\u00e1vel, \u00e9 crucial evitar cereais refinados, a\u00e7\u00facares e carnes processadas. Esses alimentos, al\u00e9m de cal\u00f3ricos, favorecem o ac\u00famulo de gordura e dificultam o controle do peso. Latic\u00ednios ricos em gordura e alimentos com alto teor de sal tamb\u00e9m devem ser evitados, pois prejudicam o metabolismo e a sa\u00fade em geral.<\/p>\n\n\n\n<p>Al\u00e9m da escolha alimentar, o sucesso de uma Dieta depende de outros fatores, como a pr\u00e1tica regular de exerc\u00edcios f\u00edsicos, ingest\u00e3o adequada de \u00e1gua e boas noites de sono. A combina\u00e7\u00e3o dessas pr\u00e1ticas contribui para o equil\u00edbrio hormonal e para um metabolismo mais eficiente, beneficiando diretamente o processo de emagrecimento.<\/p>\n\n\n<a href=\"https:\/\/www.instagram.com\/dra.annaluisabf\/\" target=\"_blank\" rel=\"noopener\" style=\"text-decoration: none; color: inherit;\">\n    <span style=\"display: inline-block; border: 1px solid #ccc; border-radius: 10px; padding: 15px; max-width: 550px; font-family: sans-serif; box-shadow: 0 2px 5px rgba(0,0,0,0.1); width: 100%;\">\n\n      <!-- T\u00edtulo -->\n      <span style=\"display: block; margin: 0 0 15px 0; font-weight: bold; color: #2c3e50; text-align: center;\">\n        Entre em contato:\n      <\/span>\n\n      <!-- Linha do perfil -->\n      <span style=\"display: flex; align-items: center; gap: 15px;\">\n        <img decoding=\"async\"\n          src=\"https:\/\/www.correiobraziliense.com.br\/cbradar\/wp-content\/uploads\/2025\/08\/dra_anna_luisa.jpeg\"\n          alt=\"Foto da Dra. Anna Lu\u00edsa\"\n          style=\"border-radius: 50%; width: 80px; height: 80px; object-fit: cover;\"\n        \/>\n        <span style=\"display: flex; flex-direction: column;\">\n          <span style=\"font-size: 18px; font-weight: 700; color: #2c3e50;\">Dra. Anna Lu\u00edsa Barbosa Fernandes<\/span>\n          <span style=\"color: #555;\">CRM-GO 33.271<\/span>\n        <\/span>\n      <\/span>\n\n      <!-- Redes -->\n      <span style=\"display: flex; align-items: center; gap: 10px; margin-top: 12px;\">\n        <img decoding=\"async\" src=\"https:\/\/cdn-icons-png.flaticon.com\/24\/1384\/1384063.png\" alt=\"Instagram\" width=\"24\" height=\"24\" \/>\n        <span style=\"text-decoration: underline; color: #2c3e50;\">@dra.annaluisabf<\/span>\n      <\/span>\n\n    <\/span>\n  <\/a>","protected":false},"excerpt":{"rendered":"<p>Adotar uma Dieta equilibrada \u00e9 um dos pilares fundamentais para quem deseja perder peso de forma saud\u00e1vel e eficaz. Para atingir esse objetivo, \u00e9 crucial ingerir menos calorias enquanto se prioriza o consumo de prote\u00ednas magras, gorduras saud\u00e1veis, frutas, vegetais frescos, e cereais integrais. Por outro lado, deve-se evitar alimentos processados, ricos em a\u00e7\u00facares e [&hellip;]<\/p>\n","protected":false},"author":14,"featured_media":126839,"comment_status":"open","ping_status":"open","sticky":false,"template":"","format":"standard","meta":{"_yoast_wpseo_focuskw":"Dieta","_yoast_wpseo_title":"","_yoast_wpseo_metadesc":"Saiba como montar uma dieta equilibrada para emagrecer com sa\u00fade. Veja alimentos ideais, o que evitar e como alcan\u00e7ar seus objetivos.","jnews-multi-image_gallery":[],"jnews_single_post":{"format":"standard"},"jnews_primary_category":[],"jnews_social_meta":[],"jnews_override_counter":[],"footnotes":""},"categories":[4404],"tags":[281,120,1318],"class_list":["post-148590","post","type-post","status-publish","format-standard","has-post-thumbnail","hentry","category-saude","tag-alimentacao","tag-bem-estar","tag-saude-2"],"yoast_head":"<!-- This site is optimized with the Yoast SEO plugin v24.6 - https:\/\/yoast.com\/wordpress\/plugins\/seo\/ -->\n<title>Como montar uma dieta saud\u00e1vel para emagrecer - Correio Braziliense - Radar<\/title>\n<meta name=\"description\" content=\"Saiba como montar uma dieta equilibrada para emagrecer com sa\u00fade. Veja alimentos ideais, o que evitar e como alcan\u00e7ar seus objetivos.\" \/>\n<meta name=\"robots\" content=\"index, follow, max-snippet:-1, max-image-preview:large, max-video-preview:-1\" \/>\n<link rel=\"canonical\" href=\"https:\/\/www.correiobraziliense.com.br\/cbradar\/como-montar-uma-dieta-saudavel-para-emagrecer\/\" \/>\n<meta property=\"og:locale\" content=\"pt_BR\" \/>\n<meta property=\"og:type\" content=\"article\" \/>\n<meta property=\"og:title\" content=\"Como montar uma dieta saud\u00e1vel para emagrecer - Correio Braziliense - Radar\" \/>\n<meta property=\"og:description\" content=\"Saiba como montar uma dieta equilibrada para emagrecer com sa\u00fade. Veja alimentos ideais, o que evitar e como alcan\u00e7ar seus objetivos.\" \/>\n<meta property=\"og:url\" content=\"https:\/\/www.correiobraziliense.com.br\/cbradar\/como-montar-uma-dieta-saudavel-para-emagrecer\/\" \/>\n<meta property=\"og:site_name\" content=\"Correio Braziliense - Radar\" \/>\n<meta property=\"article:published_time\" content=\"2025-12-02T09:05:00+00:00\" \/>\n<meta property=\"og:image\" content=\"https:\/\/www.correiobraziliense.com.br\/cbradar\/wp-content\/uploads\/2025\/10\/emagrecimento-homem_1761590990736.jpg\" \/>\n\t<meta property=\"og:image:width\" content=\"1280\" \/>\n\t<meta property=\"og:image:height\" content=\"720\" \/>\n\t<meta property=\"og:image:type\" content=\"image\/jpeg\" \/>\n<meta name=\"author\" content=\"guilherme_saude\" \/>\n<meta name=\"twitter:card\" content=\"summary_large_image\" \/>\n<meta name=\"twitter:label1\" content=\"Escrito por\" \/>\n\t<meta name=\"twitter:data1\" content=\"guilherme_saude\" \/>\n\t<meta name=\"twitter:label2\" content=\"Est. tempo de leitura\" \/>\n\t<meta name=\"twitter:data2\" content=\"4 minutos\" \/>\n<!-- \/ Yoast SEO plugin. -->","yoast_head_json":{"title":"Como montar uma dieta saud\u00e1vel para emagrecer - Correio Braziliense - Radar","description":"Saiba como montar uma dieta equilibrada para emagrecer com sa\u00fade. Veja alimentos ideais, o que evitar e como alcan\u00e7ar seus objetivos.","robots":{"index":"index","follow":"follow","max-snippet":"max-snippet:-1","max-image-preview":"max-image-preview:large","max-video-preview":"max-video-preview:-1"},"canonical":"https:\/\/www.correiobraziliense.com.br\/cbradar\/como-montar-uma-dieta-saudavel-para-emagrecer\/","og_locale":"pt_BR","og_type":"article","og_title":"Como montar uma dieta saud\u00e1vel para emagrecer - Correio Braziliense - Radar","og_description":"Saiba como montar uma dieta equilibrada para emagrecer com sa\u00fade. Veja alimentos ideais, o que evitar e como alcan\u00e7ar seus objetivos.","og_url":"https:\/\/www.correiobraziliense.com.br\/cbradar\/como-montar-uma-dieta-saudavel-para-emagrecer\/","og_site_name":"Correio Braziliense - Radar","article_published_time":"2025-12-02T09:05:00+00:00","og_image":[{"width":1280,"height":720,"url":"https:\/\/www.correiobraziliense.com.br\/cbradar\/wp-content\/uploads\/2025\/10\/emagrecimento-homem_1761590990736.jpg","type":"image\/jpeg"}],"author":"guilherme_saude","twitter_card":"summary_large_image","twitter_misc":{"Escrito por":"guilherme_saude","Est. tempo de leitura":"4 minutos"},"schema":{"@context":"https:\/\/schema.org","@graph":[{"@type":"WebPage","@id":"https:\/\/www.correiobraziliense.com.br\/cbradar\/como-montar-uma-dieta-saudavel-para-emagrecer\/","url":"https:\/\/www.correiobraziliense.com.br\/cbradar\/como-montar-uma-dieta-saudavel-para-emagrecer\/","name":"Como montar uma dieta saud\u00e1vel para emagrecer - Correio Braziliense - Radar","isPartOf":{"@id":"https:\/\/www.correiobraziliense.com.br\/cbradar\/#website"},"primaryImageOfPage":{"@id":"https:\/\/www.correiobraziliense.com.br\/cbradar\/como-montar-uma-dieta-saudavel-para-emagrecer\/#primaryimage"},"image":{"@id":"https:\/\/www.correiobraziliense.com.br\/cbradar\/como-montar-uma-dieta-saudavel-para-emagrecer\/#primaryimage"},"thumbnailUrl":"https:\/\/www.correiobraziliense.com.br\/cbradar\/wp-content\/uploads\/2025\/10\/emagrecimento-homem_1761590990736.jpg","datePublished":"2025-12-02T09:05:00+00:00","author":{"@id":"https:\/\/www.correiobraziliense.com.br\/cbradar\/#\/schema\/person\/5aa4bf3c8fa699c267933611de12978b"},"description":"Saiba como montar uma dieta equilibrada para emagrecer com sa\u00fade. Veja alimentos ideais, o que evitar e como alcan\u00e7ar seus objetivos.","breadcrumb":{"@id":"https:\/\/www.correiobraziliense.com.br\/cbradar\/como-montar-uma-dieta-saudavel-para-emagrecer\/#breadcrumb"},"inLanguage":"pt-BR","potentialAction":[{"@type":"ReadAction","target":["https:\/\/www.correiobraziliense.com.br\/cbradar\/como-montar-uma-dieta-saudavel-para-emagrecer\/"]}]},{"@type":"ImageObject","inLanguage":"pt-BR","@id":"https:\/\/www.correiobraziliense.com.br\/cbradar\/como-montar-uma-dieta-saudavel-para-emagrecer\/#primaryimage","url":"https:\/\/www.correiobraziliense.com.br\/cbradar\/wp-content\/uploads\/2025\/10\/emagrecimento-homem_1761590990736.jpg","contentUrl":"https:\/\/www.correiobraziliense.com.br\/cbradar\/wp-content\/uploads\/2025\/10\/emagrecimento-homem_1761590990736.jpg","width":1280,"height":720,"caption":"Impacto do Emagrecimento na Fertilidade - Cr\u00e9ditos: depositphotos.com \/ DmitriyAnaniev"},{"@type":"BreadcrumbList","@id":"https:\/\/www.correiobraziliense.com.br\/cbradar\/como-montar-uma-dieta-saudavel-para-emagrecer\/#breadcrumb","itemListElement":[{"@type":"ListItem","position":1,"name":"In\u00edcio","item":"https:\/\/www.correiobraziliense.com.br\/cbradar\/"},{"@type":"ListItem","position":2,"name":"Como montar uma dieta saud\u00e1vel para emagrecer"}]},{"@type":"WebSite","@id":"https:\/\/www.correiobraziliense.com.br\/cbradar\/#website","url":"https:\/\/www.correiobraziliense.com.br\/cbradar\/","name":"Correio Braziliense - Radar","description":"Acompanhe as \u00faltimas not\u00edcias e fique bem informado sobre tudo o que acontece no Brasil e no mundo.","potentialAction":[{"@type":"SearchAction","target":{"@type":"EntryPoint","urlTemplate":"https:\/\/www.correiobraziliense.com.br\/cbradar\/?s={search_term_string}"},"query-input":{"@type":"PropertyValueSpecification","valueRequired":true,"valueName":"search_term_string"}}],"inLanguage":"pt-BR"},{"@type":"Person","@id":"https:\/\/www.correiobraziliense.com.br\/cbradar\/#\/schema\/person\/5aa4bf3c8fa699c267933611de12978b","name":"guilherme_saude","image":{"@type":"ImageObject","inLanguage":"pt-BR","@id":"https:\/\/www.correiobraziliense.com.br\/cbradar\/#\/schema\/person\/image\/","url":"https:\/\/secure.gravatar.com\/avatar\/df9adfb835d344bc0af109d41756253f?s=96&d=mm&r=g","contentUrl":"https:\/\/secure.gravatar.com\/avatar\/df9adfb835d344bc0af109d41756253f?s=96&d=mm&r=g","caption":"guilherme_saude"},"url":"https:\/\/www.correiobraziliense.com.br\/cbradar\/author\/guilherme_saude\/"}]}},"_links":{"self":[{"href":"https:\/\/www.correiobraziliense.com.br\/cbradar\/wp-json\/wp\/v2\/posts\/148590","targetHints":{"allow":["GET"]}}],"collection":[{"href":"https:\/\/www.correiobraziliense.com.br\/cbradar\/wp-json\/wp\/v2\/posts"}],"about":[{"href":"https:\/\/www.correiobraziliense.com.br\/cbradar\/wp-json\/wp\/v2\/types\/post"}],"author":[{"embeddable":true,"href":"https:\/\/www.correiobraziliense.com.br\/cbradar\/wp-json\/wp\/v2\/users\/14"}],"replies":[{"embeddable":true,"href":"https:\/\/www.correiobraziliense.com.br\/cbradar\/wp-json\/wp\/v2\/comments?post=148590"}],"version-history":[{"count":1,"href":"https:\/\/www.correiobraziliense.com.br\/cbradar\/wp-json\/wp\/v2\/posts\/148590\/revisions"}],"predecessor-version":[{"id":148595,"href":"https:\/\/www.correiobraziliense.com.br\/cbradar\/wp-json\/wp\/v2\/posts\/148590\/revisions\/148595"}],"wp:featuredmedia":[{"embeddable":true,"href":"https:\/\/www.correiobraziliense.com.br\/cbradar\/wp-json\/wp\/v2\/media\/126839"}],"wp:attachment":[{"href":"https:\/\/www.correiobraziliense.com.br\/cbradar\/wp-json\/wp\/v2\/media?parent=148590"}],"wp:term":[{"taxonomy":"category","embeddable":true,"href":"https:\/\/www.correiobraziliense.com.br\/cbradar\/wp-json\/wp\/v2\/categories?post=148590"},{"taxonomy":"post_tag","embeddable":true,"href":"https:\/\/www.correiobraziliense.com.br\/cbradar\/wp-json\/wp\/v2\/tags?post=148590"}],"curies":[{"name":"wp","href":"https:\/\/api.w.org\/{rel}","templated":true}]}}