{"id":148614,"date":"2025-12-02T12:05:00","date_gmt":"2025-12-02T15:05:00","guid":{"rendered":"https:\/\/www.correiobraziliense.com.br\/cbradar\/?p=148614"},"modified":"2025-12-02T00:45:22","modified_gmt":"2025-12-02T03:45:22","slug":"o-cha-que-ajuda-a-emagrecer-e-melhora-o-foco","status":"publish","type":"post","link":"https:\/\/www.correiobraziliense.com.br\/cbradar\/o-cha-que-ajuda-a-emagrecer-e-melhora-o-foco\/","title":{"rendered":"O ch\u00e1 que ajuda a emagrecer e melhora o foco"},"content":{"rendered":"\n<p>O <strong>Ch\u00e1 Matcha<\/strong>, origin\u00e1rio do Jap\u00e3o, \u00e9 uma bebida milenar preparada a partir das folhas jovens da planta Camellia sinensis. Essas folhas s\u00e3o cobertas do sol semanas antes da colheita, um processo que intensifica o seu teor de clorofila, resultando em um p\u00f3 verde vibrante. A prepara\u00e7\u00e3o tradicional do matcha envolve uma meticulosa moagem das folhas at\u00e9 que se transformem em um fino p\u00f3. Conhecido por seu sabor distinto e levemente amargo, o Ch\u00e1 Matcha \u00e9 tamb\u00e9m reverenciado por suas propriedades ben\u00e9ficas \u00e0 sa\u00fade.<\/p>\n\n\n\n<p>Al\u00e9m de ser um componente central em cerim\u00f4nias culturais, o matcha tem ganhado popularidade global por seus potenciais benef\u00edcios \u00e0 <a href=\"https:\/\/www.correiobraziliense.com.br\/cbradar\/por-que-algumas-feridas-nunca-cicatrizam\/\" target=\"_blank\" rel=\"noreferrer noopener\">sa\u00fade<\/a>. Os compostos bioativos encontrados no matcha, como a cafe\u00edna, a teanina e as catequinas, oferecem uma vasta gama de efeitos terap\u00eauticos. Gra\u00e7as a essas subst\u00e2ncias, o matcha pode ajudar a retardar o envelhecimento, auxiliar na perda de peso e estimular o humor. Visto essa vasta gama de benef\u00edcios, o matcha vem sendo comercializado de diversas formas, como em p\u00f3 ou em sach\u00eas, dispon\u00edveis em supermercados e lojas de produtos naturais.<\/p>\n\n\n\n<h2 class=\"wp-block-heading\">Quais s\u00e3o os principais benef\u00edcios do Ch\u00e1 Matcha para a sa\u00fade?<\/h2>\n\n\n\n<p>Um dos aspectos mais not\u00e1veis do Ch\u00e1 Matcha \u00e9 sua capacidade de\u00a0<strong>favorecer o emagrecimento<\/strong>. A presen\u00e7a de cafe\u00edna confere ao matcha uma a\u00e7\u00e3o termog\u00eanica que acelera o metabolismo, ajudando na queima de gordura corporal. Al\u00e9m disso, a cafe\u00edna tamb\u00e9m pode suprimir o apetite, promovendo uma maior saciedade. Contudo, \u00e9 importante lembrar que o matcha deve ser incorporado em uma rotina de alimenta\u00e7\u00e3o saud\u00e1vel e exerc\u00edcios f\u00edsicos regulares para maximizar seus efeitos.<\/p>\n\n\n\n<p>Outro benef\u00edcio relevante do Ch\u00e1 Matcha \u00e9 o\u00a0<strong>fortalecimento do sistema imunol\u00f3gico<\/strong>. Devido \u00e0 epigalocatequina, um potente antioxidante com propriedades anti-inflamat\u00f3rias, o matcha pode fortalecer as defesas do organismo, tornando-o mais resistente contra infec\u00e7\u00f5es causadas por bact\u00e9rias, v\u00edrus e fungos.<\/p>\n\n\n\n<h2 class=\"wp-block-heading\">Matcha e o bem-estar mental: como funciona?<\/h2>\n\n\n\n<p>O Ch\u00e1 Matcha n\u00e3o \u00e9 apenas ben\u00e9fico para o corpo, mas tamb\u00e9m para a mente. Rico em teanina, um amino\u00e1cido que promove relaxamento, o matcha \u00e9 capaz de melhorar o humor e reduzir o estresse. Combinado com a cafe\u00edna, ele estimula a produ\u00e7\u00e3o de serotonina, neurotransmissor respons\u00e1vel pela sensa\u00e7\u00e3o de bem-estar e felicidade. Essa dupla a\u00e7\u00e3o faz do matcha uma excelente escolha para aqueles que buscam aumentar sua energia mental e concentra\u00e7\u00e3o.<\/p>\n\n\n\n<p>Al\u00e9m disso, essas mesmas propriedades fazem do Ch\u00e1 Matcha um aliado na\u00a0<strong>melhoria da mem\u00f3ria e foco<\/strong>. Isso porque a combina\u00e7\u00e3o de teanina e cafe\u00edna n\u00e3o s\u00f3 reduz o cansa\u00e7o mental, como tamb\u00e9m apoia a mem\u00f3ria e a habilidade de manter-se atento.<\/p>\n\n\n\n<h2 class=\"wp-block-heading\">Como o Ch\u00e1 Matcha ajuda a manter a sa\u00fade do f\u00edgado?<\/h2>\n\n\n\n<p>Outra fun\u00e7\u00e3o essencial do Ch\u00e1 Matcha \u00e9 sua capacidade de proteger o f\u00edgado. Rico em antioxidantes, particularmente catequinas, o matcha contribui para a regula\u00e7\u00e3o das enzimas hep\u00e1ticas e auxilia na prote\u00e7\u00e3o das c\u00e9lulas do f\u00edgado contra os danos causados por radicais livres e toxinas. Estudos sugerem que o consumo regular de Ch\u00e1 Matcha pode oferecer suporte significativo \u00e0 sa\u00fade hep\u00e1tica, ajudando a prevenir doen\u00e7as relacionadas ao f\u00edgado.<\/p>\n\n\n<div class=\"wp-block-image\">\n<figure class=\"aligncenter size-large\"><img decoding=\"async\" width=\"1024\" height=\"576\" src=\"https:\/\/www.correiobraziliense.com.br\/cbradar\/wp-content\/uploads\/2025\/12\/Matcha_1764647609987-1024x576.jpg\" alt=\"\" class=\"wp-image-148617\" srcset=\"https:\/\/www.correiobraziliense.com.br\/cbradar\/wp-content\/uploads\/2025\/12\/Matcha_1764647609987-1024x576.jpg 1024w, https:\/\/www.correiobraziliense.com.br\/cbradar\/wp-content\/uploads\/2025\/12\/Matcha_1764647609987-300x169.jpg 300w, https:\/\/www.correiobraziliense.com.br\/cbradar\/wp-content\/uploads\/2025\/12\/Matcha_1764647609987-768x432.jpg 768w, https:\/\/www.correiobraziliense.com.br\/cbradar\/wp-content\/uploads\/2025\/12\/Matcha_1764647609987-750x422.jpg 750w, https:\/\/www.correiobraziliense.com.br\/cbradar\/wp-content\/uploads\/2025\/12\/Matcha_1764647609987-1140x641.jpg 1140w, https:\/\/www.correiobraziliense.com.br\/cbradar\/wp-content\/uploads\/2025\/12\/Matcha_1764647609987.jpg 1280w\" sizes=\"(max-width: 1024px) 100vw, 1024px\" \/><figcaption class=\"wp-element-caption\">Matcha &#8211; Cr\u00e9ditos: depositphotos.com \/ AntonMatyukha<\/figcaption><\/figure><\/div>\n\n\n<p>Al\u00e9m dos benef\u00edcios mencionados, o consumo de matcha em excesso deve ser evitado, pois pode causar efeitos colaterais como dor de cabe\u00e7a, ins\u00f4nia ou mesmo rea\u00e7\u00f5es negativas no f\u00edgado em indiv\u00edduos mais sens\u00edveis.<\/p>\n\n\n\n<h2 class=\"wp-block-heading\">Quais as precau\u00e7\u00f5es e recomenda\u00e7\u00f5es para o consumo de Ch\u00e1 Matcha?<\/h2>\n\n\n\n<p>Para desfrutar dos benef\u00edcios do Ch\u00e1 Matcha de maneira segura, \u00e9 recomendado consumir entre 2 a 3 x\u00edcaras por dia. No entanto, ele n\u00e3o \u00e9 indicado para crian\u00e7as, gr\u00e1vidas, lactantes ou pessoas com condi\u00e7\u00f5es m\u00e9dicas espec\u00edficas, como ansiedade ou press\u00e3o alta. Aqueles que tomam medicamentos regularmente devem sempre consultar um m\u00e9dico antes de incorporar o matcha em suas dietas di\u00e1rias.<\/p>\n\n\n\n<p>Por fim, al\u00e9m de seu relevante uso como bebida, o matcha se adapta perfeitamente a receitas culin\u00e1rias, podendo ser utilizado em sobremesas, p\u00e3es e sucos. Sua versatilidade o torna uma adi\u00e7\u00e3o saborosa e saud\u00e1vel na cozinha contempor\u00e2nea, permitindo que cada pessoa ajuste seu consumo de acordo com suas prefer\u00eancias e necessidades individuais.<\/p>\n\n\n<a href=\"https:\/\/www.instagram.com\/dra.annaluisabf\/\" target=\"_blank\" rel=\"noopener\" style=\"text-decoration: none; color: inherit;\">\n    <span style=\"display: inline-block; border: 1px solid #ccc; border-radius: 10px; padding: 15px; max-width: 550px; font-family: sans-serif; box-shadow: 0 2px 5px rgba(0,0,0,0.1); width: 100%;\">\n\n      <!-- T\u00edtulo -->\n      <span style=\"display: block; margin: 0 0 15px 0; font-weight: bold; color: #2c3e50; text-align: center;\">\n        Entre em contato:\n      <\/span>\n\n      <!-- Linha do perfil -->\n      <span style=\"display: flex; align-items: center; gap: 15px;\">\n        <img decoding=\"async\"\n          src=\"https:\/\/www.correiobraziliense.com.br\/cbradar\/wp-content\/uploads\/2025\/08\/dra_anna_luisa.jpeg\"\n          alt=\"Foto da Dra. Anna Lu\u00edsa\"\n          style=\"border-radius: 50%; width: 80px; height: 80px; object-fit: cover;\"\n        \/>\n        <span style=\"display: flex; flex-direction: column;\">\n          <span style=\"font-size: 18px; font-weight: 700; color: #2c3e50;\">Dra. Anna Lu\u00edsa Barbosa Fernandes<\/span>\n          <span style=\"color: #555;\">CRM-GO 33.271<\/span>\n        <\/span>\n      <\/span>\n\n      <!-- Redes -->\n      <span style=\"display: flex; align-items: center; gap: 10px; margin-top: 12px;\">\n        <img decoding=\"async\" src=\"https:\/\/cdn-icons-png.flaticon.com\/24\/1384\/1384063.png\" alt=\"Instagram\" width=\"24\" height=\"24\" \/>\n        <span style=\"text-decoration: underline; color: #2c3e50;\">@dra.annaluisabf<\/span>\n      <\/span>\n\n    <\/span>\n  <\/a>","protected":false},"excerpt":{"rendered":"<p>O Ch\u00e1 Matcha, origin\u00e1rio do Jap\u00e3o, \u00e9 uma bebida milenar preparada a partir das folhas jovens da planta Camellia sinensis. Essas folhas s\u00e3o cobertas do sol semanas antes da colheita, um processo que intensifica o seu teor de clorofila, resultando em um p\u00f3 verde vibrante. A prepara\u00e7\u00e3o tradicional do matcha envolve uma meticulosa moagem das [&hellip;]<\/p>\n","protected":false},"author":14,"featured_media":52646,"comment_status":"open","ping_status":"open","sticky":false,"template":"","format":"standard","meta":{"_yoast_wpseo_focuskw":"Ch\u00e1 Matcha","_yoast_wpseo_title":"","_yoast_wpseo_metadesc":"Rico em antioxidantes, o ch\u00e1 matcha ajuda a emagrecer, melhora o foco e fortalece a imunidade. Saiba como consumir com seguran\u00e7a.","jnews-multi-image_gallery":[],"jnews_single_post":{"format":"standard"},"jnews_primary_category":[],"jnews_social_meta":[],"jnews_override_counter":[],"footnotes":""},"categories":[4404],"tags":[281,120,1318],"class_list":["post-148614","post","type-post","status-publish","format-standard","has-post-thumbnail","hentry","category-saude","tag-alimentacao","tag-bem-estar","tag-saude-2"],"yoast_head":"<!-- This site is optimized with the Yoast SEO plugin v24.6 - https:\/\/yoast.com\/wordpress\/plugins\/seo\/ -->\n<title>O ch\u00e1 que ajuda a emagrecer e melhora o foco - Correio Braziliense - Radar<\/title>\n<meta name=\"description\" content=\"Rico em antioxidantes, o ch\u00e1 matcha ajuda a emagrecer, melhora o foco e fortalece a imunidade. Saiba como consumir com seguran\u00e7a.\" \/>\n<meta name=\"robots\" content=\"index, follow, max-snippet:-1, max-image-preview:large, max-video-preview:-1\" \/>\n<link rel=\"canonical\" href=\"https:\/\/www.correiobraziliense.com.br\/cbradar\/o-cha-que-ajuda-a-emagrecer-e-melhora-o-foco\/\" \/>\n<meta property=\"og:locale\" content=\"pt_BR\" \/>\n<meta property=\"og:type\" content=\"article\" \/>\n<meta property=\"og:title\" content=\"O ch\u00e1 que ajuda a emagrecer e melhora o foco - Correio Braziliense - Radar\" \/>\n<meta property=\"og:description\" content=\"Rico em antioxidantes, o ch\u00e1 matcha ajuda a emagrecer, melhora o foco e fortalece a imunidade. Saiba como consumir com seguran\u00e7a.\" \/>\n<meta property=\"og:url\" content=\"https:\/\/www.correiobraziliense.com.br\/cbradar\/o-cha-que-ajuda-a-emagrecer-e-melhora-o-foco\/\" \/>\n<meta property=\"og:site_name\" content=\"Correio Braziliense - Radar\" \/>\n<meta property=\"article:published_time\" content=\"2025-12-02T15:05:00+00:00\" \/>\n<meta property=\"og:image\" content=\"https:\/\/www.correiobraziliense.com.br\/cbradar\/wp-content\/uploads\/2025\/06\/cha-verde_1749824174989.jpg\" \/>\n\t<meta property=\"og:image:width\" content=\"1280\" \/>\n\t<meta property=\"og:image:height\" content=\"720\" \/>\n\t<meta property=\"og:image:type\" content=\"image\/jpeg\" \/>\n<meta name=\"author\" content=\"guilherme_saude\" \/>\n<meta name=\"twitter:card\" content=\"summary_large_image\" \/>\n<meta name=\"twitter:label1\" content=\"Escrito por\" \/>\n\t<meta name=\"twitter:data1\" content=\"guilherme_saude\" \/>\n\t<meta name=\"twitter:label2\" content=\"Est. tempo de leitura\" \/>\n\t<meta name=\"twitter:data2\" content=\"5 minutos\" \/>\n<!-- \/ Yoast SEO plugin. -->","yoast_head_json":{"title":"O ch\u00e1 que ajuda a emagrecer e melhora o foco - Correio Braziliense - Radar","description":"Rico em antioxidantes, o ch\u00e1 matcha ajuda a emagrecer, melhora o foco e fortalece a imunidade. Saiba como consumir com seguran\u00e7a.","robots":{"index":"index","follow":"follow","max-snippet":"max-snippet:-1","max-image-preview":"max-image-preview:large","max-video-preview":"max-video-preview:-1"},"canonical":"https:\/\/www.correiobraziliense.com.br\/cbradar\/o-cha-que-ajuda-a-emagrecer-e-melhora-o-foco\/","og_locale":"pt_BR","og_type":"article","og_title":"O ch\u00e1 que ajuda a emagrecer e melhora o foco - Correio Braziliense - Radar","og_description":"Rico em antioxidantes, o ch\u00e1 matcha ajuda a emagrecer, melhora o foco e fortalece a imunidade. Saiba como consumir com seguran\u00e7a.","og_url":"https:\/\/www.correiobraziliense.com.br\/cbradar\/o-cha-que-ajuda-a-emagrecer-e-melhora-o-foco\/","og_site_name":"Correio Braziliense - Radar","article_published_time":"2025-12-02T15:05:00+00:00","og_image":[{"width":1280,"height":720,"url":"https:\/\/www.correiobraziliense.com.br\/cbradar\/wp-content\/uploads\/2025\/06\/cha-verde_1749824174989.jpg","type":"image\/jpeg"}],"author":"guilherme_saude","twitter_card":"summary_large_image","twitter_misc":{"Escrito por":"guilherme_saude","Est. tempo de leitura":"5 minutos"},"schema":{"@context":"https:\/\/schema.org","@graph":[{"@type":"WebPage","@id":"https:\/\/www.correiobraziliense.com.br\/cbradar\/o-cha-que-ajuda-a-emagrecer-e-melhora-o-foco\/","url":"https:\/\/www.correiobraziliense.com.br\/cbradar\/o-cha-que-ajuda-a-emagrecer-e-melhora-o-foco\/","name":"O ch\u00e1 que ajuda a emagrecer e melhora o foco - Correio Braziliense - Radar","isPartOf":{"@id":"https:\/\/www.correiobraziliense.com.br\/cbradar\/#website"},"primaryImageOfPage":{"@id":"https:\/\/www.correiobraziliense.com.br\/cbradar\/o-cha-que-ajuda-a-emagrecer-e-melhora-o-foco\/#primaryimage"},"image":{"@id":"https:\/\/www.correiobraziliense.com.br\/cbradar\/o-cha-que-ajuda-a-emagrecer-e-melhora-o-foco\/#primaryimage"},"thumbnailUrl":"https:\/\/www.correiobraziliense.com.br\/cbradar\/wp-content\/uploads\/2025\/06\/cha-verde_1749824174989.jpg","datePublished":"2025-12-02T15:05:00+00:00","author":{"@id":"https:\/\/www.correiobraziliense.com.br\/cbradar\/#\/schema\/person\/5aa4bf3c8fa699c267933611de12978b"},"description":"Rico em antioxidantes, o ch\u00e1 matcha ajuda a emagrecer, melhora o foco e fortalece a imunidade. Saiba como consumir com seguran\u00e7a.","breadcrumb":{"@id":"https:\/\/www.correiobraziliense.com.br\/cbradar\/o-cha-que-ajuda-a-emagrecer-e-melhora-o-foco\/#breadcrumb"},"inLanguage":"pt-BR","potentialAction":[{"@type":"ReadAction","target":["https:\/\/www.correiobraziliense.com.br\/cbradar\/o-cha-que-ajuda-a-emagrecer-e-melhora-o-foco\/"]}]},{"@type":"ImageObject","inLanguage":"pt-BR","@id":"https:\/\/www.correiobraziliense.com.br\/cbradar\/o-cha-que-ajuda-a-emagrecer-e-melhora-o-foco\/#primaryimage","url":"https:\/\/www.correiobraziliense.com.br\/cbradar\/wp-content\/uploads\/2025\/06\/cha-verde_1749824174989.jpg","contentUrl":"https:\/\/www.correiobraziliense.com.br\/cbradar\/wp-content\/uploads\/2025\/06\/cha-verde_1749824174989.jpg","width":1280,"height":720,"caption":"Ch\u00e1 Verde - Cr\u00e9ditos: depositphotos.com \/ AntonMatyukha"},{"@type":"BreadcrumbList","@id":"https:\/\/www.correiobraziliense.com.br\/cbradar\/o-cha-que-ajuda-a-emagrecer-e-melhora-o-foco\/#breadcrumb","itemListElement":[{"@type":"ListItem","position":1,"name":"In\u00edcio","item":"https:\/\/www.correiobraziliense.com.br\/cbradar\/"},{"@type":"ListItem","position":2,"name":"O ch\u00e1 que ajuda a emagrecer e melhora o foco"}]},{"@type":"WebSite","@id":"https:\/\/www.correiobraziliense.com.br\/cbradar\/#website","url":"https:\/\/www.correiobraziliense.com.br\/cbradar\/","name":"Correio Braziliense - Radar","description":"Acompanhe as \u00faltimas not\u00edcias e fique bem informado sobre tudo o que acontece no Brasil e no mundo.","potentialAction":[{"@type":"SearchAction","target":{"@type":"EntryPoint","urlTemplate":"https:\/\/www.correiobraziliense.com.br\/cbradar\/?s={search_term_string}"},"query-input":{"@type":"PropertyValueSpecification","valueRequired":true,"valueName":"search_term_string"}}],"inLanguage":"pt-BR"},{"@type":"Person","@id":"https:\/\/www.correiobraziliense.com.br\/cbradar\/#\/schema\/person\/5aa4bf3c8fa699c267933611de12978b","name":"guilherme_saude","image":{"@type":"ImageObject","inLanguage":"pt-BR","@id":"https:\/\/www.correiobraziliense.com.br\/cbradar\/#\/schema\/person\/image\/","url":"https:\/\/secure.gravatar.com\/avatar\/df9adfb835d344bc0af109d41756253f?s=96&d=mm&r=g","contentUrl":"https:\/\/secure.gravatar.com\/avatar\/df9adfb835d344bc0af109d41756253f?s=96&d=mm&r=g","caption":"guilherme_saude"},"url":"https:\/\/www.correiobraziliense.com.br\/cbradar\/author\/guilherme_saude\/"}]}},"_links":{"self":[{"href":"https:\/\/www.correiobraziliense.com.br\/cbradar\/wp-json\/wp\/v2\/posts\/148614","targetHints":{"allow":["GET"]}}],"collection":[{"href":"https:\/\/www.correiobraziliense.com.br\/cbradar\/wp-json\/wp\/v2\/posts"}],"about":[{"href":"https:\/\/www.correiobraziliense.com.br\/cbradar\/wp-json\/wp\/v2\/types\/post"}],"author":[{"embeddable":true,"href":"https:\/\/www.correiobraziliense.com.br\/cbradar\/wp-json\/wp\/v2\/users\/14"}],"replies":[{"embeddable":true,"href":"https:\/\/www.correiobraziliense.com.br\/cbradar\/wp-json\/wp\/v2\/comments?post=148614"}],"version-history":[{"count":1,"href":"https:\/\/www.correiobraziliense.com.br\/cbradar\/wp-json\/wp\/v2\/posts\/148614\/revisions"}],"predecessor-version":[{"id":148618,"href":"https:\/\/www.correiobraziliense.com.br\/cbradar\/wp-json\/wp\/v2\/posts\/148614\/revisions\/148618"}],"wp:featuredmedia":[{"embeddable":true,"href":"https:\/\/www.correiobraziliense.com.br\/cbradar\/wp-json\/wp\/v2\/media\/52646"}],"wp:attachment":[{"href":"https:\/\/www.correiobraziliense.com.br\/cbradar\/wp-json\/wp\/v2\/media?parent=148614"}],"wp:term":[{"taxonomy":"category","embeddable":true,"href":"https:\/\/www.correiobraziliense.com.br\/cbradar\/wp-json\/wp\/v2\/categories?post=148614"},{"taxonomy":"post_tag","embeddable":true,"href":"https:\/\/www.correiobraziliense.com.br\/cbradar\/wp-json\/wp\/v2\/tags?post=148614"}],"curies":[{"name":"wp","href":"https:\/\/api.w.org\/{rel}","templated":true}]}}