{"id":148620,"date":"2025-12-02T13:15:00","date_gmt":"2025-12-02T16:15:00","guid":{"rendered":"https:\/\/www.correiobraziliense.com.br\/cbradar\/?p=148620"},"modified":"2025-12-02T00:47:57","modified_gmt":"2025-12-02T03:47:57","slug":"como-identificar-os-sinais-do-diabetes-e-se-prevenir","status":"publish","type":"post","link":"https:\/\/www.correiobraziliense.com.br\/cbradar\/como-identificar-os-sinais-do-diabetes-e-se-prevenir\/","title":{"rendered":"Como identificar os sinais do diabetes e se prevenir"},"content":{"rendered":"\n<p>O <strong>Diabetes <\/strong>\u00e9 uma condi\u00e7\u00e3o cr\u00f4nica que afeta a capacidade do organismo de regular e utilizar a glicose adequadamente, resultando em altos n\u00edveis de a\u00e7\u00facar no sangue. Os sintomas podem variar de acordo com o tipo de Diabetes, mas geralmente incluem cansa\u00e7o frequente, fome intensa, perda de peso sem motivo aparente e sede excessiva. Assim que esses sinais surgem, \u00e9 importante procurar um m\u00e9dico para avalia\u00e7\u00e3o e diagn\u00f3stico preciso.<\/p>\n\n\n\n<p>A diabetes tipo 2 costuma estar associada \u00e0 resist\u00eancia \u00e0 insulina, uma condi\u00e7\u00e3o em que o horm\u00f4nio n\u00e3o consegue facilitar a entrada da glicose nas c\u00e9lulas. Isso resulta em n\u00edveis elevados de a\u00e7\u00facar circulante no sangue. Sintomas comuns desse tipo de Diabetes incluem sede constante, cansa\u00e7o extremo, boca seca e aumento do apetite. A Diabetes tipo 2 \u00e9 mais frequente em pessoas com sobrepeso e uma dieta rica em a\u00e7\u00facares e gorduras.<\/p>\n\n\n\n<h2 class=\"wp-block-heading\">Quais s\u00e3o os sintomas da Diabetes tipo 1?<\/h2>\n\n\n\n<p>A Diabetes tipo 1, por sua vez, \u00e9 caracterizada pela incapacidade do p\u00e2ncreas de produzir insulina, essencial para o aproveitamento da glicose pelo organismo. Este tipo \u00e9 geralmente diagnosticado na inf\u00e2ncia ou in\u00edcio da vida adulta. Entre os sintomas est\u00e3o vontade frequente de urinar, perda de peso inexplicada, fome excessiva e em alguns casos, v\u00f4mitos e tontura.<\/p>\n\n\n\n<figure class=\"wp-block-image aligncenter size-large\"><img decoding=\"async\" width=\"1024\" height=\"576\" src=\"https:\/\/www.correiobraziliense.com.br\/cbradar\/wp-content\/uploads\/2025\/05\/diabetes_1747424927487-1024x576.jpg\" alt=\"\" class=\"wp-image-38283\" srcset=\"https:\/\/www.correiobraziliense.com.br\/cbradar\/wp-content\/uploads\/2025\/05\/diabetes_1747424927487-1024x576.jpg 1024w, https:\/\/www.correiobraziliense.com.br\/cbradar\/wp-content\/uploads\/2025\/05\/diabetes_1747424927487-300x169.jpg 300w, https:\/\/www.correiobraziliense.com.br\/cbradar\/wp-content\/uploads\/2025\/05\/diabetes_1747424927487-768x432.jpg 768w, https:\/\/www.correiobraziliense.com.br\/cbradar\/wp-content\/uploads\/2025\/05\/diabetes_1747424927487-750x422.jpg 750w, https:\/\/www.correiobraziliense.com.br\/cbradar\/wp-content\/uploads\/2025\/05\/diabetes_1747424927487-1140x641.jpg 1140w, https:\/\/www.correiobraziliense.com.br\/cbradar\/wp-content\/uploads\/2025\/05\/diabetes_1747424927487.jpg 1280w\" sizes=\"(max-width: 1024px) 100vw, 1024px\" \/><figcaption class=\"wp-element-caption\">Diabetes  &#8211; Cr\u00e9ditos: depositphotos.com \/ EdZbarzhyvetsky\n<\/figcaption><\/figure>\n\n\n\n<h2 class=\"wp-block-heading\">Como \u00e9 realizado o diagn\u00f3stico de Diabetes?<\/h2>\n\n\n\n<p>O diagn\u00f3stico do Diabetes \u00e9 feito atrav\u00e9s de exames de sangue que medem o n\u00edvel de glicose. Entre os testes comuns est\u00e3o o exame de glicose em jejum, que \u00e9 considerado normal at\u00e9 99 mg\/dL, e o teste oral de toler\u00e2ncia \u00e0 glicose, que deve apresentar n\u00edveis normais de at\u00e9 140 mg\/dL duas horas ap\u00f3s ingest\u00e3o de glicose. Outro exame importante \u00e9 o de hemoglobina glicada, que fornece uma vis\u00e3o dos n\u00edveis m\u00e9dios de glicose ao longo dos \u00faltimos meses.<\/p>\n\n\n\n<h2 class=\"wp-block-heading\">Como prevenir a Diabetes tipo 2?<\/h2>\n\n\n\n<p>A preven\u00e7\u00e3o do Diabetes tipo 2 envolve mudan\u00e7as no estilo de vida que incluem manter uma dieta equilibrada, rica em fibras e pobre em a\u00e7\u00facares e gorduras saturadas, al\u00e9m de exerc\u00edcios f\u00edsicos regulares. A atividade f\u00edsica auxilia na manuten\u00e7\u00e3o de um peso saud\u00e1vel e na melhora da fun\u00e7\u00e3o insul\u00ednica. Identificar precocemente os sintomas e realizar exames regulares pode facilitar o controle e atrasar o aparecimento de complica\u00e7\u00f5es.<\/p>\n\n\n\n<p>Apesar de ser uma doen\u00e7a comum, a conscientiza\u00e7\u00e3o e o manejo eficaz podem melhorar significativamente a qualidade de vida de quem convive com Diabetes. A consulta regular com profissionais de <a href=\"https:\/\/www.correiobraziliense.com.br\/cbradar\/por-que-algumas-feridas-nunca-cicatrizam\/\" target=\"_blank\" rel=\"noreferrer noopener\">sa\u00fade <\/a>\u00e9 fundamental para manter os n\u00edveis de a\u00e7\u00facar no sangue controlados e evitar complica\u00e7\u00f5es a longo prazo, como problemas card\u00edacos e neuropatias.<\/p>\n\n\n<a href=\"https:\/\/www.instagram.com\/dra.annaluisabf\/\" target=\"_blank\" rel=\"noopener\" style=\"text-decoration: none; color: inherit;\">\n    <span style=\"display: inline-block; border: 1px solid #ccc; border-radius: 10px; padding: 15px; max-width: 550px; font-family: sans-serif; box-shadow: 0 2px 5px rgba(0,0,0,0.1); width: 100%;\">\n\n      <!-- T\u00edtulo -->\n      <span style=\"display: block; margin: 0 0 15px 0; font-weight: bold; color: #2c3e50; text-align: center;\">\n        Entre em contato:\n      <\/span>\n\n      <!-- Linha do perfil -->\n      <span style=\"display: flex; align-items: center; gap: 15px;\">\n        <img decoding=\"async\"\n          src=\"https:\/\/www.correiobraziliense.com.br\/cbradar\/wp-content\/uploads\/2025\/08\/dra_anna_luisa.jpeg\"\n          alt=\"Foto da Dra. Anna Lu\u00edsa\"\n          style=\"border-radius: 50%; width: 80px; height: 80px; object-fit: cover;\"\n        \/>\n        <span style=\"display: flex; flex-direction: column;\">\n          <span style=\"font-size: 18px; font-weight: 700; color: #2c3e50;\">Dra. Anna Lu\u00edsa Barbosa Fernandes<\/span>\n          <span style=\"color: #555;\">CRM-GO 33.271<\/span>\n        <\/span>\n      <\/span>\n\n      <!-- Redes -->\n      <span style=\"display: flex; align-items: center; gap: 10px; margin-top: 12px;\">\n        <img decoding=\"async\" src=\"https:\/\/cdn-icons-png.flaticon.com\/24\/1384\/1384063.png\" alt=\"Instagram\" width=\"24\" height=\"24\" \/>\n        <span style=\"text-decoration: underline; color: #2c3e50;\">@dra.annaluisabf<\/span>\n      <\/span>\n\n    <\/span>\n  <\/a>","protected":false},"excerpt":{"rendered":"<p>O Diabetes \u00e9 uma condi\u00e7\u00e3o cr\u00f4nica que afeta a capacidade do organismo de regular e utilizar a glicose adequadamente, resultando em altos n\u00edveis de a\u00e7\u00facar no sangue. Os sintomas podem variar de acordo com o tipo de Diabetes, mas geralmente incluem cansa\u00e7o frequente, fome intensa, perda de peso sem motivo aparente e sede excessiva. Assim [&hellip;]<\/p>\n","protected":false},"author":14,"featured_media":48563,"comment_status":"open","ping_status":"open","sticky":false,"template":"","format":"standard","meta":{"_yoast_wpseo_focuskw":"Diabetes","_yoast_wpseo_title":"","_yoast_wpseo_metadesc":"Fadiga, sede excessiva e perda de peso podem indicar diabetes. Descubra como diagnosticar, tratar e prevenir.","jnews-multi-image_gallery":[],"jnews_single_post":{"format":"standard"},"jnews_primary_category":[],"jnews_social_meta":[],"jnews_override_counter":[],"footnotes":""},"categories":[4404],"tags":[281,120,1318],"class_list":["post-148620","post","type-post","status-publish","format-standard","has-post-thumbnail","hentry","category-saude","tag-alimentacao","tag-bem-estar","tag-saude-2"],"yoast_head":"<!-- This site is optimized with the Yoast SEO plugin v24.6 - https:\/\/yoast.com\/wordpress\/plugins\/seo\/ -->\n<title>Como identificar os sinais do diabetes e se prevenir - Correio Braziliense - Radar<\/title>\n<meta name=\"description\" content=\"Fadiga, sede excessiva e perda de peso podem indicar diabetes. Descubra como diagnosticar, tratar e prevenir.\" \/>\n<meta name=\"robots\" content=\"index, follow, max-snippet:-1, max-image-preview:large, max-video-preview:-1\" \/>\n<link rel=\"canonical\" href=\"https:\/\/www.correiobraziliense.com.br\/cbradar\/como-identificar-os-sinais-do-diabetes-e-se-prevenir\/\" \/>\n<meta property=\"og:locale\" content=\"pt_BR\" \/>\n<meta property=\"og:type\" content=\"article\" \/>\n<meta property=\"og:title\" content=\"Como identificar os sinais do diabetes e se prevenir - Correio Braziliense - Radar\" \/>\n<meta property=\"og:description\" content=\"Fadiga, sede excessiva e perda de peso podem indicar diabetes. Descubra como diagnosticar, tratar e prevenir.\" \/>\n<meta property=\"og:url\" content=\"https:\/\/www.correiobraziliense.com.br\/cbradar\/como-identificar-os-sinais-do-diabetes-e-se-prevenir\/\" \/>\n<meta property=\"og:site_name\" content=\"Correio Braziliense - Radar\" \/>\n<meta property=\"article:published_time\" content=\"2025-12-02T16:15:00+00:00\" \/>\n<meta property=\"og:image\" content=\"https:\/\/www.correiobraziliense.com.br\/cbradar\/wp-content\/uploads\/2025\/06\/glicose_1749149556037.jpg\" \/>\n\t<meta property=\"og:image:width\" content=\"1280\" \/>\n\t<meta property=\"og:image:height\" content=\"720\" \/>\n\t<meta property=\"og:image:type\" content=\"image\/jpeg\" \/>\n<meta name=\"author\" content=\"guilherme_saude\" \/>\n<meta name=\"twitter:card\" content=\"summary_large_image\" \/>\n<meta name=\"twitter:label1\" content=\"Escrito por\" \/>\n\t<meta name=\"twitter:data1\" content=\"guilherme_saude\" \/>\n\t<meta name=\"twitter:label2\" content=\"Est. tempo de leitura\" \/>\n\t<meta name=\"twitter:data2\" content=\"4 minutos\" \/>\n<!-- \/ Yoast SEO plugin. -->","yoast_head_json":{"title":"Como identificar os sinais do diabetes e se prevenir - Correio Braziliense - Radar","description":"Fadiga, sede excessiva e perda de peso podem indicar diabetes. Descubra como diagnosticar, tratar e prevenir.","robots":{"index":"index","follow":"follow","max-snippet":"max-snippet:-1","max-image-preview":"max-image-preview:large","max-video-preview":"max-video-preview:-1"},"canonical":"https:\/\/www.correiobraziliense.com.br\/cbradar\/como-identificar-os-sinais-do-diabetes-e-se-prevenir\/","og_locale":"pt_BR","og_type":"article","og_title":"Como identificar os sinais do diabetes e se prevenir - Correio Braziliense - Radar","og_description":"Fadiga, sede excessiva e perda de peso podem indicar diabetes. Descubra como diagnosticar, tratar e prevenir.","og_url":"https:\/\/www.correiobraziliense.com.br\/cbradar\/como-identificar-os-sinais-do-diabetes-e-se-prevenir\/","og_site_name":"Correio Braziliense - Radar","article_published_time":"2025-12-02T16:15:00+00:00","og_image":[{"width":1280,"height":720,"url":"https:\/\/www.correiobraziliense.com.br\/cbradar\/wp-content\/uploads\/2025\/06\/glicose_1749149556037.jpg","type":"image\/jpeg"}],"author":"guilherme_saude","twitter_card":"summary_large_image","twitter_misc":{"Escrito por":"guilherme_saude","Est. tempo de leitura":"4 minutos"},"schema":{"@context":"https:\/\/schema.org","@graph":[{"@type":"WebPage","@id":"https:\/\/www.correiobraziliense.com.br\/cbradar\/como-identificar-os-sinais-do-diabetes-e-se-prevenir\/","url":"https:\/\/www.correiobraziliense.com.br\/cbradar\/como-identificar-os-sinais-do-diabetes-e-se-prevenir\/","name":"Como identificar os sinais do diabetes e se prevenir - Correio Braziliense - Radar","isPartOf":{"@id":"https:\/\/www.correiobraziliense.com.br\/cbradar\/#website"},"primaryImageOfPage":{"@id":"https:\/\/www.correiobraziliense.com.br\/cbradar\/como-identificar-os-sinais-do-diabetes-e-se-prevenir\/#primaryimage"},"image":{"@id":"https:\/\/www.correiobraziliense.com.br\/cbradar\/como-identificar-os-sinais-do-diabetes-e-se-prevenir\/#primaryimage"},"thumbnailUrl":"https:\/\/www.correiobraziliense.com.br\/cbradar\/wp-content\/uploads\/2025\/06\/glicose_1749149556037.jpg","datePublished":"2025-12-02T16:15:00+00:00","author":{"@id":"https:\/\/www.correiobraziliense.com.br\/cbradar\/#\/schema\/person\/5aa4bf3c8fa699c267933611de12978b"},"description":"Fadiga, sede excessiva e perda de peso podem indicar diabetes. Descubra como diagnosticar, tratar e prevenir.","breadcrumb":{"@id":"https:\/\/www.correiobraziliense.com.br\/cbradar\/como-identificar-os-sinais-do-diabetes-e-se-prevenir\/#breadcrumb"},"inLanguage":"pt-BR","potentialAction":[{"@type":"ReadAction","target":["https:\/\/www.correiobraziliense.com.br\/cbradar\/como-identificar-os-sinais-do-diabetes-e-se-prevenir\/"]}]},{"@type":"ImageObject","inLanguage":"pt-BR","@id":"https:\/\/www.correiobraziliense.com.br\/cbradar\/como-identificar-os-sinais-do-diabetes-e-se-prevenir\/#primaryimage","url":"https:\/\/www.correiobraziliense.com.br\/cbradar\/wp-content\/uploads\/2025\/06\/glicose_1749149556037.jpg","contentUrl":"https:\/\/www.correiobraziliense.com.br\/cbradar\/wp-content\/uploads\/2025\/06\/glicose_1749149556037.jpg","width":1280,"height":720,"caption":"Diabetes - Cr\u00e9ditos: depositphotos.com \/ VadimVasenin"},{"@type":"BreadcrumbList","@id":"https:\/\/www.correiobraziliense.com.br\/cbradar\/como-identificar-os-sinais-do-diabetes-e-se-prevenir\/#breadcrumb","itemListElement":[{"@type":"ListItem","position":1,"name":"In\u00edcio","item":"https:\/\/www.correiobraziliense.com.br\/cbradar\/"},{"@type":"ListItem","position":2,"name":"Como identificar os sinais do diabetes e se prevenir"}]},{"@type":"WebSite","@id":"https:\/\/www.correiobraziliense.com.br\/cbradar\/#website","url":"https:\/\/www.correiobraziliense.com.br\/cbradar\/","name":"Correio Braziliense - Radar","description":"Acompanhe as \u00faltimas not\u00edcias e fique bem informado sobre tudo o que acontece no Brasil e no mundo.","potentialAction":[{"@type":"SearchAction","target":{"@type":"EntryPoint","urlTemplate":"https:\/\/www.correiobraziliense.com.br\/cbradar\/?s={search_term_string}"},"query-input":{"@type":"PropertyValueSpecification","valueRequired":true,"valueName":"search_term_string"}}],"inLanguage":"pt-BR"},{"@type":"Person","@id":"https:\/\/www.correiobraziliense.com.br\/cbradar\/#\/schema\/person\/5aa4bf3c8fa699c267933611de12978b","name":"guilherme_saude","image":{"@type":"ImageObject","inLanguage":"pt-BR","@id":"https:\/\/www.correiobraziliense.com.br\/cbradar\/#\/schema\/person\/image\/","url":"https:\/\/secure.gravatar.com\/avatar\/df9adfb835d344bc0af109d41756253f?s=96&d=mm&r=g","contentUrl":"https:\/\/secure.gravatar.com\/avatar\/df9adfb835d344bc0af109d41756253f?s=96&d=mm&r=g","caption":"guilherme_saude"},"url":"https:\/\/www.correiobraziliense.com.br\/cbradar\/author\/guilherme_saude\/"}]}},"_links":{"self":[{"href":"https:\/\/www.correiobraziliense.com.br\/cbradar\/wp-json\/wp\/v2\/posts\/148620","targetHints":{"allow":["GET"]}}],"collection":[{"href":"https:\/\/www.correiobraziliense.com.br\/cbradar\/wp-json\/wp\/v2\/posts"}],"about":[{"href":"https:\/\/www.correiobraziliense.com.br\/cbradar\/wp-json\/wp\/v2\/types\/post"}],"author":[{"embeddable":true,"href":"https:\/\/www.correiobraziliense.com.br\/cbradar\/wp-json\/wp\/v2\/users\/14"}],"replies":[{"embeddable":true,"href":"https:\/\/www.correiobraziliense.com.br\/cbradar\/wp-json\/wp\/v2\/comments?post=148620"}],"version-history":[{"count":1,"href":"https:\/\/www.correiobraziliense.com.br\/cbradar\/wp-json\/wp\/v2\/posts\/148620\/revisions"}],"predecessor-version":[{"id":148622,"href":"https:\/\/www.correiobraziliense.com.br\/cbradar\/wp-json\/wp\/v2\/posts\/148620\/revisions\/148622"}],"wp:featuredmedia":[{"embeddable":true,"href":"https:\/\/www.correiobraziliense.com.br\/cbradar\/wp-json\/wp\/v2\/media\/48563"}],"wp:attachment":[{"href":"https:\/\/www.correiobraziliense.com.br\/cbradar\/wp-json\/wp\/v2\/media?parent=148620"}],"wp:term":[{"taxonomy":"category","embeddable":true,"href":"https:\/\/www.correiobraziliense.com.br\/cbradar\/wp-json\/wp\/v2\/categories?post=148620"},{"taxonomy":"post_tag","embeddable":true,"href":"https:\/\/www.correiobraziliense.com.br\/cbradar\/wp-json\/wp\/v2\/tags?post=148620"}],"curies":[{"name":"wp","href":"https:\/\/api.w.org\/{rel}","templated":true}]}}