{"id":14874,"date":"2025-03-24T20:10:00","date_gmt":"2025-03-24T23:10:00","guid":{"rendered":"https:\/\/www.correiobraziliense.com.br\/cbradar\/?p=14874"},"modified":"2025-03-22T16:43:04","modified_gmt":"2025-03-22T19:43:04","slug":"conheca-a-cidade-onde-e-proibido-usar-salto-alto","status":"publish","type":"post","link":"https:\/\/www.correiobraziliense.com.br\/cbradar\/conheca-a-cidade-onde-e-proibido-usar-salto-alto\/","title":{"rendered":"Conhe\u00e7a a cidade onde \u00e9 proibido usar salto alto"},"content":{"rendered":"\n<p>A charmosa ilha de <strong>Capri<\/strong>, localizada na regi\u00e3o da <strong>Camp\u00e2nia, It\u00e1lia<\/strong>, \u00e9 um dos destinos mais sofisticados e elegantes do Mediterr\u00e2neo. Mas, ironicamente, nesse para\u00edso fashionista existe uma <strong>lei inusitada<\/strong>: <strong>\u00e9 proibido usar salto alto em certas \u00e1reas da cidade<\/strong>, especialmente nas zonas hist\u00f3ricas e trilhas mais antigas.<\/p>\n\n\n\n<h2 class=\"wp-block-heading\">Por que Capri proibiu o uso de salto alto?<\/h2>\n\n\n\n<p>A medida n\u00e3o tem nada a ver com moda ou etiqueta. A decis\u00e3o tem um motivo bem pr\u00e1tico: <strong>seguran\u00e7a<\/strong>. Capri possui:<\/p>\n\n\n\n<ul class=\"wp-block-list\">\n<li><strong>Ruas de pedra irregulares<\/strong>, muitas delas constru\u00eddas na \u00e9poca romana.<\/li>\n\n\n\n<li><strong>Escadarias \u00edngremes e Caminhos estreitos<\/strong>, onde o uso de salto pode causar acidentes.<\/li>\n\n\n\n<li><strong>Trilhas com acesso limitado a carros<\/strong>, exigindo caminhada em terrenos acidentados.<\/li>\n<\/ul>\n\n\n\n<p>Para proteger turistas e moradores \u2014 e evitar processos por quedas \u2014 a prefeitura de Capri instituiu uma regra que <strong>pro\u00edbe o uso de salto alto sem autoriza\u00e7\u00e3o especial<\/strong>, especialmente em \u00e1reas hist\u00f3ricas e arqueol\u00f3gicas.<\/p>\n\n\n\n<figure class=\"wp-block-image size-large\"><img decoding=\"async\" width=\"1024\" height=\"576\" src=\"https:\/\/www.correiobraziliense.com.br\/cbradar\/wp-content\/uploads\/2025\/03\/Campania_1742646871066-1024x576.jpg\" alt=\"Conhe\u00e7a a cidade onde \u00e9 proibido usar salto alto\" class=\"wp-image-14876\" srcset=\"https:\/\/www.correiobraziliense.com.br\/cbradar\/wp-content\/uploads\/2025\/03\/Campania_1742646871066-1024x576.jpg 1024w, https:\/\/www.correiobraziliense.com.br\/cbradar\/wp-content\/uploads\/2025\/03\/Campania_1742646871066-300x169.jpg 300w, https:\/\/www.correiobraziliense.com.br\/cbradar\/wp-content\/uploads\/2025\/03\/Campania_1742646871066-768x432.jpg 768w, https:\/\/www.correiobraziliense.com.br\/cbradar\/wp-content\/uploads\/2025\/03\/Campania_1742646871066-750x422.jpg 750w, https:\/\/www.correiobraziliense.com.br\/cbradar\/wp-content\/uploads\/2025\/03\/Campania_1742646871066-1140x641.jpg 1140w, https:\/\/www.correiobraziliense.com.br\/cbradar\/wp-content\/uploads\/2025\/03\/Campania_1742646871066.jpg 1280w\" sizes=\"(max-width: 1024px) 100vw, 1024px\" \/><figcaption class=\"wp-element-caption\">Camp\u00e2nia. Cr\u00e9ditos: depositphotos.com \/ FreedomMaster<\/figcaption><\/figure>\n\n\n\n<h2 class=\"wp-block-heading\">Como funciona a suspens\u00e3o na pr\u00e1tica?<\/h2>\n\n\n\n<ul class=\"wp-block-list\">\n<li>A lei n\u00e3o \u00e9 aplicada de formata\u00e7\u00e3o no centro urbano moderno, onde h\u00e1 cal\u00e7amento adequado.<\/li>\n\n\n\n<li>A restri\u00e7\u00e3o vale especialmente em <strong>trilhas, zonas de ru\u00ednas hist\u00f3ricas e passagens antigas<\/strong>.<\/li>\n\n\n\n<li>O uso de salto alto s\u00f3 \u00e9 permitido mediante <strong>autoriza\u00e7\u00e3o m\u00e9dica ou responsabilidade atribu\u00edda<\/strong>.<\/li>\n\n\n\n<li>Em alguns pontos, h\u00e1 <strong>placas sinalizando a sinaliza\u00e7\u00e3o<\/strong>, principalmente para turistas.<\/li>\n<\/ul>\n\n\n\n<p>O foco da norma \u00e9 <strong>evitar quedas, tor\u00e7\u00f5es e incidentes<\/strong> que possam gerar riscos \u2014 tanto \u00e0 integridade das pessoas quanto ao patrim\u00f4nio hist\u00f3rico da ilha.<\/p>\n\n\n\n<h2 class=\"wp-block-heading\">Curiosidades sobre Capri<\/h2>\n\n\n\n<ul class=\"wp-block-list\">\n<li><strong>Capri \u00e9 um dos destinos favoritos das celebridades, desde o Imp\u00e9rio Romano at\u00e9 hoje.<\/strong><\/li>\n\n\n\n<li><strong>A Gruta Azul (Grotta Azzurra)<\/strong> \u00e9 uma das atra\u00e7\u00f5es naturais mais famosas da Europa.<\/li>\n\n\n\n<li><strong>O imperador Tib\u00e9rio viveu parte de sua vida exilado na ilha.<\/strong><\/li>\n\n\n\n<li><strong>As ruas mais antigas de Capri foram feitas para pedestres e burros de carga, n\u00e3o carros ou sapatos modernos.<\/strong><\/li>\n\n\n\n<li><strong>Capri tem regras de preserva\u00e7\u00e3o para manter sua paisagem e charme tradicional.<\/strong><\/li>\n<\/ul>\n\n\n\n<p>Com paisagens deslumbrantes, hist\u00f3ria milenar e estilo inconfund\u00edvel, Capri mostra que nem sempre elegante combina com salto \u2014 e que, \u00e0s vezes, o <strong>conforto \u00e9 a verdadeira sofistica\u00e7\u00e3o<\/strong>.<\/p>\n","protected":false},"excerpt":{"rendered":"<p>Em uma ilha italiana famosa pela sofistica\u00e7\u00e3o, saltos altos s\u00e3o proibidos em \u00e1reas hist\u00f3ricas. Descubra por que desenvolveu essa regra!<\/p>\n","protected":false},"author":3,"featured_media":14875,"comment_status":"open","ping_status":"open","sticky":false,"template":"","format":"standard","meta":{"_yoast_wpseo_focuskw":"cidade salto alto","_yoast_wpseo_title":"%%title%%","_yoast_wpseo_metadesc":"Em uma ilha italiana famosa pela sofistica\u00e7\u00e3o, saltos altos s\u00e3o proibidos em \u00e1reas hist\u00f3ricas. Descubra por que desenvolveu essa regra!","jnews-multi-image_gallery":[],"jnews_single_post":{"format":"standard"},"jnews_primary_category":[],"jnews_social_meta":[],"jnews_override_counter":[],"footnotes":""},"categories":[108],"tags":[109],"class_list":["post-14874","post","type-post","status-publish","format-standard","has-post-thumbnail","hentry","category-cidades","tag-cidades"],"yoast_head":"<!-- This site is optimized with the Yoast SEO plugin v24.6 - https:\/\/yoast.com\/wordpress\/plugins\/seo\/ -->\n<title>Conhe\u00e7a a cidade onde \u00e9 proibido usar salto alto<\/title>\n<meta name=\"description\" content=\"Em uma ilha italiana famosa pela sofistica\u00e7\u00e3o, saltos altos s\u00e3o proibidos em \u00e1reas hist\u00f3ricas. Descubra por que desenvolveu essa regra!\" \/>\n<meta name=\"robots\" content=\"index, follow, max-snippet:-1, max-image-preview:large, max-video-preview:-1\" \/>\n<link rel=\"canonical\" href=\"https:\/\/www.correiobraziliense.com.br\/cbradar\/conheca-a-cidade-onde-e-proibido-usar-salto-alto\/\" \/>\n<meta property=\"og:locale\" content=\"pt_BR\" \/>\n<meta property=\"og:type\" content=\"article\" \/>\n<meta property=\"og:title\" content=\"Conhe\u00e7a a cidade onde \u00e9 proibido usar salto alto\" \/>\n<meta property=\"og:description\" content=\"Em uma ilha italiana famosa pela sofistica\u00e7\u00e3o, saltos altos s\u00e3o proibidos em \u00e1reas hist\u00f3ricas. Descubra por que desenvolveu essa regra!\" \/>\n<meta property=\"og:url\" content=\"https:\/\/www.correiobraziliense.com.br\/cbradar\/conheca-a-cidade-onde-e-proibido-usar-salto-alto\/\" \/>\n<meta property=\"og:site_name\" content=\"Correio Braziliense - Radar\" \/>\n<meta property=\"article:published_time\" content=\"2025-03-24T23:10:00+00:00\" \/>\n<meta property=\"og:image\" content=\"https:\/\/www.correiobraziliense.com.br\/cbradar\/wp-content\/uploads\/2025\/03\/Campania_1742646840448.jpg\" \/>\n\t<meta property=\"og:image:width\" content=\"1280\" \/>\n\t<meta property=\"og:image:height\" content=\"720\" \/>\n\t<meta property=\"og:image:type\" content=\"image\/jpeg\" \/>\n<meta name=\"author\" content=\"Larissa Carvalho\" \/>\n<meta name=\"twitter:card\" content=\"summary_large_image\" \/>\n<meta name=\"twitter:label1\" content=\"Escrito por\" \/>\n\t<meta name=\"twitter:data1\" content=\"Larissa Carvalho\" \/>\n\t<meta name=\"twitter:label2\" content=\"Est. tempo de leitura\" \/>\n\t<meta name=\"twitter:data2\" content=\"3 minutos\" \/>\n<!-- \/ Yoast SEO plugin. -->","yoast_head_json":{"title":"Conhe\u00e7a a cidade onde \u00e9 proibido usar salto alto","description":"Em uma ilha italiana famosa pela sofistica\u00e7\u00e3o, saltos altos s\u00e3o proibidos em \u00e1reas hist\u00f3ricas. Descubra por que desenvolveu essa regra!","robots":{"index":"index","follow":"follow","max-snippet":"max-snippet:-1","max-image-preview":"max-image-preview:large","max-video-preview":"max-video-preview:-1"},"canonical":"https:\/\/www.correiobraziliense.com.br\/cbradar\/conheca-a-cidade-onde-e-proibido-usar-salto-alto\/","og_locale":"pt_BR","og_type":"article","og_title":"Conhe\u00e7a a cidade onde \u00e9 proibido usar salto alto","og_description":"Em uma ilha italiana famosa pela sofistica\u00e7\u00e3o, saltos altos s\u00e3o proibidos em \u00e1reas hist\u00f3ricas. Descubra por que desenvolveu essa regra!","og_url":"https:\/\/www.correiobraziliense.com.br\/cbradar\/conheca-a-cidade-onde-e-proibido-usar-salto-alto\/","og_site_name":"Correio Braziliense - Radar","article_published_time":"2025-03-24T23:10:00+00:00","og_image":[{"width":1280,"height":720,"url":"https:\/\/www.correiobraziliense.com.br\/cbradar\/wp-content\/uploads\/2025\/03\/Campania_1742646840448.jpg","type":"image\/jpeg"}],"author":"Larissa Carvalho","twitter_card":"summary_large_image","twitter_misc":{"Escrito por":"Larissa Carvalho","Est. tempo de leitura":"3 minutos"},"schema":{"@context":"https:\/\/schema.org","@graph":[{"@type":"WebPage","@id":"https:\/\/www.correiobraziliense.com.br\/cbradar\/conheca-a-cidade-onde-e-proibido-usar-salto-alto\/","url":"https:\/\/www.correiobraziliense.com.br\/cbradar\/conheca-a-cidade-onde-e-proibido-usar-salto-alto\/","name":"Conhe\u00e7a a cidade onde \u00e9 proibido usar salto alto","isPartOf":{"@id":"https:\/\/www.correiobraziliense.com.br\/cbradar\/#website"},"primaryImageOfPage":{"@id":"https:\/\/www.correiobraziliense.com.br\/cbradar\/conheca-a-cidade-onde-e-proibido-usar-salto-alto\/#primaryimage"},"image":{"@id":"https:\/\/www.correiobraziliense.com.br\/cbradar\/conheca-a-cidade-onde-e-proibido-usar-salto-alto\/#primaryimage"},"thumbnailUrl":"https:\/\/www.correiobraziliense.com.br\/cbradar\/wp-content\/uploads\/2025\/03\/Campania_1742646840448.jpg","datePublished":"2025-03-24T23:10:00+00:00","author":{"@id":"https:\/\/www.correiobraziliense.com.br\/cbradar\/#\/schema\/person\/58422787644df994b53a19d3e56c1513"},"description":"Em uma ilha italiana famosa pela sofistica\u00e7\u00e3o, saltos altos s\u00e3o proibidos em \u00e1reas hist\u00f3ricas. Descubra por que desenvolveu essa regra!","breadcrumb":{"@id":"https:\/\/www.correiobraziliense.com.br\/cbradar\/conheca-a-cidade-onde-e-proibido-usar-salto-alto\/#breadcrumb"},"inLanguage":"pt-BR","potentialAction":[{"@type":"ReadAction","target":["https:\/\/www.correiobraziliense.com.br\/cbradar\/conheca-a-cidade-onde-e-proibido-usar-salto-alto\/"]}]},{"@type":"ImageObject","inLanguage":"pt-BR","@id":"https:\/\/www.correiobraziliense.com.br\/cbradar\/conheca-a-cidade-onde-e-proibido-usar-salto-alto\/#primaryimage","url":"https:\/\/www.correiobraziliense.com.br\/cbradar\/wp-content\/uploads\/2025\/03\/Campania_1742646840448.jpg","contentUrl":"https:\/\/www.correiobraziliense.com.br\/cbradar\/wp-content\/uploads\/2025\/03\/Campania_1742646840448.jpg","width":1280,"height":720,"caption":"Camp\u00e2nia. Cr\u00e9ditos: depositphotos.com \/ lukaszimilena"},{"@type":"BreadcrumbList","@id":"https:\/\/www.correiobraziliense.com.br\/cbradar\/conheca-a-cidade-onde-e-proibido-usar-salto-alto\/#breadcrumb","itemListElement":[{"@type":"ListItem","position":1,"name":"In\u00edcio","item":"https:\/\/www.correiobraziliense.com.br\/cbradar\/"},{"@type":"ListItem","position":2,"name":"Conhe\u00e7a a cidade onde \u00e9 proibido usar salto alto"}]},{"@type":"WebSite","@id":"https:\/\/www.correiobraziliense.com.br\/cbradar\/#website","url":"https:\/\/www.correiobraziliense.com.br\/cbradar\/","name":"Correio Braziliense - Radar","description":"Acompanhe as \u00faltimas not\u00edcias e fique bem informado sobre tudo o que acontece no Brasil e no mundo.","potentialAction":[{"@type":"SearchAction","target":{"@type":"EntryPoint","urlTemplate":"https:\/\/www.correiobraziliense.com.br\/cbradar\/?s={search_term_string}"},"query-input":{"@type":"PropertyValueSpecification","valueRequired":true,"valueName":"search_term_string"}}],"inLanguage":"pt-BR"},{"@type":"Person","@id":"https:\/\/www.correiobraziliense.com.br\/cbradar\/#\/schema\/person\/58422787644df994b53a19d3e56c1513","name":"Larissa Carvalho","image":{"@type":"ImageObject","inLanguage":"pt-BR","@id":"https:\/\/www.correiobraziliense.com.br\/cbradar\/#\/schema\/person\/image\/","url":"https:\/\/secure.gravatar.com\/avatar\/fe4f91a0de32b52a838d0d612abdc1aa?s=96&d=mm&r=g","contentUrl":"https:\/\/secure.gravatar.com\/avatar\/fe4f91a0de32b52a838d0d612abdc1aa?s=96&d=mm&r=g","caption":"Larissa Carvalho"},"url":"https:\/\/www.correiobraziliense.com.br\/cbradar\/author\/larissamyth\/"}]}},"_links":{"self":[{"href":"https:\/\/www.correiobraziliense.com.br\/cbradar\/wp-json\/wp\/v2\/posts\/14874","targetHints":{"allow":["GET"]}}],"collection":[{"href":"https:\/\/www.correiobraziliense.com.br\/cbradar\/wp-json\/wp\/v2\/posts"}],"about":[{"href":"https:\/\/www.correiobraziliense.com.br\/cbradar\/wp-json\/wp\/v2\/types\/post"}],"author":[{"embeddable":true,"href":"https:\/\/www.correiobraziliense.com.br\/cbradar\/wp-json\/wp\/v2\/users\/3"}],"replies":[{"embeddable":true,"href":"https:\/\/www.correiobraziliense.com.br\/cbradar\/wp-json\/wp\/v2\/comments?post=14874"}],"version-history":[{"count":1,"href":"https:\/\/www.correiobraziliense.com.br\/cbradar\/wp-json\/wp\/v2\/posts\/14874\/revisions"}],"predecessor-version":[{"id":14877,"href":"https:\/\/www.correiobraziliense.com.br\/cbradar\/wp-json\/wp\/v2\/posts\/14874\/revisions\/14877"}],"wp:featuredmedia":[{"embeddable":true,"href":"https:\/\/www.correiobraziliense.com.br\/cbradar\/wp-json\/wp\/v2\/media\/14875"}],"wp:attachment":[{"href":"https:\/\/www.correiobraziliense.com.br\/cbradar\/wp-json\/wp\/v2\/media?parent=14874"}],"wp:term":[{"taxonomy":"category","embeddable":true,"href":"https:\/\/www.correiobraziliense.com.br\/cbradar\/wp-json\/wp\/v2\/categories?post=14874"},{"taxonomy":"post_tag","embeddable":true,"href":"https:\/\/www.correiobraziliense.com.br\/cbradar\/wp-json\/wp\/v2\/tags?post=14874"}],"curies":[{"name":"wp","href":"https:\/\/api.w.org\/{rel}","templated":true}]}}