{"id":148754,"date":"2025-12-03T14:25:00","date_gmt":"2025-12-03T17:25:00","guid":{"rendered":"https:\/\/www.correiobraziliense.com.br\/cbradar\/?p=148754"},"modified":"2025-12-02T10:05:00","modified_gmt":"2025-12-02T13:05:00","slug":"o-fruto-que-regula-a-pressao-protege-o-corpo-e-mantem-a-digestao-funcionando-bem","status":"publish","type":"post","link":"https:\/\/www.correiobraziliense.com.br\/cbradar\/o-fruto-que-regula-a-pressao-protege-o-corpo-e-mantem-a-digestao-funcionando-bem\/","title":{"rendered":"O fruto que regula a press\u00e3o, protege o corpo e mant\u00e9m a digest\u00e3o funcionando bem"},"content":{"rendered":"\n<p>A <strong>fruta-p\u00e3o<\/strong> (<em>Artocarpus altilis<\/em> (Parkinson) Fosberg), um fruto tropical grande e de polpa amil\u00e1cea, \u00e9 um alimento b\u00e1sico em muitas regi\u00f5es tropicais, sendo uma fonte importante de carboidratos e fibras. Al\u00e9m de seu valor nutricional, a fruta-p\u00e3o possui not\u00e1veis <strong>propriedades medicinais<\/strong>. Seus <strong>compostos bioativos<\/strong>, incluindo <strong>flavonoides<\/strong>, <strong>fibras<\/strong> e <strong>pot\u00e1ssio<\/strong>, conferem <strong>benef\u00edcios terap\u00eauticos<\/strong> essenciais para a <strong>sa\u00fade cardiovascular<\/strong>, o <strong>controle glic\u00eamico<\/strong> e o bom funcionamento intestinal.<\/p>\n\n\n\n<p>Este artigo explora as principais propriedades curativas da fruta-p\u00e3o, com foco em:<\/p>\n\n\n\n<ul class=\"wp-block-list\">\n<li>O <strong>benef\u00edcio para o sistema cardiovascular<\/strong> e a regula\u00e7\u00e3o da press\u00e3o arterial.<\/li>\n\n\n\n<li>A <strong>a\u00e7\u00e3o antioxidante<\/strong> e anti-inflamat\u00f3ria dos seus compostos fen\u00f3licos.<\/li>\n\n\n\n<li>O suporte \u00e0 <strong>sa\u00fade digestiva<\/strong>, mediado pelo alto teor de fibras.<\/li>\n<\/ul>\n\n\n\n<h2 class=\"wp-block-heading\">Suporte cardiovascular e regula\u00e7\u00e3o da press\u00e3o arterial<\/h2>\n\n\n\n<p>Uma das <strong>propriedades curativas<\/strong> mais importantes da <strong>fruta-p\u00e3o<\/strong> \u00e9 o seu suporte \u00e0 <strong>sa\u00fade cardiovascular<\/strong>. Este <strong>benef\u00edcio terap\u00eautico<\/strong> \u00e9 impulsionado pelo seu alto teor de <strong>pot\u00e1ssio<\/strong> e pela presen\u00e7a de <strong>flavonoides<\/strong>. O pot\u00e1ssio \u00e9 um <strong>princ\u00edpio ativo<\/strong> que ajuda a neutralizar os efeitos do s\u00f3dio, promovendo a elimina\u00e7\u00e3o renal e, consequentemente, contribuindo para a <strong>regula\u00e7\u00e3o da press\u00e3o arterial<\/strong>. Os flavonoides, por sua vez, atuam como antioxidantes, protegendo as paredes dos vasos sangu\u00edneos. De acordo com o estudo de Corbucci e colaboradores, o pot\u00e1ssio \u00e9 um elemento chave:<\/p>\n\n\n\n<blockquote class=\"wp-block-quote is-layout-flow wp-block-quote-is-layout-flow\">\n<p><em>&#8220;A rela\u00e7\u00e3o pot\u00e1ssio\/s\u00f3dio na Artocarpus altilis contribui para o seu potencial anti-hipertensivo, sendo o pot\u00e1ssio fundamental para a manuten\u00e7\u00e3o do equil\u00edbrio eletrol\u00edtico e a fun\u00e7\u00e3o vascular adequada&#8221;<\/em> (CORBUCCI et al., 2017).<\/p>\n<\/blockquote>\n\n\n<div class=\"wp-block-image\">\n<figure class=\"aligncenter size-large\"><img decoding=\"async\" width=\"1024\" height=\"576\" src=\"https:\/\/www.correiobraziliense.com.br\/cbradar\/wp-content\/uploads\/2025\/12\/Artocarpus-altilis-_1764672426595-1024x576.jpg\" alt=\"\" class=\"wp-image-148758\" srcset=\"https:\/\/www.correiobraziliense.com.br\/cbradar\/wp-content\/uploads\/2025\/12\/Artocarpus-altilis-_1764672426595-1024x576.jpg 1024w, https:\/\/www.correiobraziliense.com.br\/cbradar\/wp-content\/uploads\/2025\/12\/Artocarpus-altilis-_1764672426595-300x169.jpg 300w, https:\/\/www.correiobraziliense.com.br\/cbradar\/wp-content\/uploads\/2025\/12\/Artocarpus-altilis-_1764672426595-768x432.jpg 768w, https:\/\/www.correiobraziliense.com.br\/cbradar\/wp-content\/uploads\/2025\/12\/Artocarpus-altilis-_1764672426595-750x422.jpg 750w, https:\/\/www.correiobraziliense.com.br\/cbradar\/wp-content\/uploads\/2025\/12\/Artocarpus-altilis-_1764672426595-1140x641.jpg 1140w, https:\/\/www.correiobraziliense.com.br\/cbradar\/wp-content\/uploads\/2025\/12\/Artocarpus-altilis-_1764672426595.jpg 1280w\" sizes=\"(max-width: 1024px) 100vw, 1024px\" \/><figcaption class=\"wp-element-caption\">ma das propriedades curativas mais importantes da fruta-p\u00e3o \u00e9 o seu suporte \u00e0 sa\u00fade cardiovascular &#8211; Cr\u00e9ditos: depositphotos.com \/ TANANTORNANUTRA<\/figcaption><\/figure><\/div>\n\n\n<p>Leia tamb\u00e9m: <a href=\"https:\/\/www.correiobraziliense.com.br\/cbradar\/a-forma-mais-simples-de-plantar-limao-em-casa-e-fazer-a-arvore-produzir-muito-mais\/\" target=\"_blank\" rel=\"noreferrer noopener\">A forma mais simples de plantar lim\u00e3o em casa e fazer a \u00e1rvore produzir muito mais<\/a><\/p>\n\n\n\n<h2 class=\"wp-block-heading\">A\u00e7\u00e3o antioxidante e combate ao dano celular<\/h2>\n\n\n\n<p>A <strong>fruta-p\u00e3o<\/strong> possui significativa <strong>a\u00e7\u00e3o antioxidante<\/strong>, gra\u00e7as \u00e0 presen\u00e7a de <strong>compostos fen\u00f3licos<\/strong>, como os <strong>flavonoides<\/strong> e <strong>carotenoides<\/strong>. Esses <strong>compostos bioativos<\/strong> atuam na neutraliza\u00e7\u00e3o dos radicais livres, reduzindo o estresse oxidativo que \u00e9 um fator subjacente a muitas doen\u00e7as cr\u00f4nicas. O consumo regular de fruta-p\u00e3o \u00e9 uma forma de obter <strong>benef\u00edcios terap\u00eauticos<\/strong> de prote\u00e7\u00e3o celular, fortalecendo o organismo contra o envelhecimento precoce e o dano celular. A pesquisa de Van der Waal e colaboradores, publicada na <em>Food Chemistry<\/em>, refor\u00e7a essa capacidade:<\/p>\n\n\n\n<blockquote class=\"wp-block-quote is-layout-flow wp-block-quote-is-layout-flow\">\n<p><em>&#8220;O extrato de fruta-p\u00e3o demonstrou uma elevada capacidade de sequestro de radicais livres, correlacionada ao seu teor de polifen\u00f3is, o que indica um potencial antioxidante importante para a sa\u00fade preventiva&#8221;<\/em> (VAN DER WAAL et al., 2018).<\/p>\n<\/blockquote>\n\n\n\n<h2 class=\"wp-block-heading\">Benef\u00edcio para a sa\u00fade digestiva pela fibra<\/h2>\n\n\n\n<p>A <strong>fruta-p\u00e3o<\/strong> \u00e9 uma excelente fonte de <strong>fibras diet\u00e9ticas<\/strong>, o que confere importantes <strong>propriedades curativas<\/strong> para a <strong>sa\u00fade digestiva<\/strong>. As fibras aumentam o volume e a maciez do bolo fecal, auxiliando na preven\u00e7\u00e3o da constipa\u00e7\u00e3o intestinal e na manuten\u00e7\u00e3o da regularidade. Al\u00e9m disso, as fibras atuam como <strong>prebi\u00f3ticos<\/strong>, nutrindo a flora intestinal ben\u00e9fica e contribuindo para um microbioma saud\u00e1vel. Este \u00e9 um <strong>benef\u00edcio terap\u00eautico<\/strong> essencial para a sa\u00fade geral. Um estudo de pesquisa de B. R. Grasa e colaboradores, publicado no <em>Journal of Food Science<\/em>, confirma o valor das fibras:<\/p>\n\n\n\n<blockquote class=\"wp-block-quote is-layout-flow wp-block-quote-is-layout-flow\">\n<p><em>&#8220;O alto teor de fibra diet\u00e9tica na Artocarpus altilis contribui para a fun\u00e7\u00e3o intestinal adequada, promovendo a motilidade e a sa\u00fade da microbiota, o que \u00e9 um fator chave na preven\u00e7\u00e3o de dist\u00farbios gastrointestinais&#8221;<\/em> (GRASA et al., 2016).<\/p>\n<\/blockquote>\n\n\n\n<p>Para aprofundar essa t\u00e9cnica, selecionamos o conte\u00fado do canal da <a href=\"https:\/\/www.youtube.com\/@NutricionistaPatriciaLeite\" target=\"_blank\" rel=\"noreferrer noopener\">Nutricionista Patricia Leite<\/a>, que j\u00e1 conta com mais de 8 milh\u00f5es de inscritos. No v\u00eddeo a seguir, o canal detalha sobre os benef\u00edcios da fruta-p\u00e3o na sa\u00fade:<\/p>\n\n\n\n<figure class=\"wp-block-embed is-type-video is-provider-youtube wp-block-embed-youtube wp-embed-aspect-16-9 wp-has-aspect-ratio\"><div class=\"wp-block-embed__wrapper\">\n<div class=\"jeg_video_container jeg_video_content\"><iframe loading=\"lazy\" title=\"Benefi\u0301cios da FRUTA P\u00c3O que POUCOS CONHECEM e voc\u00ea vai AMAR - Como Comer CERTO e Dicas!\" width=\"500\" height=\"281\" src=\"https:\/\/www.youtube.com\/embed\/lUIJsKmyc74?feature=oembed\" frameborder=\"0\" allow=\"accelerometer; autoplay; clipboard-write; encrypted-media; gyroscope; picture-in-picture; web-share\" referrerpolicy=\"strict-origin-when-cross-origin\" allowfullscreen><\/iframe><\/div>\n<\/div><\/figure>\n\n\n\n<h2 class=\"wp-block-heading\">Um suporte tropical para a longevidade<\/h2>\n\n\n\n<p>A <strong>fruta-p\u00e3o<\/strong> \u00e9 um <strong>alimento funcional<\/strong> com <strong>propriedades curativas<\/strong> profundas, oferecendo um suporte essencial para o sistema cardiovascular e a digest\u00e3o. A valida\u00e7\u00e3o cient\u00edfica de seus <strong>compostos bioativos<\/strong>, como o <strong>pot\u00e1ssio<\/strong> e os <strong>flavonoides<\/strong>, refor\u00e7a seu papel como um <strong>recurso terap\u00eautico<\/strong> natural e nutritivo para a sa\u00fade e o bem-estar di\u00e1rio.<\/p>\n\n\n\n<ul class=\"wp-block-list\">\n<li>A fruta-p\u00e3o apoia a <strong>sa\u00fade cardiovascular<\/strong>, com o <strong>pot\u00e1ssio<\/strong> auxiliando na <strong>regula\u00e7\u00e3o da press\u00e3o arterial<\/strong>.<\/li>\n\n\n\n<li>Seus <strong>flavonoides<\/strong> conferem forte <strong>a\u00e7\u00e3o antioxidante<\/strong>, protegendo o organismo contra o estresse oxidativo.<\/li>\n\n\n\n<li>O alto teor de <strong>fibras<\/strong> contribui para a <strong>sa\u00fade digestiva<\/strong>, prevenindo a constipa\u00e7\u00e3o e nutrindo a microbiota.<\/li>\n<\/ul>\n\n\n\n<h2 class=\"wp-block-heading\">Refer\u00eancias bibliogr\u00e1ficas<\/h2>\n\n\n\n<ul class=\"wp-block-list\">\n<li>CORBUCCI, S. P. et al. Nutritional and therapeutic properties of breadfruit (<em>Artocarpus altilis<\/em>): a review. <em>Revista Brasileira de Farmacognosia<\/em>, v. 27, n. 4, p. 509-515, 2017.<\/li>\n\n\n\n<li>GRASA, B. R. et al. Dietary fiber content and physicochemical properties of breadfruit (<em>Artocarpus altilis<\/em>) flour. <em>Journal of Food Science<\/em>, v. 81, n. 11, p. H2752-H2760, 2016.<\/li>\n\n\n\n<li>VAN DER WAAL, T. M. H. et al. Antioxidant capacity and phenolic composition of different parts of breadfruit (<em>Artocarpus altilis<\/em>). <em>Food Chemistry<\/em>, v. 248, p. 119-126, 2018.<\/li>\n<\/ul>\n","protected":false},"excerpt":{"rendered":"<p>A fruta-p\u00e3o (Artocarpus altilis (Parkinson) Fosberg), um fruto tropical grande e de polpa amil\u00e1cea, \u00e9 um alimento b\u00e1sico em muitas regi\u00f5es tropicais, sendo uma fonte importante de carboidratos e fibras. Al\u00e9m de seu valor nutricional, a fruta-p\u00e3o possui not\u00e1veis propriedades medicinais. Seus compostos bioativos, incluindo flavonoides, fibras e pot\u00e1ssio, conferem benef\u00edcios terap\u00eauticos essenciais para a [&hellip;]<\/p>\n","protected":false},"author":9,"featured_media":148800,"comment_status":"open","ping_status":"open","sticky":false,"template":"","format":"standard","meta":{"_yoast_wpseo_focuskw":"benef\u00edcios da fruta p\u00e3o","_yoast_wpseo_title":"","_yoast_wpseo_metadesc":"Fruto tropical nutritivo com a\u00e7\u00e3o antioxidante, suporte ao cora\u00e7\u00e3o e fibras que melhoram a digest\u00e3o e fortalecem a sa\u00fade di\u00e1ria.","jnews-multi-image_gallery":[],"jnews_single_post":{"format":"standard"},"jnews_primary_category":[],"jnews_social_meta":[],"jnews_override_counter":[],"footnotes":""},"categories":[119],"tags":[12191,4099,1318],"class_list":["post-148754","post","type-post","status-publish","format-standard","has-post-thumbnail","hentry","category-bem-estar","tag-fruta-pao","tag-pressao-arterial","tag-saude-2"],"yoast_head":"<!-- This site is optimized with the Yoast SEO plugin v24.6 - https:\/\/yoast.com\/wordpress\/plugins\/seo\/ -->\n<title>O fruto que regula a press\u00e3o, protege o corpo e mant\u00e9m a digest\u00e3o funcionando bem - Correio Braziliense - Radar<\/title>\n<meta name=\"description\" content=\"Fruto tropical nutritivo com a\u00e7\u00e3o antioxidante, suporte ao cora\u00e7\u00e3o e fibras que melhoram a digest\u00e3o e fortalecem a sa\u00fade di\u00e1ria.\" \/>\n<meta name=\"robots\" content=\"index, follow, max-snippet:-1, max-image-preview:large, max-video-preview:-1\" \/>\n<link rel=\"canonical\" href=\"https:\/\/www.correiobraziliense.com.br\/cbradar\/o-fruto-que-regula-a-pressao-protege-o-corpo-e-mantem-a-digestao-funcionando-bem\/\" \/>\n<meta property=\"og:locale\" content=\"pt_BR\" \/>\n<meta property=\"og:type\" content=\"article\" \/>\n<meta property=\"og:title\" content=\"O fruto que regula a press\u00e3o, protege o corpo e mant\u00e9m a digest\u00e3o funcionando bem - Correio Braziliense - Radar\" \/>\n<meta property=\"og:description\" content=\"Fruto tropical nutritivo com a\u00e7\u00e3o antioxidante, suporte ao cora\u00e7\u00e3o e fibras que melhoram a digest\u00e3o e fortalecem a sa\u00fade di\u00e1ria.\" \/>\n<meta property=\"og:url\" content=\"https:\/\/www.correiobraziliense.com.br\/cbradar\/o-fruto-que-regula-a-pressao-protege-o-corpo-e-mantem-a-digestao-funcionando-bem\/\" \/>\n<meta property=\"og:site_name\" content=\"Correio Braziliense - Radar\" \/>\n<meta property=\"article:published_time\" content=\"2025-12-03T17:25:00+00:00\" \/>\n<meta property=\"og:image\" content=\"https:\/\/www.correiobraziliense.com.br\/cbradar\/wp-content\/uploads\/2025\/12\/freepik__uma-mesa-rstica-de-madeira-com-uma-frutapo-aberta-__38983.jpeg\" \/>\n\t<meta property=\"og:image:width\" content=\"1280\" \/>\n\t<meta property=\"og:image:height\" content=\"720\" \/>\n\t<meta property=\"og:image:type\" content=\"image\/jpeg\" \/>\n<meta name=\"author\" content=\"Daniely Cardoso\" \/>\n<meta name=\"twitter:card\" content=\"summary_large_image\" \/>\n<meta name=\"twitter:label1\" content=\"Escrito por\" \/>\n\t<meta name=\"twitter:data1\" content=\"Daniely Cardoso\" \/>\n\t<meta name=\"twitter:label2\" content=\"Est. tempo de leitura\" \/>\n\t<meta name=\"twitter:data2\" content=\"4 minutos\" \/>\n<!-- \/ Yoast SEO plugin. -->","yoast_head_json":{"title":"O fruto que regula a press\u00e3o, protege o corpo e mant\u00e9m a digest\u00e3o funcionando bem - Correio Braziliense - Radar","description":"Fruto tropical nutritivo com a\u00e7\u00e3o antioxidante, suporte ao cora\u00e7\u00e3o e fibras que melhoram a digest\u00e3o e fortalecem a sa\u00fade di\u00e1ria.","robots":{"index":"index","follow":"follow","max-snippet":"max-snippet:-1","max-image-preview":"max-image-preview:large","max-video-preview":"max-video-preview:-1"},"canonical":"https:\/\/www.correiobraziliense.com.br\/cbradar\/o-fruto-que-regula-a-pressao-protege-o-corpo-e-mantem-a-digestao-funcionando-bem\/","og_locale":"pt_BR","og_type":"article","og_title":"O fruto que regula a press\u00e3o, protege o corpo e mant\u00e9m a digest\u00e3o funcionando bem - Correio Braziliense - Radar","og_description":"Fruto tropical nutritivo com a\u00e7\u00e3o antioxidante, suporte ao cora\u00e7\u00e3o e fibras que melhoram a digest\u00e3o e fortalecem a sa\u00fade di\u00e1ria.","og_url":"https:\/\/www.correiobraziliense.com.br\/cbradar\/o-fruto-que-regula-a-pressao-protege-o-corpo-e-mantem-a-digestao-funcionando-bem\/","og_site_name":"Correio Braziliense - Radar","article_published_time":"2025-12-03T17:25:00+00:00","og_image":[{"width":1280,"height":720,"url":"https:\/\/www.correiobraziliense.com.br\/cbradar\/wp-content\/uploads\/2025\/12\/freepik__uma-mesa-rstica-de-madeira-com-uma-frutapo-aberta-__38983.jpeg","type":"image\/jpeg"}],"author":"Daniely Cardoso","twitter_card":"summary_large_image","twitter_misc":{"Escrito por":"Daniely Cardoso","Est. tempo de leitura":"4 minutos"},"schema":{"@context":"https:\/\/schema.org","@graph":[{"@type":"WebPage","@id":"https:\/\/www.correiobraziliense.com.br\/cbradar\/o-fruto-que-regula-a-pressao-protege-o-corpo-e-mantem-a-digestao-funcionando-bem\/","url":"https:\/\/www.correiobraziliense.com.br\/cbradar\/o-fruto-que-regula-a-pressao-protege-o-corpo-e-mantem-a-digestao-funcionando-bem\/","name":"O fruto que regula a press\u00e3o, protege o corpo e mant\u00e9m a digest\u00e3o funcionando bem - Correio Braziliense - Radar","isPartOf":{"@id":"https:\/\/www.correiobraziliense.com.br\/cbradar\/#website"},"primaryImageOfPage":{"@id":"https:\/\/www.correiobraziliense.com.br\/cbradar\/o-fruto-que-regula-a-pressao-protege-o-corpo-e-mantem-a-digestao-funcionando-bem\/#primaryimage"},"image":{"@id":"https:\/\/www.correiobraziliense.com.br\/cbradar\/o-fruto-que-regula-a-pressao-protege-o-corpo-e-mantem-a-digestao-funcionando-bem\/#primaryimage"},"thumbnailUrl":"https:\/\/www.correiobraziliense.com.br\/cbradar\/wp-content\/uploads\/2025\/12\/freepik__uma-mesa-rstica-de-madeira-com-uma-frutapo-aberta-__38983.jpeg","datePublished":"2025-12-03T17:25:00+00:00","author":{"@id":"https:\/\/www.correiobraziliense.com.br\/cbradar\/#\/schema\/person\/7356666e12ec0ee53f348ee5db227032"},"description":"Fruto tropical nutritivo com a\u00e7\u00e3o antioxidante, suporte ao cora\u00e7\u00e3o e fibras que melhoram a digest\u00e3o e fortalecem a sa\u00fade di\u00e1ria.","breadcrumb":{"@id":"https:\/\/www.correiobraziliense.com.br\/cbradar\/o-fruto-que-regula-a-pressao-protege-o-corpo-e-mantem-a-digestao-funcionando-bem\/#breadcrumb"},"inLanguage":"pt-BR","potentialAction":[{"@type":"ReadAction","target":["https:\/\/www.correiobraziliense.com.br\/cbradar\/o-fruto-que-regula-a-pressao-protege-o-corpo-e-mantem-a-digestao-funcionando-bem\/"]}]},{"@type":"ImageObject","inLanguage":"pt-BR","@id":"https:\/\/www.correiobraziliense.com.br\/cbradar\/o-fruto-que-regula-a-pressao-protege-o-corpo-e-mantem-a-digestao-funcionando-bem\/#primaryimage","url":"https:\/\/www.correiobraziliense.com.br\/cbradar\/wp-content\/uploads\/2025\/12\/freepik__uma-mesa-rstica-de-madeira-com-uma-frutapo-aberta-__38983.jpeg","contentUrl":"https:\/\/www.correiobraziliense.com.br\/cbradar\/wp-content\/uploads\/2025\/12\/freepik__uma-mesa-rstica-de-madeira-com-uma-frutapo-aberta-__38983.jpeg","width":1280,"height":720,"caption":"Rica em carboidratos complexos que fornecem energia de forma gradual ao organismo"},{"@type":"BreadcrumbList","@id":"https:\/\/www.correiobraziliense.com.br\/cbradar\/o-fruto-que-regula-a-pressao-protege-o-corpo-e-mantem-a-digestao-funcionando-bem\/#breadcrumb","itemListElement":[{"@type":"ListItem","position":1,"name":"In\u00edcio","item":"https:\/\/www.correiobraziliense.com.br\/cbradar\/"},{"@type":"ListItem","position":2,"name":"O fruto que regula a press\u00e3o, protege o corpo e mant\u00e9m a digest\u00e3o funcionando bem"}]},{"@type":"WebSite","@id":"https:\/\/www.correiobraziliense.com.br\/cbradar\/#website","url":"https:\/\/www.correiobraziliense.com.br\/cbradar\/","name":"Correio Braziliense - Radar","description":"Acompanhe as \u00faltimas not\u00edcias e fique bem informado sobre tudo o que acontece no Brasil e no mundo.","potentialAction":[{"@type":"SearchAction","target":{"@type":"EntryPoint","urlTemplate":"https:\/\/www.correiobraziliense.com.br\/cbradar\/?s={search_term_string}"},"query-input":{"@type":"PropertyValueSpecification","valueRequired":true,"valueName":"search_term_string"}}],"inLanguage":"pt-BR"},{"@type":"Person","@id":"https:\/\/www.correiobraziliense.com.br\/cbradar\/#\/schema\/person\/7356666e12ec0ee53f348ee5db227032","name":"Daniely Cardoso","image":{"@type":"ImageObject","inLanguage":"pt-BR","@id":"https:\/\/www.correiobraziliense.com.br\/cbradar\/#\/schema\/person\/image\/","url":"https:\/\/secure.gravatar.com\/avatar\/4b80ddbd124d1f071b626d52d62e5dff?s=96&d=mm&r=g","contentUrl":"https:\/\/secure.gravatar.com\/avatar\/4b80ddbd124d1f071b626d52d62e5dff?s=96&d=mm&r=g","caption":"Daniely Cardoso"},"description":"Redatora nos portais CB Radar e EM Foco, formada pela Universidade Federal de Goi\u00e1s, em Goi\u00e2nia. Apaixonada por comunica\u00e7\u00e3o, arte, decora\u00e7\u00e3o e tend\u00eancias, atuo na produ\u00e7\u00e3o de conte\u00fados envolventes sobre curiosidades, moda, beleza e paisagismo, sempre com um olhar atento \u00e0s novidades do momento.","sameAs":["https:\/\/www.correiobraziliense.com.br\/cbradar"],"url":"https:\/\/www.correiobraziliense.com.br\/cbradar\/author\/danielymyth\/"}]}},"_links":{"self":[{"href":"https:\/\/www.correiobraziliense.com.br\/cbradar\/wp-json\/wp\/v2\/posts\/148754","targetHints":{"allow":["GET"]}}],"collection":[{"href":"https:\/\/www.correiobraziliense.com.br\/cbradar\/wp-json\/wp\/v2\/posts"}],"about":[{"href":"https:\/\/www.correiobraziliense.com.br\/cbradar\/wp-json\/wp\/v2\/types\/post"}],"author":[{"embeddable":true,"href":"https:\/\/www.correiobraziliense.com.br\/cbradar\/wp-json\/wp\/v2\/users\/9"}],"replies":[{"embeddable":true,"href":"https:\/\/www.correiobraziliense.com.br\/cbradar\/wp-json\/wp\/v2\/comments?post=148754"}],"version-history":[{"count":2,"href":"https:\/\/www.correiobraziliense.com.br\/cbradar\/wp-json\/wp\/v2\/posts\/148754\/revisions"}],"predecessor-version":[{"id":148760,"href":"https:\/\/www.correiobraziliense.com.br\/cbradar\/wp-json\/wp\/v2\/posts\/148754\/revisions\/148760"}],"wp:featuredmedia":[{"embeddable":true,"href":"https:\/\/www.correiobraziliense.com.br\/cbradar\/wp-json\/wp\/v2\/media\/148800"}],"wp:attachment":[{"href":"https:\/\/www.correiobraziliense.com.br\/cbradar\/wp-json\/wp\/v2\/media?parent=148754"}],"wp:term":[{"taxonomy":"category","embeddable":true,"href":"https:\/\/www.correiobraziliense.com.br\/cbradar\/wp-json\/wp\/v2\/categories?post=148754"},{"taxonomy":"post_tag","embeddable":true,"href":"https:\/\/www.correiobraziliense.com.br\/cbradar\/wp-json\/wp\/v2\/tags?post=148754"}],"curies":[{"name":"wp","href":"https:\/\/api.w.org\/{rel}","templated":true}]}}