{"id":14878,"date":"2025-03-24T21:30:00","date_gmt":"2025-03-25T00:30:00","guid":{"rendered":"https:\/\/www.correiobraziliense.com.br\/cbradar\/?p=14878"},"modified":"2025-03-22T16:42:05","modified_gmt":"2025-03-22T19:42:05","slug":"conheca-a-cidade-que-se-mudou-de-lugar","status":"publish","type":"post","link":"https:\/\/www.correiobraziliense.com.br\/cbradar\/conheca-a-cidade-que-se-mudou-de-lugar\/","title":{"rendered":"Conhe\u00e7a a cidade que se mudou de lugar"},"content":{"rendered":"\n<p>No extremo norte da <strong>Su\u00e9cia<\/strong>, dentro do C\u00edrculo Polar \u00c1rtico, est\u00e1 <strong>Kiruna<\/strong>, uma cidade onde o imposs\u00edvel aconteceu: <strong>ela est\u00e1 sendo concentrada de lugar inteiro, pr\u00e9dio por pr\u00e9dio<\/strong>. E o motivo? A <strong>minera\u00e7\u00e3o subterr\u00e2nea<\/strong> de ferro, principal motor da economia local, come\u00e7ou a <strong>variar a estabilidade do solo<\/strong>, tornando o antigo centro da cidade inseguro para os moradores.<\/p>\n\n\n\n<h2 class=\"wp-block-heading\">Por que Kiruna est\u00e1 sendo realocada?<\/h2>\n\n\n\n<p>Kiruna abriga a <strong>maior mina de min\u00e9rio de ferro do mundo<\/strong>, operada pela estatal sueca <strong>LKAB (Luossavaara-Kiirunavaara AB)<\/strong>. A minera\u00e7\u00e3o \u00e9 extra\u00edda em grande escala desde o s\u00e9culo XX, mas a expans\u00e3o da mina gerou <strong>rachaduras n\u00e3o s\u00f3 e risco de naufr\u00e1gio<\/strong>.<\/p>\n\n\n\n<p>Em 2004, foi tomada uma decis\u00e3o ousada: <strong>realocar o centro urbano inteiro de Kiruna para uma nova \u00e1rea, a 3 km de dist\u00e2ncia<\/strong>. A transfer\u00eancia come\u00e7ou oficialmente em <strong>2013<\/strong> e deve continuar at\u00e9 <strong>2035<\/strong>, envolvendo:<\/p>\n\n\n\n<ul class=\"wp-block-list\">\n<li><strong>Edif\u00edcios hist\u00f3ricos<\/strong>, desmontados e remontados no novo local.<\/li>\n\n\n\n<li><strong>Casas residenciais e pr\u00e9dios p\u00fablicos<\/strong>, realocados ou reconstru\u00eddos com apoio do governo.<\/li>\n\n\n\n<li><strong>A constru\u00e7\u00e3o de uma nova esta\u00e7\u00e3o de trem, prefeitura e escolas<\/strong>.<\/li>\n<\/ul>\n\n\n\n<figure class=\"wp-block-image size-large\"><img decoding=\"async\" width=\"1024\" height=\"576\" src=\"https:\/\/www.correiobraziliense.com.br\/cbradar\/wp-content\/uploads\/2025\/03\/Kiruna_1742647028567-1024x576.jpg\" alt=\"Conhe\u00e7a a cidade que se mudou de lugar\" class=\"wp-image-14882\" srcset=\"https:\/\/www.correiobraziliense.com.br\/cbradar\/wp-content\/uploads\/2025\/03\/Kiruna_1742647028567-1024x576.jpg 1024w, https:\/\/www.correiobraziliense.com.br\/cbradar\/wp-content\/uploads\/2025\/03\/Kiruna_1742647028567-300x169.jpg 300w, https:\/\/www.correiobraziliense.com.br\/cbradar\/wp-content\/uploads\/2025\/03\/Kiruna_1742647028567-768x432.jpg 768w, https:\/\/www.correiobraziliense.com.br\/cbradar\/wp-content\/uploads\/2025\/03\/Kiruna_1742647028567-750x422.jpg 750w, https:\/\/www.correiobraziliense.com.br\/cbradar\/wp-content\/uploads\/2025\/03\/Kiruna_1742647028567-1140x641.jpg 1140w, https:\/\/www.correiobraziliense.com.br\/cbradar\/wp-content\/uploads\/2025\/03\/Kiruna_1742647028567.jpg 1280w\" sizes=\"(max-width: 1024px) 100vw, 1024px\" \/><figcaption class=\"wp-element-caption\">Kiruna. Cr\u00e9ditos: depositphotos.com \/ 360ber<\/figcaption><\/figure>\n\n\n\n<h2 class=\"wp-block-heading\">Como est\u00e1 sendo feita a mudan\u00e7a?<\/h2>\n\n\n\n<p>O processo de mudan\u00e7a \u00e9 altamente organizado, envolvendo arquitetos, engenheiros, historiadores e a comunidade local. Entre os passos principais est\u00e3o:<\/p>\n\n\n\n<ul class=\"wp-block-list\">\n<li><strong>Realoca\u00e7\u00e3o f\u00edsica de casas e edif\u00edcios em blocos inteiros<\/strong>, com guindastes e ve\u00edculos especiais.<\/li>\n\n\n\n<li><strong>R\u00e9plica campo de pr\u00e9dios importantes<\/strong>, caso n\u00e3o seja poss\u00edvel mov\u00ea-los literalmente.<\/li>\n\n\n\n<li><strong>Apoio financeiro aos moradores<\/strong>, que recebem ajuda para se estabelecer no novo bairro.<\/li>\n\n\n\n<li><strong>Preserva\u00e7\u00e3o da identidade cultural<\/strong>, com o envolvimento da popula\u00e7\u00e3o em decis\u00f5es urban\u00edsticas.<\/li>\n<\/ul>\n\n\n\n<h2 class=\"wp-block-heading\">Curiosidades sobre Kiruna<\/h2>\n\n\n\n<ul class=\"wp-block-list\">\n<li><strong>A cidade tem cerca de 18 mil habitantes<\/strong> e \u00e9 uma das mais ao norte da Europa.<\/li>\n\n\n\n<li><strong>A Igreja de Kiruna, um dos edif\u00edcios de madeira mais bonitos da Su\u00e9cia, foi fornecida para o novo local.<\/strong><\/li>\n\n\n\n<li><strong>Kiruna \u00e9 um dos melhores lugares do mundo para observar a aurora boreal.<\/strong><\/li>\n\n\n\n<li><strong>O novo plano urbano foca em sustentabilidade, acessibilidade e design n\u00f3rdico moderno.<\/strong><\/li>\n\n\n\n<li><strong>A mudan\u00e7a \u00e9 considerada uma das maiores realoca\u00e7\u00f5es urbanas planejadas da hist\u00f3ria.<\/strong><\/li>\n<\/ul>\n\n\n\n<p>Kiruna \u00e9 um caso \u00fanico no mundo: uma cidade inteira que est\u00e1 <strong>mudando de lugar para sobreviver<\/strong>, sem deixar para tr\u00e1s sua hist\u00f3ria, arquitetura ou identidade.<\/p>\n","protected":false},"excerpt":{"rendered":"<p>Uma cidade na Su\u00e9cia est\u00e1 sendo limitada. Conhe\u00e7a o lugar onde pr\u00e9dios inteiros est\u00e3o mudando de lugar para salvar o futuro.<\/p>\n","protected":false},"author":3,"featured_media":14881,"comment_status":"open","ping_status":"open","sticky":false,"template":"","format":"standard","meta":{"_yoast_wpseo_focuskw":"cidade mudou lugar","_yoast_wpseo_title":"%%title%%","_yoast_wpseo_metadesc":"Uma cidade na Su\u00e9cia est\u00e1 sendo limitada. Conhe\u00e7a o lugar onde pr\u00e9dios inteiros est\u00e3o mudando de lugar para salvar o futuro.","jnews-multi-image_gallery":[],"jnews_single_post":{"format":"standard"},"jnews_primary_category":[],"jnews_social_meta":[],"jnews_override_counter":[],"footnotes":""},"categories":[108],"tags":[109],"class_list":["post-14878","post","type-post","status-publish","format-standard","has-post-thumbnail","hentry","category-cidades","tag-cidades"],"yoast_head":"<!-- This site is optimized with the Yoast SEO plugin v24.6 - https:\/\/yoast.com\/wordpress\/plugins\/seo\/ -->\n<title>Conhe\u00e7a a cidade que se mudou de lugar<\/title>\n<meta name=\"description\" content=\"Uma cidade na Su\u00e9cia est\u00e1 sendo limitada. Conhe\u00e7a o lugar onde pr\u00e9dios inteiros est\u00e3o mudando de lugar para salvar o futuro.\" \/>\n<meta name=\"robots\" content=\"index, follow, max-snippet:-1, max-image-preview:large, max-video-preview:-1\" \/>\n<link rel=\"canonical\" href=\"https:\/\/www.correiobraziliense.com.br\/cbradar\/conheca-a-cidade-que-se-mudou-de-lugar\/\" \/>\n<meta property=\"og:locale\" content=\"pt_BR\" \/>\n<meta property=\"og:type\" content=\"article\" \/>\n<meta property=\"og:title\" content=\"Conhe\u00e7a a cidade que se mudou de lugar\" \/>\n<meta property=\"og:description\" content=\"Uma cidade na Su\u00e9cia est\u00e1 sendo limitada. Conhe\u00e7a o lugar onde pr\u00e9dios inteiros est\u00e3o mudando de lugar para salvar o futuro.\" \/>\n<meta property=\"og:url\" content=\"https:\/\/www.correiobraziliense.com.br\/cbradar\/conheca-a-cidade-que-se-mudou-de-lugar\/\" \/>\n<meta property=\"og:site_name\" content=\"Correio Braziliense - Radar\" \/>\n<meta property=\"article:published_time\" content=\"2025-03-25T00:30:00+00:00\" \/>\n<meta property=\"og:image\" content=\"https:\/\/www.correiobraziliense.com.br\/cbradar\/wp-content\/uploads\/2025\/03\/Kiruna_1742647008172.jpg\" \/>\n\t<meta property=\"og:image:width\" content=\"1280\" \/>\n\t<meta property=\"og:image:height\" content=\"720\" \/>\n\t<meta property=\"og:image:type\" content=\"image\/jpeg\" \/>\n<meta name=\"author\" content=\"Larissa Carvalho\" \/>\n<meta name=\"twitter:card\" content=\"summary_large_image\" \/>\n<meta name=\"twitter:label1\" content=\"Escrito por\" \/>\n\t<meta name=\"twitter:data1\" content=\"Larissa Carvalho\" \/>\n\t<meta name=\"twitter:label2\" content=\"Est. tempo de leitura\" \/>\n\t<meta name=\"twitter:data2\" content=\"3 minutos\" \/>\n<!-- \/ Yoast SEO plugin. -->","yoast_head_json":{"title":"Conhe\u00e7a a cidade que se mudou de lugar","description":"Uma cidade na Su\u00e9cia est\u00e1 sendo limitada. Conhe\u00e7a o lugar onde pr\u00e9dios inteiros est\u00e3o mudando de lugar para salvar o futuro.","robots":{"index":"index","follow":"follow","max-snippet":"max-snippet:-1","max-image-preview":"max-image-preview:large","max-video-preview":"max-video-preview:-1"},"canonical":"https:\/\/www.correiobraziliense.com.br\/cbradar\/conheca-a-cidade-que-se-mudou-de-lugar\/","og_locale":"pt_BR","og_type":"article","og_title":"Conhe\u00e7a a cidade que se mudou de lugar","og_description":"Uma cidade na Su\u00e9cia est\u00e1 sendo limitada. Conhe\u00e7a o lugar onde pr\u00e9dios inteiros est\u00e3o mudando de lugar para salvar o futuro.","og_url":"https:\/\/www.correiobraziliense.com.br\/cbradar\/conheca-a-cidade-que-se-mudou-de-lugar\/","og_site_name":"Correio Braziliense - Radar","article_published_time":"2025-03-25T00:30:00+00:00","og_image":[{"width":1280,"height":720,"url":"https:\/\/www.correiobraziliense.com.br\/cbradar\/wp-content\/uploads\/2025\/03\/Kiruna_1742647008172.jpg","type":"image\/jpeg"}],"author":"Larissa Carvalho","twitter_card":"summary_large_image","twitter_misc":{"Escrito por":"Larissa Carvalho","Est. tempo de leitura":"3 minutos"},"schema":{"@context":"https:\/\/schema.org","@graph":[{"@type":"WebPage","@id":"https:\/\/www.correiobraziliense.com.br\/cbradar\/conheca-a-cidade-que-se-mudou-de-lugar\/","url":"https:\/\/www.correiobraziliense.com.br\/cbradar\/conheca-a-cidade-que-se-mudou-de-lugar\/","name":"Conhe\u00e7a a cidade que se mudou de lugar","isPartOf":{"@id":"https:\/\/www.correiobraziliense.com.br\/cbradar\/#website"},"primaryImageOfPage":{"@id":"https:\/\/www.correiobraziliense.com.br\/cbradar\/conheca-a-cidade-que-se-mudou-de-lugar\/#primaryimage"},"image":{"@id":"https:\/\/www.correiobraziliense.com.br\/cbradar\/conheca-a-cidade-que-se-mudou-de-lugar\/#primaryimage"},"thumbnailUrl":"https:\/\/www.correiobraziliense.com.br\/cbradar\/wp-content\/uploads\/2025\/03\/Kiruna_1742647008172.jpg","datePublished":"2025-03-25T00:30:00+00:00","author":{"@id":"https:\/\/www.correiobraziliense.com.br\/cbradar\/#\/schema\/person\/58422787644df994b53a19d3e56c1513"},"description":"Uma cidade na Su\u00e9cia est\u00e1 sendo limitada. Conhe\u00e7a o lugar onde pr\u00e9dios inteiros est\u00e3o mudando de lugar para salvar o futuro.","breadcrumb":{"@id":"https:\/\/www.correiobraziliense.com.br\/cbradar\/conheca-a-cidade-que-se-mudou-de-lugar\/#breadcrumb"},"inLanguage":"pt-BR","potentialAction":[{"@type":"ReadAction","target":["https:\/\/www.correiobraziliense.com.br\/cbradar\/conheca-a-cidade-que-se-mudou-de-lugar\/"]}]},{"@type":"ImageObject","inLanguage":"pt-BR","@id":"https:\/\/www.correiobraziliense.com.br\/cbradar\/conheca-a-cidade-que-se-mudou-de-lugar\/#primaryimage","url":"https:\/\/www.correiobraziliense.com.br\/cbradar\/wp-content\/uploads\/2025\/03\/Kiruna_1742647008172.jpg","contentUrl":"https:\/\/www.correiobraziliense.com.br\/cbradar\/wp-content\/uploads\/2025\/03\/Kiruna_1742647008172.jpg","width":1280,"height":720,"caption":"Kiruna. Cr\u00e9ditos: depositphotos.com \/ gints.ivuskans"},{"@type":"BreadcrumbList","@id":"https:\/\/www.correiobraziliense.com.br\/cbradar\/conheca-a-cidade-que-se-mudou-de-lugar\/#breadcrumb","itemListElement":[{"@type":"ListItem","position":1,"name":"In\u00edcio","item":"https:\/\/www.correiobraziliense.com.br\/cbradar\/"},{"@type":"ListItem","position":2,"name":"Conhe\u00e7a a cidade que se mudou de lugar"}]},{"@type":"WebSite","@id":"https:\/\/www.correiobraziliense.com.br\/cbradar\/#website","url":"https:\/\/www.correiobraziliense.com.br\/cbradar\/","name":"Correio Braziliense - Radar","description":"Acompanhe as \u00faltimas not\u00edcias e fique bem informado sobre tudo o que acontece no Brasil e no mundo.","potentialAction":[{"@type":"SearchAction","target":{"@type":"EntryPoint","urlTemplate":"https:\/\/www.correiobraziliense.com.br\/cbradar\/?s={search_term_string}"},"query-input":{"@type":"PropertyValueSpecification","valueRequired":true,"valueName":"search_term_string"}}],"inLanguage":"pt-BR"},{"@type":"Person","@id":"https:\/\/www.correiobraziliense.com.br\/cbradar\/#\/schema\/person\/58422787644df994b53a19d3e56c1513","name":"Larissa Carvalho","image":{"@type":"ImageObject","inLanguage":"pt-BR","@id":"https:\/\/www.correiobraziliense.com.br\/cbradar\/#\/schema\/person\/image\/","url":"https:\/\/secure.gravatar.com\/avatar\/fe4f91a0de32b52a838d0d612abdc1aa?s=96&d=mm&r=g","contentUrl":"https:\/\/secure.gravatar.com\/avatar\/fe4f91a0de32b52a838d0d612abdc1aa?s=96&d=mm&r=g","caption":"Larissa Carvalho"},"url":"https:\/\/www.correiobraziliense.com.br\/cbradar\/author\/larissamyth\/"}]}},"_links":{"self":[{"href":"https:\/\/www.correiobraziliense.com.br\/cbradar\/wp-json\/wp\/v2\/posts\/14878","targetHints":{"allow":["GET"]}}],"collection":[{"href":"https:\/\/www.correiobraziliense.com.br\/cbradar\/wp-json\/wp\/v2\/posts"}],"about":[{"href":"https:\/\/www.correiobraziliense.com.br\/cbradar\/wp-json\/wp\/v2\/types\/post"}],"author":[{"embeddable":true,"href":"https:\/\/www.correiobraziliense.com.br\/cbradar\/wp-json\/wp\/v2\/users\/3"}],"replies":[{"embeddable":true,"href":"https:\/\/www.correiobraziliense.com.br\/cbradar\/wp-json\/wp\/v2\/comments?post=14878"}],"version-history":[{"count":1,"href":"https:\/\/www.correiobraziliense.com.br\/cbradar\/wp-json\/wp\/v2\/posts\/14878\/revisions"}],"predecessor-version":[{"id":14883,"href":"https:\/\/www.correiobraziliense.com.br\/cbradar\/wp-json\/wp\/v2\/posts\/14878\/revisions\/14883"}],"wp:featuredmedia":[{"embeddable":true,"href":"https:\/\/www.correiobraziliense.com.br\/cbradar\/wp-json\/wp\/v2\/media\/14881"}],"wp:attachment":[{"href":"https:\/\/www.correiobraziliense.com.br\/cbradar\/wp-json\/wp\/v2\/media?parent=14878"}],"wp:term":[{"taxonomy":"category","embeddable":true,"href":"https:\/\/www.correiobraziliense.com.br\/cbradar\/wp-json\/wp\/v2\/categories?post=14878"},{"taxonomy":"post_tag","embeddable":true,"href":"https:\/\/www.correiobraziliense.com.br\/cbradar\/wp-json\/wp\/v2\/tags?post=14878"}],"curies":[{"name":"wp","href":"https:\/\/api.w.org\/{rel}","templated":true}]}}