{"id":14884,"date":"2025-03-24T21:50:00","date_gmt":"2025-03-25T00:50:00","guid":{"rendered":"https:\/\/www.correiobraziliense.com.br\/cbradar\/?p=14884"},"modified":"2025-03-22T16:41:59","modified_gmt":"2025-03-22T19:41:59","slug":"conheca-a-cidade-onde-a-populacao-mora-em-cavernas-ate-hoje","status":"publish","type":"post","link":"https:\/\/www.correiobraziliense.com.br\/cbradar\/conheca-a-cidade-onde-a-populacao-mora-em-cavernas-ate-hoje\/","title":{"rendered":"Conhe\u00e7a a cidade onde a popula\u00e7\u00e3o mora em cavernas at\u00e9 hoje"},"content":{"rendered":"\n<p>Na prov\u00edncia de <strong>Granada<\/strong>, no sul da <strong>Espanha<\/strong>, existe uma cidade onde centenas de pessoas ainda <strong>vivem em cavernas escavadas nas montanhas<\/strong>. Esse lugar \u00e9 <strong>Guadix<\/strong>, uma das localidades mais antigas da Pen\u00ednsula Ib\u00e9rica e famosa pelo seu <strong>bairro troglodita<\/strong>, onde o passado e o presente se misturam de forma surpreendente.<\/p>\n\n\n\n<h2 class=\"wp-block-heading\">Por que as pessoas vivem em cavernas em Guadix?<\/h2>\n\n\n\n<p>As cavernas de Guadix foram habitadas h\u00e1 s\u00e9culos, provavelmente durante a \u00e9poca <strong>mouro-crist\u00e3<\/strong> da Idade M\u00e9dia. Com o tempo, os moradores da regi\u00e3o perceberam que esse tipo de moradia oferece <strong>vantagens naturais importantes<\/strong>, especialmente em uma regi\u00e3o com <strong>ver\u00f5es escaldantes e invernos frios<\/strong>:<\/p>\n\n\n\n<ul class=\"wp-block-list\">\n<li><strong>Temperatura interna constante<\/strong> (entre 18\u202f\u00b0C \u200b\u200be 20\u202f\u00b0C o ano inteiro)<\/li>\n\n\n\n<li><strong>Isolamento t\u00e9rmico e ac\u00fastico<\/strong><\/li>\n\n\n\n<li><strong>Baixo custo de constru\u00e7\u00e3o<\/strong>, j\u00e1 que o material vem da pr\u00f3pria terra escavada<\/li>\n<\/ul>\n\n\n\n<p>Atualmente, mais de <strong>2.000 pessoas vivem nessas cavernas modernizadas<\/strong>, com luz el\u00e9trica, internet, \u00e1gua encanada e decora\u00e7\u00e3o personalizada.<\/p>\n\n\n\n<figure class=\"wp-block-image size-large\"><img decoding=\"async\" width=\"1024\" height=\"576\" src=\"https:\/\/www.correiobraziliense.com.br\/cbradar\/wp-content\/uploads\/2025\/03\/Granada_1742647163400-1024x576.jpg\" alt=\"Conhe\u00e7a a cidade onde a popula\u00e7\u00e3o mora em cavernas at\u00e9 hoje\" class=\"wp-image-14886\" srcset=\"https:\/\/www.correiobraziliense.com.br\/cbradar\/wp-content\/uploads\/2025\/03\/Granada_1742647163400-1024x576.jpg 1024w, https:\/\/www.correiobraziliense.com.br\/cbradar\/wp-content\/uploads\/2025\/03\/Granada_1742647163400-300x169.jpg 300w, https:\/\/www.correiobraziliense.com.br\/cbradar\/wp-content\/uploads\/2025\/03\/Granada_1742647163400-768x432.jpg 768w, https:\/\/www.correiobraziliense.com.br\/cbradar\/wp-content\/uploads\/2025\/03\/Granada_1742647163400-750x422.jpg 750w, https:\/\/www.correiobraziliense.com.br\/cbradar\/wp-content\/uploads\/2025\/03\/Granada_1742647163400-1140x641.jpg 1140w, https:\/\/www.correiobraziliense.com.br\/cbradar\/wp-content\/uploads\/2025\/03\/Granada_1742647163400.jpg 1280w\" sizes=\"(max-width: 1024px) 100vw, 1024px\" \/><figcaption class=\"wp-element-caption\">Granada. Cr\u00e9ditos: depositphotos.com \/ kavita<\/figcaption><\/figure>\n\n\n\n<h2 class=\"wp-block-heading\">Como s\u00e3o as casas-caverna hoje?<\/h2>\n\n\n\n<p>Embora por fora muitas delas pare\u00e7am simples buracos nas colinas, por dentro das cavernas de Guadix s\u00e3o <strong>casas completas e confort\u00e1veis<\/strong>. Eles t\u00eam:<\/p>\n\n\n\n<ul class=\"wp-block-list\">\n<li><strong>Comodos escavados em diferentes acabamentos<\/strong>, como salas, quartos e cozinhas<\/li>\n\n\n\n<li><strong>Paredes caiadas de branco<\/strong>, t\u00edpicas da Andaluzia<\/li>\n\n\n\n<li><strong>Chamin\u00e9s e entradas vis\u00edveis do lado de fora<\/strong>, o que cria um visual curioso nas montanhas<\/li>\n\n\n\n<li><strong>Algumas foram convertidas em hot\u00e9is, museus e restaurantes<\/strong>, oferecendo uma experi\u00eancia \u00fanica para visitantes<\/li>\n<\/ul>\n\n\n\n<p>O <strong>Bairro de las Cuevas<\/strong> (bairro das cavernas) \u00e9 a principal \u00e1rea troglodita da cidade e hoje \u00e9 <strong>protegido como patrim\u00f4nio cultural<\/strong>.<\/p>\n\n\n\n<h2 class=\"wp-block-heading\">Curiosidades sobre Guadix<\/h2>\n\n\n\n<ul class=\"wp-block-list\">\n<li><strong>Guadix tem mais de 4.000 cavernas registradas<\/strong>, sendo a maior concentra\u00e7\u00e3o da Europa.<\/li>\n\n\n\n<li><strong>As cavernas s\u00e3o esculpidas no \u201cbadlands\u201d granadino<\/strong>, uma paisagem \u00e1rida e de solo f\u00e1cil de escavar.<\/li>\n\n\n\n<li><strong>A cidade tamb\u00e9m tem vest\u00edgios romanos e \u00e1rabes<\/strong>, incluindo um antigo teatro romano.<\/li>\n\n\n\n<li><strong>O Centro de Interpreta\u00e7\u00e3o Cuevas de Guadix<\/strong> permite que os turistas conhe\u00e7am a hist\u00f3ria e estrutura dessas casas.<\/li>\n\n\n\n<li><strong>As cavernas possuem excelente isolamento t\u00e9rmico, mesmo com neve nos invernos andaluzes.<\/strong><\/li>\n<\/ul>\n\n\n\n<p>Guadix \u00e9 um exemplo de como <strong>a arquitetura pode se adaptar perfeitamente \u00e0 natureza<\/strong>, criando espa\u00e7os funcionais, sustent\u00e1veis \u200b\u200be cheios de hist\u00f3ria.<\/p>\n","protected":false},"excerpt":{"rendered":"<p>Em uma cidade espanhola, milhares de pessoas vivem em cavernas com conforto e tradi\u00e7\u00e3o. Conhe\u00e7a Guadix, onde o passado ainda \u00e9 lar no presente!<\/p>\n","protected":false},"author":3,"featured_media":14885,"comment_status":"open","ping_status":"open","sticky":false,"template":"","format":"standard","meta":{"_yoast_wpseo_focuskw":"cidade cavernas","_yoast_wpseo_title":"%%title%%","_yoast_wpseo_metadesc":"Em uma cidade espanhola, milhares de pessoas vivem em cavernas com conforto e tradi\u00e7\u00e3o. Conhe\u00e7a Guadix, onde o passado ainda \u00e9 lar no presente!","jnews-multi-image_gallery":[],"jnews_single_post":{"format":"standard"},"jnews_primary_category":[],"jnews_social_meta":[],"jnews_override_counter":[],"footnotes":""},"categories":[108],"tags":[109],"class_list":["post-14884","post","type-post","status-publish","format-standard","has-post-thumbnail","hentry","category-cidades","tag-cidades"],"yoast_head":"<!-- This site is optimized with the Yoast SEO plugin v24.6 - https:\/\/yoast.com\/wordpress\/plugins\/seo\/ -->\n<title>Conhe\u00e7a a cidade onde a popula\u00e7\u00e3o mora em cavernas at\u00e9 hoje<\/title>\n<meta name=\"description\" content=\"Em uma cidade espanhola, milhares de pessoas vivem em cavernas com conforto e tradi\u00e7\u00e3o. Conhe\u00e7a Guadix, onde o passado ainda \u00e9 lar no presente!\" \/>\n<meta name=\"robots\" content=\"index, follow, max-snippet:-1, max-image-preview:large, max-video-preview:-1\" \/>\n<link rel=\"canonical\" href=\"https:\/\/www.correiobraziliense.com.br\/cbradar\/conheca-a-cidade-onde-a-populacao-mora-em-cavernas-ate-hoje\/\" \/>\n<meta property=\"og:locale\" content=\"pt_BR\" \/>\n<meta property=\"og:type\" content=\"article\" \/>\n<meta property=\"og:title\" content=\"Conhe\u00e7a a cidade onde a popula\u00e7\u00e3o mora em cavernas at\u00e9 hoje\" \/>\n<meta property=\"og:description\" content=\"Em uma cidade espanhola, milhares de pessoas vivem em cavernas com conforto e tradi\u00e7\u00e3o. Conhe\u00e7a Guadix, onde o passado ainda \u00e9 lar no presente!\" \/>\n<meta property=\"og:url\" content=\"https:\/\/www.correiobraziliense.com.br\/cbradar\/conheca-a-cidade-onde-a-populacao-mora-em-cavernas-ate-hoje\/\" \/>\n<meta property=\"og:site_name\" content=\"Correio Braziliense - Radar\" \/>\n<meta property=\"article:published_time\" content=\"2025-03-25T00:50:00+00:00\" \/>\n<meta property=\"og:image\" content=\"https:\/\/www.correiobraziliense.com.br\/cbradar\/wp-content\/uploads\/2025\/03\/Granada_1742647142167.jpg\" \/>\n\t<meta property=\"og:image:width\" content=\"1280\" \/>\n\t<meta property=\"og:image:height\" content=\"720\" \/>\n\t<meta property=\"og:image:type\" content=\"image\/jpeg\" \/>\n<meta name=\"author\" content=\"Larissa Carvalho\" \/>\n<meta name=\"twitter:card\" content=\"summary_large_image\" \/>\n<meta name=\"twitter:label1\" content=\"Escrito por\" \/>\n\t<meta name=\"twitter:data1\" content=\"Larissa Carvalho\" \/>\n\t<meta name=\"twitter:label2\" content=\"Est. tempo de leitura\" \/>\n\t<meta name=\"twitter:data2\" content=\"3 minutos\" \/>\n<!-- \/ Yoast SEO plugin. -->","yoast_head_json":{"title":"Conhe\u00e7a a cidade onde a popula\u00e7\u00e3o mora em cavernas at\u00e9 hoje","description":"Em uma cidade espanhola, milhares de pessoas vivem em cavernas com conforto e tradi\u00e7\u00e3o. Conhe\u00e7a Guadix, onde o passado ainda \u00e9 lar no presente!","robots":{"index":"index","follow":"follow","max-snippet":"max-snippet:-1","max-image-preview":"max-image-preview:large","max-video-preview":"max-video-preview:-1"},"canonical":"https:\/\/www.correiobraziliense.com.br\/cbradar\/conheca-a-cidade-onde-a-populacao-mora-em-cavernas-ate-hoje\/","og_locale":"pt_BR","og_type":"article","og_title":"Conhe\u00e7a a cidade onde a popula\u00e7\u00e3o mora em cavernas at\u00e9 hoje","og_description":"Em uma cidade espanhola, milhares de pessoas vivem em cavernas com conforto e tradi\u00e7\u00e3o. Conhe\u00e7a Guadix, onde o passado ainda \u00e9 lar no presente!","og_url":"https:\/\/www.correiobraziliense.com.br\/cbradar\/conheca-a-cidade-onde-a-populacao-mora-em-cavernas-ate-hoje\/","og_site_name":"Correio Braziliense - Radar","article_published_time":"2025-03-25T00:50:00+00:00","og_image":[{"width":1280,"height":720,"url":"https:\/\/www.correiobraziliense.com.br\/cbradar\/wp-content\/uploads\/2025\/03\/Granada_1742647142167.jpg","type":"image\/jpeg"}],"author":"Larissa Carvalho","twitter_card":"summary_large_image","twitter_misc":{"Escrito por":"Larissa Carvalho","Est. tempo de leitura":"3 minutos"},"schema":{"@context":"https:\/\/schema.org","@graph":[{"@type":"WebPage","@id":"https:\/\/www.correiobraziliense.com.br\/cbradar\/conheca-a-cidade-onde-a-populacao-mora-em-cavernas-ate-hoje\/","url":"https:\/\/www.correiobraziliense.com.br\/cbradar\/conheca-a-cidade-onde-a-populacao-mora-em-cavernas-ate-hoje\/","name":"Conhe\u00e7a a cidade onde a popula\u00e7\u00e3o mora em cavernas at\u00e9 hoje","isPartOf":{"@id":"https:\/\/www.correiobraziliense.com.br\/cbradar\/#website"},"primaryImageOfPage":{"@id":"https:\/\/www.correiobraziliense.com.br\/cbradar\/conheca-a-cidade-onde-a-populacao-mora-em-cavernas-ate-hoje\/#primaryimage"},"image":{"@id":"https:\/\/www.correiobraziliense.com.br\/cbradar\/conheca-a-cidade-onde-a-populacao-mora-em-cavernas-ate-hoje\/#primaryimage"},"thumbnailUrl":"https:\/\/www.correiobraziliense.com.br\/cbradar\/wp-content\/uploads\/2025\/03\/Granada_1742647142167.jpg","datePublished":"2025-03-25T00:50:00+00:00","author":{"@id":"https:\/\/www.correiobraziliense.com.br\/cbradar\/#\/schema\/person\/58422787644df994b53a19d3e56c1513"},"description":"Em uma cidade espanhola, milhares de pessoas vivem em cavernas com conforto e tradi\u00e7\u00e3o. Conhe\u00e7a Guadix, onde o passado ainda \u00e9 lar no presente!","breadcrumb":{"@id":"https:\/\/www.correiobraziliense.com.br\/cbradar\/conheca-a-cidade-onde-a-populacao-mora-em-cavernas-ate-hoje\/#breadcrumb"},"inLanguage":"pt-BR","potentialAction":[{"@type":"ReadAction","target":["https:\/\/www.correiobraziliense.com.br\/cbradar\/conheca-a-cidade-onde-a-populacao-mora-em-cavernas-ate-hoje\/"]}]},{"@type":"ImageObject","inLanguage":"pt-BR","@id":"https:\/\/www.correiobraziliense.com.br\/cbradar\/conheca-a-cidade-onde-a-populacao-mora-em-cavernas-ate-hoje\/#primaryimage","url":"https:\/\/www.correiobraziliense.com.br\/cbradar\/wp-content\/uploads\/2025\/03\/Granada_1742647142167.jpg","contentUrl":"https:\/\/www.correiobraziliense.com.br\/cbradar\/wp-content\/uploads\/2025\/03\/Granada_1742647142167.jpg","width":1280,"height":720,"caption":"Granada. Cr\u00e9ditos: depositphotos.com \/ Neony"},{"@type":"BreadcrumbList","@id":"https:\/\/www.correiobraziliense.com.br\/cbradar\/conheca-a-cidade-onde-a-populacao-mora-em-cavernas-ate-hoje\/#breadcrumb","itemListElement":[{"@type":"ListItem","position":1,"name":"In\u00edcio","item":"https:\/\/www.correiobraziliense.com.br\/cbradar\/"},{"@type":"ListItem","position":2,"name":"Conhe\u00e7a a cidade onde a popula\u00e7\u00e3o mora em cavernas at\u00e9 hoje"}]},{"@type":"WebSite","@id":"https:\/\/www.correiobraziliense.com.br\/cbradar\/#website","url":"https:\/\/www.correiobraziliense.com.br\/cbradar\/","name":"Correio Braziliense - Radar","description":"Acompanhe as \u00faltimas not\u00edcias e fique bem informado sobre tudo o que acontece no Brasil e no mundo.","potentialAction":[{"@type":"SearchAction","target":{"@type":"EntryPoint","urlTemplate":"https:\/\/www.correiobraziliense.com.br\/cbradar\/?s={search_term_string}"},"query-input":{"@type":"PropertyValueSpecification","valueRequired":true,"valueName":"search_term_string"}}],"inLanguage":"pt-BR"},{"@type":"Person","@id":"https:\/\/www.correiobraziliense.com.br\/cbradar\/#\/schema\/person\/58422787644df994b53a19d3e56c1513","name":"Larissa Carvalho","image":{"@type":"ImageObject","inLanguage":"pt-BR","@id":"https:\/\/www.correiobraziliense.com.br\/cbradar\/#\/schema\/person\/image\/","url":"https:\/\/secure.gravatar.com\/avatar\/fe4f91a0de32b52a838d0d612abdc1aa?s=96&d=mm&r=g","contentUrl":"https:\/\/secure.gravatar.com\/avatar\/fe4f91a0de32b52a838d0d612abdc1aa?s=96&d=mm&r=g","caption":"Larissa Carvalho"},"url":"https:\/\/www.correiobraziliense.com.br\/cbradar\/author\/larissamyth\/"}]}},"_links":{"self":[{"href":"https:\/\/www.correiobraziliense.com.br\/cbradar\/wp-json\/wp\/v2\/posts\/14884","targetHints":{"allow":["GET"]}}],"collection":[{"href":"https:\/\/www.correiobraziliense.com.br\/cbradar\/wp-json\/wp\/v2\/posts"}],"about":[{"href":"https:\/\/www.correiobraziliense.com.br\/cbradar\/wp-json\/wp\/v2\/types\/post"}],"author":[{"embeddable":true,"href":"https:\/\/www.correiobraziliense.com.br\/cbradar\/wp-json\/wp\/v2\/users\/3"}],"replies":[{"embeddable":true,"href":"https:\/\/www.correiobraziliense.com.br\/cbradar\/wp-json\/wp\/v2\/comments?post=14884"}],"version-history":[{"count":1,"href":"https:\/\/www.correiobraziliense.com.br\/cbradar\/wp-json\/wp\/v2\/posts\/14884\/revisions"}],"predecessor-version":[{"id":14887,"href":"https:\/\/www.correiobraziliense.com.br\/cbradar\/wp-json\/wp\/v2\/posts\/14884\/revisions\/14887"}],"wp:featuredmedia":[{"embeddable":true,"href":"https:\/\/www.correiobraziliense.com.br\/cbradar\/wp-json\/wp\/v2\/media\/14885"}],"wp:attachment":[{"href":"https:\/\/www.correiobraziliense.com.br\/cbradar\/wp-json\/wp\/v2\/media?parent=14884"}],"wp:term":[{"taxonomy":"category","embeddable":true,"href":"https:\/\/www.correiobraziliense.com.br\/cbradar\/wp-json\/wp\/v2\/categories?post=14884"},{"taxonomy":"post_tag","embeddable":true,"href":"https:\/\/www.correiobraziliense.com.br\/cbradar\/wp-json\/wp\/v2\/tags?post=14884"}],"curies":[{"name":"wp","href":"https:\/\/api.w.org\/{rel}","templated":true}]}}