{"id":14888,"date":"2025-03-24T22:50:00","date_gmt":"2025-03-25T01:50:00","guid":{"rendered":"https:\/\/www.correiobraziliense.com.br\/cbradar\/?p=14888"},"modified":"2025-03-22T16:41:32","modified_gmt":"2025-03-22T19:41:32","slug":"essa-cidade-fica-em-uma-cratera-de-meteorito","status":"publish","type":"post","link":"https:\/\/www.correiobraziliense.com.br\/cbradar\/essa-cidade-fica-em-uma-cratera-de-meteorito\/","title":{"rendered":"Essa cidade fica em uma cratera de meteorito"},"content":{"rendered":"\n<p>Imagine viver em uma cidade constru\u00edda <strong>dentro de uma cratera formada por um impacto de meteorito<\/strong>. Isso n\u00e3o \u00e9 fic\u00e7\u00e3o cient\u00edfica \u2014 \u00e9 a realidade de <strong>N\u00f6rdlingen<\/strong>, uma charmosa cidade medieval localizada na regi\u00e3o da <strong>Baviera<\/strong>, no sul da <strong>Alemanha<\/strong>.<\/p>\n\n\n\n<p>O que \u00e0 primeira vista parece uma cidade t\u00edpica alem\u00e3, cercada por muralhas e torres antigas, na verdade, esconde um passado <strong>explosivo<\/strong>: ela foi constru\u00edda <strong>dentro da cratera Ries<\/strong>, formada h\u00e1 <strong>cerca de 15 milh\u00f5es de anos<\/strong> por um <strong>meteorito de 1 km de di\u00e2metro<\/strong>.<\/p>\n\n\n\n<h2 class=\"wp-block-heading\">Como N\u00f6rdlingen foi parar dentro de uma cratera?<\/h2>\n\n\n\n<p>A cratera Ries foi formada por um impacto gigante que liberou energia equivalente a <strong>1 milh\u00e3o de bombas at\u00f4micas<\/strong> como a de Hiroshima. Ao longo de mil\u00eanios, a eros\u00e3o e o tempo suavizaram a borda da cratera, tornando-a quase impercept\u00edvel a olho nu.<\/p>\n\n\n\n<p>Quando a cidade de N\u00f6rdlingen foi fundada, por volta do s\u00e9culo IX, ningu\u00e9m sabia da origem da depress\u00e3o onde ela se localizava. Foi apenas no s\u00e9culo XX que <strong>os ge\u00f3logos identificaram a forma\u00e7\u00e3o como uma cratera de impacto<\/strong> \u2014 e uma das mais bem preservadas da Terra.<\/p>\n\n\n\n<figure class=\"wp-block-image size-large\"><img decoding=\"async\" width=\"1024\" height=\"576\" src=\"https:\/\/www.correiobraziliense.com.br\/cbradar\/wp-content\/uploads\/2025\/03\/Nordlingen_1742647295555-1024x576.jpg\" alt=\"Essa cidade fica em uma cratera de meteorito\" class=\"wp-image-14890\" srcset=\"https:\/\/www.correiobraziliense.com.br\/cbradar\/wp-content\/uploads\/2025\/03\/Nordlingen_1742647295555-1024x576.jpg 1024w, https:\/\/www.correiobraziliense.com.br\/cbradar\/wp-content\/uploads\/2025\/03\/Nordlingen_1742647295555-300x169.jpg 300w, https:\/\/www.correiobraziliense.com.br\/cbradar\/wp-content\/uploads\/2025\/03\/Nordlingen_1742647295555-768x432.jpg 768w, https:\/\/www.correiobraziliense.com.br\/cbradar\/wp-content\/uploads\/2025\/03\/Nordlingen_1742647295555-750x422.jpg 750w, https:\/\/www.correiobraziliense.com.br\/cbradar\/wp-content\/uploads\/2025\/03\/Nordlingen_1742647295555-1140x641.jpg 1140w, https:\/\/www.correiobraziliense.com.br\/cbradar\/wp-content\/uploads\/2025\/03\/Nordlingen_1742647295555.jpg 1280w\" sizes=\"(max-width: 1024px) 100vw, 1024px\" \/><figcaption class=\"wp-element-caption\">N\u00f6rdlingen. Cr\u00e9ditos: depositphotos.com \/ taldav68<\/figcaption><\/figure>\n\n\n\n<h2 class=\"wp-block-heading\">O que torna N\u00f6rdlingen \u00fanico?<\/h2>\n\n\n\n<p>Al\u00e9m de estar em uma cratera, N\u00f6rdlingen tamb\u00e9m possui uma especialidade fascinante:<\/p>\n\n\n\n<ul class=\"wp-block-list\">\n<li><strong>As constru\u00e7\u00f5es da cidade foram feitas com rochas formadas pelo impacto do meteorito<\/strong>, chamadas <strong>suevitas<\/strong>, que cont\u00eam <strong>pequenos diamantes<\/strong> criados pela enorme press\u00e3o do impacto.<\/li>\n\n\n\n<li>Estima-se que <strong>cada casa medieval da cidade contenha milh\u00f5es de diamantes microsc\u00f3picos<\/strong>, embora sem valor comercial.<\/li>\n\n\n\n<li>A cidade \u00e9 <strong>circular<\/strong>, seguindo aproximadamente o contorno da cratera original.<\/li>\n<\/ul>\n\n\n\n<h2 class=\"wp-block-heading\">Curiosidades sobre N\u00f6rdlingen<\/h2>\n\n\n\n<ul class=\"wp-block-list\">\n<li><strong>\u00c9 uma das poucas cidades da Alemanha que ainda possui muralhas completamente intactas<\/strong> e acess\u00edveis para caminhadas.<\/li>\n\n\n\n<li><strong>A igreja de S\u00e3o Jorge<\/strong>, no centro da cidade, tem uma torre chamada \u201cDaniel\u201d, constru\u00edda com suevita \u2014 cheia de diamantes microsc\u00f3picos.<\/li>\n\n\n\n<li><strong>A cratera tem 24 km de di\u00e2metro<\/strong> e hoje \u00e9 cient\u00edfica por cientistas do mundo todo.<\/li>\n\n\n\n<li><strong>Existe um museu do impacto, o RiesKrater Museum<\/strong>, que explica a geologia e a hist\u00f3ria do local.<\/li>\n\n\n\n<li><strong>Astronautas da NASA treinaram em N\u00f6rdlingen antes das miss\u00f5es Apollo<\/strong>, para entender forma\u00e7\u00f5es causadas por impactos de meteoritos.<\/li>\n<\/ul>\n\n\n\n<p>N\u00f6rdlingen \u00e9 um lugar onde <strong>hist\u00f3ria, ci\u00eancia e arquitetura medieval se encontram<\/strong> \u2014 tudo isso sobre os vest\u00edgios de uma detalhe c\u00f3smico que moldou a paisagem (e a cidade) como poucas no mundo.<\/p>\n","protected":false},"excerpt":{"rendered":"<p>Uma cidade alem\u00e3 foi constru\u00edda dentro de uma cratera de meteorito e tem casas feitas com rochas cheias de diamantes microsc\u00f3picos. Conhe\u00e7a!<\/p>\n","protected":false},"author":3,"featured_media":14889,"comment_status":"open","ping_status":"open","sticky":false,"template":"","format":"standard","meta":{"_yoast_wpseo_focuskw":"cidade cratera meteorito","_yoast_wpseo_title":"%%title%%","_yoast_wpseo_metadesc":"Uma cidade alem\u00e3 foi constru\u00edda dentro de uma cratera de meteorito e tem casas feitas com rochas cheias de diamantes microsc\u00f3picos. Conhe\u00e7a!","jnews-multi-image_gallery":[],"jnews_single_post":{"format":"standard"},"jnews_primary_category":[],"jnews_social_meta":[],"jnews_override_counter":[],"footnotes":""},"categories":[108],"tags":[109],"class_list":["post-14888","post","type-post","status-publish","format-standard","has-post-thumbnail","hentry","category-cidades","tag-cidades"],"yoast_head":"<!-- This site is optimized with the Yoast SEO plugin v24.6 - https:\/\/yoast.com\/wordpress\/plugins\/seo\/ -->\n<title>Essa cidade fica em uma cratera de meteorito<\/title>\n<meta name=\"description\" content=\"Uma cidade alem\u00e3 foi constru\u00edda dentro de uma cratera de meteorito e tem casas feitas com rochas cheias de diamantes microsc\u00f3picos. Conhe\u00e7a!\" \/>\n<meta name=\"robots\" content=\"index, follow, max-snippet:-1, max-image-preview:large, max-video-preview:-1\" \/>\n<link rel=\"canonical\" href=\"https:\/\/www.correiobraziliense.com.br\/cbradar\/essa-cidade-fica-em-uma-cratera-de-meteorito\/\" \/>\n<meta property=\"og:locale\" content=\"pt_BR\" \/>\n<meta property=\"og:type\" content=\"article\" \/>\n<meta property=\"og:title\" content=\"Essa cidade fica em uma cratera de meteorito\" \/>\n<meta property=\"og:description\" content=\"Uma cidade alem\u00e3 foi constru\u00edda dentro de uma cratera de meteorito e tem casas feitas com rochas cheias de diamantes microsc\u00f3picos. Conhe\u00e7a!\" \/>\n<meta property=\"og:url\" content=\"https:\/\/www.correiobraziliense.com.br\/cbradar\/essa-cidade-fica-em-uma-cratera-de-meteorito\/\" \/>\n<meta property=\"og:site_name\" content=\"Correio Braziliense - Radar\" \/>\n<meta property=\"article:published_time\" content=\"2025-03-25T01:50:00+00:00\" \/>\n<meta property=\"og:image\" content=\"https:\/\/www.correiobraziliense.com.br\/cbradar\/wp-content\/uploads\/2025\/03\/Nordlingen_1742647265400.jpg\" \/>\n\t<meta property=\"og:image:width\" content=\"1280\" \/>\n\t<meta property=\"og:image:height\" content=\"720\" \/>\n\t<meta property=\"og:image:type\" content=\"image\/jpeg\" \/>\n<meta name=\"author\" content=\"Larissa Carvalho\" \/>\n<meta name=\"twitter:card\" content=\"summary_large_image\" \/>\n<meta name=\"twitter:label1\" content=\"Escrito por\" \/>\n\t<meta name=\"twitter:data1\" content=\"Larissa Carvalho\" \/>\n\t<meta name=\"twitter:label2\" content=\"Est. tempo de leitura\" \/>\n\t<meta name=\"twitter:data2\" content=\"3 minutos\" \/>\n<!-- \/ Yoast SEO plugin. -->","yoast_head_json":{"title":"Essa cidade fica em uma cratera de meteorito","description":"Uma cidade alem\u00e3 foi constru\u00edda dentro de uma cratera de meteorito e tem casas feitas com rochas cheias de diamantes microsc\u00f3picos. Conhe\u00e7a!","robots":{"index":"index","follow":"follow","max-snippet":"max-snippet:-1","max-image-preview":"max-image-preview:large","max-video-preview":"max-video-preview:-1"},"canonical":"https:\/\/www.correiobraziliense.com.br\/cbradar\/essa-cidade-fica-em-uma-cratera-de-meteorito\/","og_locale":"pt_BR","og_type":"article","og_title":"Essa cidade fica em uma cratera de meteorito","og_description":"Uma cidade alem\u00e3 foi constru\u00edda dentro de uma cratera de meteorito e tem casas feitas com rochas cheias de diamantes microsc\u00f3picos. Conhe\u00e7a!","og_url":"https:\/\/www.correiobraziliense.com.br\/cbradar\/essa-cidade-fica-em-uma-cratera-de-meteorito\/","og_site_name":"Correio Braziliense - Radar","article_published_time":"2025-03-25T01:50:00+00:00","og_image":[{"width":1280,"height":720,"url":"https:\/\/www.correiobraziliense.com.br\/cbradar\/wp-content\/uploads\/2025\/03\/Nordlingen_1742647265400.jpg","type":"image\/jpeg"}],"author":"Larissa Carvalho","twitter_card":"summary_large_image","twitter_misc":{"Escrito por":"Larissa Carvalho","Est. tempo de leitura":"3 minutos"},"schema":{"@context":"https:\/\/schema.org","@graph":[{"@type":"WebPage","@id":"https:\/\/www.correiobraziliense.com.br\/cbradar\/essa-cidade-fica-em-uma-cratera-de-meteorito\/","url":"https:\/\/www.correiobraziliense.com.br\/cbradar\/essa-cidade-fica-em-uma-cratera-de-meteorito\/","name":"Essa cidade fica em uma cratera de meteorito","isPartOf":{"@id":"https:\/\/www.correiobraziliense.com.br\/cbradar\/#website"},"primaryImageOfPage":{"@id":"https:\/\/www.correiobraziliense.com.br\/cbradar\/essa-cidade-fica-em-uma-cratera-de-meteorito\/#primaryimage"},"image":{"@id":"https:\/\/www.correiobraziliense.com.br\/cbradar\/essa-cidade-fica-em-uma-cratera-de-meteorito\/#primaryimage"},"thumbnailUrl":"https:\/\/www.correiobraziliense.com.br\/cbradar\/wp-content\/uploads\/2025\/03\/Nordlingen_1742647265400.jpg","datePublished":"2025-03-25T01:50:00+00:00","author":{"@id":"https:\/\/www.correiobraziliense.com.br\/cbradar\/#\/schema\/person\/58422787644df994b53a19d3e56c1513"},"description":"Uma cidade alem\u00e3 foi constru\u00edda dentro de uma cratera de meteorito e tem casas feitas com rochas cheias de diamantes microsc\u00f3picos. Conhe\u00e7a!","breadcrumb":{"@id":"https:\/\/www.correiobraziliense.com.br\/cbradar\/essa-cidade-fica-em-uma-cratera-de-meteorito\/#breadcrumb"},"inLanguage":"pt-BR","potentialAction":[{"@type":"ReadAction","target":["https:\/\/www.correiobraziliense.com.br\/cbradar\/essa-cidade-fica-em-uma-cratera-de-meteorito\/"]}]},{"@type":"ImageObject","inLanguage":"pt-BR","@id":"https:\/\/www.correiobraziliense.com.br\/cbradar\/essa-cidade-fica-em-uma-cratera-de-meteorito\/#primaryimage","url":"https:\/\/www.correiobraziliense.com.br\/cbradar\/wp-content\/uploads\/2025\/03\/Nordlingen_1742647265400.jpg","contentUrl":"https:\/\/www.correiobraziliense.com.br\/cbradar\/wp-content\/uploads\/2025\/03\/Nordlingen_1742647265400.jpg","width":1280,"height":720,"caption":"N\u00f6rdlingen. Cr\u00e9ditos: depositphotos.com \/ laudibi.gmail.com"},{"@type":"BreadcrumbList","@id":"https:\/\/www.correiobraziliense.com.br\/cbradar\/essa-cidade-fica-em-uma-cratera-de-meteorito\/#breadcrumb","itemListElement":[{"@type":"ListItem","position":1,"name":"In\u00edcio","item":"https:\/\/www.correiobraziliense.com.br\/cbradar\/"},{"@type":"ListItem","position":2,"name":"Essa cidade fica em uma cratera de meteorito"}]},{"@type":"WebSite","@id":"https:\/\/www.correiobraziliense.com.br\/cbradar\/#website","url":"https:\/\/www.correiobraziliense.com.br\/cbradar\/","name":"Correio Braziliense - Radar","description":"Acompanhe as \u00faltimas not\u00edcias e fique bem informado sobre tudo o que acontece no Brasil e no mundo.","potentialAction":[{"@type":"SearchAction","target":{"@type":"EntryPoint","urlTemplate":"https:\/\/www.correiobraziliense.com.br\/cbradar\/?s={search_term_string}"},"query-input":{"@type":"PropertyValueSpecification","valueRequired":true,"valueName":"search_term_string"}}],"inLanguage":"pt-BR"},{"@type":"Person","@id":"https:\/\/www.correiobraziliense.com.br\/cbradar\/#\/schema\/person\/58422787644df994b53a19d3e56c1513","name":"Larissa Carvalho","image":{"@type":"ImageObject","inLanguage":"pt-BR","@id":"https:\/\/www.correiobraziliense.com.br\/cbradar\/#\/schema\/person\/image\/","url":"https:\/\/secure.gravatar.com\/avatar\/fe4f91a0de32b52a838d0d612abdc1aa?s=96&d=mm&r=g","contentUrl":"https:\/\/secure.gravatar.com\/avatar\/fe4f91a0de32b52a838d0d612abdc1aa?s=96&d=mm&r=g","caption":"Larissa Carvalho"},"url":"https:\/\/www.correiobraziliense.com.br\/cbradar\/author\/larissamyth\/"}]}},"_links":{"self":[{"href":"https:\/\/www.correiobraziliense.com.br\/cbradar\/wp-json\/wp\/v2\/posts\/14888","targetHints":{"allow":["GET"]}}],"collection":[{"href":"https:\/\/www.correiobraziliense.com.br\/cbradar\/wp-json\/wp\/v2\/posts"}],"about":[{"href":"https:\/\/www.correiobraziliense.com.br\/cbradar\/wp-json\/wp\/v2\/types\/post"}],"author":[{"embeddable":true,"href":"https:\/\/www.correiobraziliense.com.br\/cbradar\/wp-json\/wp\/v2\/users\/3"}],"replies":[{"embeddable":true,"href":"https:\/\/www.correiobraziliense.com.br\/cbradar\/wp-json\/wp\/v2\/comments?post=14888"}],"version-history":[{"count":1,"href":"https:\/\/www.correiobraziliense.com.br\/cbradar\/wp-json\/wp\/v2\/posts\/14888\/revisions"}],"predecessor-version":[{"id":14891,"href":"https:\/\/www.correiobraziliense.com.br\/cbradar\/wp-json\/wp\/v2\/posts\/14888\/revisions\/14891"}],"wp:featuredmedia":[{"embeddable":true,"href":"https:\/\/www.correiobraziliense.com.br\/cbradar\/wp-json\/wp\/v2\/media\/14889"}],"wp:attachment":[{"href":"https:\/\/www.correiobraziliense.com.br\/cbradar\/wp-json\/wp\/v2\/media?parent=14888"}],"wp:term":[{"taxonomy":"category","embeddable":true,"href":"https:\/\/www.correiobraziliense.com.br\/cbradar\/wp-json\/wp\/v2\/categories?post=14888"},{"taxonomy":"post_tag","embeddable":true,"href":"https:\/\/www.correiobraziliense.com.br\/cbradar\/wp-json\/wp\/v2\/tags?post=14888"}],"curies":[{"name":"wp","href":"https:\/\/api.w.org\/{rel}","templated":true}]}}