{"id":148892,"date":"2025-12-03T07:45:00","date_gmt":"2025-12-03T10:45:00","guid":{"rendered":"https:\/\/www.correiobraziliense.com.br\/cbradar\/?p=148892"},"modified":"2025-12-02T16:27:30","modified_gmt":"2025-12-02T19:27:30","slug":"como-fazer-banho-de-boldo-para-relaxar-e-descarregar","status":"publish","type":"post","link":"https:\/\/www.correiobraziliense.com.br\/cbradar\/como-fazer-banho-de-boldo-para-relaxar-e-descarregar\/","title":{"rendered":"Como fazer banho de boldo para relaxar e descarregar"},"content":{"rendered":"\n<p>O <strong>Banho de Boldo <\/strong>\u00e9 uma pr\u00e1tica ancestral que atrai a aten\u00e7\u00e3o por suas m\u00faltiplas aplica\u00e7\u00f5es e benef\u00edcios. Utilizada h\u00e1 gera\u00e7\u00f5es, esta erva medicinal \u00e9 conhecida principalmente por suas propriedades anti-inflamat\u00f3rias e antioxidantes. Quando aplicada em banhos, permite que seus componentes ativos sejam absorvidos pela pele, proporcionando um al\u00edvio consider\u00e1vel em tens\u00f5es musculares e estresse.<\/p>\n\n\n\n<p>Al\u00e9m das qualidades f\u00edsicas, o Banho de Boldo se destaca tamb\u00e9m por sua relev\u00e2ncia cultural e espiritual, especialmente em contextos como a umbanda. Conhecido como banho de Oxal\u00e1 ou banho de Jesus, ele visa a limpeza espiritual, eliminando energias negativas e promovendo equil\u00edbrio emocional. Este ritual n\u00e3o s\u00f3 melhora o estado de esp\u00edrito, mas tamb\u00e9m contribui para a expuls\u00e3o de sentimentos de tristeza e ang\u00fastia.<\/p>\n\n\n\n<h2 class=\"wp-block-heading\">Como o Banho de Boldo influencia o bem-estar f\u00edsico?<\/h2>\n\n\n\n<p>Tradicionalmente usado para aliviar dores f\u00edsicas, o boldo possui subst\u00e2ncias que ajudam a relaxar a musculatura, aliviar tens\u00e3o e combater inflama\u00e7\u00f5es. Este benef\u00edcio se estende aos banhos, nos quais a infus\u00e3o de boldo \u00e9 diretamente aplicada ao corpo. A absor\u00e7\u00e3o por meio da pele intensifica o efeito da erva, proporcionando sensa\u00e7\u00e3o de al\u00edvio e relaxamento, extremamente \u00fateis ap\u00f3s dias de intensa atividade f\u00edsica.<\/p>\n\n\n\n<h2 class=\"wp-block-heading\">Qual \u00e9 o impacto espiritual dos banhos de boldo?<\/h2>\n\n\n\n<p>Do ponto de vista espiritual, o boldo \u00e9 uma erva poderosa, reconhecida por sua capacidade de descarrego e limpeza energ\u00e9tica. Especialistas apontam que o Banho de Boldo pode dissipar sentimentos negativos, como tristeza profunda, e abrir espa\u00e7o para emo\u00e7\u00f5es mais positivas. A pr\u00e1tica de banhos energ\u00e9ticos, particularmente com boldo, \u00e9 comumente utilizada para restaurar o equil\u00edbrio interno, sendo eficaz no combate \u00e0s energias de baixa frequ\u00eancia que ameacem o bem-estar emocional.<\/p>\n\n\n\n<h2 class=\"wp-block-heading\">Como preparar e realizar o Banho de Boldo corretamente?<\/h2>\n\n\n\n<p>A prepara\u00e7\u00e3o do Banho de Boldo \u00e9 um ritual em si. Come\u00e7a por ferver \u00e1gua com uma quantidade adequada de folhas de boldo. Ap\u00f3s a fervura, \u00e9 preciso aguardar at\u00e9 que atinja uma temperatura confort\u00e1vel para a pele. O l\u00edquido ent\u00e3o \u00e9 coado e levado ao local do banho. Recomenda-se realizar primeiro o banho habitual para uma limpeza f\u00edsica completa, reservando o Banho de Boldo para o final. Come\u00e7ando pela cabe\u00e7a, a \u00e1gua \u00e9 derramada lentamente, percorrendo todo o corpo enquanto se mentaliza a entrega de energias <a href=\"https:\/\/www.gov.br\/saude\/pt-br\" target=\"_blank\" rel=\"noreferrer noopener\">indesejadas<\/a>.<\/p>\n\n\n<div class=\"wp-block-image\">\n<figure class=\"aligncenter size-large\"><img decoding=\"async\" width=\"1024\" height=\"576\" src=\"https:\/\/www.correiobraziliense.com.br\/cbradar\/wp-content\/uploads\/2025\/09\/boldo_1758510490702-1024x576.jpg\" alt=\"\" class=\"wp-image-107701\" srcset=\"https:\/\/www.correiobraziliense.com.br\/cbradar\/wp-content\/uploads\/2025\/09\/boldo_1758510490702-1024x576.jpg 1024w, https:\/\/www.correiobraziliense.com.br\/cbradar\/wp-content\/uploads\/2025\/09\/boldo_1758510490702-300x169.jpg 300w, https:\/\/www.correiobraziliense.com.br\/cbradar\/wp-content\/uploads\/2025\/09\/boldo_1758510490702-768x432.jpg 768w, https:\/\/www.correiobraziliense.com.br\/cbradar\/wp-content\/uploads\/2025\/09\/boldo_1758510490702-750x422.jpg 750w, https:\/\/www.correiobraziliense.com.br\/cbradar\/wp-content\/uploads\/2025\/09\/boldo_1758510490702-1140x641.jpg 1140w, https:\/\/www.correiobraziliense.com.br\/cbradar\/wp-content\/uploads\/2025\/09\/boldo_1758510490702.jpg 1280w\" sizes=\"(max-width: 1024px) 100vw, 1024px\" \/><figcaption class=\"wp-element-caption\">Ch\u00e1 de Boldo &#8211; Cr\u00e9ditos: depositphotos.com \/ vbacarin<\/figcaption><\/figure><\/div>\n\n\n<ul class=\"wp-block-list\">\n<li>Fa\u00e7a o ch\u00e1 de boldo fervendo as folhas em \u00e1gua.<\/li>\n\n\n\n<li>Coe a mistura e aguarde amornar.<\/li>\n\n\n\n<li>Durante o banho, ap\u00f3s o ritual cotidiano, despeje a \u00e1gua de boldo come\u00e7ando pela cabe\u00e7a.<\/li>\n\n\n\n<li>Recite uma ora\u00e7\u00e3o ou mantra, conforme sua cren\u00e7a, visualizando positividade.<\/li>\n<\/ul>\n\n\n\n<h2 class=\"wp-block-heading\">Que cuidados devem ser tomados ao realizar um Banho de Boldo?<\/h2>\n\n\n\n<p>Embora os benef\u00edcios dos banhos de boldo sejam reconhecidos, \u00e9 importante considerar poss\u00edveis rea\u00e7\u00f5es al\u00e9rgicas. Realizar um teste t\u00f3pico em uma pequena \u00e1rea do corpo antes da aplica\u00e7\u00e3o completa pode prevenir rea\u00e7\u00f5es adversas. Adicionalmente, a pr\u00e1tica destas t\u00e9cnicas em pessoas com condi\u00e7\u00f5es de <a href=\"https:\/\/www.correiobraziliense.com.br\/cbradar\/5-dicas-para-envelhecer-com-qualidade-de-vida\/\" target=\"_blank\" rel=\"noreferrer noopener\">sa\u00fade <\/a>espec\u00edficas deve ser feita sob orienta\u00e7\u00e3o profissional. Banhos de boldo s\u00e3o mais que simples tradi\u00e7\u00f5es; s\u00e3o uma conflu\u00eancia de cuidados corporais e espirituais, uma fus\u00e3o de pr\u00e1ticas que propiciam um rejuvenescimento integral do ser.<\/p>\n\n\n<a href=\"https:\/\/www.instagram.com\/dra.annaluisabf\/\" target=\"_blank\" rel=\"noopener\" style=\"text-decoration: none; color: inherit;\">\n    <span style=\"display: inline-block; border: 1px solid #ccc; border-radius: 10px; padding: 15px; max-width: 550px; font-family: sans-serif; box-shadow: 0 2px 5px rgba(0,0,0,0.1); width: 100%;\">\n\n      <!-- T\u00edtulo -->\n      <span style=\"display: block; margin: 0 0 15px 0; font-weight: bold; color: #2c3e50; text-align: center;\">\n        Entre em contato:\n      <\/span>\n\n      <!-- Linha do perfil -->\n      <span style=\"display: flex; align-items: center; gap: 15px;\">\n        <img decoding=\"async\"\n          src=\"https:\/\/www.correiobraziliense.com.br\/cbradar\/wp-content\/uploads\/2025\/08\/dra_anna_luisa.jpeg\"\n          alt=\"Foto da Dra. Anna Lu\u00edsa\"\n          style=\"border-radius: 50%; width: 80px; height: 80px; object-fit: cover;\"\n        \/>\n        <span style=\"display: flex; flex-direction: column;\">\n          <span style=\"font-size: 18px; font-weight: 700; color: #2c3e50;\">Dra. Anna Lu\u00edsa Barbosa Fernandes<\/span>\n          <span style=\"color: #555;\">CRM-GO 33.271<\/span>\n        <\/span>\n      <\/span>\n\n      <!-- Redes -->\n      <span style=\"display: flex; align-items: center; gap: 10px; margin-top: 12px;\">\n        <img decoding=\"async\" src=\"https:\/\/cdn-icons-png.flaticon.com\/24\/1384\/1384063.png\" alt=\"Instagram\" width=\"24\" height=\"24\" \/>\n        <span style=\"text-decoration: underline; color: #2c3e50;\">@dra.annaluisabf<\/span>\n      <\/span>\n\n    <\/span>\n  <\/a>","protected":false},"excerpt":{"rendered":"<p>O Banho de Boldo \u00e9 uma pr\u00e1tica ancestral que atrai a aten\u00e7\u00e3o por suas m\u00faltiplas aplica\u00e7\u00f5es e benef\u00edcios. Utilizada h\u00e1 gera\u00e7\u00f5es, esta erva medicinal \u00e9 conhecida principalmente por suas propriedades anti-inflamat\u00f3rias e antioxidantes. Quando aplicada em banhos, permite que seus componentes ativos sejam absorvidos pela pele, proporcionando um al\u00edvio consider\u00e1vel em tens\u00f5es musculares e estresse. [&hellip;]<\/p>\n","protected":false},"author":14,"featured_media":148896,"comment_status":"open","ping_status":"open","sticky":false,"template":"","format":"standard","meta":{"_yoast_wpseo_focuskw":"Banho de Boldo","_yoast_wpseo_title":"","_yoast_wpseo_metadesc":"O banho de boldo ajuda a relaxar o corpo e limpar energias negativas. Veja como preparar e aplicar corretamente o ritual.","jnews-multi-image_gallery":[],"jnews_single_post":{"format":"standard"},"jnews_primary_category":[],"jnews_social_meta":[],"jnews_override_counter":[],"footnotes":""},"categories":[4404],"tags":[281,120,1318],"class_list":["post-148892","post","type-post","status-publish","format-standard","has-post-thumbnail","hentry","category-saude","tag-alimentacao","tag-bem-estar","tag-saude-2"],"yoast_head":"<!-- This site is optimized with the Yoast SEO plugin v24.6 - https:\/\/yoast.com\/wordpress\/plugins\/seo\/ -->\n<title>Como fazer banho de boldo para relaxar e descarregar - Correio Braziliense - Radar<\/title>\n<meta name=\"description\" content=\"O banho de boldo ajuda a relaxar o corpo e limpar energias negativas. Veja como preparar e aplicar corretamente o ritual.\" \/>\n<meta name=\"robots\" content=\"index, follow, max-snippet:-1, max-image-preview:large, max-video-preview:-1\" \/>\n<link rel=\"canonical\" href=\"https:\/\/www.correiobraziliense.com.br\/cbradar\/como-fazer-banho-de-boldo-para-relaxar-e-descarregar\/\" \/>\n<meta property=\"og:locale\" content=\"pt_BR\" \/>\n<meta property=\"og:type\" content=\"article\" \/>\n<meta property=\"og:title\" content=\"Como fazer banho de boldo para relaxar e descarregar - Correio Braziliense - Radar\" \/>\n<meta property=\"og:description\" content=\"O banho de boldo ajuda a relaxar o corpo e limpar energias negativas. Veja como preparar e aplicar corretamente o ritual.\" \/>\n<meta property=\"og:url\" content=\"https:\/\/www.correiobraziliense.com.br\/cbradar\/como-fazer-banho-de-boldo-para-relaxar-e-descarregar\/\" \/>\n<meta property=\"og:site_name\" content=\"Correio Braziliense - Radar\" \/>\n<meta property=\"article:published_time\" content=\"2025-12-03T10:45:00+00:00\" \/>\n<meta property=\"og:image\" content=\"https:\/\/www.correiobraziliense.com.br\/cbradar\/wp-content\/uploads\/2025\/12\/boldo_1764704074983.jpg\" \/>\n\t<meta property=\"og:image:width\" content=\"1280\" \/>\n\t<meta property=\"og:image:height\" content=\"720\" \/>\n\t<meta property=\"og:image:type\" content=\"image\/jpeg\" \/>\n<meta name=\"author\" content=\"guilherme_saude\" \/>\n<meta name=\"twitter:card\" content=\"summary_large_image\" \/>\n<meta name=\"twitter:label1\" content=\"Escrito por\" \/>\n\t<meta name=\"twitter:data1\" content=\"guilherme_saude\" \/>\n\t<meta name=\"twitter:label2\" content=\"Est. tempo de leitura\" \/>\n\t<meta name=\"twitter:data2\" content=\"4 minutos\" \/>\n<!-- \/ Yoast SEO plugin. -->","yoast_head_json":{"title":"Como fazer banho de boldo para relaxar e descarregar - Correio Braziliense - Radar","description":"O banho de boldo ajuda a relaxar o corpo e limpar energias negativas. Veja como preparar e aplicar corretamente o ritual.","robots":{"index":"index","follow":"follow","max-snippet":"max-snippet:-1","max-image-preview":"max-image-preview:large","max-video-preview":"max-video-preview:-1"},"canonical":"https:\/\/www.correiobraziliense.com.br\/cbradar\/como-fazer-banho-de-boldo-para-relaxar-e-descarregar\/","og_locale":"pt_BR","og_type":"article","og_title":"Como fazer banho de boldo para relaxar e descarregar - Correio Braziliense - Radar","og_description":"O banho de boldo ajuda a relaxar o corpo e limpar energias negativas. Veja como preparar e aplicar corretamente o ritual.","og_url":"https:\/\/www.correiobraziliense.com.br\/cbradar\/como-fazer-banho-de-boldo-para-relaxar-e-descarregar\/","og_site_name":"Correio Braziliense - Radar","article_published_time":"2025-12-03T10:45:00+00:00","og_image":[{"width":1280,"height":720,"url":"https:\/\/www.correiobraziliense.com.br\/cbradar\/wp-content\/uploads\/2025\/12\/boldo_1764704074983.jpg","type":"image\/jpeg"}],"author":"guilherme_saude","twitter_card":"summary_large_image","twitter_misc":{"Escrito por":"guilherme_saude","Est. tempo de leitura":"4 minutos"},"schema":{"@context":"https:\/\/schema.org","@graph":[{"@type":"WebPage","@id":"https:\/\/www.correiobraziliense.com.br\/cbradar\/como-fazer-banho-de-boldo-para-relaxar-e-descarregar\/","url":"https:\/\/www.correiobraziliense.com.br\/cbradar\/como-fazer-banho-de-boldo-para-relaxar-e-descarregar\/","name":"Como fazer banho de boldo para relaxar e descarregar - Correio Braziliense - Radar","isPartOf":{"@id":"https:\/\/www.correiobraziliense.com.br\/cbradar\/#website"},"primaryImageOfPage":{"@id":"https:\/\/www.correiobraziliense.com.br\/cbradar\/como-fazer-banho-de-boldo-para-relaxar-e-descarregar\/#primaryimage"},"image":{"@id":"https:\/\/www.correiobraziliense.com.br\/cbradar\/como-fazer-banho-de-boldo-para-relaxar-e-descarregar\/#primaryimage"},"thumbnailUrl":"https:\/\/www.correiobraziliense.com.br\/cbradar\/wp-content\/uploads\/2025\/12\/boldo_1764704074983.jpg","datePublished":"2025-12-03T10:45:00+00:00","author":{"@id":"https:\/\/www.correiobraziliense.com.br\/cbradar\/#\/schema\/person\/5aa4bf3c8fa699c267933611de12978b"},"description":"O banho de boldo ajuda a relaxar o corpo e limpar energias negativas. Veja como preparar e aplicar corretamente o ritual.","breadcrumb":{"@id":"https:\/\/www.correiobraziliense.com.br\/cbradar\/como-fazer-banho-de-boldo-para-relaxar-e-descarregar\/#breadcrumb"},"inLanguage":"pt-BR","potentialAction":[{"@type":"ReadAction","target":["https:\/\/www.correiobraziliense.com.br\/cbradar\/como-fazer-banho-de-boldo-para-relaxar-e-descarregar\/"]}]},{"@type":"ImageObject","inLanguage":"pt-BR","@id":"https:\/\/www.correiobraziliense.com.br\/cbradar\/como-fazer-banho-de-boldo-para-relaxar-e-descarregar\/#primaryimage","url":"https:\/\/www.correiobraziliense.com.br\/cbradar\/wp-content\/uploads\/2025\/12\/boldo_1764704074983.jpg","contentUrl":"https:\/\/www.correiobraziliense.com.br\/cbradar\/wp-content\/uploads\/2025\/12\/boldo_1764704074983.jpg","width":1280,"height":720,"caption":"Boldo - Cr\u00e9ditos: depositphotos.com \/ u_aurora"},{"@type":"BreadcrumbList","@id":"https:\/\/www.correiobraziliense.com.br\/cbradar\/como-fazer-banho-de-boldo-para-relaxar-e-descarregar\/#breadcrumb","itemListElement":[{"@type":"ListItem","position":1,"name":"In\u00edcio","item":"https:\/\/www.correiobraziliense.com.br\/cbradar\/"},{"@type":"ListItem","position":2,"name":"Como fazer banho de boldo para relaxar e descarregar"}]},{"@type":"WebSite","@id":"https:\/\/www.correiobraziliense.com.br\/cbradar\/#website","url":"https:\/\/www.correiobraziliense.com.br\/cbradar\/","name":"Correio Braziliense - Radar","description":"Acompanhe as \u00faltimas not\u00edcias e fique bem informado sobre tudo o que acontece no Brasil e no mundo.","potentialAction":[{"@type":"SearchAction","target":{"@type":"EntryPoint","urlTemplate":"https:\/\/www.correiobraziliense.com.br\/cbradar\/?s={search_term_string}"},"query-input":{"@type":"PropertyValueSpecification","valueRequired":true,"valueName":"search_term_string"}}],"inLanguage":"pt-BR"},{"@type":"Person","@id":"https:\/\/www.correiobraziliense.com.br\/cbradar\/#\/schema\/person\/5aa4bf3c8fa699c267933611de12978b","name":"guilherme_saude","image":{"@type":"ImageObject","inLanguage":"pt-BR","@id":"https:\/\/www.correiobraziliense.com.br\/cbradar\/#\/schema\/person\/image\/","url":"https:\/\/secure.gravatar.com\/avatar\/df9adfb835d344bc0af109d41756253f?s=96&d=mm&r=g","contentUrl":"https:\/\/secure.gravatar.com\/avatar\/df9adfb835d344bc0af109d41756253f?s=96&d=mm&r=g","caption":"guilherme_saude"},"url":"https:\/\/www.correiobraziliense.com.br\/cbradar\/author\/guilherme_saude\/"}]}},"_links":{"self":[{"href":"https:\/\/www.correiobraziliense.com.br\/cbradar\/wp-json\/wp\/v2\/posts\/148892","targetHints":{"allow":["GET"]}}],"collection":[{"href":"https:\/\/www.correiobraziliense.com.br\/cbradar\/wp-json\/wp\/v2\/posts"}],"about":[{"href":"https:\/\/www.correiobraziliense.com.br\/cbradar\/wp-json\/wp\/v2\/types\/post"}],"author":[{"embeddable":true,"href":"https:\/\/www.correiobraziliense.com.br\/cbradar\/wp-json\/wp\/v2\/users\/14"}],"replies":[{"embeddable":true,"href":"https:\/\/www.correiobraziliense.com.br\/cbradar\/wp-json\/wp\/v2\/comments?post=148892"}],"version-history":[{"count":2,"href":"https:\/\/www.correiobraziliense.com.br\/cbradar\/wp-json\/wp\/v2\/posts\/148892\/revisions"}],"predecessor-version":[{"id":148900,"href":"https:\/\/www.correiobraziliense.com.br\/cbradar\/wp-json\/wp\/v2\/posts\/148892\/revisions\/148900"}],"wp:featuredmedia":[{"embeddable":true,"href":"https:\/\/www.correiobraziliense.com.br\/cbradar\/wp-json\/wp\/v2\/media\/148896"}],"wp:attachment":[{"href":"https:\/\/www.correiobraziliense.com.br\/cbradar\/wp-json\/wp\/v2\/media?parent=148892"}],"wp:term":[{"taxonomy":"category","embeddable":true,"href":"https:\/\/www.correiobraziliense.com.br\/cbradar\/wp-json\/wp\/v2\/categories?post=148892"},{"taxonomy":"post_tag","embeddable":true,"href":"https:\/\/www.correiobraziliense.com.br\/cbradar\/wp-json\/wp\/v2\/tags?post=148892"}],"curies":[{"name":"wp","href":"https:\/\/api.w.org\/{rel}","templated":true}]}}