{"id":148902,"date":"2025-12-03T12:05:00","date_gmt":"2025-12-03T15:05:00","guid":{"rendered":"https:\/\/www.correiobraziliense.com.br\/cbradar\/?p=148902"},"modified":"2025-12-02T16:33:53","modified_gmt":"2025-12-02T19:33:53","slug":"dor-e-inchaco-no-rosto-pode-ser-parotidite","status":"publish","type":"post","link":"https:\/\/www.correiobraziliense.com.br\/cbradar\/dor-e-inchaco-no-rosto-pode-ser-parotidite\/","title":{"rendered":"Dor e incha\u00e7o no rosto? Pode ser parotidite"},"content":{"rendered":"\n<p>A parotidite \u00e9 uma condi\u00e7\u00e3o caracterizada pela inflama\u00e7\u00e3o das gl\u00e2ndulas par\u00f3tidas, as maiores gl\u00e2ndulas salivares do corpo, localizadas logo abaixo e \u00e0 frente das orelhas. Essas gl\u00e2ndulas s\u00e3o respons\u00e1veis por grande parte da produ\u00e7\u00e3o de saliva. Quando se inflamam, por infec\u00e7\u00f5es ou outras causas, podem gerar dor intensa, incha\u00e7o e desconforto significativo. Reconhecer e tratar a parotidite de forma adequada \u00e9 essencial para evitar complica\u00e7\u00f5es mais graves.<\/p>\n\n\n\n<h2 class=\"wp-block-heading\">Qual a fun\u00e7\u00e3o das gl\u00e2ndulas par\u00f3tidas e causas da inflama\u00e7\u00e3o?<\/h2>\n\n\n\n<p>As gl\u00e2ndulas par\u00f3tidas produzem saliva, subst\u00e2ncia fundamental para iniciar a digest\u00e3o dos alimentos, lubrificar a cavidade oral e proteger dentes e mucosas. Quando ocorre a inflama\u00e7\u00e3o dessas gl\u00e2ndulas, o fluxo salivar pode ser prejudicado, comprometendo a <a href=\"https:\/\/www.correiobraziliense.com.br\/cbradar\/5-dicas-para-envelhecer-com-qualidade-de-vida\/\" target=\"_blank\" rel=\"noreferrer noopener\">sa\u00fade <\/a>bucal e o bem-estar geral.<\/p>\n\n\n\n<p>A parotidite pode ter diferentes origens, entre elas:<\/p>\n\n\n\n<ul class=\"wp-block-list\">\n<li><strong>Infec\u00e7\u00f5es virais<\/strong>, especialmente a caxumba, uma das causas mais conhecidas de inflama\u00e7\u00e3o das par\u00f3tidas, comum na inf\u00e2ncia, mas que tamb\u00e9m pode acometer adultos n\u00e3o imunizados.<\/li>\n\n\n\n<li><strong>Infec\u00e7\u00f5es bacterianas<\/strong>, que geralmente surgem quando h\u00e1 redu\u00e7\u00e3o do fluxo de saliva ou obstru\u00e7\u00e3o dos ductos salivares.<\/li>\n\n\n\n<li><strong>C\u00e1lculos salivares<\/strong>\u00a0(sialolit\u00edase), que bloqueiam a passagem da saliva, favorecendo inflama\u00e7\u00e3o e infec\u00e7\u00e3o.<\/li>\n\n\n\n<li><strong>Doen\u00e7as autoimunes ou sist\u00eamicas<\/strong>, como algumas condi\u00e7\u00f5es reumatol\u00f3gicas, que podem afetar diretamente as gl\u00e2ndulas salivares.<\/li>\n<\/ul>\n\n\n\n<figure class=\"wp-block-image size-large\"><img decoding=\"async\" width=\"1024\" height=\"576\" src=\"https:\/\/www.correiobraziliense.com.br\/cbradar\/wp-content\/uploads\/2025\/12\/Parotidite_1764704375631-1024x576.jpg\" alt=\"\" class=\"wp-image-148911\" srcset=\"https:\/\/www.correiobraziliense.com.br\/cbradar\/wp-content\/uploads\/2025\/12\/Parotidite_1764704375631-1024x576.jpg 1024w, https:\/\/www.correiobraziliense.com.br\/cbradar\/wp-content\/uploads\/2025\/12\/Parotidite_1764704375631-300x169.jpg 300w, https:\/\/www.correiobraziliense.com.br\/cbradar\/wp-content\/uploads\/2025\/12\/Parotidite_1764704375631-768x432.jpg 768w, https:\/\/www.correiobraziliense.com.br\/cbradar\/wp-content\/uploads\/2025\/12\/Parotidite_1764704375631-750x422.jpg 750w, https:\/\/www.correiobraziliense.com.br\/cbradar\/wp-content\/uploads\/2025\/12\/Parotidite_1764704375631-1140x641.jpg 1140w, https:\/\/www.correiobraziliense.com.br\/cbradar\/wp-content\/uploads\/2025\/12\/Parotidite_1764704375631.jpg 1280w\" sizes=\"(max-width: 1024px) 100vw, 1024px\" \/><figcaption class=\"wp-element-caption\">Parotidite &#8211; Cr\u00e9ditos: depositphotos.com \/ rob3000<\/figcaption><\/figure>\n\n\n\n<h2 class=\"wp-block-heading\">Quais os sintomas da parotidite?<\/h2>\n\n\n\n<p>Os sintomas podem variar conforme a causa e a gravidade do quadro, mas os mais frequentes <a href=\"https:\/\/www.gov.br\/saude\/pt-br\" target=\"_blank\" rel=\"noreferrer noopener\">incluem<\/a>:<\/p>\n\n\n\n<ul class=\"wp-block-list\">\n<li>Dor na regi\u00e3o pr\u00f3xima \u00e0s orelhas, que pode piorar ao mastigar ou falar;<\/li>\n\n\n\n<li>Incha\u00e7o vis\u00edvel no rosto, geralmente em um ou ambos os lados;<\/li>\n\n\n\n<li>Sensa\u00e7\u00e3o de calor local e vermelhid\u00e3o na pele sobre a gl\u00e2ndula afetada;<\/li>\n\n\n\n<li>Febre e mal-estar geral, principalmente nos casos infecciosos;<\/li>\n\n\n\n<li>Boca seca ou altera\u00e7\u00e3o na quantidade e na consist\u00eancia da saliva;<\/li>\n\n\n\n<li>Sa\u00edda de secre\u00e7\u00e3o purulenta pela abertura do ducto salivar dentro da boca, em infec\u00e7\u00f5es bacterianas.<\/li>\n<\/ul>\n\n\n\n<h2 class=\"wp-block-heading\">Como \u00e9 feito o diagn\u00f3stico?<\/h2>\n\n\n\n<p>O diagn\u00f3stico da parotidite come\u00e7a com uma consulta m\u00e9dica detalhada. O profissional avalia os sintomas, o hist\u00f3rico de sa\u00fade e poss\u00edveis fatores de risco do paciente. A seguir, \u00e9 realizado um exame f\u00edsico cuidadoso, com observa\u00e7\u00e3o e palpa\u00e7\u00e3o da regi\u00e3o das par\u00f3tidas em busca de sinais de inflama\u00e7\u00e3o, dor \u00e0 compress\u00e3o ou presen\u00e7a de n\u00f3dulos.<\/p>\n\n\n\n<p>Para complementar a avalia\u00e7\u00e3o e excluir outras condi\u00e7\u00f5es, o m\u00e9dico pode solicitar exames, como:<\/p>\n\n\n\n<ul class=\"wp-block-list\">\n<li><strong>Ultrassonografia<\/strong>\u00a0das gl\u00e2ndulas salivares, \u00fatil para identificar inflama\u00e7\u00f5es, abscessos e c\u00e1lculos salivares;<\/li>\n\n\n\n<li><strong>Resson\u00e2ncia magn\u00e9tica<\/strong>\u00a0ou\u00a0<strong>tomografia<\/strong>, indicadas em casos mais complexos, quando h\u00e1 suspeita de tumores ou altera\u00e7\u00f5es estruturais;<\/li>\n\n\n\n<li><strong>Exames laboratoriais<\/strong>, que ajudam a avaliar o quadro infeccioso, inflamat\u00f3rio e poss\u00edveis doen\u00e7as sist\u00eamicas associadas;<\/li>\n\n\n\n<li><strong>Coleta de secre\u00e7\u00e3o<\/strong>\u00a0da gl\u00e2ndula, quando h\u00e1 sa\u00edda de pus, para identificar o agente causador e orientar o uso de antibi\u00f3ticos.<\/li>\n<\/ul>\n\n\n\n<h2 class=\"wp-block-heading\">Qual o tratamento da parotidite?<\/h2>\n\n\n\n<p>O tratamento \u00e9 direcionado de acordo com a causa da inflama\u00e7\u00e3o e a gravidade do quadro. As principais abordagens envolvem:<\/p>\n\n\n\n<ul class=\"wp-block-list\">\n<li><strong>Infec\u00e7\u00f5es bacterianas:<\/strong>\u00a0uso de antibi\u00f3ticos prescritos pelo m\u00e9dico, associado a medidas de suporte, como boa hidrata\u00e7\u00e3o, analg\u00e9sicos e anti-inflamat\u00f3rios para controle da dor e da febre.<\/li>\n\n\n\n<li><strong>Infec\u00e7\u00f5es virais, como a caxumba:<\/strong>\u00a0tratamento sintom\u00e1tico, com repouso, hidrata\u00e7\u00e3o, analg\u00e9sicos e anti-inflamat\u00f3rios. Nesses casos, o organismo tende a combater o v\u00edrus de forma espont\u00e2nea.<\/li>\n\n\n\n<li><strong>Compressas mornas:<\/strong>\u00a0aplicadas na regi\u00e3o afetada para aliviar a dor e auxiliar no al\u00edvio do incha\u00e7o.<\/li>\n\n\n\n<li><strong>Estimula\u00e7\u00e3o do fluxo salivar:<\/strong>\u00a0incentivo \u00e0 mastiga\u00e7\u00e3o de alimentos mais firmes ou uso de balas c\u00edtricas sem a\u00e7\u00facar, quando indicado, para ajudar na produ\u00e7\u00e3o e escoamento da saliva.<\/li>\n\n\n\n<li><strong>Tratamento de c\u00e1lculos salivares:<\/strong>\u00a0pode envolver manobras para expuls\u00e3o do c\u00e1lculo, uso de medicamentos ou, em alguns casos, procedimentos cir\u00fargicos para remo\u00e7\u00e3o.<\/li>\n<\/ul>\n\n\n\n<p>Quadros mais graves ou complicados, como forma\u00e7\u00e3o de abscesso (ac\u00famulo de pus) ou obstru\u00e7\u00f5es importantes, podem exigir interna\u00e7\u00e3o hospitalar e interven\u00e7\u00f5es cir\u00fargicas espec\u00edficas.<\/p>\n\n\n\n<h2 class=\"wp-block-heading\">Existem poss\u00edveis complica\u00e7\u00f5es?<\/h2>\n\n\n\n<p>Quando n\u00e3o \u00e9 devidamente tratada, a parotidite pode evoluir com complica\u00e7\u00f5es s\u00e9rias, tais como:<\/p>\n\n\n\n<ul class=\"wp-block-list\">\n<li><strong>Forma\u00e7\u00e3o de abscessos<\/strong>\u00a0nas gl\u00e2ndulas, exigindo drenagem cir\u00fargica;<\/li>\n\n\n\n<li><strong>Septicemia<\/strong>\u00a0(infec\u00e7\u00e3o generalizada), situa\u00e7\u00e3o grave que representa risco \u00e0 vida;<\/li>\n\n\n\n<li><strong>Inflama\u00e7\u00f5es recorrentes<\/strong>, que podem comprometer de forma duradoura o funcionamento das gl\u00e2ndulas par\u00f3tidas;<\/li>\n\n\n\n<li><strong>Fibrose e redu\u00e7\u00e3o da produ\u00e7\u00e3o de saliva<\/strong>, aumentando o risco de c\u00e1ries, infec\u00e7\u00f5es bucais e dificuldades de mastiga\u00e7\u00e3o;<\/li>\n\n\n\n<li><strong>Les\u00e3o de estruturas vizinhas<\/strong>, principalmente em casos mal abordados cirurgicamente, com risco de comprometimento do nervo facial e paralisia dos m\u00fasculos da face.<\/li>\n<\/ul>\n\n\n\n<p>Pessoas com maior predisposi\u00e7\u00e3o, como indiv\u00edduos diab\u00e9ticos, portadores de doen\u00e7as autoimunes ou com imunidade comprometida, devem ter aten\u00e7\u00e3o redobrada aos sintomas e buscar assist\u00eancia m\u00e9dica precocemente.<\/p>\n\n\n\n<h2 class=\"wp-block-heading\">Quando procurar um especialista?<\/h2>\n\n\n\n<p>Em casos cr\u00f4nicos, recorrentes ou de maior complexidade, \u00e9 recomendada a avalia\u00e7\u00e3o por um especialista em cirurgia de cabe\u00e7a e pesco\u00e7o ou otorrinolaringologia. Esses profissionais possuem treinamento espec\u00edfico para diagnosticar e tratar doen\u00e7as das gl\u00e2ndulas salivares, indicando desde tratamentos cl\u00ednicos at\u00e9 procedimentos cir\u00fargicos quando necess\u00e1rios.<\/p>\n\n\n\n<p>A escolha de um profissional experiente \u00e9 fundamental, sobretudo quando h\u00e1 indica\u00e7\u00e3o de cirurgia nas par\u00f3tidas, devido \u00e0 proximidade com estruturas nobres, como o nervo facial. Interven\u00e7\u00f5es inadequadas podem trazer riscos adicionais, incluindo altera\u00e7\u00f5es de movimento da face.<\/p>\n\n\n\n<h2 class=\"wp-block-heading\">Qual a preven\u00e7\u00e3o e cuidados gerais?<\/h2>\n\n\n\n<p>A preven\u00e7\u00e3o da parotidite e de suas complica\u00e7\u00f5es come\u00e7a com a informa\u00e7\u00e3o correta e o reconhecimento precoce dos sinais de alerta. Algumas medidas importantes incluem:<\/p>\n\n\n\n<ul class=\"wp-block-list\">\n<li>Manter boa higiene bucal e visitas regulares ao dentista;<\/li>\n\n\n\n<li>Garantir hidrata\u00e7\u00e3o adequada ao longo do dia;<\/li>\n\n\n\n<li>Controlar doen\u00e7as cr\u00f4nicas, como o diabetes, com acompanhamento m\u00e9dico regular;<\/li>\n\n\n\n<li>Respeitar o esquema vacinal, especialmente a vacina contra caxumba (geralmente inclu\u00edda na tr\u00edplice viral);<\/li>\n\n\n\n<li>Procurar atendimento m\u00e9dico diante de dor, incha\u00e7o perto das orelhas ou febre associada a desconforto na regi\u00e3o das gl\u00e2ndulas salivares.<\/li>\n<\/ul>\n\n\n<a href=\"https:\/\/www.instagram.com\/dra.annaluisabf\/\" target=\"_blank\" rel=\"noopener\" style=\"text-decoration: none; color: inherit;\">\n    <span style=\"display: inline-block; border: 1px solid #ccc; border-radius: 10px; padding: 15px; max-width: 550px; font-family: sans-serif; box-shadow: 0 2px 5px rgba(0,0,0,0.1); width: 100%;\">\n\n      <!-- T\u00edtulo -->\n      <span style=\"display: block; margin: 0 0 15px 0; font-weight: bold; color: #2c3e50; text-align: center;\">\n        Entre em contato:\n      <\/span>\n\n      <!-- Linha do perfil -->\n      <span style=\"display: flex; align-items: center; gap: 15px;\">\n        <img decoding=\"async\"\n          src=\"https:\/\/www.correiobraziliense.com.br\/cbradar\/wp-content\/uploads\/2025\/08\/dra_anna_luisa.jpeg\"\n          alt=\"Foto da Dra. Anna Lu\u00edsa\"\n          style=\"border-radius: 50%; width: 80px; height: 80px; object-fit: cover;\"\n        \/>\n        <span style=\"display: flex; flex-direction: column;\">\n          <span style=\"font-size: 18px; font-weight: 700; color: #2c3e50;\">Dra. Anna Lu\u00edsa Barbosa Fernandes<\/span>\n          <span style=\"color: #555;\">CRM-GO 33.271<\/span>\n        <\/span>\n      <\/span>\n\n      <!-- Redes -->\n      <span style=\"display: flex; align-items: center; gap: 10px; margin-top: 12px;\">\n        <img decoding=\"async\" src=\"https:\/\/cdn-icons-png.flaticon.com\/24\/1384\/1384063.png\" alt=\"Instagram\" width=\"24\" height=\"24\" \/>\n        <span style=\"text-decoration: underline; color: #2c3e50;\">@dra.annaluisabf<\/span>\n      <\/span>\n\n    <\/span>\n  <\/a>","protected":false},"excerpt":{"rendered":"<p>A parotidite \u00e9 uma condi\u00e7\u00e3o caracterizada pela inflama\u00e7\u00e3o das gl\u00e2ndulas par\u00f3tidas, as maiores gl\u00e2ndulas salivares do corpo, localizadas logo abaixo e \u00e0 frente das orelhas. Essas gl\u00e2ndulas s\u00e3o respons\u00e1veis por grande parte da produ\u00e7\u00e3o de saliva. Quando se inflamam, por infec\u00e7\u00f5es ou outras causas, podem gerar dor intensa, incha\u00e7o e desconforto significativo. Reconhecer e tratar [&hellip;]<\/p>\n","protected":false},"author":14,"featured_media":148910,"comment_status":"open","ping_status":"open","sticky":false,"template":"","format":"standard","meta":{"_yoast_wpseo_focuskw":"Parotidite","_yoast_wpseo_title":"","_yoast_wpseo_metadesc":"Dor, incha\u00e7o no rosto e febre podem ser parotidite. Entenda as causas, tratamentos e quando procurar um especialista.","jnews-multi-image_gallery":[],"jnews_single_post":{"format":"standard"},"jnews_primary_category":[],"jnews_social_meta":[],"jnews_override_counter":[],"footnotes":""},"categories":[4404],"tags":[120,12205,1318],"class_list":["post-148902","post","type-post","status-publish","format-standard","has-post-thumbnail","hentry","category-saude","tag-bem-estar","tag-parodite","tag-saude-2"],"yoast_head":"<!-- This site is optimized with the Yoast SEO plugin v24.6 - https:\/\/yoast.com\/wordpress\/plugins\/seo\/ -->\n<title>Dor e incha\u00e7o no rosto? Pode ser parotidite - Correio Braziliense - Radar<\/title>\n<meta name=\"description\" content=\"Dor, incha\u00e7o no rosto e febre podem ser parotidite. Entenda as causas, tratamentos e quando procurar um especialista.\" \/>\n<meta name=\"robots\" content=\"index, follow, max-snippet:-1, max-image-preview:large, max-video-preview:-1\" \/>\n<link rel=\"canonical\" href=\"https:\/\/www.correiobraziliense.com.br\/cbradar\/dor-e-inchaco-no-rosto-pode-ser-parotidite\/\" \/>\n<meta property=\"og:locale\" content=\"pt_BR\" \/>\n<meta property=\"og:type\" content=\"article\" \/>\n<meta property=\"og:title\" content=\"Dor e incha\u00e7o no rosto? Pode ser parotidite - Correio Braziliense - Radar\" \/>\n<meta property=\"og:description\" content=\"Dor, incha\u00e7o no rosto e febre podem ser parotidite. Entenda as causas, tratamentos e quando procurar um especialista.\" \/>\n<meta property=\"og:url\" content=\"https:\/\/www.correiobraziliense.com.br\/cbradar\/dor-e-inchaco-no-rosto-pode-ser-parotidite\/\" \/>\n<meta property=\"og:site_name\" content=\"Correio Braziliense - Radar\" \/>\n<meta property=\"article:published_time\" content=\"2025-12-03T15:05:00+00:00\" \/>\n<meta property=\"og:image\" content=\"https:\/\/www.correiobraziliense.com.br\/cbradar\/wp-content\/uploads\/2025\/12\/Parotidite_1764704342709.jpg\" \/>\n\t<meta property=\"og:image:width\" content=\"1280\" \/>\n\t<meta property=\"og:image:height\" content=\"720\" \/>\n\t<meta property=\"og:image:type\" content=\"image\/jpeg\" \/>\n<meta name=\"author\" content=\"guilherme_saude\" \/>\n<meta name=\"twitter:card\" content=\"summary_large_image\" \/>\n<meta name=\"twitter:label1\" content=\"Escrito por\" \/>\n\t<meta name=\"twitter:data1\" content=\"guilherme_saude\" \/>\n\t<meta name=\"twitter:label2\" content=\"Est. tempo de leitura\" \/>\n\t<meta name=\"twitter:data2\" content=\"6 minutos\" \/>\n<!-- \/ Yoast SEO plugin. -->","yoast_head_json":{"title":"Dor e incha\u00e7o no rosto? Pode ser parotidite - Correio Braziliense - Radar","description":"Dor, incha\u00e7o no rosto e febre podem ser parotidite. Entenda as causas, tratamentos e quando procurar um especialista.","robots":{"index":"index","follow":"follow","max-snippet":"max-snippet:-1","max-image-preview":"max-image-preview:large","max-video-preview":"max-video-preview:-1"},"canonical":"https:\/\/www.correiobraziliense.com.br\/cbradar\/dor-e-inchaco-no-rosto-pode-ser-parotidite\/","og_locale":"pt_BR","og_type":"article","og_title":"Dor e incha\u00e7o no rosto? Pode ser parotidite - Correio Braziliense - Radar","og_description":"Dor, incha\u00e7o no rosto e febre podem ser parotidite. Entenda as causas, tratamentos e quando procurar um especialista.","og_url":"https:\/\/www.correiobraziliense.com.br\/cbradar\/dor-e-inchaco-no-rosto-pode-ser-parotidite\/","og_site_name":"Correio Braziliense - Radar","article_published_time":"2025-12-03T15:05:00+00:00","og_image":[{"width":1280,"height":720,"url":"https:\/\/www.correiobraziliense.com.br\/cbradar\/wp-content\/uploads\/2025\/12\/Parotidite_1764704342709.jpg","type":"image\/jpeg"}],"author":"guilherme_saude","twitter_card":"summary_large_image","twitter_misc":{"Escrito por":"guilherme_saude","Est. tempo de leitura":"6 minutos"},"schema":{"@context":"https:\/\/schema.org","@graph":[{"@type":"WebPage","@id":"https:\/\/www.correiobraziliense.com.br\/cbradar\/dor-e-inchaco-no-rosto-pode-ser-parotidite\/","url":"https:\/\/www.correiobraziliense.com.br\/cbradar\/dor-e-inchaco-no-rosto-pode-ser-parotidite\/","name":"Dor e incha\u00e7o no rosto? Pode ser parotidite - Correio Braziliense - Radar","isPartOf":{"@id":"https:\/\/www.correiobraziliense.com.br\/cbradar\/#website"},"primaryImageOfPage":{"@id":"https:\/\/www.correiobraziliense.com.br\/cbradar\/dor-e-inchaco-no-rosto-pode-ser-parotidite\/#primaryimage"},"image":{"@id":"https:\/\/www.correiobraziliense.com.br\/cbradar\/dor-e-inchaco-no-rosto-pode-ser-parotidite\/#primaryimage"},"thumbnailUrl":"https:\/\/www.correiobraziliense.com.br\/cbradar\/wp-content\/uploads\/2025\/12\/Parotidite_1764704342709.jpg","datePublished":"2025-12-03T15:05:00+00:00","author":{"@id":"https:\/\/www.correiobraziliense.com.br\/cbradar\/#\/schema\/person\/5aa4bf3c8fa699c267933611de12978b"},"description":"Dor, incha\u00e7o no rosto e febre podem ser parotidite. Entenda as causas, tratamentos e quando procurar um especialista.","breadcrumb":{"@id":"https:\/\/www.correiobraziliense.com.br\/cbradar\/dor-e-inchaco-no-rosto-pode-ser-parotidite\/#breadcrumb"},"inLanguage":"pt-BR","potentialAction":[{"@type":"ReadAction","target":["https:\/\/www.correiobraziliense.com.br\/cbradar\/dor-e-inchaco-no-rosto-pode-ser-parotidite\/"]}]},{"@type":"ImageObject","inLanguage":"pt-BR","@id":"https:\/\/www.correiobraziliense.com.br\/cbradar\/dor-e-inchaco-no-rosto-pode-ser-parotidite\/#primaryimage","url":"https:\/\/www.correiobraziliense.com.br\/cbradar\/wp-content\/uploads\/2025\/12\/Parotidite_1764704342709.jpg","contentUrl":"https:\/\/www.correiobraziliense.com.br\/cbradar\/wp-content\/uploads\/2025\/12\/Parotidite_1764704342709.jpg","width":1280,"height":720,"caption":"Parotidite - Cr\u00e9ditos: depositphotos.com \/ zaynyinyi"},{"@type":"BreadcrumbList","@id":"https:\/\/www.correiobraziliense.com.br\/cbradar\/dor-e-inchaco-no-rosto-pode-ser-parotidite\/#breadcrumb","itemListElement":[{"@type":"ListItem","position":1,"name":"In\u00edcio","item":"https:\/\/www.correiobraziliense.com.br\/cbradar\/"},{"@type":"ListItem","position":2,"name":"Dor e incha\u00e7o no rosto? Pode ser parotidite"}]},{"@type":"WebSite","@id":"https:\/\/www.correiobraziliense.com.br\/cbradar\/#website","url":"https:\/\/www.correiobraziliense.com.br\/cbradar\/","name":"Correio Braziliense - Radar","description":"Acompanhe as \u00faltimas not\u00edcias e fique bem informado sobre tudo o que acontece no Brasil e no mundo.","potentialAction":[{"@type":"SearchAction","target":{"@type":"EntryPoint","urlTemplate":"https:\/\/www.correiobraziliense.com.br\/cbradar\/?s={search_term_string}"},"query-input":{"@type":"PropertyValueSpecification","valueRequired":true,"valueName":"search_term_string"}}],"inLanguage":"pt-BR"},{"@type":"Person","@id":"https:\/\/www.correiobraziliense.com.br\/cbradar\/#\/schema\/person\/5aa4bf3c8fa699c267933611de12978b","name":"guilherme_saude","image":{"@type":"ImageObject","inLanguage":"pt-BR","@id":"https:\/\/www.correiobraziliense.com.br\/cbradar\/#\/schema\/person\/image\/","url":"https:\/\/secure.gravatar.com\/avatar\/df9adfb835d344bc0af109d41756253f?s=96&d=mm&r=g","contentUrl":"https:\/\/secure.gravatar.com\/avatar\/df9adfb835d344bc0af109d41756253f?s=96&d=mm&r=g","caption":"guilherme_saude"},"url":"https:\/\/www.correiobraziliense.com.br\/cbradar\/author\/guilherme_saude\/"}]}},"_links":{"self":[{"href":"https:\/\/www.correiobraziliense.com.br\/cbradar\/wp-json\/wp\/v2\/posts\/148902","targetHints":{"allow":["GET"]}}],"collection":[{"href":"https:\/\/www.correiobraziliense.com.br\/cbradar\/wp-json\/wp\/v2\/posts"}],"about":[{"href":"https:\/\/www.correiobraziliense.com.br\/cbradar\/wp-json\/wp\/v2\/types\/post"}],"author":[{"embeddable":true,"href":"https:\/\/www.correiobraziliense.com.br\/cbradar\/wp-json\/wp\/v2\/users\/14"}],"replies":[{"embeddable":true,"href":"https:\/\/www.correiobraziliense.com.br\/cbradar\/wp-json\/wp\/v2\/comments?post=148902"}],"version-history":[{"count":1,"href":"https:\/\/www.correiobraziliense.com.br\/cbradar\/wp-json\/wp\/v2\/posts\/148902\/revisions"}],"predecessor-version":[{"id":148913,"href":"https:\/\/www.correiobraziliense.com.br\/cbradar\/wp-json\/wp\/v2\/posts\/148902\/revisions\/148913"}],"wp:featuredmedia":[{"embeddable":true,"href":"https:\/\/www.correiobraziliense.com.br\/cbradar\/wp-json\/wp\/v2\/media\/148910"}],"wp:attachment":[{"href":"https:\/\/www.correiobraziliense.com.br\/cbradar\/wp-json\/wp\/v2\/media?parent=148902"}],"wp:term":[{"taxonomy":"category","embeddable":true,"href":"https:\/\/www.correiobraziliense.com.br\/cbradar\/wp-json\/wp\/v2\/categories?post=148902"},{"taxonomy":"post_tag","embeddable":true,"href":"https:\/\/www.correiobraziliense.com.br\/cbradar\/wp-json\/wp\/v2\/tags?post=148902"}],"curies":[{"name":"wp","href":"https:\/\/api.w.org\/{rel}","templated":true}]}}