{"id":14892,"date":"2025-03-24T07:30:00","date_gmt":"2025-03-24T10:30:00","guid":{"rendered":"https:\/\/www.correiobraziliense.com.br\/cbradar\/?p=14892"},"modified":"2025-03-22T16:51:28","modified_gmt":"2025-03-22T19:51:28","slug":"cidade-brasileira-e-eleita-a-ideal-para-nomades-digitais","status":"publish","type":"post","link":"https:\/\/www.correiobraziliense.com.br\/cbradar\/cidade-brasileira-e-eleita-a-ideal-para-nomades-digitais\/","title":{"rendered":"Cidade brasileira \u00e9 eleita a ideal para n\u00f4mades digitais"},"content":{"rendered":"\n<p>O <strong>Rio de Janeiro<\/strong> foi recentemente eleito como o melhor destino mundial para n\u00f4mades digitais, conforme um ranking internacional divulgado pelo portal <strong>Aviation Direct<\/strong>. A cidade superou concorrentes de peso como <strong>Bangkok<\/strong> e <strong>Buenos Aires<\/strong>, destacando-se por suas condi\u00e7\u00f5es favor\u00e1veis para profissionais que trabalham remotamente. Este reconhecimento foi destacado na revista eletr\u00f4nica Tend\u00eancias do Turismo, organizada pelo Minist\u00e9rio do Turismo em parceria com a Embratur.<\/p>\n\n\n\n<p>Entre os fatores que colocaram o Rio no topo do ranking est\u00e3o a temperatura m\u00e9dia agrad\u00e1vel, o custo de vida acess\u00edvel em compara\u00e7\u00e3o com outras cidades internacionais e a boa qualidade da internet. Esses elementos s\u00e3o essenciais para quem opta por um estilo de vida n\u00f4made digital, permitindo que trabalhem de qualquer lugar do mundo com efici\u00eancia.<\/p>\n\n\n\n<h2 class=\"wp-block-heading\"><strong>Quais fatores tornam o Rio de Janeiro ideal para n\u00f4mades digitais?<\/strong><\/h2>\n\n\n\n<p>O estudo que classificou o Rio de Janeiro como l\u00edder mundial para n\u00f4mades digitais considerou diversos crit\u00e9rios. O custo da estadia e de vida, a temperatura m\u00e9dia e a qualidade da internet foram alguns dos aspectos analisados. Al\u00e9m disso, a cidade tem se beneficiado da cria\u00e7\u00e3o de um visto espec\u00edfico para n\u00f4mades digitais, regulamentado pelo governo federal em 2022, que permite uma estadia de at\u00e9 um ano no Brasil.<\/p>\n\n\n\n<p>O ambiente acolhedor e a infraestrutura tur\u00edstica consolidada tamb\u00e9m contribuem para a atratividade do Rio. A cidade oferece uma combina\u00e7\u00e3o \u00fanica de beleza natural, cultura vibrante e uma comunidade internacional crescente, tornando-a um ponto de encontro para profissionais de todo o mundo.<\/p>\n\n\n\n<figure class=\"wp-block-image size-large\"><img decoding=\"async\" width=\"1024\" height=\"576\" src=\"https:\/\/www.correiobraziliense.com.br\/cbradar\/wp-content\/uploads\/2025\/03\/Rio-de-Janeiro_1742647439841-1024x576.jpg\" alt=\"Cidade brasileira \u00e9 eleita a ideal para n\u00f4mades digitais\" class=\"wp-image-14894\" srcset=\"https:\/\/www.correiobraziliense.com.br\/cbradar\/wp-content\/uploads\/2025\/03\/Rio-de-Janeiro_1742647439841-1024x576.jpg 1024w, https:\/\/www.correiobraziliense.com.br\/cbradar\/wp-content\/uploads\/2025\/03\/Rio-de-Janeiro_1742647439841-300x169.jpg 300w, https:\/\/www.correiobraziliense.com.br\/cbradar\/wp-content\/uploads\/2025\/03\/Rio-de-Janeiro_1742647439841-768x432.jpg 768w, https:\/\/www.correiobraziliense.com.br\/cbradar\/wp-content\/uploads\/2025\/03\/Rio-de-Janeiro_1742647439841-750x422.jpg 750w, https:\/\/www.correiobraziliense.com.br\/cbradar\/wp-content\/uploads\/2025\/03\/Rio-de-Janeiro_1742647439841-1140x641.jpg 1140w, https:\/\/www.correiobraziliense.com.br\/cbradar\/wp-content\/uploads\/2025\/03\/Rio-de-Janeiro_1742647439841.jpg 1280w\" sizes=\"(max-width: 1024px) 100vw, 1024px\" \/><figcaption class=\"wp-element-caption\">Rio de Janeiro. Cr\u00e9ditos: depositphotos.com \/ diegograndi<\/figcaption><\/figure>\n\n\n\n<h2 class=\"wp-block-heading\"><strong>Como o Rio de Janeiro est\u00e1 se consolidando como um hub para n\u00f4mades digitais?<\/strong><\/h2>\n\n\n\n<p>O Rio de Janeiro tem se esfor\u00e7ado para se consolidar como um hub para n\u00f4mades digitais, sediando eventos internacionais como o The Nomad World (TNW). Este evento, apoiado pela Secretaria Municipal de Turismo, re\u00fane a comunidade global de n\u00f4mades digitais para discutir temas como empreendedorismo e intelig\u00eancia artificial.<\/p>\n\n\n\n<p>Al\u00e9m disso, a cidade tem investido em parcerias com hot\u00e9is e acomoda\u00e7\u00f5es que oferecem descontos e facilidades para esses profissionais. A presen\u00e7a de uma comunidade internacional ativa e a possibilidade de conciliar trabalho e lazer s\u00e3o atrativos adicionais que t\u00eam atra\u00eddo cada vez mais n\u00f4mades digitais para o Rio.<\/p>\n\n\n\n<h2 class=\"wp-block-heading\"><strong>Qual \u00e9 o impacto do turismo de n\u00f4mades digitais na economia do Rio de Janeiro?<\/strong><\/h2>\n\n\n\n<p>O turismo de n\u00f4mades digitais tem um impacto significativo na economia do Rio de Janeiro e do Brasil como um todo. O setor tur\u00edstico j\u00e1 representa cerca de 8% do PIB brasileiro e tem potencial para crescer ainda mais com a populariza\u00e7\u00e3o do trabalho remoto. A cidade do Rio, com sua opera\u00e7\u00e3o tur\u00edstica bem estruturada, gera confian\u00e7a nos visitantes e contribui para o aumento do fluxo de turistas.<\/p>\n\n\n\n<p>O turismo h\u00edbrido, que combina trabalho e lazer, \u00e9 uma tend\u00eancia crescente que tamb\u00e9m impulsiona a economia local. Muitas empresas est\u00e3o incentivando esse tipo de viagem, permitindo que seus funcion\u00e1rios aproveitem o melhor dos dois mundos. Com isso, o Rio de Janeiro se consolida como um destino preferencial para aqueles que buscam um equil\u00edbrio entre vida profissional e pessoal.<\/p>\n","protected":false},"excerpt":{"rendered":"<p>O Rio de Janeiro foi eleito o melhor destino para n\u00f4mades digitais em 2025! Descubra por que a Cidade Maravilhosa \u00e9 o local perfeito para trabalhar remotamente.<\/p>\n","protected":false},"author":3,"featured_media":14893,"comment_status":"open","ping_status":"open","sticky":false,"template":"","format":"standard","meta":{"_yoast_wpseo_focuskw":"Rio de Janeiro","_yoast_wpseo_title":"%%title%%","_yoast_wpseo_metadesc":"O Rio de Janeiro foi eleito o melhor destino para n\u00f4mades digitais em 2025! Descubra por que a Cidade Maravilhosa \u00e9 o local perfeito para trabalhar remotamente.","jnews-multi-image_gallery":[],"jnews_single_post":{"format":"standard"},"jnews_primary_category":[],"jnews_social_meta":[],"jnews_override_counter":[],"footnotes":""},"categories":[108],"tags":[109],"class_list":["post-14892","post","type-post","status-publish","format-standard","has-post-thumbnail","hentry","category-cidades","tag-cidades"],"yoast_head":"<!-- This site is optimized with the Yoast SEO plugin v24.6 - https:\/\/yoast.com\/wordpress\/plugins\/seo\/ -->\n<title>Cidade brasileira \u00e9 eleita a ideal para n\u00f4mades digitais<\/title>\n<meta name=\"description\" content=\"O Rio de Janeiro foi eleito o melhor destino para n\u00f4mades digitais em 2025! Descubra por que a Cidade Maravilhosa \u00e9 o local perfeito para trabalhar remotamente.\" \/>\n<meta name=\"robots\" content=\"index, follow, max-snippet:-1, max-image-preview:large, max-video-preview:-1\" \/>\n<link rel=\"canonical\" href=\"https:\/\/www.correiobraziliense.com.br\/cbradar\/cidade-brasileira-e-eleita-a-ideal-para-nomades-digitais\/\" \/>\n<meta property=\"og:locale\" content=\"pt_BR\" \/>\n<meta property=\"og:type\" content=\"article\" \/>\n<meta property=\"og:title\" content=\"Cidade brasileira \u00e9 eleita a ideal para n\u00f4mades digitais\" \/>\n<meta property=\"og:description\" content=\"O Rio de Janeiro foi eleito o melhor destino para n\u00f4mades digitais em 2025! Descubra por que a Cidade Maravilhosa \u00e9 o local perfeito para trabalhar remotamente.\" \/>\n<meta property=\"og:url\" content=\"https:\/\/www.correiobraziliense.com.br\/cbradar\/cidade-brasileira-e-eleita-a-ideal-para-nomades-digitais\/\" \/>\n<meta property=\"og:site_name\" content=\"Correio Braziliense - Radar\" \/>\n<meta property=\"article:published_time\" content=\"2025-03-24T10:30:00+00:00\" \/>\n<meta property=\"og:image\" content=\"https:\/\/www.correiobraziliense.com.br\/cbradar\/wp-content\/uploads\/2025\/03\/Rio-de-Janeiro_1742647413601.jpg\" \/>\n\t<meta property=\"og:image:width\" content=\"1280\" \/>\n\t<meta property=\"og:image:height\" content=\"720\" \/>\n\t<meta property=\"og:image:type\" content=\"image\/jpeg\" \/>\n<meta name=\"author\" content=\"Larissa Carvalho\" \/>\n<meta name=\"twitter:card\" content=\"summary_large_image\" \/>\n<meta name=\"twitter:label1\" content=\"Escrito por\" \/>\n\t<meta name=\"twitter:data1\" content=\"Larissa Carvalho\" \/>\n\t<meta name=\"twitter:label2\" content=\"Est. tempo de leitura\" \/>\n\t<meta name=\"twitter:data2\" content=\"4 minutos\" \/>\n<!-- \/ Yoast SEO plugin. -->","yoast_head_json":{"title":"Cidade brasileira \u00e9 eleita a ideal para n\u00f4mades digitais","description":"O Rio de Janeiro foi eleito o melhor destino para n\u00f4mades digitais em 2025! Descubra por que a Cidade Maravilhosa \u00e9 o local perfeito para trabalhar remotamente.","robots":{"index":"index","follow":"follow","max-snippet":"max-snippet:-1","max-image-preview":"max-image-preview:large","max-video-preview":"max-video-preview:-1"},"canonical":"https:\/\/www.correiobraziliense.com.br\/cbradar\/cidade-brasileira-e-eleita-a-ideal-para-nomades-digitais\/","og_locale":"pt_BR","og_type":"article","og_title":"Cidade brasileira \u00e9 eleita a ideal para n\u00f4mades digitais","og_description":"O Rio de Janeiro foi eleito o melhor destino para n\u00f4mades digitais em 2025! Descubra por que a Cidade Maravilhosa \u00e9 o local perfeito para trabalhar remotamente.","og_url":"https:\/\/www.correiobraziliense.com.br\/cbradar\/cidade-brasileira-e-eleita-a-ideal-para-nomades-digitais\/","og_site_name":"Correio Braziliense - Radar","article_published_time":"2025-03-24T10:30:00+00:00","og_image":[{"width":1280,"height":720,"url":"https:\/\/www.correiobraziliense.com.br\/cbradar\/wp-content\/uploads\/2025\/03\/Rio-de-Janeiro_1742647413601.jpg","type":"image\/jpeg"}],"author":"Larissa Carvalho","twitter_card":"summary_large_image","twitter_misc":{"Escrito por":"Larissa Carvalho","Est. tempo de leitura":"4 minutos"},"schema":{"@context":"https:\/\/schema.org","@graph":[{"@type":"WebPage","@id":"https:\/\/www.correiobraziliense.com.br\/cbradar\/cidade-brasileira-e-eleita-a-ideal-para-nomades-digitais\/","url":"https:\/\/www.correiobraziliense.com.br\/cbradar\/cidade-brasileira-e-eleita-a-ideal-para-nomades-digitais\/","name":"Cidade brasileira \u00e9 eleita a ideal para n\u00f4mades digitais","isPartOf":{"@id":"https:\/\/www.correiobraziliense.com.br\/cbradar\/#website"},"primaryImageOfPage":{"@id":"https:\/\/www.correiobraziliense.com.br\/cbradar\/cidade-brasileira-e-eleita-a-ideal-para-nomades-digitais\/#primaryimage"},"image":{"@id":"https:\/\/www.correiobraziliense.com.br\/cbradar\/cidade-brasileira-e-eleita-a-ideal-para-nomades-digitais\/#primaryimage"},"thumbnailUrl":"https:\/\/www.correiobraziliense.com.br\/cbradar\/wp-content\/uploads\/2025\/03\/Rio-de-Janeiro_1742647413601.jpg","datePublished":"2025-03-24T10:30:00+00:00","author":{"@id":"https:\/\/www.correiobraziliense.com.br\/cbradar\/#\/schema\/person\/58422787644df994b53a19d3e56c1513"},"description":"O Rio de Janeiro foi eleito o melhor destino para n\u00f4mades digitais em 2025! Descubra por que a Cidade Maravilhosa \u00e9 o local perfeito para trabalhar remotamente.","breadcrumb":{"@id":"https:\/\/www.correiobraziliense.com.br\/cbradar\/cidade-brasileira-e-eleita-a-ideal-para-nomades-digitais\/#breadcrumb"},"inLanguage":"pt-BR","potentialAction":[{"@type":"ReadAction","target":["https:\/\/www.correiobraziliense.com.br\/cbradar\/cidade-brasileira-e-eleita-a-ideal-para-nomades-digitais\/"]}]},{"@type":"ImageObject","inLanguage":"pt-BR","@id":"https:\/\/www.correiobraziliense.com.br\/cbradar\/cidade-brasileira-e-eleita-a-ideal-para-nomades-digitais\/#primaryimage","url":"https:\/\/www.correiobraziliense.com.br\/cbradar\/wp-content\/uploads\/2025\/03\/Rio-de-Janeiro_1742647413601.jpg","contentUrl":"https:\/\/www.correiobraziliense.com.br\/cbradar\/wp-content\/uploads\/2025\/03\/Rio-de-Janeiro_1742647413601.jpg","width":1280,"height":720,"caption":"Rio de Janeiro. Cr\u00e9ditos: depositphotos.com \/ xura"},{"@type":"BreadcrumbList","@id":"https:\/\/www.correiobraziliense.com.br\/cbradar\/cidade-brasileira-e-eleita-a-ideal-para-nomades-digitais\/#breadcrumb","itemListElement":[{"@type":"ListItem","position":1,"name":"In\u00edcio","item":"https:\/\/www.correiobraziliense.com.br\/cbradar\/"},{"@type":"ListItem","position":2,"name":"Cidade brasileira \u00e9 eleita a ideal para n\u00f4mades digitais"}]},{"@type":"WebSite","@id":"https:\/\/www.correiobraziliense.com.br\/cbradar\/#website","url":"https:\/\/www.correiobraziliense.com.br\/cbradar\/","name":"Correio Braziliense - Radar","description":"Acompanhe as \u00faltimas not\u00edcias e fique bem informado sobre tudo o que acontece no Brasil e no mundo.","potentialAction":[{"@type":"SearchAction","target":{"@type":"EntryPoint","urlTemplate":"https:\/\/www.correiobraziliense.com.br\/cbradar\/?s={search_term_string}"},"query-input":{"@type":"PropertyValueSpecification","valueRequired":true,"valueName":"search_term_string"}}],"inLanguage":"pt-BR"},{"@type":"Person","@id":"https:\/\/www.correiobraziliense.com.br\/cbradar\/#\/schema\/person\/58422787644df994b53a19d3e56c1513","name":"Larissa Carvalho","image":{"@type":"ImageObject","inLanguage":"pt-BR","@id":"https:\/\/www.correiobraziliense.com.br\/cbradar\/#\/schema\/person\/image\/","url":"https:\/\/secure.gravatar.com\/avatar\/fe4f91a0de32b52a838d0d612abdc1aa?s=96&d=mm&r=g","contentUrl":"https:\/\/secure.gravatar.com\/avatar\/fe4f91a0de32b52a838d0d612abdc1aa?s=96&d=mm&r=g","caption":"Larissa Carvalho"},"url":"https:\/\/www.correiobraziliense.com.br\/cbradar\/author\/larissamyth\/"}]}},"_links":{"self":[{"href":"https:\/\/www.correiobraziliense.com.br\/cbradar\/wp-json\/wp\/v2\/posts\/14892","targetHints":{"allow":["GET"]}}],"collection":[{"href":"https:\/\/www.correiobraziliense.com.br\/cbradar\/wp-json\/wp\/v2\/posts"}],"about":[{"href":"https:\/\/www.correiobraziliense.com.br\/cbradar\/wp-json\/wp\/v2\/types\/post"}],"author":[{"embeddable":true,"href":"https:\/\/www.correiobraziliense.com.br\/cbradar\/wp-json\/wp\/v2\/users\/3"}],"replies":[{"embeddable":true,"href":"https:\/\/www.correiobraziliense.com.br\/cbradar\/wp-json\/wp\/v2\/comments?post=14892"}],"version-history":[{"count":1,"href":"https:\/\/www.correiobraziliense.com.br\/cbradar\/wp-json\/wp\/v2\/posts\/14892\/revisions"}],"predecessor-version":[{"id":14895,"href":"https:\/\/www.correiobraziliense.com.br\/cbradar\/wp-json\/wp\/v2\/posts\/14892\/revisions\/14895"}],"wp:featuredmedia":[{"embeddable":true,"href":"https:\/\/www.correiobraziliense.com.br\/cbradar\/wp-json\/wp\/v2\/media\/14893"}],"wp:attachment":[{"href":"https:\/\/www.correiobraziliense.com.br\/cbradar\/wp-json\/wp\/v2\/media?parent=14892"}],"wp:term":[{"taxonomy":"category","embeddable":true,"href":"https:\/\/www.correiobraziliense.com.br\/cbradar\/wp-json\/wp\/v2\/categories?post=14892"},{"taxonomy":"post_tag","embeddable":true,"href":"https:\/\/www.correiobraziliense.com.br\/cbradar\/wp-json\/wp\/v2\/tags?post=14892"}],"curies":[{"name":"wp","href":"https:\/\/api.w.org\/{rel}","templated":true}]}}