{"id":148924,"date":"2025-12-04T20:55:00","date_gmt":"2025-12-04T23:55:00","guid":{"rendered":"https:\/\/www.correiobraziliense.com.br\/cbradar\/?p=148924"},"modified":"2025-12-03T09:24:41","modified_gmt":"2025-12-03T12:24:41","slug":"beneficios-da-casca-dessa-famosa-fruta-que-poucos-comentam-e-melhora-a-imunidade","status":"publish","type":"post","link":"https:\/\/www.correiobraziliense.com.br\/cbradar\/beneficios-da-casca-dessa-famosa-fruta-que-poucos-comentam-e-melhora-a-imunidade\/","title":{"rendered":"Benef\u00edcios da casca dessa famosa fruta que poucos comentam e melhora a imunidade"},"content":{"rendered":"\n<p>O <strong>ch\u00e1 de casca de ma\u00e7\u00e3<\/strong> \u00e9 uma ferramenta poderosa e muitas vezes subestimada para fortalecer as defesas do corpo. Rico em quercetina e triterpen\u00f3ides, ele atua diretamente na redu\u00e7\u00e3o da inflama\u00e7\u00e3o sist\u00eamica e no suporte \u00e0 sa\u00fade respirat\u00f3ria, oferecendo uma prote\u00e7\u00e3o natural que vai muito al\u00e9m da vitamina C encontrada na polpa.<\/p>\n\n\n\n<h2 class=\"wp-block-heading\">O poder oculto da quercetina no sistema imunol\u00f3gico?<\/h2>\n\n\n\n<p>A maior parte dos nutrientes da ma\u00e7\u00e3 n\u00e3o est\u00e1 na parte branca que comemos, mas na casca que muitos jogam fora. Ela concentra uma quantidade impressionante de <strong>quercetina<\/strong>, um flavonoide com potente a\u00e7\u00e3o antioxidante e anti-inflamat\u00f3ria que modula a resposta de defesa do organismo.<\/p>\n\n\n\n<p>Este composto n\u00e3o apenas estimula o sistema imune, mas ajuda a regular a rea\u00e7\u00e3o do corpo a estressores externos, como v\u00edrus e poluentes. Ela dificulta a entrada de pat\u00f3genos nas c\u00e9lulas e reduz a libera\u00e7\u00e3o de histamina, o que \u00e9 excelente para controlar rea\u00e7\u00f5es al\u00e9rgicas que desgastam a imunidade ao longo do tempo.<\/p>\n\n\n<div class=\"wp-block-image\">\n<figure class=\"aligncenter size-large\"><img decoding=\"async\" width=\"1024\" height=\"576\" src=\"https:\/\/www.correiobraziliense.com.br\/cbradar\/wp-content\/uploads\/2025\/12\/imagem_2025-12-02_170008039-1024x576.png\" alt=\"Benef\u00edcios da casca dessa famosa fruta que poucos comentam e melhora a imunidade\" class=\"wp-image-148925\" srcset=\"https:\/\/www.correiobraziliense.com.br\/cbradar\/wp-content\/uploads\/2025\/12\/imagem_2025-12-02_170008039-1024x576.png 1024w, https:\/\/www.correiobraziliense.com.br\/cbradar\/wp-content\/uploads\/2025\/12\/imagem_2025-12-02_170008039-300x169.png 300w, https:\/\/www.correiobraziliense.com.br\/cbradar\/wp-content\/uploads\/2025\/12\/imagem_2025-12-02_170008039-768x432.png 768w, https:\/\/www.correiobraziliense.com.br\/cbradar\/wp-content\/uploads\/2025\/12\/imagem_2025-12-02_170008039-750x422.png 750w, https:\/\/www.correiobraziliense.com.br\/cbradar\/wp-content\/uploads\/2025\/12\/imagem_2025-12-02_170008039-1140x641.png 1140w, https:\/\/www.correiobraziliense.com.br\/cbradar\/wp-content\/uploads\/2025\/12\/imagem_2025-12-02_170008039.png 1280w\" sizes=\"(max-width: 1024px) 100vw, 1024px\" \/><figcaption class=\"wp-element-caption\">Benef\u00edcios da casca dessa famosa fruta que poucos comentam e melhora a imunidade<\/figcaption><\/figure><\/div>\n\n\n<p>Leia tamb\u00e9m:<a href=\"https:\/\/www.correiobraziliense.com.br\/cbradar\/3-chas-que-melhoram-a-saude-do-seu-intestino-e-evitam-o-estufamento\/\" target=\"_blank\" rel=\"noreferrer noopener\"> 3 ch\u00e1s que melhoram a sa\u00fade do seu intestino e evitam o estufamento<\/a><\/p>\n\n\n\n<h2 class=\"wp-block-heading\">Triterpen\u00f3ides atuam como defensores silenciosos?<\/h2>\n\n\n\n<p>Outro grupo de compostos pouco falado, mas abundante na casca da ma\u00e7\u00e3, s\u00e3o os <strong>triterpen\u00f3ides<\/strong>. <a href=\"https:\/\/pmc.ncbi.nlm.nih.gov\/articles\/PMC7168445\/\" target=\"_blank\" rel=\"noreferrer noopener\">Pesquisas sugerem<\/a> que essas subst\u00e2ncias possuem propriedades antivirais e antitumorais significativas, atuando na repara\u00e7\u00e3o de danos celulares e impedindo a replica\u00e7\u00e3o de c\u00e9lulas maliciosas.<\/p>\n\n\n\n<p>Ao consumir o ch\u00e1 regularmente, voc\u00ea fornece ao corpo uma dose constante desses agentes de reparo. Isso cria um ambiente interno menos prop\u00edcio para o desenvolvimento de doen\u00e7as cr\u00f4nicas e infec\u00e7\u00f5es agudas, fortalecendo a barreira natural do corpo contra agress\u00f5es di\u00e1rias.<\/p>\n\n\n\n<p>No v\u00eddeo a seguir, o<strong><em> Dr. Daniel Tales<\/em><\/strong> fala um pouco dos benef\u00edcios da casca da ma\u00e7a:<\/p>\n\n\n\n<blockquote class=\"tiktok-embed\" cite=\"https:\/\/www.tiktok.com\/@drdanieltales\/video\/7524100037576592646\" data-video-id=\"7524100037576592646\" style=\"max-width: 605px;min-width: 325px;\" > <section> <a target=\"_blank\" title=\"@drdanieltales\" href=\"https:\/\/www.tiktok.com\/@drdanieltales?refer=embed\">@drdanieltales<\/a> \ud83c\udf4f Voc\u00ea tamb\u00e9m joga fora a melhor parte da ma\u00e7\u00e3? Ent\u00e3o presta aten\u00e7\u00e3o, porque o que parece \u201ccasca\u201d \u00e9, na verdade, nutri\u00e7\u00e3o pura! \ud83d\udca5 Muita gente ainda acredita que casca \u00e9 sujeira\u2026 Mas a verdade \u00e9 que a casca da ma\u00e7\u00e3 \u00e9 onde est\u00e3o concentradas as fibras, os antioxidantes e os compostos naturais que combatem inflama\u00e7\u00e3o, melhoram o intestino e ajudam at\u00e9 no emagrecimento! \ud83d\udd25 Ou seja: comer ma\u00e7\u00e3 sem casca \u00e9 como rasgar o melhor peda\u00e7o da fruta. \ud83c\udf4e E sabe o que \u00e9 pior? Essa \u00e9 uma das atitudes mais comuns que sabotam sua sa\u00fade e voc\u00ea nem percebe. \u26a0\ufe0f Antes de comer, \u00e9 claro: tem que lavar bem, remover res\u00edduos com a t\u00e9cnica certa (j\u00e1 mostrei em outro v\u00eddeo!) e a\u00ed sim aproveitar a ma\u00e7\u00e3 com casca, do jeito que seu corpo merece. Agora comenta aqui: voc\u00ea come com ou sem casca? Salva esse v\u00eddeo pra lembrar sempre e marca algu\u00e9m que ainda joga a casca no lixo achando que t\u00e1 sendo saud\u00e1vel! <a title=\"intestino\" target=\"_blank\" href=\"https:\/\/www.tiktok.com\/tag\/intestino?refer=embed\">#intestino<\/a> <a title=\"alimentacaosaudavel\" target=\"_blank\" href=\"https:\/\/www.tiktok.com\/tag\/alimentacaosaudavel?refer=embed\">#alimentacaosaudavel<\/a> <a title=\"emagrecimentosaudavel\" target=\"_blank\" href=\"https:\/\/www.tiktok.com\/tag\/emagrecimentosaudavel?refer=embed\">#emagrecimentosaudavel<\/a> <a title=\"vidasaudavel\" target=\"_blank\" href=\"https:\/\/www.tiktok.com\/tag\/vidasaudavel?refer=embed\">#vidasaudavel<\/a> <a target=\"_blank\" title=\"\u266c som original  - DR DANIEL TALES\" href=\"https:\/\/www.tiktok.com\/music\/som-original-DR-DANIEL-TALES-7524100142933330693?refer=embed\">\u266c som original  &#8211; DR DANIEL TALES<\/a> <\/section> <\/blockquote> <script async src=\"https:\/\/www.tiktok.com\/embed.js\"><\/script>\n\n\n\n<h2 class=\"wp-block-heading\">\u00c9 um aliado surpreendente para a sa\u00fade respirat\u00f3ria?<\/h2>\n\n\n\n<p>A imunidade respirat\u00f3ria \u00e9 uma das grandes beneficiadas por este ch\u00e1, pois a combina\u00e7\u00e3o de antioxidantes presentes na casca tem demonstrado efic\u00e1cia na prote\u00e7\u00e3o dos pulm\u00f5es. O ch\u00e1 atua acalmando as mucosas e reduzindo a inflama\u00e7\u00e3o nos br\u00f4nquios, facilitando a respira\u00e7\u00e3o.<\/p>\n\n\n\n<p><a href=\"https:\/\/www.ncbi.nlm.nih.gov\/pmc\/articles\/PMC5394516\/\" target=\"_blank\" rel=\"noreferrer noopener\">Estudos do <strong>NIH (EUA)<\/strong> associam<\/a> o consumo regular de ma\u00e7\u00e3 (e seus componentes da casca, como flavonoides) a uma melhor fun\u00e7\u00e3o pulmonar e menor risco de asma e doen\u00e7a pulmonar obstrutiva cr\u00f4nica. Isso fortalece a barreira f\u00edsica contra pat\u00f3genos a\u00e9reos.<\/p>\n\n\n\n<p>Leia tamb\u00e9m: <a href=\"https:\/\/www.correiobraziliense.com.br\/cbradar\/sinais-de-que-seu-corpo-esta-com-excesso-de-cafeina-no-dia-a-dia\/\" target=\"_blank\" rel=\"noreferrer noopener\">Sinais de que seu corpo est\u00e1 com excesso de cafe\u00edna no dia a dia<\/a><\/p>\n\n\n\n<h2 class=\"wp-block-heading\">Como preparar o ch\u00e1 para preservar os nutrientes?<\/h2>\n\n\n\n<p>Para extrair a quercetina e os triterpen\u00f3ides sem destru\u00ed-los, o preparo exige cuidado com a temperatura e o tempo. Ferver as cascas por tempo demais pode degradar alguns compostos sens\u00edveis, reduzindo a efic\u00e1cia terap\u00eautica da bebida.<\/p>\n\n\n\n<p>Siga este m\u00e9todo para garantir a pot\u00eancia m\u00e1xima:<\/p>\n\n\n\n<ul class=\"wp-block-list\">\n<li><strong>Ingredientes:<\/strong> Cascas de duas ma\u00e7\u00e3s org\u00e2nicas (bem lavadas) e 500 ml de \u00e1gua.<\/li>\n\n\n\n<li><strong>Fervura:<\/strong> Ferva a \u00e1gua primeiro. Assim que levantar fervura, adicione as cascas e deixe ferver em fogo baixo por apenas cinco minutos.<\/li>\n\n\n\n<li><strong>Infus\u00e3o:<\/strong> Desligue o fogo, tampe e deixe abafado por mais 10 minutos.<\/li>\n\n\n\n<li><strong>Dica:<\/strong> Adicione um pau de canela ou gengibre para potencializar o efeito anti-inflamat\u00f3rio e aquecer o corpo.<\/li>\n<\/ul>\n","protected":false},"excerpt":{"rendered":"<p>O ch\u00e1 de casca de ma\u00e7\u00e3 \u00e9 uma ferramenta poderosa e muitas vezes subestimada para fortalecer as defesas do corpo. Rico em quercetina e triterpen\u00f3ides, ele atua diretamente na redu\u00e7\u00e3o da inflama\u00e7\u00e3o sist\u00eamica e no suporte \u00e0 sa\u00fade respirat\u00f3ria, oferecendo uma prote\u00e7\u00e3o natural que vai muito al\u00e9m da vitamina C encontrada na polpa. O poder [&hellip;]<\/p>\n","protected":false},"author":11,"featured_media":149361,"comment_status":"open","ping_status":"open","sticky":false,"template":"","format":"standard","meta":{"_yoast_wpseo_focuskw":"ch\u00e1 de casca de ma\u00e7\u00e3","_yoast_wpseo_title":"","_yoast_wpseo_metadesc":"Casca pouco aproveitada dessa fruta conhecida oferece benef\u00edcios potentes para imunidade e sa\u00fade geral que frequentemente passam despercebidos","jnews-multi-image_gallery":[],"jnews_single_post":{"format":"standard"},"jnews_primary_category":[],"jnews_social_meta":[],"jnews_override_counter":[],"footnotes":""},"categories":[119],"tags":[535,9312,1318],"class_list":["post-148924","post","type-post","status-publish","format-standard","has-post-thumbnail","hentry","category-bem-estar","tag-cha","tag-maca-2","tag-saude-2"],"yoast_head":"<!-- This site is optimized with the Yoast SEO plugin v24.6 - https:\/\/yoast.com\/wordpress\/plugins\/seo\/ -->\n<title>Benef\u00edcios da casca dessa famosa fruta que poucos comentam e melhora a imunidade - Correio Braziliense - Radar<\/title>\n<meta name=\"description\" content=\"Casca pouco aproveitada dessa fruta conhecida oferece benef\u00edcios potentes para imunidade e sa\u00fade geral que frequentemente passam despercebidos\" \/>\n<meta name=\"robots\" content=\"index, follow, max-snippet:-1, max-image-preview:large, max-video-preview:-1\" \/>\n<link rel=\"canonical\" href=\"https:\/\/www.correiobraziliense.com.br\/cbradar\/beneficios-da-casca-dessa-famosa-fruta-que-poucos-comentam-e-melhora-a-imunidade\/\" \/>\n<meta property=\"og:locale\" content=\"pt_BR\" \/>\n<meta property=\"og:type\" content=\"article\" \/>\n<meta property=\"og:title\" content=\"Benef\u00edcios da casca dessa famosa fruta que poucos comentam e melhora a imunidade - Correio Braziliense - Radar\" \/>\n<meta property=\"og:description\" content=\"Casca pouco aproveitada dessa fruta conhecida oferece benef\u00edcios potentes para imunidade e sa\u00fade geral que frequentemente passam despercebidos\" \/>\n<meta property=\"og:url\" content=\"https:\/\/www.correiobraziliense.com.br\/cbradar\/beneficios-da-casca-dessa-famosa-fruta-que-poucos-comentam-e-melhora-a-imunidade\/\" \/>\n<meta property=\"og:site_name\" content=\"Correio Braziliense - Radar\" \/>\n<meta property=\"article:published_time\" content=\"2025-12-04T23:55:00+00:00\" \/>\n<meta property=\"og:image\" content=\"https:\/\/www.correiobraziliense.com.br\/cbradar\/wp-content\/uploads\/2025\/12\/freepik__cena-simblica-mostrando-a-fora-imunolgica-da-casca__8622.jpeg\" \/>\n\t<meta property=\"og:image:width\" content=\"1280\" \/>\n\t<meta property=\"og:image:height\" content=\"720\" \/>\n\t<meta property=\"og:image:type\" content=\"image\/jpeg\" \/>\n<meta name=\"author\" content=\"Paulo Custodio\" \/>\n<meta name=\"twitter:card\" content=\"summary_large_image\" \/>\n<meta name=\"twitter:label1\" content=\"Escrito por\" \/>\n\t<meta name=\"twitter:data1\" content=\"Paulo Custodio\" \/>\n\t<meta name=\"twitter:label2\" content=\"Est. tempo de leitura\" \/>\n\t<meta name=\"twitter:data2\" content=\"4 minutos\" \/>\n<!-- \/ Yoast SEO plugin. -->","yoast_head_json":{"title":"Benef\u00edcios da casca dessa famosa fruta que poucos comentam e melhora a imunidade - Correio Braziliense - Radar","description":"Casca pouco aproveitada dessa fruta conhecida oferece benef\u00edcios potentes para imunidade e sa\u00fade geral que frequentemente passam despercebidos","robots":{"index":"index","follow":"follow","max-snippet":"max-snippet:-1","max-image-preview":"max-image-preview:large","max-video-preview":"max-video-preview:-1"},"canonical":"https:\/\/www.correiobraziliense.com.br\/cbradar\/beneficios-da-casca-dessa-famosa-fruta-que-poucos-comentam-e-melhora-a-imunidade\/","og_locale":"pt_BR","og_type":"article","og_title":"Benef\u00edcios da casca dessa famosa fruta que poucos comentam e melhora a imunidade - Correio Braziliense - Radar","og_description":"Casca pouco aproveitada dessa fruta conhecida oferece benef\u00edcios potentes para imunidade e sa\u00fade geral que frequentemente passam despercebidos","og_url":"https:\/\/www.correiobraziliense.com.br\/cbradar\/beneficios-da-casca-dessa-famosa-fruta-que-poucos-comentam-e-melhora-a-imunidade\/","og_site_name":"Correio Braziliense - Radar","article_published_time":"2025-12-04T23:55:00+00:00","og_image":[{"width":1280,"height":720,"url":"https:\/\/www.correiobraziliense.com.br\/cbradar\/wp-content\/uploads\/2025\/12\/freepik__cena-simblica-mostrando-a-fora-imunolgica-da-casca__8622.jpeg","type":"image\/jpeg"}],"author":"Paulo Custodio","twitter_card":"summary_large_image","twitter_misc":{"Escrito por":"Paulo Custodio","Est. tempo de leitura":"4 minutos"},"schema":{"@context":"https:\/\/schema.org","@graph":[{"@type":"WebPage","@id":"https:\/\/www.correiobraziliense.com.br\/cbradar\/beneficios-da-casca-dessa-famosa-fruta-que-poucos-comentam-e-melhora-a-imunidade\/","url":"https:\/\/www.correiobraziliense.com.br\/cbradar\/beneficios-da-casca-dessa-famosa-fruta-que-poucos-comentam-e-melhora-a-imunidade\/","name":"Benef\u00edcios da casca dessa famosa fruta que poucos comentam e melhora a imunidade - Correio Braziliense - Radar","isPartOf":{"@id":"https:\/\/www.correiobraziliense.com.br\/cbradar\/#website"},"primaryImageOfPage":{"@id":"https:\/\/www.correiobraziliense.com.br\/cbradar\/beneficios-da-casca-dessa-famosa-fruta-que-poucos-comentam-e-melhora-a-imunidade\/#primaryimage"},"image":{"@id":"https:\/\/www.correiobraziliense.com.br\/cbradar\/beneficios-da-casca-dessa-famosa-fruta-que-poucos-comentam-e-melhora-a-imunidade\/#primaryimage"},"thumbnailUrl":"https:\/\/www.correiobraziliense.com.br\/cbradar\/wp-content\/uploads\/2025\/12\/freepik__cena-simblica-mostrando-a-fora-imunolgica-da-casca__8622.jpeg","datePublished":"2025-12-04T23:55:00+00:00","author":{"@id":"https:\/\/www.correiobraziliense.com.br\/cbradar\/#\/schema\/person\/4cec7857301a9a1a2ef249893cd908d3"},"description":"Casca pouco aproveitada dessa fruta conhecida oferece benef\u00edcios potentes para imunidade e sa\u00fade geral que frequentemente passam despercebidos","breadcrumb":{"@id":"https:\/\/www.correiobraziliense.com.br\/cbradar\/beneficios-da-casca-dessa-famosa-fruta-que-poucos-comentam-e-melhora-a-imunidade\/#breadcrumb"},"inLanguage":"pt-BR","potentialAction":[{"@type":"ReadAction","target":["https:\/\/www.correiobraziliense.com.br\/cbradar\/beneficios-da-casca-dessa-famosa-fruta-que-poucos-comentam-e-melhora-a-imunidade\/"]}]},{"@type":"ImageObject","inLanguage":"pt-BR","@id":"https:\/\/www.correiobraziliense.com.br\/cbradar\/beneficios-da-casca-dessa-famosa-fruta-que-poucos-comentam-e-melhora-a-imunidade\/#primaryimage","url":"https:\/\/www.correiobraziliense.com.br\/cbradar\/wp-content\/uploads\/2025\/12\/freepik__cena-simblica-mostrando-a-fora-imunolgica-da-casca__8622.jpeg","contentUrl":"https:\/\/www.correiobraziliense.com.br\/cbradar\/wp-content\/uploads\/2025\/12\/freepik__cena-simblica-mostrando-a-fora-imunolgica-da-casca__8622.jpeg","width":1280,"height":720,"caption":"Rico em quercetina com a\u00e7\u00e3o antioxidante poderosa"},{"@type":"BreadcrumbList","@id":"https:\/\/www.correiobraziliense.com.br\/cbradar\/beneficios-da-casca-dessa-famosa-fruta-que-poucos-comentam-e-melhora-a-imunidade\/#breadcrumb","itemListElement":[{"@type":"ListItem","position":1,"name":"In\u00edcio","item":"https:\/\/www.correiobraziliense.com.br\/cbradar\/"},{"@type":"ListItem","position":2,"name":"Benef\u00edcios da casca dessa famosa fruta que poucos comentam e melhora a imunidade"}]},{"@type":"WebSite","@id":"https:\/\/www.correiobraziliense.com.br\/cbradar\/#website","url":"https:\/\/www.correiobraziliense.com.br\/cbradar\/","name":"Correio Braziliense - Radar","description":"Acompanhe as \u00faltimas not\u00edcias e fique bem informado sobre tudo o que acontece no Brasil e no mundo.","potentialAction":[{"@type":"SearchAction","target":{"@type":"EntryPoint","urlTemplate":"https:\/\/www.correiobraziliense.com.br\/cbradar\/?s={search_term_string}"},"query-input":{"@type":"PropertyValueSpecification","valueRequired":true,"valueName":"search_term_string"}}],"inLanguage":"pt-BR"},{"@type":"Person","@id":"https:\/\/www.correiobraziliense.com.br\/cbradar\/#\/schema\/person\/4cec7857301a9a1a2ef249893cd908d3","name":"Paulo Custodio","image":{"@type":"ImageObject","inLanguage":"pt-BR","@id":"https:\/\/www.correiobraziliense.com.br\/cbradar\/#\/schema\/person\/image\/","url":"https:\/\/secure.gravatar.com\/avatar\/bcd67168d1534e8fcf4f45c726a87cea?s=96&d=mm&r=g","contentUrl":"https:\/\/secure.gravatar.com\/avatar\/bcd67168d1534e8fcf4f45c726a87cea?s=96&d=mm&r=g","caption":"Paulo Custodio"},"sameAs":["https:\/\/www.correiobraziliense.com.br\/cbradar"],"url":"https:\/\/www.correiobraziliense.com.br\/cbradar\/author\/paulomyth\/"}]}},"_links":{"self":[{"href":"https:\/\/www.correiobraziliense.com.br\/cbradar\/wp-json\/wp\/v2\/posts\/148924","targetHints":{"allow":["GET"]}}],"collection":[{"href":"https:\/\/www.correiobraziliense.com.br\/cbradar\/wp-json\/wp\/v2\/posts"}],"about":[{"href":"https:\/\/www.correiobraziliense.com.br\/cbradar\/wp-json\/wp\/v2\/types\/post"}],"author":[{"embeddable":true,"href":"https:\/\/www.correiobraziliense.com.br\/cbradar\/wp-json\/wp\/v2\/users\/11"}],"replies":[{"embeddable":true,"href":"https:\/\/www.correiobraziliense.com.br\/cbradar\/wp-json\/wp\/v2\/comments?post=148924"}],"version-history":[{"count":1,"href":"https:\/\/www.correiobraziliense.com.br\/cbradar\/wp-json\/wp\/v2\/posts\/148924\/revisions"}],"predecessor-version":[{"id":148926,"href":"https:\/\/www.correiobraziliense.com.br\/cbradar\/wp-json\/wp\/v2\/posts\/148924\/revisions\/148926"}],"wp:featuredmedia":[{"embeddable":true,"href":"https:\/\/www.correiobraziliense.com.br\/cbradar\/wp-json\/wp\/v2\/media\/149361"}],"wp:attachment":[{"href":"https:\/\/www.correiobraziliense.com.br\/cbradar\/wp-json\/wp\/v2\/media?parent=148924"}],"wp:term":[{"taxonomy":"category","embeddable":true,"href":"https:\/\/www.correiobraziliense.com.br\/cbradar\/wp-json\/wp\/v2\/categories?post=148924"},{"taxonomy":"post_tag","embeddable":true,"href":"https:\/\/www.correiobraziliense.com.br\/cbradar\/wp-json\/wp\/v2\/tags?post=148924"}],"curies":[{"name":"wp","href":"https:\/\/api.w.org\/{rel}","templated":true}]}}