{"id":148933,"date":"2025-12-03T15:55:00","date_gmt":"2025-12-03T18:55:00","guid":{"rendered":"https:\/\/www.correiobraziliense.com.br\/cbradar\/?p=148933"},"modified":"2025-12-02T17:28:53","modified_gmt":"2025-12-02T20:28:53","slug":"o-que-e-angina-instavel-e-como-tratar","status":"publish","type":"post","link":"https:\/\/www.correiobraziliense.com.br\/cbradar\/o-que-e-angina-instavel-e-como-tratar\/","title":{"rendered":"O que \u00e9 angina inst\u00e1vel e como tratar?"},"content":{"rendered":"\n<p><strong>Angina Inst\u00e1vel<\/strong> \u00e9 uma condi\u00e7\u00e3o card\u00edaca caracterizada por dores repentinas no peito, que tendem a piorar com o tempo, mas sem resultar em infarto do mioc\u00e1rdio. Este problema ocorre devido a um bloqueio tempor\u00e1rio na circula\u00e7\u00e3o sangu\u00ednea que alimenta o m\u00fasculo card\u00edaco. Diferentemente de outras formas de angina, esta condi\u00e7\u00e3o n\u00e3o melhora sozinho e requer aten\u00e7\u00e3o m\u00e9dica imediata.<\/p>\n\n\n\n<p>A raiz do problema est\u00e1 nos bloqueios causados por co\u00e1gulos sangu\u00edneos. Esses co\u00e1gulos podem entupir parcialmente ou completamente uma art\u00e9ria coron\u00e1ria, impedindo que o cora\u00e7\u00e3o receba sangue e oxig\u00eanio suficientes. Essa obstru\u00e7\u00e3o \u00e9 a principal causa da dor no peito associada \u00e0 Angina Inst\u00e1vel, diferindo assim do infarto onde h\u00e1 danos permanentes ao m\u00fasculo card\u00edaco.<\/p>\n\n\n\n<h2 class=\"wp-block-heading\">Quais s\u00e3o os sintomas da Angina Inst\u00e1vel?<\/h2>\n\n\n\n<p>Os sintomas da Angina Inst\u00e1vel mimetizam um ataque card\u00edaco, o que pode causar confus\u00e3o e p\u00e2nico. \u00c9 importante estar ciente de que, enquanto os sintomas s\u00e3o similares, n\u00e3o ocorre a morte do m\u00fasculo card\u00edaco, t\u00edpico de um infarto. Entre as manifesta\u00e7\u00f5es est\u00e3o:<\/p>\n\n\n\n<ul class=\"wp-block-list\">\n<li><strong>Dor s\u00fabita no peito<\/strong>\u00a0que piora com o tempo.<\/li>\n\n\n\n<li>Desconforto que se irradia para o\u00a0<em>bra\u00e7o esquerdo<\/em>, costas ou pesco\u00e7o.<\/li>\n\n\n\n<li><strong>Respira\u00e7\u00e3o curta<\/strong>\u00a0e dificuldade em respirar adequadamente.<\/li>\n\n\n\n<li><strong>N\u00e1usea<\/strong>\u00a0inexplicada.<\/li>\n\n\n\n<li><strong>Suor frio e tontura<\/strong>, sinalizando problemas no sistema cardiovascular.<\/li>\n\n\n\n<li>Sensa\u00e7\u00f5es de\u00a0<strong>cansa\u00e7o e fadiga<\/strong>\u00a0constantes.<\/li>\n<\/ul>\n\n\n<div class=\"wp-block-image\">\n<figure class=\"aligncenter size-large\"><img decoding=\"async\" width=\"1024\" height=\"576\" src=\"https:\/\/www.correiobraziliense.com.br\/cbradar\/wp-content\/uploads\/2025\/12\/Angina-Estavel_1764707577470-1024x576.jpg\" alt=\"\" class=\"wp-image-148934\" srcset=\"https:\/\/www.correiobraziliense.com.br\/cbradar\/wp-content\/uploads\/2025\/12\/Angina-Estavel_1764707577470-1024x576.jpg 1024w, https:\/\/www.correiobraziliense.com.br\/cbradar\/wp-content\/uploads\/2025\/12\/Angina-Estavel_1764707577470-300x169.jpg 300w, https:\/\/www.correiobraziliense.com.br\/cbradar\/wp-content\/uploads\/2025\/12\/Angina-Estavel_1764707577470-768x432.jpg 768w, https:\/\/www.correiobraziliense.com.br\/cbradar\/wp-content\/uploads\/2025\/12\/Angina-Estavel_1764707577470-750x422.jpg 750w, https:\/\/www.correiobraziliense.com.br\/cbradar\/wp-content\/uploads\/2025\/12\/Angina-Estavel_1764707577470-1140x641.jpg 1140w, https:\/\/www.correiobraziliense.com.br\/cbradar\/wp-content\/uploads\/2025\/12\/Angina-Estavel_1764707577470.jpg 1280w\" sizes=\"(max-width: 1024px) 100vw, 1024px\" \/><figcaption class=\"wp-element-caption\">Angina Inst\u00e1vel &#8211; Cr\u00e9ditos: depositphotos.com \/ asia11m<\/figcaption><\/figure><\/div>\n\n\n<p>Esses sinais de alerta normalmente n\u00e3o aliviam com repouso ou ingest\u00e3o de rem\u00e9dios, requerendo atendimento m\u00e9dico urgente.<\/p>\n\n\n\n<h2 class=\"wp-block-heading\">Como \u00e9 tratada a Angina inst\u00e1vel?<\/h2>\n\n\n\n<p>O tratamento da Angina Inst\u00e1vel \u00e9 complexo e varia conforme a severidade dos sintomas apresentados pelo paciente. Em v\u00e1rias circunst\u00e2ncias, medicamentos que incluem anticoagulantes e rem\u00e9dios para outros problemas card\u00edacos ou hipertens\u00e3o s\u00e3o prescritos para controlar a situa\u00e7\u00e3o. Entretanto, pacientes com bloqueios mais s\u00e9rios podem necessitar de\u00a0<strong>angioplastias<\/strong>, procedimento cir\u00fargico que mant\u00e9m as art\u00e9rias e veias abertas para garantir o fluxo sangu\u00edneo adequado.<\/p>\n\n\n\n<h2 class=\"wp-block-heading\">Por que o diagn\u00f3stico precoce \u00e9 fundamental?<\/h2>\n\n\n\n<p>Detectar a Angina Inst\u00e1vel no est\u00e1gio inicial \u00e9 crucial para prevenir complica\u00e7\u00f5es futuras, como infarto do mioc\u00e1rdio. Consultar com um\u00a0<strong>cardiologista<\/strong>\u00a0ao perceber sintomas mencionados \u00e9 essencial. Somente atrav\u00e9s de exames especializados \u00e9 poss\u00edvel determinar o tratamento apropriado e eficaz. O diagn\u00f3stico r\u00e1pido ajuda a proteger a <a href=\"https:\/\/www.correiobraziliense.com.br\/cbradar\/5-dicas-para-envelhecer-com-qualidade-de-vida\/\" target=\"_blank\" rel=\"noreferrer noopener\">sa\u00fade <\/a>card\u00edaca a longo prazo, permitindo que interven\u00e7\u00f5es m\u00e9dicas sejam realizadas antes que danos permanentes ocorram.<\/p>\n\n\n\n<h2 class=\"wp-block-heading\">Como manter a sa\u00fade cardiovascular?<\/h2>\n\n\n\n<p>A preven\u00e7\u00e3o de condi\u00e7\u00f5es como a Angina Inst\u00e1vel requer aten\u00e7\u00e3o aos sinais do corpo e ado\u00e7\u00e3o de um estilo de vida saud\u00e1vel. Isso inclui uma dieta balanceada, pr\u00e1tica regular de exerc\u00edcios, e controle de fatores de risco como tabagismo, diabetes e hipertens\u00e3o. Organiza\u00e7\u00f5es de sa\u00fade incentivam a checagem regular dos n\u00edveis de colesterol e press\u00e3o arterial para identificar e tratar anomalias antes que afetem o cora\u00e7\u00e3o. Cuidados proativos s\u00e3o fundamentais para garantir longevidade e vitalidade do sistema cardiovascular.<\/p>\n\n\n<a href=\"https:\/\/www.instagram.com\/dra.annaluisabf\/\" target=\"_blank\" rel=\"noopener\" style=\"text-decoration: none; color: inherit;\">\n    <span style=\"display: inline-block; border: 1px solid #ccc; border-radius: 10px; padding: 15px; max-width: 550px; font-family: sans-serif; box-shadow: 0 2px 5px rgba(0,0,0,0.1); width: 100%;\">\n\n      <!-- T\u00edtulo -->\n      <span style=\"display: block; margin: 0 0 15px 0; font-weight: bold; color: #2c3e50; text-align: center;\">\n        Entre em contato:\n      <\/span>\n\n      <!-- Linha do perfil -->\n      <span style=\"display: flex; align-items: center; gap: 15px;\">\n        <img decoding=\"async\"\n          src=\"https:\/\/www.correiobraziliense.com.br\/cbradar\/wp-content\/uploads\/2025\/08\/dra_anna_luisa.jpeg\"\n          alt=\"Foto da Dra. Anna Lu\u00edsa\"\n          style=\"border-radius: 50%; width: 80px; height: 80px; object-fit: cover;\"\n        \/>\n        <span style=\"display: flex; flex-direction: column;\">\n          <span style=\"font-size: 18px; font-weight: 700; color: #2c3e50;\">Dra. Anna Lu\u00edsa Barbosa Fernandes<\/span>\n          <span style=\"color: #555;\">CRM-GO 33.271<\/span>\n        <\/span>\n      <\/span>\n\n      <!-- Redes -->\n      <span style=\"display: flex; align-items: center; gap: 10px; margin-top: 12px;\">\n        <img decoding=\"async\" src=\"https:\/\/cdn-icons-png.flaticon.com\/24\/1384\/1384063.png\" alt=\"Instagram\" width=\"24\" height=\"24\" \/>\n        <span style=\"text-decoration: underline; color: #2c3e50;\">@dra.annaluisabf<\/span>\n      <\/span>\n\n    <\/span>\n  <\/a>","protected":false},"excerpt":{"rendered":"<p>Angina Inst\u00e1vel \u00e9 uma condi\u00e7\u00e3o card\u00edaca caracterizada por dores repentinas no peito, que tendem a piorar com o tempo, mas sem resultar em infarto do mioc\u00e1rdio. Este problema ocorre devido a um bloqueio tempor\u00e1rio na circula\u00e7\u00e3o sangu\u00ednea que alimenta o m\u00fasculo card\u00edaco. Diferentemente de outras formas de angina, esta condi\u00e7\u00e3o n\u00e3o melhora sozinho e requer [&hellip;]<\/p>\n","protected":false},"author":14,"featured_media":88844,"comment_status":"open","ping_status":"open","sticky":false,"template":"","format":"standard","meta":{"_yoast_wpseo_focuskw":"Angina Inst\u00e1vel","_yoast_wpseo_title":"","_yoast_wpseo_metadesc":"Angina inst\u00e1vel causa dor no peito que n\u00e3o melhora com repouso. Veja sintomas, tratamentos e como evitar complica\u00e7\u00f5es card\u00edacas.","jnews-multi-image_gallery":[],"jnews_single_post":{"format":"standard"},"jnews_primary_category":[],"jnews_social_meta":[],"jnews_override_counter":[],"footnotes":""},"categories":[4404],"tags":[12210,120,1318],"class_list":["post-148933","post","type-post","status-publish","format-standard","has-post-thumbnail","hentry","category-saude","tag-angina","tag-bem-estar","tag-saude-2"],"yoast_head":"<!-- This site is optimized with the Yoast SEO plugin v24.6 - https:\/\/yoast.com\/wordpress\/plugins\/seo\/ -->\n<title>O que \u00e9 angina inst\u00e1vel e como tratar? - Correio Braziliense - Radar<\/title>\n<meta name=\"description\" content=\"Angina inst\u00e1vel causa dor no peito que n\u00e3o melhora com repouso. Veja sintomas, tratamentos e como evitar complica\u00e7\u00f5es card\u00edacas.\" \/>\n<meta name=\"robots\" content=\"index, follow, max-snippet:-1, max-image-preview:large, max-video-preview:-1\" \/>\n<link rel=\"canonical\" href=\"https:\/\/www.correiobraziliense.com.br\/cbradar\/o-que-e-angina-instavel-e-como-tratar\/\" \/>\n<meta property=\"og:locale\" content=\"pt_BR\" \/>\n<meta property=\"og:type\" content=\"article\" \/>\n<meta property=\"og:title\" content=\"O que \u00e9 angina inst\u00e1vel e como tratar? - Correio Braziliense - Radar\" \/>\n<meta property=\"og:description\" content=\"Angina inst\u00e1vel causa dor no peito que n\u00e3o melhora com repouso. Veja sintomas, tratamentos e como evitar complica\u00e7\u00f5es card\u00edacas.\" \/>\n<meta property=\"og:url\" content=\"https:\/\/www.correiobraziliense.com.br\/cbradar\/o-que-e-angina-instavel-e-como-tratar\/\" \/>\n<meta property=\"og:site_name\" content=\"Correio Braziliense - Radar\" \/>\n<meta property=\"article:published_time\" content=\"2025-12-03T18:55:00+00:00\" \/>\n<meta property=\"og:image\" content=\"https:\/\/www.correiobraziliense.com.br\/cbradar\/wp-content\/uploads\/2025\/08\/dor-no-peito_1755528132644.jpg\" \/>\n\t<meta property=\"og:image:width\" content=\"1280\" \/>\n\t<meta property=\"og:image:height\" content=\"720\" \/>\n\t<meta property=\"og:image:type\" content=\"image\/jpeg\" \/>\n<meta name=\"author\" content=\"guilherme_saude\" \/>\n<meta name=\"twitter:card\" content=\"summary_large_image\" \/>\n<meta name=\"twitter:label1\" content=\"Escrito por\" \/>\n\t<meta name=\"twitter:data1\" content=\"guilherme_saude\" \/>\n\t<meta name=\"twitter:label2\" content=\"Est. tempo de leitura\" \/>\n\t<meta name=\"twitter:data2\" content=\"4 minutos\" \/>\n<!-- \/ Yoast SEO plugin. -->","yoast_head_json":{"title":"O que \u00e9 angina inst\u00e1vel e como tratar? - Correio Braziliense - Radar","description":"Angina inst\u00e1vel causa dor no peito que n\u00e3o melhora com repouso. Veja sintomas, tratamentos e como evitar complica\u00e7\u00f5es card\u00edacas.","robots":{"index":"index","follow":"follow","max-snippet":"max-snippet:-1","max-image-preview":"max-image-preview:large","max-video-preview":"max-video-preview:-1"},"canonical":"https:\/\/www.correiobraziliense.com.br\/cbradar\/o-que-e-angina-instavel-e-como-tratar\/","og_locale":"pt_BR","og_type":"article","og_title":"O que \u00e9 angina inst\u00e1vel e como tratar? - Correio Braziliense - Radar","og_description":"Angina inst\u00e1vel causa dor no peito que n\u00e3o melhora com repouso. Veja sintomas, tratamentos e como evitar complica\u00e7\u00f5es card\u00edacas.","og_url":"https:\/\/www.correiobraziliense.com.br\/cbradar\/o-que-e-angina-instavel-e-como-tratar\/","og_site_name":"Correio Braziliense - Radar","article_published_time":"2025-12-03T18:55:00+00:00","og_image":[{"width":1280,"height":720,"url":"https:\/\/www.correiobraziliense.com.br\/cbradar\/wp-content\/uploads\/2025\/08\/dor-no-peito_1755528132644.jpg","type":"image\/jpeg"}],"author":"guilherme_saude","twitter_card":"summary_large_image","twitter_misc":{"Escrito por":"guilherme_saude","Est. tempo de leitura":"4 minutos"},"schema":{"@context":"https:\/\/schema.org","@graph":[{"@type":"WebPage","@id":"https:\/\/www.correiobraziliense.com.br\/cbradar\/o-que-e-angina-instavel-e-como-tratar\/","url":"https:\/\/www.correiobraziliense.com.br\/cbradar\/o-que-e-angina-instavel-e-como-tratar\/","name":"O que \u00e9 angina inst\u00e1vel e como tratar? - Correio Braziliense - Radar","isPartOf":{"@id":"https:\/\/www.correiobraziliense.com.br\/cbradar\/#website"},"primaryImageOfPage":{"@id":"https:\/\/www.correiobraziliense.com.br\/cbradar\/o-que-e-angina-instavel-e-como-tratar\/#primaryimage"},"image":{"@id":"https:\/\/www.correiobraziliense.com.br\/cbradar\/o-que-e-angina-instavel-e-como-tratar\/#primaryimage"},"thumbnailUrl":"https:\/\/www.correiobraziliense.com.br\/cbradar\/wp-content\/uploads\/2025\/08\/dor-no-peito_1755528132644.jpg","datePublished":"2025-12-03T18:55:00+00:00","author":{"@id":"https:\/\/www.correiobraziliense.com.br\/cbradar\/#\/schema\/person\/5aa4bf3c8fa699c267933611de12978b"},"description":"Angina inst\u00e1vel causa dor no peito que n\u00e3o melhora com repouso. Veja sintomas, tratamentos e como evitar complica\u00e7\u00f5es card\u00edacas.","breadcrumb":{"@id":"https:\/\/www.correiobraziliense.com.br\/cbradar\/o-que-e-angina-instavel-e-como-tratar\/#breadcrumb"},"inLanguage":"pt-BR","potentialAction":[{"@type":"ReadAction","target":["https:\/\/www.correiobraziliense.com.br\/cbradar\/o-que-e-angina-instavel-e-como-tratar\/"]}]},{"@type":"ImageObject","inLanguage":"pt-BR","@id":"https:\/\/www.correiobraziliense.com.br\/cbradar\/o-que-e-angina-instavel-e-como-tratar\/#primaryimage","url":"https:\/\/www.correiobraziliense.com.br\/cbradar\/wp-content\/uploads\/2025\/08\/dor-no-peito_1755528132644.jpg","contentUrl":"https:\/\/www.correiobraziliense.com.br\/cbradar\/wp-content\/uploads\/2025\/08\/dor-no-peito_1755528132644.jpg","width":1280,"height":720,"caption":"dor no peito - Cr\u00e9ditos: depositphotos.com \/ HayDmitriy"},{"@type":"BreadcrumbList","@id":"https:\/\/www.correiobraziliense.com.br\/cbradar\/o-que-e-angina-instavel-e-como-tratar\/#breadcrumb","itemListElement":[{"@type":"ListItem","position":1,"name":"In\u00edcio","item":"https:\/\/www.correiobraziliense.com.br\/cbradar\/"},{"@type":"ListItem","position":2,"name":"O que \u00e9 angina inst\u00e1vel e como tratar?"}]},{"@type":"WebSite","@id":"https:\/\/www.correiobraziliense.com.br\/cbradar\/#website","url":"https:\/\/www.correiobraziliense.com.br\/cbradar\/","name":"Correio Braziliense - Radar","description":"Acompanhe as \u00faltimas not\u00edcias e fique bem informado sobre tudo o que acontece no Brasil e no mundo.","potentialAction":[{"@type":"SearchAction","target":{"@type":"EntryPoint","urlTemplate":"https:\/\/www.correiobraziliense.com.br\/cbradar\/?s={search_term_string}"},"query-input":{"@type":"PropertyValueSpecification","valueRequired":true,"valueName":"search_term_string"}}],"inLanguage":"pt-BR"},{"@type":"Person","@id":"https:\/\/www.correiobraziliense.com.br\/cbradar\/#\/schema\/person\/5aa4bf3c8fa699c267933611de12978b","name":"guilherme_saude","image":{"@type":"ImageObject","inLanguage":"pt-BR","@id":"https:\/\/www.correiobraziliense.com.br\/cbradar\/#\/schema\/person\/image\/","url":"https:\/\/secure.gravatar.com\/avatar\/df9adfb835d344bc0af109d41756253f?s=96&d=mm&r=g","contentUrl":"https:\/\/secure.gravatar.com\/avatar\/df9adfb835d344bc0af109d41756253f?s=96&d=mm&r=g","caption":"guilherme_saude"},"url":"https:\/\/www.correiobraziliense.com.br\/cbradar\/author\/guilherme_saude\/"}]}},"_links":{"self":[{"href":"https:\/\/www.correiobraziliense.com.br\/cbradar\/wp-json\/wp\/v2\/posts\/148933","targetHints":{"allow":["GET"]}}],"collection":[{"href":"https:\/\/www.correiobraziliense.com.br\/cbradar\/wp-json\/wp\/v2\/posts"}],"about":[{"href":"https:\/\/www.correiobraziliense.com.br\/cbradar\/wp-json\/wp\/v2\/types\/post"}],"author":[{"embeddable":true,"href":"https:\/\/www.correiobraziliense.com.br\/cbradar\/wp-json\/wp\/v2\/users\/14"}],"replies":[{"embeddable":true,"href":"https:\/\/www.correiobraziliense.com.br\/cbradar\/wp-json\/wp\/v2\/comments?post=148933"}],"version-history":[{"count":1,"href":"https:\/\/www.correiobraziliense.com.br\/cbradar\/wp-json\/wp\/v2\/posts\/148933\/revisions"}],"predecessor-version":[{"id":148935,"href":"https:\/\/www.correiobraziliense.com.br\/cbradar\/wp-json\/wp\/v2\/posts\/148933\/revisions\/148935"}],"wp:featuredmedia":[{"embeddable":true,"href":"https:\/\/www.correiobraziliense.com.br\/cbradar\/wp-json\/wp\/v2\/media\/88844"}],"wp:attachment":[{"href":"https:\/\/www.correiobraziliense.com.br\/cbradar\/wp-json\/wp\/v2\/media?parent=148933"}],"wp:term":[{"taxonomy":"category","embeddable":true,"href":"https:\/\/www.correiobraziliense.com.br\/cbradar\/wp-json\/wp\/v2\/categories?post=148933"},{"taxonomy":"post_tag","embeddable":true,"href":"https:\/\/www.correiobraziliense.com.br\/cbradar\/wp-json\/wp\/v2\/tags?post=148933"}],"curies":[{"name":"wp","href":"https:\/\/api.w.org\/{rel}","templated":true}]}}