{"id":148940,"date":"2025-12-03T13:15:00","date_gmt":"2025-12-03T16:15:00","guid":{"rendered":"https:\/\/www.correiobraziliense.com.br\/cbradar\/?p=148940"},"modified":"2025-12-02T17:38:56","modified_gmt":"2025-12-02T20:38:56","slug":"anvisa-retira-alguns-lotes-do-sabao-ype-por-risco-a-saude","status":"publish","type":"post","link":"https:\/\/www.correiobraziliense.com.br\/cbradar\/anvisa-retira-alguns-lotes-do-sabao-ype-por-risco-a-saude\/","title":{"rendered":"Anvisa retira alguns lotes do sab\u00e3o Yp\u00ea por risco \u00e0 sa\u00fade"},"content":{"rendered":"\n<p>A recente determina\u00e7\u00e3o da <strong>Ag\u00eancia Nacional de Vigil\u00e2ncia Sanit\u00e1ria <a href=\"https:\/\/www.gov.br\/saude\/pt-br\" target=\"_blank\" rel=\"noreferrer noopener\">(Anvisa)<\/a><\/strong> resultou na retirada de mercado de diversos lotes do sab\u00e3o l\u00edquido da marca <strong>Yp\u00ea<\/strong>. Este fato ocorreu ap\u00f3s a identifica\u00e7\u00e3o de contamina\u00e7\u00e3o pelos relat\u00f3rios emitidos pela pr\u00f3pria fabricante, a Qu\u00edmica Amparo Ltda., que detectaram a presen\u00e7a da\u00a0<strong>Pseudomonas aeruginosa<\/strong>, uma bact\u00e9ria encontrada frequentemente em ambientes \u00famidos.<\/p>\n\n\n\n<p>Considerada uma medida preventiva, a decis\u00e3o da Anvisa impede que estes produtos continuem nas prateleiras at\u00e9 que o risco \u00e0 sa\u00fade seja completamente analisado e solucionado. A associa\u00e7\u00e3o da bact\u00e9ria a poss\u00edveis infec\u00e7\u00f5es, especialmente em pessoas com sistemas imunol\u00f3gicos debilitados, foi um fator determinante para essa iniciativa.<\/p>\n\n\n\n<h2 class=\"wp-block-heading\">Quais produtos tiveram lotes recolhidos?<\/h2>\n\n\n\n<p>O foco das investiga\u00e7\u00f5es abrangeu diferentes variantes de sab\u00f5es l\u00edquidos, incluindo o Lava Roupas L\u00edquido Yp\u00ea Express, o Tixan Yp\u00ea e o Yp\u00ea Power Act. Todos os lotes citados s\u00e3o aconselhados a serem retirados de circula\u00e7\u00e3o para evitar qualquer risco potencial aos consumidores.<\/p>\n\n\n\n<ul class=\"wp-block-list\">\n<li>Lava Roupas L\u00edquido Yp\u00ea Express &#8211; N\u00fameros de lotes espec\u00edficos afetados.<\/li>\n\n\n\n<li>Lava Roupas L\u00edquido Tixan Yp\u00ea &#8211; Com destaque a determinados lotes.<\/li>\n\n\n\n<li>Lava Roupas L\u00edquido Yp\u00ea Power Act &#8211; Lotes identificados na lista oficial.<\/li>\n<\/ul>\n\n\n\n<p>A retirada imediata desses produtos dos pontos de venda \u00e9 crucial para garantir a seguran\u00e7a dos consumidores finais.<\/p>\n\n\n\n<h2 class=\"wp-block-heading\">Quais s\u00e3o os riscos da Pseudomonas aeruginosa?<\/h2>\n\n\n\n<p>Microrganismos como a&nbsp;<strong>Pseudomonas aeruginosa<\/strong>&nbsp;s\u00e3o resistentes a muitos agentes de limpeza e podem causar uma s\u00e9rie de problemas de sa\u00fade. Em ambientes hospitalares, por exemplo, a bact\u00e9ria \u00e9 uma preocupa\u00e7\u00e3o constante devido \u00e0s complica\u00e7\u00f5es que pode gerar em pacientes, sobretudo aqueles que est\u00e3o hospitalizados e j\u00e1 fragilizados por outras condi\u00e7\u00f5es de sa\u00fade.<\/p>\n\n\n\n<h2 class=\"wp-block-heading\">Quais as orienta\u00e7\u00f5es para quem adquiriu produtos potencialmente contaminados?<\/h2>\n\n\n\n<p>Para aqueles que possuem o produto em casa, a principal recomenda\u00e7\u00e3o \u00e9 verificar imediatamente a embalagem. A identifica\u00e7\u00e3o do lote na embalagem ajudar\u00e1 a confirmar se o produto \u00e9 parte dos lotes afetados. Em caso afirmativo, deve-se cessar o uso e contactar o Servi\u00e7o de Atendimento ao Consumidor da Yp\u00ea para maiores instru\u00e7\u00f5es sobre devolu\u00e7\u00e3o ou troca. Sintomas como irrita\u00e7\u00f5es na pele ap\u00f3s o uso do produto devem ser relatados ao m\u00e9dico.<\/p>\n\n\n\n<h2 class=\"wp-block-heading\">Medidas adicionais da Anvisa<\/h2>\n\n\n\n<p>Em outro relato de retirada do mercado, a Anvisa tamb\u00e9m determinou a suspens\u00e3o de um produto cosm\u00e9tico, conhecido como Smart Hair Micro \u2013 Smart GR. O item, produzido pela Klug Ind\u00fastria Qu\u00edmica e de Cosm\u00e9ticos Ltda., n\u00e3o estava em conformidade com os padr\u00f5es estabelecidos para comercializa\u00e7\u00e3o, pois sua utiliza\u00e7\u00e3o comprometia a integridade da pele ao ir al\u00e9m da aplica\u00e7\u00e3o t\u00f3pica esperada para um cosm\u00e9tico.<\/p>\n\n\n\n<p>Essas a\u00e7\u00f5es refor\u00e7am o compromisso regulat\u00f3rio da Anvisa em assegurar que tanto os produtos de higiene quanto os cosm\u00e9ticos atendam aos requisitos de seguran\u00e7a, minimizando riscos \u00e0 sa\u00fade da popula\u00e7\u00e3o.<\/p>\n\n\n<a href=\"https:\/\/www.instagram.com\/dra.annaluisabf\/\" target=\"_blank\" rel=\"noopener\" style=\"text-decoration: none; color: inherit;\">\n    <span style=\"display: inline-block; border: 1px solid #ccc; border-radius: 10px; padding: 15px; max-width: 550px; font-family: sans-serif; box-shadow: 0 2px 5px rgba(0,0,0,0.1); width: 100%;\">\n\n      <!-- T\u00edtulo -->\n      <span style=\"display: block; margin: 0 0 15px 0; font-weight: bold; color: #2c3e50; text-align: center;\">\n        Entre em contato:\n      <\/span>\n\n      <!-- Linha do perfil -->\n      <span style=\"display: flex; align-items: center; gap: 15px;\">\n        <img decoding=\"async\"\n          src=\"https:\/\/www.correiobraziliense.com.br\/cbradar\/wp-content\/uploads\/2025\/08\/dra_anna_luisa.jpeg\"\n          alt=\"Foto da Dra. Anna Lu\u00edsa\"\n          style=\"border-radius: 50%; width: 80px; height: 80px; object-fit: cover;\"\n        \/>\n        <span style=\"display: flex; flex-direction: column;\">\n          <span style=\"font-size: 18px; font-weight: 700; color: #2c3e50;\">Dra. Anna Lu\u00edsa Barbosa Fernandes<\/span>\n          <span style=\"color: #555;\">CRM-GO 33.271<\/span>\n        <\/span>\n      <\/span>\n\n      <!-- Redes -->\n      <span style=\"display: flex; align-items: center; gap: 10px; margin-top: 12px;\">\n        <img decoding=\"async\" src=\"https:\/\/cdn-icons-png.flaticon.com\/24\/1384\/1384063.png\" alt=\"Instagram\" width=\"24\" height=\"24\" \/>\n        <span style=\"text-decoration: underline; color: #2c3e50;\">@dra.annaluisabf<\/span>\n      <\/span>\n\n    <\/span>\n  <\/a>","protected":false},"excerpt":{"rendered":"<p>A recente determina\u00e7\u00e3o da Ag\u00eancia Nacional de Vigil\u00e2ncia Sanit\u00e1ria (Anvisa) resultou na retirada de mercado de diversos lotes do sab\u00e3o l\u00edquido da marca Yp\u00ea. Este fato ocorreu ap\u00f3s a identifica\u00e7\u00e3o de contamina\u00e7\u00e3o pelos relat\u00f3rios emitidos pela pr\u00f3pria fabricante, a Qu\u00edmica Amparo Ltda., que detectaram a presen\u00e7a da\u00a0Pseudomonas aeruginosa, uma bact\u00e9ria encontrada frequentemente em ambientes \u00famidos. [&hellip;]<\/p>\n","protected":false},"author":14,"featured_media":148941,"comment_status":"open","ping_status":"open","sticky":false,"template":"","format":"standard","meta":{"_yoast_wpseo_focuskw":"Yp\u00ea","_yoast_wpseo_title":"","_yoast_wpseo_metadesc":"Anvisa suspende sab\u00f5es l\u00edquidos da Yp\u00ea ap\u00f3s risco \u00e0 sa\u00fade. Identifique os lotes contaminados e saiba o que fazer.","jnews-multi-image_gallery":[],"jnews_single_post":{"format":"standard"},"jnews_primary_category":[],"jnews_social_meta":[],"jnews_override_counter":[],"footnotes":""},"categories":[4404],"tags":[120,247,1318],"class_list":["post-148940","post","type-post","status-publish","format-standard","has-post-thumbnail","hentry","category-saude","tag-bem-estar","tag-qualidade-de-vida","tag-saude-2"],"yoast_head":"<!-- This site is optimized with the Yoast SEO plugin v24.6 - https:\/\/yoast.com\/wordpress\/plugins\/seo\/ -->\n<title>Anvisa retira alguns lotes do sab\u00e3o Yp\u00ea por risco \u00e0 sa\u00fade - Correio Braziliense - Radar<\/title>\n<meta name=\"description\" content=\"Anvisa suspende sab\u00f5es l\u00edquidos da Yp\u00ea ap\u00f3s risco \u00e0 sa\u00fade. Identifique os lotes contaminados e saiba o que fazer.\" \/>\n<meta name=\"robots\" content=\"index, follow, max-snippet:-1, max-image-preview:large, max-video-preview:-1\" \/>\n<link rel=\"canonical\" href=\"https:\/\/www.correiobraziliense.com.br\/cbradar\/anvisa-retira-alguns-lotes-do-sabao-ype-por-risco-a-saude\/\" \/>\n<meta property=\"og:locale\" content=\"pt_BR\" \/>\n<meta property=\"og:type\" content=\"article\" \/>\n<meta property=\"og:title\" content=\"Anvisa retira alguns lotes do sab\u00e3o Yp\u00ea por risco \u00e0 sa\u00fade - Correio Braziliense - Radar\" \/>\n<meta property=\"og:description\" content=\"Anvisa suspende sab\u00f5es l\u00edquidos da Yp\u00ea ap\u00f3s risco \u00e0 sa\u00fade. Identifique os lotes contaminados e saiba o que fazer.\" \/>\n<meta property=\"og:url\" content=\"https:\/\/www.correiobraziliense.com.br\/cbradar\/anvisa-retira-alguns-lotes-do-sabao-ype-por-risco-a-saude\/\" \/>\n<meta property=\"og:site_name\" content=\"Correio Braziliense - Radar\" \/>\n<meta property=\"article:published_time\" content=\"2025-12-03T16:15:00+00:00\" \/>\n<meta property=\"og:image\" content=\"https:\/\/www.correiobraziliense.com.br\/cbradar\/wp-content\/uploads\/2025\/12\/detergente_1764708346696.jpg\" \/>\n\t<meta property=\"og:image:width\" content=\"1280\" \/>\n\t<meta property=\"og:image:height\" content=\"720\" \/>\n\t<meta property=\"og:image:type\" content=\"image\/jpeg\" \/>\n<meta name=\"author\" content=\"guilherme_saude\" \/>\n<meta name=\"twitter:card\" content=\"summary_large_image\" \/>\n<meta name=\"twitter:label1\" content=\"Escrito por\" \/>\n\t<meta name=\"twitter:data1\" content=\"guilherme_saude\" \/>\n\t<meta name=\"twitter:label2\" content=\"Est. tempo de leitura\" \/>\n\t<meta name=\"twitter:data2\" content=\"4 minutos\" \/>\n<!-- \/ Yoast SEO plugin. -->","yoast_head_json":{"title":"Anvisa retira alguns lotes do sab\u00e3o Yp\u00ea por risco \u00e0 sa\u00fade - Correio Braziliense - Radar","description":"Anvisa suspende sab\u00f5es l\u00edquidos da Yp\u00ea ap\u00f3s risco \u00e0 sa\u00fade. Identifique os lotes contaminados e saiba o que fazer.","robots":{"index":"index","follow":"follow","max-snippet":"max-snippet:-1","max-image-preview":"max-image-preview:large","max-video-preview":"max-video-preview:-1"},"canonical":"https:\/\/www.correiobraziliense.com.br\/cbradar\/anvisa-retira-alguns-lotes-do-sabao-ype-por-risco-a-saude\/","og_locale":"pt_BR","og_type":"article","og_title":"Anvisa retira alguns lotes do sab\u00e3o Yp\u00ea por risco \u00e0 sa\u00fade - Correio Braziliense - Radar","og_description":"Anvisa suspende sab\u00f5es l\u00edquidos da Yp\u00ea ap\u00f3s risco \u00e0 sa\u00fade. Identifique os lotes contaminados e saiba o que fazer.","og_url":"https:\/\/www.correiobraziliense.com.br\/cbradar\/anvisa-retira-alguns-lotes-do-sabao-ype-por-risco-a-saude\/","og_site_name":"Correio Braziliense - Radar","article_published_time":"2025-12-03T16:15:00+00:00","og_image":[{"width":1280,"height":720,"url":"https:\/\/www.correiobraziliense.com.br\/cbradar\/wp-content\/uploads\/2025\/12\/detergente_1764708346696.jpg","type":"image\/jpeg"}],"author":"guilherme_saude","twitter_card":"summary_large_image","twitter_misc":{"Escrito por":"guilherme_saude","Est. tempo de leitura":"4 minutos"},"schema":{"@context":"https:\/\/schema.org","@graph":[{"@type":"WebPage","@id":"https:\/\/www.correiobraziliense.com.br\/cbradar\/anvisa-retira-alguns-lotes-do-sabao-ype-por-risco-a-saude\/","url":"https:\/\/www.correiobraziliense.com.br\/cbradar\/anvisa-retira-alguns-lotes-do-sabao-ype-por-risco-a-saude\/","name":"Anvisa retira alguns lotes do sab\u00e3o Yp\u00ea por risco \u00e0 sa\u00fade - Correio Braziliense - Radar","isPartOf":{"@id":"https:\/\/www.correiobraziliense.com.br\/cbradar\/#website"},"primaryImageOfPage":{"@id":"https:\/\/www.correiobraziliense.com.br\/cbradar\/anvisa-retira-alguns-lotes-do-sabao-ype-por-risco-a-saude\/#primaryimage"},"image":{"@id":"https:\/\/www.correiobraziliense.com.br\/cbradar\/anvisa-retira-alguns-lotes-do-sabao-ype-por-risco-a-saude\/#primaryimage"},"thumbnailUrl":"https:\/\/www.correiobraziliense.com.br\/cbradar\/wp-content\/uploads\/2025\/12\/detergente_1764708346696.jpg","datePublished":"2025-12-03T16:15:00+00:00","author":{"@id":"https:\/\/www.correiobraziliense.com.br\/cbradar\/#\/schema\/person\/5aa4bf3c8fa699c267933611de12978b"},"description":"Anvisa suspende sab\u00f5es l\u00edquidos da Yp\u00ea ap\u00f3s risco \u00e0 sa\u00fade. Identifique os lotes contaminados e saiba o que fazer.","breadcrumb":{"@id":"https:\/\/www.correiobraziliense.com.br\/cbradar\/anvisa-retira-alguns-lotes-do-sabao-ype-por-risco-a-saude\/#breadcrumb"},"inLanguage":"pt-BR","potentialAction":[{"@type":"ReadAction","target":["https:\/\/www.correiobraziliense.com.br\/cbradar\/anvisa-retira-alguns-lotes-do-sabao-ype-por-risco-a-saude\/"]}]},{"@type":"ImageObject","inLanguage":"pt-BR","@id":"https:\/\/www.correiobraziliense.com.br\/cbradar\/anvisa-retira-alguns-lotes-do-sabao-ype-por-risco-a-saude\/#primaryimage","url":"https:\/\/www.correiobraziliense.com.br\/cbradar\/wp-content\/uploads\/2025\/12\/detergente_1764708346696.jpg","contentUrl":"https:\/\/www.correiobraziliense.com.br\/cbradar\/wp-content\/uploads\/2025\/12\/detergente_1764708346696.jpg","width":1280,"height":720,"caption":"Sab\u00e3o liquido - Cr\u00e9ditos: depositphotos.com \/ JanPietruszka"},{"@type":"BreadcrumbList","@id":"https:\/\/www.correiobraziliense.com.br\/cbradar\/anvisa-retira-alguns-lotes-do-sabao-ype-por-risco-a-saude\/#breadcrumb","itemListElement":[{"@type":"ListItem","position":1,"name":"In\u00edcio","item":"https:\/\/www.correiobraziliense.com.br\/cbradar\/"},{"@type":"ListItem","position":2,"name":"Anvisa retira alguns lotes do sab\u00e3o Yp\u00ea por risco \u00e0 sa\u00fade"}]},{"@type":"WebSite","@id":"https:\/\/www.correiobraziliense.com.br\/cbradar\/#website","url":"https:\/\/www.correiobraziliense.com.br\/cbradar\/","name":"Correio Braziliense - Radar","description":"Acompanhe as \u00faltimas not\u00edcias e fique bem informado sobre tudo o que acontece no Brasil e no mundo.","potentialAction":[{"@type":"SearchAction","target":{"@type":"EntryPoint","urlTemplate":"https:\/\/www.correiobraziliense.com.br\/cbradar\/?s={search_term_string}"},"query-input":{"@type":"PropertyValueSpecification","valueRequired":true,"valueName":"search_term_string"}}],"inLanguage":"pt-BR"},{"@type":"Person","@id":"https:\/\/www.correiobraziliense.com.br\/cbradar\/#\/schema\/person\/5aa4bf3c8fa699c267933611de12978b","name":"guilherme_saude","image":{"@type":"ImageObject","inLanguage":"pt-BR","@id":"https:\/\/www.correiobraziliense.com.br\/cbradar\/#\/schema\/person\/image\/","url":"https:\/\/secure.gravatar.com\/avatar\/df9adfb835d344bc0af109d41756253f?s=96&d=mm&r=g","contentUrl":"https:\/\/secure.gravatar.com\/avatar\/df9adfb835d344bc0af109d41756253f?s=96&d=mm&r=g","caption":"guilherme_saude"},"url":"https:\/\/www.correiobraziliense.com.br\/cbradar\/author\/guilherme_saude\/"}]}},"_links":{"self":[{"href":"https:\/\/www.correiobraziliense.com.br\/cbradar\/wp-json\/wp\/v2\/posts\/148940","targetHints":{"allow":["GET"]}}],"collection":[{"href":"https:\/\/www.correiobraziliense.com.br\/cbradar\/wp-json\/wp\/v2\/posts"}],"about":[{"href":"https:\/\/www.correiobraziliense.com.br\/cbradar\/wp-json\/wp\/v2\/types\/post"}],"author":[{"embeddable":true,"href":"https:\/\/www.correiobraziliense.com.br\/cbradar\/wp-json\/wp\/v2\/users\/14"}],"replies":[{"embeddable":true,"href":"https:\/\/www.correiobraziliense.com.br\/cbradar\/wp-json\/wp\/v2\/comments?post=148940"}],"version-history":[{"count":1,"href":"https:\/\/www.correiobraziliense.com.br\/cbradar\/wp-json\/wp\/v2\/posts\/148940\/revisions"}],"predecessor-version":[{"id":148943,"href":"https:\/\/www.correiobraziliense.com.br\/cbradar\/wp-json\/wp\/v2\/posts\/148940\/revisions\/148943"}],"wp:featuredmedia":[{"embeddable":true,"href":"https:\/\/www.correiobraziliense.com.br\/cbradar\/wp-json\/wp\/v2\/media\/148941"}],"wp:attachment":[{"href":"https:\/\/www.correiobraziliense.com.br\/cbradar\/wp-json\/wp\/v2\/media?parent=148940"}],"wp:term":[{"taxonomy":"category","embeddable":true,"href":"https:\/\/www.correiobraziliense.com.br\/cbradar\/wp-json\/wp\/v2\/categories?post=148940"},{"taxonomy":"post_tag","embeddable":true,"href":"https:\/\/www.correiobraziliense.com.br\/cbradar\/wp-json\/wp\/v2\/tags?post=148940"}],"curies":[{"name":"wp","href":"https:\/\/api.w.org\/{rel}","templated":true}]}}