{"id":148951,"date":"2025-12-03T21:35:00","date_gmt":"2025-12-04T00:35:00","guid":{"rendered":"https:\/\/www.correiobraziliense.com.br\/cbradar\/?p=148951"},"modified":"2025-12-02T18:04:03","modified_gmt":"2025-12-02T21:04:03","slug":"ataque-de-leoa-em-zoologico-expoe-falha-na-saude-mental","status":"publish","type":"post","link":"https:\/\/www.correiobraziliense.com.br\/cbradar\/ataque-de-leoa-em-zoologico-expoe-falha-na-saude-mental\/","title":{"rendered":"Ataque de leoa em zool\u00f3gico exp\u00f5e falha na sa\u00fade mental"},"content":{"rendered":"\n<p>Na cidade de Jo\u00e3o Pessoa, na Para\u00edba, um incidente tr\u00e1gico ocorreu no Parque Zoobot\u00e2nico Arruda Almeida, envolvendo a morte de um jovem de 19 anos, Gerson de Melo Machado. A morte foi resultado de um ataque de uma leoa, causando chocante repercuss\u00e3o na regi\u00e3o. Segundo o Instituto M\u00e9dico Legal (IML), Gerson morreu devido a um choque hemorr\u00e1gico depois que vasos cervicais foram perfurados pela mordida do animal.<\/p>\n\n\n\n<p>Embora o epis\u00f3dio tenha ganhado destaque pela viol\u00eancia do ataque, ele tamb\u00e9m chama aten\u00e7\u00e3o para um aspecto muitas vezes negligenciado: o impacto dos transtornos mentais graves, como a <strong>Esquizofrenia<\/strong>, na tomada de decis\u00f5es e na percep\u00e7\u00e3o de risco. Em muitos casos, comportamentos que \u00e0 primeira vista parecem irracionais ou imprudentes podem estar profundamente ligados a sintomas como del\u00edrios, alucina\u00e7\u00f5es auditivas ou visuais, desorganiza\u00e7\u00e3o do pensamento e forte altera\u00e7\u00e3o do ju\u00edzo cr\u00edtico, que compromete a capacidade de avaliar perigo e consequ\u00eancias.<\/p>\n\n\n\n<h2 class=\"wp-block-heading\">Que investiga\u00e7\u00f5es est\u00e3o em curso?<\/h2>\n\n\n\n<p>As autoridades locais iniciaram uma investiga\u00e7\u00e3o para compreender as circunst\u00e2ncias que levaram ao incidente. Al\u00e9m da aut\u00f3psia, um exame toxicol\u00f3gico complementar est\u00e1 sendo realizado para verificar se havia subst\u00e2ncias no organismo do jovem. Tamb\u00e9m s\u00e3o analisadas as grava\u00e7\u00f5es e testemunhos de pessoas presentes no local, evid\u00eancias que podem esclarecer o que motivou o jovem a tomar tal decis\u00e3o arriscada.<\/p>\n\n\n\n<p>Em paralelo, \u00e9 considerada pelas autoridades a hip\u00f3tese de que transtornos mentais mais graves, como a Esquizofrenia, possam ter influenciado o julgamento e a percep\u00e7\u00e3o de risco do jovem, caso isso venha a ser confirmado pelo hist\u00f3rico m\u00e9dico e por laudos psiqui\u00e1tricos. Nesses casos, a avalia\u00e7\u00e3o de prontu\u00e1rios, acompanhamento em servi\u00e7os de <a href=\"https:\/\/www.gov.br\/saude\/pt-br\" target=\"_blank\" rel=\"noreferrer noopener\">sa\u00fade <\/a>mental e a eventual exist\u00eancia de tratamentos interrompidos ou irregulares tornam-se elementos importantes para entender o contexto em que o ato foi praticado.<\/p>\n\n\n\n<p>A <strong>Esquizofrenia <\/strong>\u00e9 um transtorno mental cr\u00f4nico caracterizado por sintomas como del\u00edrios (cren\u00e7as firmes que n\u00e3o correspondem \u00e0 realidade), alucina\u00e7\u00f5es (principalmente auditivas, como vozes), pensamento desorganizado e, em alguns casos, comportamento desorganizado ou catat\u00f4nico. Em momentos de crise ou descompensa\u00e7\u00e3o \u2014 por exemplo, quando o tratamento medicamentoso \u00e9 suspenso, feito de forma irregular ou quando h\u00e1 uso associado de \u00e1lcool e outras drogas \u2014 a pessoa pode apresentar atitudes de alto risco, sem plena consci\u00eancia do perigo. Por isso, a investiga\u00e7\u00e3o tamb\u00e9m busca compreender se havia sinais de agravamento recente do quadro, como isolamento social extremo, discurso desconexo, aumento de comportamentos impulsivos ou relatos de \u201cvozes\u201d dando ordens (alucina\u00e7\u00f5es auditivas de comando).<\/p>\n\n\n\n<p>O corpo do jovem, ap\u00f3s a realiza\u00e7\u00e3o dos exames legais, ser\u00e1 liberado para sua fam\u00edlia. A administra\u00e7\u00e3o do parque divulgou uma nota oficial destacando seu compromisso com a seguran\u00e7a dos visitantes e funcion\u00e1rios, al\u00e9m de assegurar total transpar\u00eancia durante o processo investigativo. Paralelamente, o caso refor\u00e7a a import\u00e2ncia de que laudos psiqui\u00e1tricos, hist\u00f3ricos de interna\u00e7\u00f5es, uso de medica\u00e7\u00e3o antipsic\u00f3tica e poss\u00edveis quebras de ades\u00e3o ao tratamento sejam analisados com rigor, n\u00e3o com intuito de culpabilizar o indiv\u00edduo, mas para identificar falhas na rede de cuidado e oportunidades de preven\u00e7\u00e3o que possam evitar trag\u00e9dias semelhantes.<\/p>\n\n\n\n<h2 class=\"wp-block-heading\">Qual o papel do parque e das autoridades?<\/h2>\n\n\n\n<p>O Parque Zoobot\u00e2nico Arruda Almeida, gerido pela Secretaria de Meio Ambiente de Jo\u00e3o Pessoa, fechou suas portas temporariamente como medida de precau\u00e7\u00e3o. Essa decis\u00e3o visa garantir a seguran\u00e7a enquanto a apura\u00e7\u00e3o dos fatos \u00e9 realizada. O hist\u00f3rico do jovem foi revelado pelas autoridades, indicando que ele possu\u00eda transtornos mentais, com registros de m\u00faltiplas deten\u00e7\u00f5es, algumas ainda na adolesc\u00eancia.<\/p>\n\n\n\n<p>Em situa\u00e7\u00f5es em que se suspeita de transtornos como a Esquizofrenia, o papel dos servi\u00e7os m\u00e9dicos e da rede de aten\u00e7\u00e3o psicossocial \u00e9 fundamental. O acompanhamento psiqui\u00e1trico regular, o uso adequado de medica\u00e7\u00e3o, o apoio psicol\u00f3gico e a participa\u00e7\u00e3o da fam\u00edlia no tratamento podem reduzir comportamentos de risco, desorganiza\u00e7\u00e3o do pensamento e poss\u00edveis impulsos que levem a atitudes perigosas, como a invas\u00e3o de \u00e1reas restritas. A articula\u00e7\u00e3o entre m\u00e9dicos, familiares e \u00f3rg\u00e3os p\u00fablicos \u00e9 essencial para garantir que pessoas vulner\u00e1veis recebam cuidados cont\u00ednuos e sejam protegidas de ambientes que possam representar amea\u00e7a \u00e0 sua integridade.<\/p>\n\n\n\n<p>Nesse contexto, ganha relev\u00e2ncia a atua\u00e7\u00e3o dos CAPS (Centros de Aten\u00e7\u00e3o Psicossocial) e servi\u00e7os equivalentes, respons\u00e1veis pela oferta de cuidado territorializado, pr\u00f3ximo da realidade de vida do paciente e de sua fam\u00edlia. Planos terap\u00eauticos singulares, visitas domiciliares, grupos terap\u00eauticos, acompanhamento de uso de medica\u00e7\u00f5es antipsic\u00f3ticas e o monitoramento de sinais de reca\u00edda \u2014 como ins\u00f4nia persistente, aumento da agita\u00e7\u00e3o, discurso persecut\u00f3rio ou religiosidade exacerbada e s\u00fabita \u2014 s\u00e3o ferramentas que ajudam a antecipar crises e a orientar a fam\u00edlia sobre como agir. A comunica\u00e7\u00e3o entre equipes de <a href=\"https:\/\/www.correiobraziliense.com.br\/cbradar\/5-dicas-para-envelhecer-com-qualidade-de-vida\/\" target=\"_blank\" rel=\"noreferrer noopener\">sa\u00fade <\/a>mental, servi\u00e7os de urg\u00eancia, rede de assist\u00eancia social e \u00f3rg\u00e3os de seguran\u00e7a p\u00fablica tamb\u00e9m \u00e9 central para construir estrat\u00e9gias de prote\u00e7\u00e3o que respeitem a dignidade da pessoa com Esquizofrenia, ao mesmo tempo em que consideram situa\u00e7\u00f5es de potencial risco.<\/p>\n\n\n\n<h2 class=\"wp-block-heading\">Como comportam-se le\u00f5es em cativeiro?<\/h2>\n\n\n\n<p>Na natureza, le\u00f5es t\u00eam instintos de ca\u00e7a e territorialidade, caracter\u00edsticas que podem ser mantidas mesmo no cativeiro. A bi\u00f3loga respons\u00e1vel pela leoa explicou que o ataque foi resultado desse comportamento natural, sem inten\u00e7\u00e3o predat\u00f3ria. A presen\u00e7a de visitantes muitas vezes n\u00e3o altera o comportamento dos animais, mas invas\u00f5es inesperadas em seus territ\u00f3rios podem provocar rea\u00e7\u00f5es defensivas.<\/p>\n\n\n\n<p>Por esse motivo, zool\u00f3gicos e parques implementam medidas de seguran\u00e7a, como altas cercas e barreiras, para evitar contatos perigosos entre visitantes e animais. Entretanto, quando essas medidas s\u00e3o transgredidas, situa\u00e7\u00f5es de risco podem ocorrer.<\/p>\n\n\n\n<p>Quando se considera o poss\u00edvel envolvimento de um transtorno como a Esquizofrenia, \u00e9 importante compreender que a percep\u00e7\u00e3o da realidade do indiv\u00edduo pode estar profundamente alterada. Em um surto psic\u00f3tico, por exemplo, ele pode interpretar o ambiente do zool\u00f3gico de forma completamente distorcida \u2014 enxergando o animal como uma figura simb\u00f3lica, uma entidade protetora ou at\u00e9 acreditando que possui algum tipo de miss\u00e3o espiritual relacionada \u00e0quele espa\u00e7o. Nessas circunst\u00e2ncias, o ato de ultrapassar barreiras de seguran\u00e7a pode n\u00e3o ser visto, pela pr\u00f3pria pessoa, como risco real, mas como uma necessidade imposta por suas cren\u00e7as delirantes ou pelas vozes que ouve.<\/p>\n\n\n\n<h2 class=\"wp-block-heading\">Refletindo Sobre Seguran\u00e7a e Cuidados em Zool\u00f3gicos<\/h2>\n\n\n\n<p>O incidente em Jo\u00e3o Pessoa nos relembra da import\u00e2ncia de protocolos r\u00edgidos de seguran\u00e7a em locais que abrigam animais selvagens. Isto n\u00e3o s\u00f3 visa proteger os visitantes, mas tamb\u00e9m os pr\u00f3prios animais, que podem ser prejudicados por invas\u00f5es n\u00e3o autorizadas a seu ambiente. As autoridades e administra\u00e7\u00f5es de zool\u00f3gicos devem permanecer vigilantes e aplicar melhorias constantes nas medidas de seguran\u00e7a.<\/p>\n\n\n\n<p>A tr\u00e1gica morte de Gerson de Melo Machado \u00e9 um lembrete sobre as consequ\u00eancias de se ignorar tais normas de seguran\u00e7a. Al\u00e9m disso, levanta quest\u00f5es sobre a responsabilidade de supervisionar indiv\u00edduos com vulnerabilidades mentais em ambientes de risco, destacando a necessidade de um suporte adequado da comunidade e das autoridades pertinentes.<\/p>\n\n\n<div class=\"wp-block-image\">\n<figure class=\"aligncenter size-large\"><img decoding=\"async\" width=\"1024\" height=\"576\" src=\"https:\/\/www.correiobraziliense.com.br\/cbradar\/wp-content\/uploads\/2025\/12\/leao-_1764709605136-1024x576.jpg\" alt=\"\" class=\"wp-image-148953\" srcset=\"https:\/\/www.correiobraziliense.com.br\/cbradar\/wp-content\/uploads\/2025\/12\/leao-_1764709605136-1024x576.jpg 1024w, https:\/\/www.correiobraziliense.com.br\/cbradar\/wp-content\/uploads\/2025\/12\/leao-_1764709605136-300x169.jpg 300w, https:\/\/www.correiobraziliense.com.br\/cbradar\/wp-content\/uploads\/2025\/12\/leao-_1764709605136-768x432.jpg 768w, https:\/\/www.correiobraziliense.com.br\/cbradar\/wp-content\/uploads\/2025\/12\/leao-_1764709605136-750x422.jpg 750w, https:\/\/www.correiobraziliense.com.br\/cbradar\/wp-content\/uploads\/2025\/12\/leao-_1764709605136-1140x641.jpg 1140w, https:\/\/www.correiobraziliense.com.br\/cbradar\/wp-content\/uploads\/2025\/12\/leao-_1764709605136.jpg 1280w\" sizes=\"(max-width: 1024px) 100vw, 1024px\" \/><figcaption class=\"wp-element-caption\">Le\u00e3o &#8211; Cr\u00e9ditos: depositphotos.com \/ actionbleem<\/figcaption><\/figure><\/div>\n\n\n<p>Nesse contexto, quadros como a Esquizofrenia \u2014 que podem envolver del\u00edrios, alucina\u00e7\u00f5es e altera\u00e7\u00f5es importantes na percep\u00e7\u00e3o da realidade \u2014 demandam aten\u00e7\u00e3o especial da equipe m\u00e9dica e da fam\u00edlia. Um cuidado m\u00e9dico integral, com avalia\u00e7\u00e3o psiqui\u00e1trica peri\u00f3dica, acompanhamento em CAPS ou servi\u00e7os equivalentes e planos de manejo para epis\u00f3dios de crise, contribui para prevenir situa\u00e7\u00f5es de exposi\u00e7\u00e3o indevida a perigo. O caso refor\u00e7a o quanto \u00e9 importante identificar precocemente sinais de agravamento do quadro, ajustar o tratamento conforme orienta\u00e7\u00e3o m\u00e9dica e evitar que pessoas em sofrimento ps\u00edquico circulem sozinhas em locais potencialmente arriscados, sempre em respeito \u00e0 sua dignidade e aos seus direitos.<\/p>\n\n\n\n<p>Tamb\u00e9m \u00e9 crucial combater o estigma em torno da Esquizofrenia. A maioria das pessoas com esse diagn\u00f3stico n\u00e3o \u00e9 violenta e pode levar uma vida est\u00e1vel quando recebe tratamento adequado, apoio familiar e inclus\u00e3o social. Incidentes extremos, como o ocorrido, n\u00e3o devem servir para refor\u00e7ar preconceitos, mas para evidenciar falhas na rede de cuidado, na continuidade do tratamento e na prote\u00e7\u00e3o a pessoas em crise. Investir em pol\u00edticas p\u00fablicas de sa\u00fade mental, ampliar o acesso a psiquiatras, psic\u00f3logos, enfermagem especializada e servi\u00e7os comunit\u00e1rios, bem como promover campanhas educativas sobre sinais de alerta e caminhos de ajuda, s\u00e3o medidas fundamentais para que trag\u00e9dias semelhantes sejam prevenidas e para que pessoas com Esquizofrenia sejam vistas n\u00e3o como amea\u00e7a, mas como sujeitos de direitos que necessitam de cuidado, acolhimento e acompanhamento constante.<\/p>\n\n\n<a href=\"https:\/\/www.instagram.com\/dra.annaluisabf\/\" target=\"_blank\" rel=\"noopener\" style=\"text-decoration: none; color: inherit;\">\n    <span style=\"display: inline-block; border: 1px solid #ccc; border-radius: 10px; padding: 15px; max-width: 550px; font-family: sans-serif; box-shadow: 0 2px 5px rgba(0,0,0,0.1); width: 100%;\">\n\n      <!-- T\u00edtulo -->\n      <span style=\"display: block; margin: 0 0 15px 0; font-weight: bold; color: #2c3e50; text-align: center;\">\n        Entre em contato:\n      <\/span>\n\n      <!-- Linha do perfil -->\n      <span style=\"display: flex; align-items: center; gap: 15px;\">\n        <img decoding=\"async\"\n          src=\"https:\/\/www.correiobraziliense.com.br\/cbradar\/wp-content\/uploads\/2025\/08\/dra_anna_luisa.jpeg\"\n          alt=\"Foto da Dra. Anna Lu\u00edsa\"\n          style=\"border-radius: 50%; width: 80px; height: 80px; object-fit: cover;\"\n        \/>\n        <span style=\"display: flex; flex-direction: column;\">\n          <span style=\"font-size: 18px; font-weight: 700; color: #2c3e50;\">Dra. Anna Lu\u00edsa Barbosa Fernandes<\/span>\n          <span style=\"color: #555;\">CRM-GO 33.271<\/span>\n        <\/span>\n      <\/span>\n\n      <!-- Redes -->\n      <span style=\"display: flex; align-items: center; gap: 10px; margin-top: 12px;\">\n        <img decoding=\"async\" src=\"https:\/\/cdn-icons-png.flaticon.com\/24\/1384\/1384063.png\" alt=\"Instagram\" width=\"24\" height=\"24\" \/>\n        <span style=\"text-decoration: underline; color: #2c3e50;\">@dra.annaluisabf<\/span>\n      <\/span>\n\n    <\/span>\n  <\/a>","protected":false},"excerpt":{"rendered":"<p>Na cidade de Jo\u00e3o Pessoa, na Para\u00edba, um incidente tr\u00e1gico ocorreu no Parque Zoobot\u00e2nico Arruda Almeida, envolvendo a morte de um jovem de 19 anos, Gerson de Melo Machado. A morte foi resultado de um ataque de uma leoa, causando chocante repercuss\u00e3o na regi\u00e3o. Segundo o Instituto M\u00e9dico Legal (IML), Gerson morreu devido a um [&hellip;]<\/p>\n","protected":false},"author":14,"featured_media":146178,"comment_status":"open","ping_status":"open","sticky":false,"template":"","format":"standard","meta":{"_yoast_wpseo_focuskw":"Esquizofrenia","_yoast_wpseo_title":"","_yoast_wpseo_metadesc":"Parque Zoobot\u00e2nico \u00e9 fechado ap\u00f3s morte de jovem atacado por leoa. Autoridades investigam circunst\u00e2ncias e hist\u00f3rico m\u00e9dico.","jnews-multi-image_gallery":[],"jnews_single_post":{"format":"standard"},"jnews_primary_category":[],"jnews_social_meta":[],"jnews_override_counter":[],"footnotes":""},"categories":[4404],"tags":[120,565],"class_list":["post-148951","post","type-post","status-publish","format-standard","has-post-thumbnail","hentry","category-saude","tag-bem-estar","tag-saude"],"yoast_head":"<!-- This site is optimized with the Yoast SEO plugin v24.6 - https:\/\/yoast.com\/wordpress\/plugins\/seo\/ -->\n<title>Ataque de leoa em zool\u00f3gico exp\u00f5e falha na sa\u00fade mental - Correio Braziliense - Radar<\/title>\n<meta name=\"description\" content=\"Parque Zoobot\u00e2nico \u00e9 fechado ap\u00f3s morte de jovem atacado por leoa. Autoridades investigam circunst\u00e2ncias e hist\u00f3rico m\u00e9dico.\" \/>\n<meta name=\"robots\" content=\"index, follow, max-snippet:-1, max-image-preview:large, max-video-preview:-1\" \/>\n<link rel=\"canonical\" href=\"https:\/\/www.correiobraziliense.com.br\/cbradar\/ataque-de-leoa-em-zoologico-expoe-falha-na-saude-mental\/\" \/>\n<meta property=\"og:locale\" content=\"pt_BR\" \/>\n<meta property=\"og:type\" content=\"article\" \/>\n<meta property=\"og:title\" content=\"Ataque de leoa em zool\u00f3gico exp\u00f5e falha na sa\u00fade mental - Correio Braziliense - Radar\" \/>\n<meta property=\"og:description\" content=\"Parque Zoobot\u00e2nico \u00e9 fechado ap\u00f3s morte de jovem atacado por leoa. Autoridades investigam circunst\u00e2ncias e hist\u00f3rico m\u00e9dico.\" \/>\n<meta property=\"og:url\" content=\"https:\/\/www.correiobraziliense.com.br\/cbradar\/ataque-de-leoa-em-zoologico-expoe-falha-na-saude-mental\/\" \/>\n<meta property=\"og:site_name\" content=\"Correio Braziliense - Radar\" \/>\n<meta property=\"article:published_time\" content=\"2025-12-04T00:35:00+00:00\" \/>\n<meta property=\"og:image\" content=\"https:\/\/www.correiobraziliense.com.br\/cbradar\/wp-content\/uploads\/2025\/11\/Transtorno-Esquizofrenico_1764288134609.jpg\" \/>\n\t<meta property=\"og:image:width\" content=\"1280\" \/>\n\t<meta property=\"og:image:height\" content=\"720\" \/>\n\t<meta property=\"og:image:type\" content=\"image\/jpeg\" \/>\n<meta name=\"author\" content=\"guilherme_saude\" \/>\n<meta name=\"twitter:card\" content=\"summary_large_image\" \/>\n<meta name=\"twitter:label1\" content=\"Escrito por\" \/>\n\t<meta name=\"twitter:data1\" content=\"guilherme_saude\" \/>\n\t<meta name=\"twitter:label2\" content=\"Est. tempo de leitura\" \/>\n\t<meta name=\"twitter:data2\" content=\"9 minutos\" \/>\n<!-- \/ Yoast SEO plugin. -->","yoast_head_json":{"title":"Ataque de leoa em zool\u00f3gico exp\u00f5e falha na sa\u00fade mental - Correio Braziliense - Radar","description":"Parque Zoobot\u00e2nico \u00e9 fechado ap\u00f3s morte de jovem atacado por leoa. Autoridades investigam circunst\u00e2ncias e hist\u00f3rico m\u00e9dico.","robots":{"index":"index","follow":"follow","max-snippet":"max-snippet:-1","max-image-preview":"max-image-preview:large","max-video-preview":"max-video-preview:-1"},"canonical":"https:\/\/www.correiobraziliense.com.br\/cbradar\/ataque-de-leoa-em-zoologico-expoe-falha-na-saude-mental\/","og_locale":"pt_BR","og_type":"article","og_title":"Ataque de leoa em zool\u00f3gico exp\u00f5e falha na sa\u00fade mental - Correio Braziliense - Radar","og_description":"Parque Zoobot\u00e2nico \u00e9 fechado ap\u00f3s morte de jovem atacado por leoa. Autoridades investigam circunst\u00e2ncias e hist\u00f3rico m\u00e9dico.","og_url":"https:\/\/www.correiobraziliense.com.br\/cbradar\/ataque-de-leoa-em-zoologico-expoe-falha-na-saude-mental\/","og_site_name":"Correio Braziliense - Radar","article_published_time":"2025-12-04T00:35:00+00:00","og_image":[{"width":1280,"height":720,"url":"https:\/\/www.correiobraziliense.com.br\/cbradar\/wp-content\/uploads\/2025\/11\/Transtorno-Esquizofrenico_1764288134609.jpg","type":"image\/jpeg"}],"author":"guilherme_saude","twitter_card":"summary_large_image","twitter_misc":{"Escrito por":"guilherme_saude","Est. tempo de leitura":"9 minutos"},"schema":{"@context":"https:\/\/schema.org","@graph":[{"@type":"WebPage","@id":"https:\/\/www.correiobraziliense.com.br\/cbradar\/ataque-de-leoa-em-zoologico-expoe-falha-na-saude-mental\/","url":"https:\/\/www.correiobraziliense.com.br\/cbradar\/ataque-de-leoa-em-zoologico-expoe-falha-na-saude-mental\/","name":"Ataque de leoa em zool\u00f3gico exp\u00f5e falha na sa\u00fade mental - Correio Braziliense - Radar","isPartOf":{"@id":"https:\/\/www.correiobraziliense.com.br\/cbradar\/#website"},"primaryImageOfPage":{"@id":"https:\/\/www.correiobraziliense.com.br\/cbradar\/ataque-de-leoa-em-zoologico-expoe-falha-na-saude-mental\/#primaryimage"},"image":{"@id":"https:\/\/www.correiobraziliense.com.br\/cbradar\/ataque-de-leoa-em-zoologico-expoe-falha-na-saude-mental\/#primaryimage"},"thumbnailUrl":"https:\/\/www.correiobraziliense.com.br\/cbradar\/wp-content\/uploads\/2025\/11\/Transtorno-Esquizofrenico_1764288134609.jpg","datePublished":"2025-12-04T00:35:00+00:00","author":{"@id":"https:\/\/www.correiobraziliense.com.br\/cbradar\/#\/schema\/person\/5aa4bf3c8fa699c267933611de12978b"},"description":"Parque Zoobot\u00e2nico \u00e9 fechado ap\u00f3s morte de jovem atacado por leoa. Autoridades investigam circunst\u00e2ncias e hist\u00f3rico m\u00e9dico.","breadcrumb":{"@id":"https:\/\/www.correiobraziliense.com.br\/cbradar\/ataque-de-leoa-em-zoologico-expoe-falha-na-saude-mental\/#breadcrumb"},"inLanguage":"pt-BR","potentialAction":[{"@type":"ReadAction","target":["https:\/\/www.correiobraziliense.com.br\/cbradar\/ataque-de-leoa-em-zoologico-expoe-falha-na-saude-mental\/"]}]},{"@type":"ImageObject","inLanguage":"pt-BR","@id":"https:\/\/www.correiobraziliense.com.br\/cbradar\/ataque-de-leoa-em-zoologico-expoe-falha-na-saude-mental\/#primaryimage","url":"https:\/\/www.correiobraziliense.com.br\/cbradar\/wp-content\/uploads\/2025\/11\/Transtorno-Esquizofrenico_1764288134609.jpg","contentUrl":"https:\/\/www.correiobraziliense.com.br\/cbradar\/wp-content\/uploads\/2025\/11\/Transtorno-Esquizofrenico_1764288134609.jpg","width":1280,"height":720,"caption":"Transtorno Esquizofr\u00eanico - Cr\u00e9ditos: depositphotos.com \/ nito103"},{"@type":"BreadcrumbList","@id":"https:\/\/www.correiobraziliense.com.br\/cbradar\/ataque-de-leoa-em-zoologico-expoe-falha-na-saude-mental\/#breadcrumb","itemListElement":[{"@type":"ListItem","position":1,"name":"In\u00edcio","item":"https:\/\/www.correiobraziliense.com.br\/cbradar\/"},{"@type":"ListItem","position":2,"name":"Ataque de leoa em zool\u00f3gico exp\u00f5e falha na sa\u00fade mental"}]},{"@type":"WebSite","@id":"https:\/\/www.correiobraziliense.com.br\/cbradar\/#website","url":"https:\/\/www.correiobraziliense.com.br\/cbradar\/","name":"Correio Braziliense - Radar","description":"Acompanhe as \u00faltimas not\u00edcias e fique bem informado sobre tudo o que acontece no Brasil e no mundo.","potentialAction":[{"@type":"SearchAction","target":{"@type":"EntryPoint","urlTemplate":"https:\/\/www.correiobraziliense.com.br\/cbradar\/?s={search_term_string}"},"query-input":{"@type":"PropertyValueSpecification","valueRequired":true,"valueName":"search_term_string"}}],"inLanguage":"pt-BR"},{"@type":"Person","@id":"https:\/\/www.correiobraziliense.com.br\/cbradar\/#\/schema\/person\/5aa4bf3c8fa699c267933611de12978b","name":"guilherme_saude","image":{"@type":"ImageObject","inLanguage":"pt-BR","@id":"https:\/\/www.correiobraziliense.com.br\/cbradar\/#\/schema\/person\/image\/","url":"https:\/\/secure.gravatar.com\/avatar\/df9adfb835d344bc0af109d41756253f?s=96&d=mm&r=g","contentUrl":"https:\/\/secure.gravatar.com\/avatar\/df9adfb835d344bc0af109d41756253f?s=96&d=mm&r=g","caption":"guilherme_saude"},"url":"https:\/\/www.correiobraziliense.com.br\/cbradar\/author\/guilherme_saude\/"}]}},"_links":{"self":[{"href":"https:\/\/www.correiobraziliense.com.br\/cbradar\/wp-json\/wp\/v2\/posts\/148951","targetHints":{"allow":["GET"]}}],"collection":[{"href":"https:\/\/www.correiobraziliense.com.br\/cbradar\/wp-json\/wp\/v2\/posts"}],"about":[{"href":"https:\/\/www.correiobraziliense.com.br\/cbradar\/wp-json\/wp\/v2\/types\/post"}],"author":[{"embeddable":true,"href":"https:\/\/www.correiobraziliense.com.br\/cbradar\/wp-json\/wp\/v2\/users\/14"}],"replies":[{"embeddable":true,"href":"https:\/\/www.correiobraziliense.com.br\/cbradar\/wp-json\/wp\/v2\/comments?post=148951"}],"version-history":[{"count":1,"href":"https:\/\/www.correiobraziliense.com.br\/cbradar\/wp-json\/wp\/v2\/posts\/148951\/revisions"}],"predecessor-version":[{"id":148954,"href":"https:\/\/www.correiobraziliense.com.br\/cbradar\/wp-json\/wp\/v2\/posts\/148951\/revisions\/148954"}],"wp:featuredmedia":[{"embeddable":true,"href":"https:\/\/www.correiobraziliense.com.br\/cbradar\/wp-json\/wp\/v2\/media\/146178"}],"wp:attachment":[{"href":"https:\/\/www.correiobraziliense.com.br\/cbradar\/wp-json\/wp\/v2\/media?parent=148951"}],"wp:term":[{"taxonomy":"category","embeddable":true,"href":"https:\/\/www.correiobraziliense.com.br\/cbradar\/wp-json\/wp\/v2\/categories?post=148951"},{"taxonomy":"post_tag","embeddable":true,"href":"https:\/\/www.correiobraziliense.com.br\/cbradar\/wp-json\/wp\/v2\/tags?post=148951"}],"curies":[{"name":"wp","href":"https:\/\/api.w.org\/{rel}","templated":true}]}}