{"id":149000,"date":"2025-12-03T21:25:00","date_gmt":"2025-12-04T00:25:00","guid":{"rendered":"https:\/\/www.correiobraziliense.com.br\/cbradar\/?p=149000"},"modified":"2025-12-02T19:25:59","modified_gmt":"2025-12-02T22:25:59","slug":"essa-erva-simples-virou-aliada-natural-da-saude-renal-segundo-especialistas","status":"publish","type":"post","link":"https:\/\/www.correiobraziliense.com.br\/cbradar\/essa-erva-simples-virou-aliada-natural-da-saude-renal-segundo-especialistas\/","title":{"rendered":"Essa erva simples virou aliada natural da sa\u00fade renal segundo especialistas"},"content":{"rendered":"\n<p>O ch\u00e1 de dente-de-le\u00e3o voltou a ganhar popularidade em 2025 entre pessoas interessadas em<a href=\"https:\/\/www.correiobraziliense.com.br\/cbradar\/seis-alimentos-hidratantes-que-voce-deveria-comer-para-controlar-a-glicemia\/\" target=\"_blank\" rel=\"noreferrer noopener\"> cuidados naturais e sa\u00fade<\/a> renal. A planta, conhecida cientificamente como <em>Taraxacum officinale<\/em>, \u00e9 tradicionalmente usada para auxiliar a fun\u00e7\u00e3o dos rins e do f\u00edgado. Especialistas explicam que, apesar de n\u00e3o substituir tratamentos m\u00e9dicos, a infus\u00e3o pode trazer benef\u00edcios complementares.<\/p>\n\n\n\n<h2 class=\"wp-block-heading\">A planta tem efeito diur\u00e9tico natural<\/h2>\n\n\n\n<p>Um dos motivos que torna o ch\u00e1 de dente-de-le\u00e3o t\u00e3o procurado \u00e9 seu leve efeito diur\u00e9tico. A bebida aumenta a produ\u00e7\u00e3o de urina, ajudando o corpo a eliminar excesso de l\u00edquidos e reduzindo o incha\u00e7o.<\/p>\n\n\n\n<p>Esse est\u00edmulo ao fluxo urin\u00e1rio tamb\u00e9m auxilia na expuls\u00e3o de pequenos res\u00edduos que podem se acumular nos rins, favorecendo a limpeza do sistema renal.<\/p>\n\n\n\n<figure class=\"wp-block-image size-large\"><img decoding=\"async\" width=\"1024\" height=\"576\" src=\"https:\/\/www.correiobraziliense.com.br\/cbradar\/wp-content\/uploads\/2025\/12\/dandelion-tea_1764714209523-1024x576.jpg\" alt=\"Essa erva simples virou aliada natural da sa\u00fade renal segundo especialistas\" class=\"wp-image-149003\" srcset=\"https:\/\/www.correiobraziliense.com.br\/cbradar\/wp-content\/uploads\/2025\/12\/dandelion-tea_1764714209523-1024x576.jpg 1024w, https:\/\/www.correiobraziliense.com.br\/cbradar\/wp-content\/uploads\/2025\/12\/dandelion-tea_1764714209523-300x169.jpg 300w, https:\/\/www.correiobraziliense.com.br\/cbradar\/wp-content\/uploads\/2025\/12\/dandelion-tea_1764714209523-768x432.jpg 768w, https:\/\/www.correiobraziliense.com.br\/cbradar\/wp-content\/uploads\/2025\/12\/dandelion-tea_1764714209523-750x422.jpg 750w, https:\/\/www.correiobraziliense.com.br\/cbradar\/wp-content\/uploads\/2025\/12\/dandelion-tea_1764714209523-1140x641.jpg 1140w, https:\/\/www.correiobraziliense.com.br\/cbradar\/wp-content\/uploads\/2025\/12\/dandelion-tea_1764714209523.jpg 1280w\" sizes=\"(max-width: 1024px) 100vw, 1024px\" \/><figcaption class=\"wp-element-caption\">m dos motivos que torna o ch\u00e1 de dente-de-le\u00e3o t\u00e3o procurado \u00e9 seu leve efeito diur\u00e9tico &#8211; Cr\u00e9ditos: depositphotos.com \/ MarcusZpics<\/figcaption><\/figure>\n\n\n\n<h2 class=\"wp-block-heading\">Poss\u00edveis benef\u00edcios para quem tem reten\u00e7\u00e3o de l\u00edquidos<\/h2>\n\n\n\n<p>Pessoas que sofrem com reten\u00e7\u00e3o moderada relatam melhora ao consumir o ch\u00e1, pois o aumento da excre\u00e7\u00e3o de \u00e1gua ajuda a reduzir desconfortos e sensa\u00e7\u00e3o de peso. O efeito, por\u00e9m, \u00e9 suave e n\u00e3o deve ser utilizado como substituto de medicamentos prescritos pelo m\u00e9dico.<\/p>\n\n\n\n<p>Especialistas alertam que indiv\u00edduos com problemas card\u00edacos, renais ou que usam diur\u00e9ticos devem consultar um profissional de sa\u00fade antes de consumir a planta com frequ\u00eancia.<\/p>\n\n\n\n<p>Abaixo, um v\u00eddeo por <strong>dicasemagrecimentobri <\/strong>no TikTok:<\/p>\n\n\n\n<figure class=\"wp-block-embed is-type-video is-provider-tiktok wp-block-embed-tiktok\"><div class=\"wp-block-embed__wrapper\">\n<blockquote class=\"tiktok-embed\" cite=\"https:\/\/www.tiktok.com\/@dicasemagrecimentobri\/video\/7237053485944950021\" data-video-id=\"7237053485944950021\" data-embed-from=\"oembed\" style=\"max-width:605px; min-width:325px;\"> <section> <a target=\"_blank\" title=\"@dicasemagrecimentobri\" href=\"https:\/\/www.tiktok.com\/@dicasemagrecimentobri?refer=embed\">@dicasemagrecimentobri<\/a> <p>Veja sobre o Ch\u00e1 Dente de Le\u00e3o, seus benef\u00edcios. Cr\u00e9ditos Dr Angela Xavier. <a title=\"chas\" target=\"_blank\" href=\"https:\/\/www.tiktok.com\/tag\/chas?refer=embed\">#chas<\/a> <a title=\"dentedeleao\" target=\"_blank\" href=\"https:\/\/www.tiktok.com\/tag\/dentedeleao?refer=embed\">#dentedeleao<\/a> <a title=\"dentedele\u00e3o\" target=\"_blank\" href=\"https:\/\/www.tiktok.com\/tag\/dentedele%C3%A3o?refer=embed\">#dentedele\u00e3o<\/a> <a title=\"chadentedeleao\" target=\"_blank\" href=\"https:\/\/www.tiktok.com\/tag\/chadentedeleao?refer=embed\">#chadentedeleao<\/a> <a title=\"beneficiosparasaude\" target=\"_blank\" href=\"https:\/\/www.tiktok.com\/tag\/beneficiosparasaude?refer=embed\">#beneficiosparasaude<\/a> <\/p> <a target=\"_blank\" title=\"\u266c som original - dicasdeEmagrecimento\" href=\"https:\/\/www.tiktok.com\/music\/som-original-7237053499481623302?refer=embed\">\u266c som original &#8211; dicasdeEmagrecimento<\/a> <\/section> <\/blockquote> <script async src=\"https:\/\/www.tiktok.com\/embed.js\"><\/script>\n<\/div><\/figure>\n\n\n\n<h2 class=\"wp-block-heading\">Propriedades antioxidantes podem ajudar os rins<\/h2>\n\n\n\n<p><a href=\"https:\/\/pmc.ncbi.nlm.nih.gov\/articles\/PMC3184420\/\" target=\"_blank\" rel=\"noreferrer noopener\">O dente-de-le\u00e3o cont\u00e9m antioxidantes que combatem radicais livres, mol\u00e9culas que podem causar danos celulares segundo estudos<\/a>. Pesquisadores destacam que compostos antioxidantes protegem tecidos sens\u00edveis, incluindo os rins, contra processos inflamat\u00f3rios.<\/p>\n\n\n\n<p>Embora os estudos ainda sejam preliminares, h\u00e1 evid\u00eancias de que a planta favorece o funcionamento equilibrado do sistema urin\u00e1rio.<\/p>\n\n\n\n<figure class=\"wp-block-image size-large\"><img decoding=\"async\" width=\"1024\" height=\"576\" src=\"https:\/\/www.correiobraziliense.com.br\/cbradar\/wp-content\/uploads\/2025\/12\/dandelion-tea_1764714197492-1024x576.jpg\" alt=\"Essa erva simples virou aliada natural da sa\u00fade renal segundo especialistas\" class=\"wp-image-149002\" srcset=\"https:\/\/www.correiobraziliense.com.br\/cbradar\/wp-content\/uploads\/2025\/12\/dandelion-tea_1764714197492-1024x576.jpg 1024w, https:\/\/www.correiobraziliense.com.br\/cbradar\/wp-content\/uploads\/2025\/12\/dandelion-tea_1764714197492-300x169.jpg 300w, https:\/\/www.correiobraziliense.com.br\/cbradar\/wp-content\/uploads\/2025\/12\/dandelion-tea_1764714197492-768x432.jpg 768w, https:\/\/www.correiobraziliense.com.br\/cbradar\/wp-content\/uploads\/2025\/12\/dandelion-tea_1764714197492-750x422.jpg 750w, https:\/\/www.correiobraziliense.com.br\/cbradar\/wp-content\/uploads\/2025\/12\/dandelion-tea_1764714197492-1140x641.jpg 1140w, https:\/\/www.correiobraziliense.com.br\/cbradar\/wp-content\/uploads\/2025\/12\/dandelion-tea_1764714197492.jpg 1280w\" sizes=\"(max-width: 1024px) 100vw, 1024px\" \/><figcaption class=\"wp-element-caption\">O dente-de-le\u00e3o cont\u00e9m antioxidantes que combatem radicais livres, mol\u00e9culas que podem causar danos celulares &#8211; Cr\u00e9ditos: depositphotos.com \/ Kassandra2<\/figcaption><\/figure>\n\n\n\n<h2 class=\"wp-block-heading\">Cuidados importantes ao consumir a infus\u00e3o<\/h2>\n\n\n\n<p>Mesmo sendo uma planta considerada segura, o ch\u00e1 deve ser consumido com modera\u00e7\u00e3o. Entre as recomenda\u00e7\u00f5es est\u00e3o:<\/p>\n\n\n\n<p>\u2022 evitar o uso em excesso, especialmente em pessoas com c\u00e1lculos renais grandes;<br>\u2022 n\u00e3o utilizar durante crises de gastrite intensa;<br>\u2022 consultar um m\u00e9dico se houver uso de medicamentos diur\u00e9ticos ou para press\u00e3o alta;<br>\u2022 interromper o consumo em caso de alergias a plantas da fam\u00edlia Asteraceae.<\/p>\n\n\n\n<p>Como qualquer erva medicinal, o dente-de-le\u00e3o n\u00e3o substitui exames e acompanhamento profissional em casos de dor, febre, sangue na urina ou sintomas persistentes.<\/p>\n","protected":false},"excerpt":{"rendered":"<p>O ch\u00e1 de dente-de-le\u00e3o voltou a ganhar popularidade em 2025 entre pessoas interessadas em cuidados naturais e sa\u00fade renal. A planta, conhecida cientificamente como Taraxacum officinale, \u00e9 tradicionalmente usada para auxiliar a fun\u00e7\u00e3o dos rins e do f\u00edgado. Especialistas explicam que, apesar de n\u00e3o substituir tratamentos m\u00e9dicos, a infus\u00e3o pode trazer benef\u00edcios complementares. A planta [&hellip;]<\/p>\n","protected":false},"author":18,"featured_media":149001,"comment_status":"open","ping_status":"open","sticky":false,"template":"","format":"standard","meta":{"_yoast_wpseo_focuskw":"ch\u00e1 de dente-de-le\u00e3o para os rins","_yoast_wpseo_title":"","_yoast_wpseo_metadesc":"A planta usada h\u00e1 gera\u00e7\u00f5es agora \u00e9 destaque entre quem busca melhorar a fun\u00e7\u00e3o renal de forma natural. Entenda como ela atua no corpo.","jnews-multi-image_gallery":[],"jnews_single_post":{"format":"standard"},"jnews_primary_category":[],"jnews_social_meta":[],"jnews_override_counter":[],"footnotes":""},"categories":[112],"tags":[127,7905,12225,4256],"class_list":["post-149000","post","type-post","status-publish","format-standard","has-post-thumbnail","hentry","category-curiosidades","tag-dicas","tag-infusao","tag-liquidos","tag-rins"],"yoast_head":"<!-- This site is optimized with the Yoast SEO plugin v24.6 - https:\/\/yoast.com\/wordpress\/plugins\/seo\/ -->\n<title>Essa erva simples virou aliada natural da sa\u00fade renal segundo especialistas - Correio Braziliense - Radar<\/title>\n<meta name=\"description\" content=\"A planta usada h\u00e1 gera\u00e7\u00f5es agora \u00e9 destaque entre quem busca melhorar a fun\u00e7\u00e3o renal de forma natural. Entenda como ela atua no corpo.\" \/>\n<meta name=\"robots\" content=\"index, follow, max-snippet:-1, max-image-preview:large, max-video-preview:-1\" \/>\n<link rel=\"canonical\" href=\"https:\/\/www.correiobraziliense.com.br\/cbradar\/essa-erva-simples-virou-aliada-natural-da-saude-renal-segundo-especialistas\/\" \/>\n<meta property=\"og:locale\" content=\"pt_BR\" \/>\n<meta property=\"og:type\" content=\"article\" \/>\n<meta property=\"og:title\" content=\"Essa erva simples virou aliada natural da sa\u00fade renal segundo especialistas - Correio Braziliense - Radar\" \/>\n<meta property=\"og:description\" content=\"A planta usada h\u00e1 gera\u00e7\u00f5es agora \u00e9 destaque entre quem busca melhorar a fun\u00e7\u00e3o renal de forma natural. Entenda como ela atua no corpo.\" \/>\n<meta property=\"og:url\" content=\"https:\/\/www.correiobraziliense.com.br\/cbradar\/essa-erva-simples-virou-aliada-natural-da-saude-renal-segundo-especialistas\/\" \/>\n<meta property=\"og:site_name\" content=\"Correio Braziliense - Radar\" \/>\n<meta property=\"article:published_time\" content=\"2025-12-04T00:25:00+00:00\" \/>\n<meta property=\"og:image\" content=\"https:\/\/www.correiobraziliense.com.br\/cbradar\/wp-content\/uploads\/2025\/12\/dandelion-tea_1764714191422.jpg\" \/>\n\t<meta property=\"og:image:width\" content=\"1280\" \/>\n\t<meta property=\"og:image:height\" content=\"720\" \/>\n\t<meta property=\"og:image:type\" content=\"image\/jpeg\" \/>\n<meta name=\"author\" content=\"Maria Eduarda Pacheco\" \/>\n<meta name=\"twitter:card\" content=\"summary_large_image\" \/>\n<meta name=\"twitter:label1\" content=\"Escrito por\" \/>\n\t<meta name=\"twitter:data1\" content=\"Maria Eduarda Pacheco\" \/>\n\t<meta name=\"twitter:label2\" content=\"Est. tempo de leitura\" \/>\n\t<meta name=\"twitter:data2\" content=\"3 minutos\" \/>\n<!-- \/ Yoast SEO plugin. -->","yoast_head_json":{"title":"Essa erva simples virou aliada natural da sa\u00fade renal segundo especialistas - Correio Braziliense - Radar","description":"A planta usada h\u00e1 gera\u00e7\u00f5es agora \u00e9 destaque entre quem busca melhorar a fun\u00e7\u00e3o renal de forma natural. Entenda como ela atua no corpo.","robots":{"index":"index","follow":"follow","max-snippet":"max-snippet:-1","max-image-preview":"max-image-preview:large","max-video-preview":"max-video-preview:-1"},"canonical":"https:\/\/www.correiobraziliense.com.br\/cbradar\/essa-erva-simples-virou-aliada-natural-da-saude-renal-segundo-especialistas\/","og_locale":"pt_BR","og_type":"article","og_title":"Essa erva simples virou aliada natural da sa\u00fade renal segundo especialistas - Correio Braziliense - Radar","og_description":"A planta usada h\u00e1 gera\u00e7\u00f5es agora \u00e9 destaque entre quem busca melhorar a fun\u00e7\u00e3o renal de forma natural. Entenda como ela atua no corpo.","og_url":"https:\/\/www.correiobraziliense.com.br\/cbradar\/essa-erva-simples-virou-aliada-natural-da-saude-renal-segundo-especialistas\/","og_site_name":"Correio Braziliense - Radar","article_published_time":"2025-12-04T00:25:00+00:00","og_image":[{"width":1280,"height":720,"url":"https:\/\/www.correiobraziliense.com.br\/cbradar\/wp-content\/uploads\/2025\/12\/dandelion-tea_1764714191422.jpg","type":"image\/jpeg"}],"author":"Maria Eduarda Pacheco","twitter_card":"summary_large_image","twitter_misc":{"Escrito por":"Maria Eduarda Pacheco","Est. tempo de leitura":"3 minutos"},"schema":{"@context":"https:\/\/schema.org","@graph":[{"@type":"WebPage","@id":"https:\/\/www.correiobraziliense.com.br\/cbradar\/essa-erva-simples-virou-aliada-natural-da-saude-renal-segundo-especialistas\/","url":"https:\/\/www.correiobraziliense.com.br\/cbradar\/essa-erva-simples-virou-aliada-natural-da-saude-renal-segundo-especialistas\/","name":"Essa erva simples virou aliada natural da sa\u00fade renal segundo especialistas - Correio Braziliense - Radar","isPartOf":{"@id":"https:\/\/www.correiobraziliense.com.br\/cbradar\/#website"},"primaryImageOfPage":{"@id":"https:\/\/www.correiobraziliense.com.br\/cbradar\/essa-erva-simples-virou-aliada-natural-da-saude-renal-segundo-especialistas\/#primaryimage"},"image":{"@id":"https:\/\/www.correiobraziliense.com.br\/cbradar\/essa-erva-simples-virou-aliada-natural-da-saude-renal-segundo-especialistas\/#primaryimage"},"thumbnailUrl":"https:\/\/www.correiobraziliense.com.br\/cbradar\/wp-content\/uploads\/2025\/12\/dandelion-tea_1764714191422.jpg","datePublished":"2025-12-04T00:25:00+00:00","author":{"@id":"https:\/\/www.correiobraziliense.com.br\/cbradar\/#\/schema\/person\/6fdd694c4c0d658f15df15f390ddf066"},"description":"A planta usada h\u00e1 gera\u00e7\u00f5es agora \u00e9 destaque entre quem busca melhorar a fun\u00e7\u00e3o renal de forma natural. Entenda como ela atua no corpo.","breadcrumb":{"@id":"https:\/\/www.correiobraziliense.com.br\/cbradar\/essa-erva-simples-virou-aliada-natural-da-saude-renal-segundo-especialistas\/#breadcrumb"},"inLanguage":"pt-BR","potentialAction":[{"@type":"ReadAction","target":["https:\/\/www.correiobraziliense.com.br\/cbradar\/essa-erva-simples-virou-aliada-natural-da-saude-renal-segundo-especialistas\/"]}]},{"@type":"ImageObject","inLanguage":"pt-BR","@id":"https:\/\/www.correiobraziliense.com.br\/cbradar\/essa-erva-simples-virou-aliada-natural-da-saude-renal-segundo-especialistas\/#primaryimage","url":"https:\/\/www.correiobraziliense.com.br\/cbradar\/wp-content\/uploads\/2025\/12\/dandelion-tea_1764714191422.jpg","contentUrl":"https:\/\/www.correiobraziliense.com.br\/cbradar\/wp-content\/uploads\/2025\/12\/dandelion-tea_1764714191422.jpg","width":1280,"height":720,"caption":"O ch\u00e1 de dente-de-le\u00e3o voltou a ganhar popularidade em 2025 entre pessoas interessadas em cuidados naturais e sa\u00fade renal - Cr\u00e9ditos: depositphotos.com \/ madorf"},{"@type":"BreadcrumbList","@id":"https:\/\/www.correiobraziliense.com.br\/cbradar\/essa-erva-simples-virou-aliada-natural-da-saude-renal-segundo-especialistas\/#breadcrumb","itemListElement":[{"@type":"ListItem","position":1,"name":"In\u00edcio","item":"https:\/\/www.correiobraziliense.com.br\/cbradar\/"},{"@type":"ListItem","position":2,"name":"Essa erva simples virou aliada natural da sa\u00fade renal segundo especialistas"}]},{"@type":"WebSite","@id":"https:\/\/www.correiobraziliense.com.br\/cbradar\/#website","url":"https:\/\/www.correiobraziliense.com.br\/cbradar\/","name":"Correio Braziliense - Radar","description":"Acompanhe as \u00faltimas not\u00edcias e fique bem informado sobre tudo o que acontece no Brasil e no mundo.","potentialAction":[{"@type":"SearchAction","target":{"@type":"EntryPoint","urlTemplate":"https:\/\/www.correiobraziliense.com.br\/cbradar\/?s={search_term_string}"},"query-input":{"@type":"PropertyValueSpecification","valueRequired":true,"valueName":"search_term_string"}}],"inLanguage":"pt-BR"},{"@type":"Person","@id":"https:\/\/www.correiobraziliense.com.br\/cbradar\/#\/schema\/person\/6fdd694c4c0d658f15df15f390ddf066","name":"Maria Eduarda Pacheco","image":{"@type":"ImageObject","inLanguage":"pt-BR","@id":"https:\/\/www.correiobraziliense.com.br\/cbradar\/#\/schema\/person\/image\/","url":"https:\/\/secure.gravatar.com\/avatar\/f72a487b26fdeec08ba4868875ea328e?s=96&d=mm&r=g","contentUrl":"https:\/\/secure.gravatar.com\/avatar\/f72a487b26fdeec08ba4868875ea328e?s=96&d=mm&r=g","caption":"Maria Eduarda Pacheco"},"sameAs":["https:\/\/www.correiobraziliense.com.br\/cbradar\/"],"url":"https:\/\/www.correiobraziliense.com.br\/cbradar\/author\/maria-eduarda\/"}]}},"_links":{"self":[{"href":"https:\/\/www.correiobraziliense.com.br\/cbradar\/wp-json\/wp\/v2\/posts\/149000","targetHints":{"allow":["GET"]}}],"collection":[{"href":"https:\/\/www.correiobraziliense.com.br\/cbradar\/wp-json\/wp\/v2\/posts"}],"about":[{"href":"https:\/\/www.correiobraziliense.com.br\/cbradar\/wp-json\/wp\/v2\/types\/post"}],"author":[{"embeddable":true,"href":"https:\/\/www.correiobraziliense.com.br\/cbradar\/wp-json\/wp\/v2\/users\/18"}],"replies":[{"embeddable":true,"href":"https:\/\/www.correiobraziliense.com.br\/cbradar\/wp-json\/wp\/v2\/comments?post=149000"}],"version-history":[{"count":1,"href":"https:\/\/www.correiobraziliense.com.br\/cbradar\/wp-json\/wp\/v2\/posts\/149000\/revisions"}],"predecessor-version":[{"id":149004,"href":"https:\/\/www.correiobraziliense.com.br\/cbradar\/wp-json\/wp\/v2\/posts\/149000\/revisions\/149004"}],"wp:featuredmedia":[{"embeddable":true,"href":"https:\/\/www.correiobraziliense.com.br\/cbradar\/wp-json\/wp\/v2\/media\/149001"}],"wp:attachment":[{"href":"https:\/\/www.correiobraziliense.com.br\/cbradar\/wp-json\/wp\/v2\/media?parent=149000"}],"wp:term":[{"taxonomy":"category","embeddable":true,"href":"https:\/\/www.correiobraziliense.com.br\/cbradar\/wp-json\/wp\/v2\/categories?post=149000"},{"taxonomy":"post_tag","embeddable":true,"href":"https:\/\/www.correiobraziliense.com.br\/cbradar\/wp-json\/wp\/v2\/tags?post=149000"}],"curies":[{"name":"wp","href":"https:\/\/api.w.org\/{rel}","templated":true}]}}