{"id":149005,"date":"2025-12-03T21:35:00","date_gmt":"2025-12-04T00:35:00","guid":{"rendered":"https:\/\/www.correiobraziliense.com.br\/cbradar\/?p=149005"},"modified":"2025-12-02T19:31:19","modified_gmt":"2025-12-02T22:31:19","slug":"o-que-significa-o-nome-helena-e-por-que-ele-continua-entre-os-nomes-favoritos-em-2025","status":"publish","type":"post","link":"https:\/\/www.correiobraziliense.com.br\/cbradar\/o-que-significa-o-nome-helena-e-por-que-ele-continua-entre-os-nomes-favoritos-em-2025\/","title":{"rendered":"O que significa o nome Helena e por que ele continua entre os nomes favoritos em 2025"},"content":{"rendered":"\n<p>O nome <strong>Helena<\/strong> segue como um dos mais escolhidos no Brasil em 2025, aparecendo no<a href=\"https:\/\/www.correiobraziliense.com.br\/cbradar\/os-3-nomes-masculinos-para-meninos-inteligentes-que-carregam-poder-e-despertam-orgulho-em-qualquer-familia\/\" target=\"_blank\" rel=\"noreferrer noopener\"> topo das listas de registros <\/a>de meninas. Com sonoridade suave e significado simb\u00f3lico, o nome agrada pela tradi\u00e7\u00e3o e pela sensa\u00e7\u00e3o de leveza que transmite.<\/p>\n\n\n\n<h2 class=\"wp-block-heading\">Origem e significado do nome Helena<\/h2>\n\n\n\n<p>Helena tem origem no grego <em>Hel\u00e9ne<\/em>, relacionado \u00e0 palavra <em>h\u00e9l\u0113<\/em>, que significa <strong>\u201cluz\u201d, \u201ctocha\u201d ou \u201ca iluminada\u201d<\/strong>. Por isso, o nome \u00e9 frequentemente interpretado como \u201ca que brilha\u201d ou \u201caquela que traz luz\u201d.<\/p>\n\n\n\n<p>A figura hist\u00f3rica mais conhecida com esse nome \u00e9 Helena de Troia, personagem central da mitologia grega, lembrada por sua beleza e simbolismo cultural.<\/p>\n\n\n\n<figure class=\"wp-block-image size-large\"><img decoding=\"async\" width=\"1024\" height=\"576\" src=\"https:\/\/www.correiobraziliense.com.br\/cbradar\/wp-content\/uploads\/2025\/12\/baby_1764699521302-1024x576.jpg\" alt=\"O que significa o nome Helena e por que ele continua entre os nomes favoritos em 2025\" class=\"wp-image-148837\" srcset=\"https:\/\/www.correiobraziliense.com.br\/cbradar\/wp-content\/uploads\/2025\/12\/baby_1764699521302-1024x576.jpg 1024w, https:\/\/www.correiobraziliense.com.br\/cbradar\/wp-content\/uploads\/2025\/12\/baby_1764699521302-300x169.jpg 300w, https:\/\/www.correiobraziliense.com.br\/cbradar\/wp-content\/uploads\/2025\/12\/baby_1764699521302-768x432.jpg 768w, https:\/\/www.correiobraziliense.com.br\/cbradar\/wp-content\/uploads\/2025\/12\/baby_1764699521302-750x422.jpg 750w, https:\/\/www.correiobraziliense.com.br\/cbradar\/wp-content\/uploads\/2025\/12\/baby_1764699521302-1140x641.jpg 1140w, https:\/\/www.correiobraziliense.com.br\/cbradar\/wp-content\/uploads\/2025\/12\/baby_1764699521302.jpg 1280w\" sizes=\"(max-width: 1024px) 100vw, 1024px\" \/><figcaption class=\"wp-element-caption\">Helena tem origem no grego Hel\u00e9ne, relacionado \u00e0 palavra h\u00e9l\u0113, que significa \u201cluz\u201d, \u201ctocha\u201d ou \u201ca iluminada\u201d &#8211; Cr\u00e9ditos: depositphotos.com \/ AllaSerebrina<\/figcaption><\/figure>\n\n\n\n<h2 class=\"wp-block-heading\">Por que Helena se tornou t\u00e3o popular<\/h2>\n\n\n\n<p>Nos \u00faltimos anos, nomes de origem cl\u00e1ssica voltaram a ganhar espa\u00e7o no Brasil. Helena se destaca por unir tradi\u00e7\u00e3o, forte presen\u00e7a liter\u00e1ria e simbologia positiva ligada \u00e0 luz e ao renascimento.<\/p>\n\n\n\n<p>Al\u00e9m disso, \u00e9 um nome curto, f\u00e1cil de pronunciar em diferentes idiomas e associado a delicadeza e intelig\u00eancia, caracter\u00edsticas que atraem muitos pais.<\/p>\n\n\n\n<p>Abaixo, um v\u00eddeo por <strong>katiameloficial <\/strong>no TikTok:<\/p>\n\n\n\n<figure class=\"wp-block-embed is-type-video is-provider-tiktok wp-block-embed-tiktok\"><div class=\"wp-block-embed__wrapper\">\n<blockquote class=\"tiktok-embed\" cite=\"https:\/\/www.tiktok.com\/@katiameloficial\/video\/7547483738276433208\" data-video-id=\"7547483738276433208\" data-embed-from=\"oembed\" style=\"max-width:605px; min-width:325px;\"> <section> <a target=\"_blank\" title=\"@katiameloficial\" href=\"https:\/\/www.tiktok.com\/@katiameloficial?refer=embed\">@katiameloficial<\/a> <p><a title=\"helena\" target=\"_blank\" href=\"https:\/\/www.tiktok.com\/tag\/helena?refer=embed\">#helena<\/a> <a title=\"significado\" target=\"_blank\" href=\"https:\/\/www.tiktok.com\/tag\/significado?refer=embed\">#significado<\/a> <a title=\"nome\" target=\"_blank\" href=\"https:\/\/www.tiktok.com\/tag\/nome?refer=embed\">#nome<\/a> <\/p> <a target=\"_blank\" title=\"\u266c HOLY FOREVER (Instrumental) - Glorify &#038; CHILL\u00d8UT\" href=\"https:\/\/www.tiktok.com\/music\/HOLY-FOREVER-Instrumental-7402714000552986640?refer=embed\">\u266c HOLY FOREVER (Instrumental) &#8211; Glorify &#038; CHILL\u00d8UT<\/a> <\/section> <\/blockquote> <script async src=\"https:\/\/www.tiktok.com\/embed.js\"><\/script>\n<\/div><\/figure>\n\n\n\n<h2 class=\"wp-block-heading\">A simbologia de \u201cluz\u201d e o apelo emocional<\/h2>\n\n\n\n<p>A ideia de \u201ciluminar\u201d sempre esteve ligada a sabedoria, prote\u00e7\u00e3o e esperan\u00e7a. Em per\u00edodos de mudan\u00e7as e desafios, nomes com significado positivo t\u00eam sido cada vez mais buscados. Em 2025, essa tend\u00eancia aparece tanto em registros civis quanto em pesquisas de popularidade entre gestantes.<\/p>\n\n\n\n<figure class=\"wp-block-image size-large\"><img decoding=\"async\" width=\"1024\" height=\"576\" src=\"https:\/\/www.correiobraziliense.com.br\/cbradar\/wp-content\/uploads\/2025\/12\/baby_1764696459637-1024x576.jpg\" alt=\"O que significa o nome Helena e por que ele continua entre os nomes favoritos em 2025\" class=\"wp-image-148818\" srcset=\"https:\/\/www.correiobraziliense.com.br\/cbradar\/wp-content\/uploads\/2025\/12\/baby_1764696459637-1024x576.jpg 1024w, https:\/\/www.correiobraziliense.com.br\/cbradar\/wp-content\/uploads\/2025\/12\/baby_1764696459637-300x169.jpg 300w, https:\/\/www.correiobraziliense.com.br\/cbradar\/wp-content\/uploads\/2025\/12\/baby_1764696459637-768x432.jpg 768w, https:\/\/www.correiobraziliense.com.br\/cbradar\/wp-content\/uploads\/2025\/12\/baby_1764696459637-750x422.jpg 750w, https:\/\/www.correiobraziliense.com.br\/cbradar\/wp-content\/uploads\/2025\/12\/baby_1764696459637-1140x641.jpg 1140w, https:\/\/www.correiobraziliense.com.br\/cbradar\/wp-content\/uploads\/2025\/12\/baby_1764696459637.jpg 1280w\" sizes=\"(max-width: 1024px) 100vw, 1024px\" \/><figcaption class=\"wp-element-caption\">m per\u00edodos de mudan\u00e7as e desafios, nomes com significado positivo t\u00eam sido cada vez mais buscados &#8211; Cr\u00e9ditos: depositphotos.com \/ LenaMiloslavskaya<\/figcaption><\/figure>\n\n\n\n<h2 class=\"wp-block-heading\">Helena no Brasil em 2025<\/h2>\n\n\n\n<p>De acordo com dados de cart\u00f3rios e levantamentos recentes, Helena est\u00e1 entre os cinco nomes femininos mais registrados no pa\u00eds. A combina\u00e7\u00e3o entre tradi\u00e7\u00e3o, significado forte e sonoridade harmoniosa explica sua presen\u00e7a constante entre os favoritos.<\/p>\n\n\n\n<p>Por ser vers\u00e1til, o nome tamb\u00e9m aparece com frequ\u00eancia em registros compostos, como Helena Maria, Ana Helena e Helena Sofia.<\/p>\n","protected":false},"excerpt":{"rendered":"<p>O nome Helena segue como um dos mais escolhidos no Brasil em 2025, aparecendo no topo das listas de registros de meninas. Com sonoridade suave e significado simb\u00f3lico, o nome agrada pela tradi\u00e7\u00e3o e pela sensa\u00e7\u00e3o de leveza que transmite. Origem e significado do nome Helena Helena tem origem no grego Hel\u00e9ne, relacionado \u00e0 palavra [&hellip;]<\/p>\n","protected":false},"author":18,"featured_media":149006,"comment_status":"open","ping_status":"open","sticky":false,"template":"","format":"standard","meta":{"_yoast_wpseo_focuskw":"o que significa o nome Helena","_yoast_wpseo_title":"","_yoast_wpseo_metadesc":"O nome Helena segue entre os favoritos em 2025 por seu significado de luz e beleza cl\u00e1ssica. Veja por que ele \u00e9 t\u00e3o escolhido.","jnews-multi-image_gallery":[],"jnews_single_post":{"format":"standard"},"jnews_primary_category":[],"jnews_social_meta":[],"jnews_override_counter":[],"footnotes":""},"categories":[112],"tags":[12226,5202,12227,5812],"class_list":["post-149005","post","type-post","status-publish","format-standard","has-post-thumbnail","hentry","category-curiosidades","tag-helena","tag-nomes","tag-popular","tag-significado"],"yoast_head":"<!-- This site is optimized with the Yoast SEO plugin v24.6 - https:\/\/yoast.com\/wordpress\/plugins\/seo\/ -->\n<title>O que significa o nome Helena e por que ele continua entre os nomes favoritos em 2025 - Correio Braziliense - Radar<\/title>\n<meta name=\"description\" content=\"O nome Helena segue entre os favoritos em 2025 por seu significado de luz e beleza cl\u00e1ssica. Veja por que ele \u00e9 t\u00e3o escolhido.\" \/>\n<meta name=\"robots\" content=\"index, follow, max-snippet:-1, max-image-preview:large, max-video-preview:-1\" \/>\n<link rel=\"canonical\" href=\"https:\/\/www.correiobraziliense.com.br\/cbradar\/o-que-significa-o-nome-helena-e-por-que-ele-continua-entre-os-nomes-favoritos-em-2025\/\" \/>\n<meta property=\"og:locale\" content=\"pt_BR\" \/>\n<meta property=\"og:type\" content=\"article\" \/>\n<meta property=\"og:title\" content=\"O que significa o nome Helena e por que ele continua entre os nomes favoritos em 2025 - Correio Braziliense - Radar\" \/>\n<meta property=\"og:description\" content=\"O nome Helena segue entre os favoritos em 2025 por seu significado de luz e beleza cl\u00e1ssica. Veja por que ele \u00e9 t\u00e3o escolhido.\" \/>\n<meta property=\"og:url\" content=\"https:\/\/www.correiobraziliense.com.br\/cbradar\/o-que-significa-o-nome-helena-e-por-que-ele-continua-entre-os-nomes-favoritos-em-2025\/\" \/>\n<meta property=\"og:site_name\" content=\"Correio Braziliense - Radar\" \/>\n<meta property=\"article:published_time\" content=\"2025-12-04T00:35:00+00:00\" \/>\n<meta property=\"og:image\" content=\"https:\/\/www.correiobraziliense.com.br\/cbradar\/wp-content\/uploads\/2025\/12\/baby-girl_1764714492864.jpg\" \/>\n\t<meta property=\"og:image:width\" content=\"1280\" \/>\n\t<meta property=\"og:image:height\" content=\"720\" \/>\n\t<meta property=\"og:image:type\" content=\"image\/jpeg\" \/>\n<meta name=\"author\" content=\"Maria Eduarda Pacheco\" \/>\n<meta name=\"twitter:card\" content=\"summary_large_image\" \/>\n<meta name=\"twitter:label1\" content=\"Escrito por\" \/>\n\t<meta name=\"twitter:data1\" content=\"Maria Eduarda Pacheco\" \/>\n\t<meta name=\"twitter:label2\" content=\"Est. tempo de leitura\" \/>\n\t<meta name=\"twitter:data2\" content=\"3 minutos\" \/>\n<!-- \/ Yoast SEO plugin. -->","yoast_head_json":{"title":"O que significa o nome Helena e por que ele continua entre os nomes favoritos em 2025 - Correio Braziliense - Radar","description":"O nome Helena segue entre os favoritos em 2025 por seu significado de luz e beleza cl\u00e1ssica. Veja por que ele \u00e9 t\u00e3o escolhido.","robots":{"index":"index","follow":"follow","max-snippet":"max-snippet:-1","max-image-preview":"max-image-preview:large","max-video-preview":"max-video-preview:-1"},"canonical":"https:\/\/www.correiobraziliense.com.br\/cbradar\/o-que-significa-o-nome-helena-e-por-que-ele-continua-entre-os-nomes-favoritos-em-2025\/","og_locale":"pt_BR","og_type":"article","og_title":"O que significa o nome Helena e por que ele continua entre os nomes favoritos em 2025 - Correio Braziliense - Radar","og_description":"O nome Helena segue entre os favoritos em 2025 por seu significado de luz e beleza cl\u00e1ssica. Veja por que ele \u00e9 t\u00e3o escolhido.","og_url":"https:\/\/www.correiobraziliense.com.br\/cbradar\/o-que-significa-o-nome-helena-e-por-que-ele-continua-entre-os-nomes-favoritos-em-2025\/","og_site_name":"Correio Braziliense - Radar","article_published_time":"2025-12-04T00:35:00+00:00","og_image":[{"width":1280,"height":720,"url":"https:\/\/www.correiobraziliense.com.br\/cbradar\/wp-content\/uploads\/2025\/12\/baby-girl_1764714492864.jpg","type":"image\/jpeg"}],"author":"Maria Eduarda Pacheco","twitter_card":"summary_large_image","twitter_misc":{"Escrito por":"Maria Eduarda Pacheco","Est. tempo de leitura":"3 minutos"},"schema":{"@context":"https:\/\/schema.org","@graph":[{"@type":"WebPage","@id":"https:\/\/www.correiobraziliense.com.br\/cbradar\/o-que-significa-o-nome-helena-e-por-que-ele-continua-entre-os-nomes-favoritos-em-2025\/","url":"https:\/\/www.correiobraziliense.com.br\/cbradar\/o-que-significa-o-nome-helena-e-por-que-ele-continua-entre-os-nomes-favoritos-em-2025\/","name":"O que significa o nome Helena e por que ele continua entre os nomes favoritos em 2025 - Correio Braziliense - Radar","isPartOf":{"@id":"https:\/\/www.correiobraziliense.com.br\/cbradar\/#website"},"primaryImageOfPage":{"@id":"https:\/\/www.correiobraziliense.com.br\/cbradar\/o-que-significa-o-nome-helena-e-por-que-ele-continua-entre-os-nomes-favoritos-em-2025\/#primaryimage"},"image":{"@id":"https:\/\/www.correiobraziliense.com.br\/cbradar\/o-que-significa-o-nome-helena-e-por-que-ele-continua-entre-os-nomes-favoritos-em-2025\/#primaryimage"},"thumbnailUrl":"https:\/\/www.correiobraziliense.com.br\/cbradar\/wp-content\/uploads\/2025\/12\/baby-girl_1764714492864.jpg","datePublished":"2025-12-04T00:35:00+00:00","author":{"@id":"https:\/\/www.correiobraziliense.com.br\/cbradar\/#\/schema\/person\/6fdd694c4c0d658f15df15f390ddf066"},"description":"O nome Helena segue entre os favoritos em 2025 por seu significado de luz e beleza cl\u00e1ssica. Veja por que ele \u00e9 t\u00e3o escolhido.","breadcrumb":{"@id":"https:\/\/www.correiobraziliense.com.br\/cbradar\/o-que-significa-o-nome-helena-e-por-que-ele-continua-entre-os-nomes-favoritos-em-2025\/#breadcrumb"},"inLanguage":"pt-BR","potentialAction":[{"@type":"ReadAction","target":["https:\/\/www.correiobraziliense.com.br\/cbradar\/o-que-significa-o-nome-helena-e-por-que-ele-continua-entre-os-nomes-favoritos-em-2025\/"]}]},{"@type":"ImageObject","inLanguage":"pt-BR","@id":"https:\/\/www.correiobraziliense.com.br\/cbradar\/o-que-significa-o-nome-helena-e-por-que-ele-continua-entre-os-nomes-favoritos-em-2025\/#primaryimage","url":"https:\/\/www.correiobraziliense.com.br\/cbradar\/wp-content\/uploads\/2025\/12\/baby-girl_1764714492864.jpg","contentUrl":"https:\/\/www.correiobraziliense.com.br\/cbradar\/wp-content\/uploads\/2025\/12\/baby-girl_1764714492864.jpg","width":1280,"height":720,"caption":"Maite agrada pela pron\u00fancia simples, pela escrita moderna e pela versatilidade, funciona bem em diferentes faixas et\u00e1rias e combina com v\u00e1rios sobrenomes - Cr\u00e9ditos: depositphotos.com \/ IgorVetushko"},{"@type":"BreadcrumbList","@id":"https:\/\/www.correiobraziliense.com.br\/cbradar\/o-que-significa-o-nome-helena-e-por-que-ele-continua-entre-os-nomes-favoritos-em-2025\/#breadcrumb","itemListElement":[{"@type":"ListItem","position":1,"name":"In\u00edcio","item":"https:\/\/www.correiobraziliense.com.br\/cbradar\/"},{"@type":"ListItem","position":2,"name":"O que significa o nome Helena e por que ele continua entre os nomes favoritos em 2025"}]},{"@type":"WebSite","@id":"https:\/\/www.correiobraziliense.com.br\/cbradar\/#website","url":"https:\/\/www.correiobraziliense.com.br\/cbradar\/","name":"Correio Braziliense - Radar","description":"Acompanhe as \u00faltimas not\u00edcias e fique bem informado sobre tudo o que acontece no Brasil e no mundo.","potentialAction":[{"@type":"SearchAction","target":{"@type":"EntryPoint","urlTemplate":"https:\/\/www.correiobraziliense.com.br\/cbradar\/?s={search_term_string}"},"query-input":{"@type":"PropertyValueSpecification","valueRequired":true,"valueName":"search_term_string"}}],"inLanguage":"pt-BR"},{"@type":"Person","@id":"https:\/\/www.correiobraziliense.com.br\/cbradar\/#\/schema\/person\/6fdd694c4c0d658f15df15f390ddf066","name":"Maria Eduarda Pacheco","image":{"@type":"ImageObject","inLanguage":"pt-BR","@id":"https:\/\/www.correiobraziliense.com.br\/cbradar\/#\/schema\/person\/image\/","url":"https:\/\/secure.gravatar.com\/avatar\/f72a487b26fdeec08ba4868875ea328e?s=96&d=mm&r=g","contentUrl":"https:\/\/secure.gravatar.com\/avatar\/f72a487b26fdeec08ba4868875ea328e?s=96&d=mm&r=g","caption":"Maria Eduarda Pacheco"},"sameAs":["https:\/\/www.correiobraziliense.com.br\/cbradar\/"],"url":"https:\/\/www.correiobraziliense.com.br\/cbradar\/author\/maria-eduarda\/"}]}},"_links":{"self":[{"href":"https:\/\/www.correiobraziliense.com.br\/cbradar\/wp-json\/wp\/v2\/posts\/149005","targetHints":{"allow":["GET"]}}],"collection":[{"href":"https:\/\/www.correiobraziliense.com.br\/cbradar\/wp-json\/wp\/v2\/posts"}],"about":[{"href":"https:\/\/www.correiobraziliense.com.br\/cbradar\/wp-json\/wp\/v2\/types\/post"}],"author":[{"embeddable":true,"href":"https:\/\/www.correiobraziliense.com.br\/cbradar\/wp-json\/wp\/v2\/users\/18"}],"replies":[{"embeddable":true,"href":"https:\/\/www.correiobraziliense.com.br\/cbradar\/wp-json\/wp\/v2\/comments?post=149005"}],"version-history":[{"count":1,"href":"https:\/\/www.correiobraziliense.com.br\/cbradar\/wp-json\/wp\/v2\/posts\/149005\/revisions"}],"predecessor-version":[{"id":149007,"href":"https:\/\/www.correiobraziliense.com.br\/cbradar\/wp-json\/wp\/v2\/posts\/149005\/revisions\/149007"}],"wp:featuredmedia":[{"embeddable":true,"href":"https:\/\/www.correiobraziliense.com.br\/cbradar\/wp-json\/wp\/v2\/media\/149006"}],"wp:attachment":[{"href":"https:\/\/www.correiobraziliense.com.br\/cbradar\/wp-json\/wp\/v2\/media?parent=149005"}],"wp:term":[{"taxonomy":"category","embeddable":true,"href":"https:\/\/www.correiobraziliense.com.br\/cbradar\/wp-json\/wp\/v2\/categories?post=149005"},{"taxonomy":"post_tag","embeddable":true,"href":"https:\/\/www.correiobraziliense.com.br\/cbradar\/wp-json\/wp\/v2\/tags?post=149005"}],"curies":[{"name":"wp","href":"https:\/\/api.w.org\/{rel}","templated":true}]}}