{"id":149029,"date":"2025-12-05T09:45:00","date_gmt":"2025-12-05T12:45:00","guid":{"rendered":"https:\/\/www.correiobraziliense.com.br\/cbradar\/?p=149029"},"modified":"2025-12-03T16:43:50","modified_gmt":"2025-12-03T19:43:50","slug":"esta-e-a-forma-de-tratar-uma-pessoa-negativa-segundo-a-psicologia","status":"publish","type":"post","link":"https:\/\/www.correiobraziliense.com.br\/cbradar\/esta-e-a-forma-de-tratar-uma-pessoa-negativa-segundo-a-psicologia\/","title":{"rendered":"Esta \u00e9 a forma de tratar uma pessoa negativa, segundo a psicologia"},"content":{"rendered":"\n<p>Nas intera\u00e7\u00f5es do dia a dia, lidar com <strong>pessoas dif\u00edceis<\/strong> costuma ser um desafio constante. Coment\u00e1rios cr\u00edticos, atitudes negativas e comportamentos invasivos podem gerar desgaste emocional e interferir na rotina. A psicologia, por\u00e9m, oferece caminhos para transformar essas situa\u00e7\u00f5es em um processo de <strong>autoconhecimento<\/strong>, fortalecendo o respeito pr\u00f3prio, os <strong>limites emocionais<\/strong> e a capacidade de estabelecer rela\u00e7\u00f5es mais equilibradas, sem perder a empatia.<\/p>\n\n\n\n<h2 class=\"wp-block-heading\">Por que os limites emocionais s\u00e3o importantes para lidar com pessoas dif\u00edceis<\/h2>\n\n\n\n<p>A express\u00e3o <strong>lidar com pessoas dif\u00edceis<\/strong> costuma aparecer quando algu\u00e9m sente que sua paci\u00eancia, energia ou bem-estar est\u00e3o sendo constantemente postos \u00e0 prova. Em geral, isso est\u00e1 ligado \u00e0 aus\u00eancia de <strong>limites emocionais claros<\/strong>, que funcionam como uma \u201cfronteira psicol\u00f3gica\u201d para definir o que \u00e9 aceit\u00e1vel em termos de comportamento, conversa e grau de intimidade, como mostra a pesquisa do site <a href=\"https:\/\/www.psychologytoday.com\/us\/blog\/the-wisdom-of-anger\/202412\/what-to-do-when-people-repeatedly-violate-your-boundaries\" target=\"_blank\" rel=\"noreferrer noopener\">Psicology Today<\/a>.<\/p>\n\n\n\n<p>Estabelecer limites n\u00e3o significa criar muros intranspon\u00edveis, mas organizar o conv\u00edvio para que ningu\u00e9m se sinta atropelado. Quem tem dificuldade em dizer <strong>\u201cn\u00e3o\u201d<\/strong> ou em expressar inc\u00f4modo tende a se sentir sobrecarregado ao conviver com pessoas cr\u00edticas, controladoras ou pessimistas, abrindo espa\u00e7o para abusos sutis e impactos na <strong>autoestima<\/strong> e no equil\u00edbrio emocional.<\/p>\n\n\n\n<figure class=\"wp-block-image size-large\"><img decoding=\"async\" width=\"1024\" height=\"585\" src=\"https:\/\/www.correiobraziliense.com.br\/cbradar\/wp-content\/uploads\/2025\/12\/Pessoa-Negativa-Virando-Olhos-1024x585.png\" alt=\"Esta \u00e9 a forma de tratar uma pessoa negativa, segundo a psicologia\" class=\"wp-image-149031\" srcset=\"https:\/\/www.correiobraziliense.com.br\/cbradar\/wp-content\/uploads\/2025\/12\/Pessoa-Negativa-Virando-Olhos-1024x585.png 1024w, https:\/\/www.correiobraziliense.com.br\/cbradar\/wp-content\/uploads\/2025\/12\/Pessoa-Negativa-Virando-Olhos-300x171.png 300w, https:\/\/www.correiobraziliense.com.br\/cbradar\/wp-content\/uploads\/2025\/12\/Pessoa-Negativa-Virando-Olhos-768x439.png 768w, https:\/\/www.correiobraziliense.com.br\/cbradar\/wp-content\/uploads\/2025\/12\/Pessoa-Negativa-Virando-Olhos-750x429.png 750w, https:\/\/www.correiobraziliense.com.br\/cbradar\/wp-content\/uploads\/2025\/12\/Pessoa-Negativa-Virando-Olhos-1140x651.png 1140w, https:\/\/www.correiobraziliense.com.br\/cbradar\/wp-content\/uploads\/2025\/12\/Pessoa-Negativa-Virando-Olhos.png 1344w\" sizes=\"(max-width: 1024px) 100vw, 1024px\" \/><figcaption class=\"wp-element-caption\">Estrat\u00e9gias psicol\u00f3gicas incluem escuta ativa, intelig\u00eancia emocional e foco em solu\u00e7\u00f5es para neutralizar cr\u00edticas e atitudes negativas invasivas. <\/figcaption><\/figure>\n\n\n\n<h2 class=\"wp-block-heading\">Como aplicar estrat\u00e9gias pr\u00e1ticas para lidar com pessoas dif\u00edceis no dia a dia<\/h2>\n\n\n\n<p>Para lidar com pessoas dif\u00edceis de forma mais saud\u00e1vel, a <strong>comunica\u00e7\u00e3o assertiva<\/strong> \u00e9 um dos principais recursos. Em vez de reagir com agressividade ou se calar, a pessoa busca expor o que sente e o que precisa de maneira direta, por\u00e9m respeitosa, reduzindo conflitos recorrentes e mal-entendidos.<\/p>\n\n\n\n<p>Algumas estrat\u00e9gias recomendadas por profissionais de sa\u00fade mental ajudam a transformar o conv\u00edvio em algo mais previs\u00edvel e protegido, especialmente em ambientes de alta conviv\u00eancia, como fam\u00edlia e trabalho. Entre as orienta\u00e7\u00f5es mais citadas est\u00e3o:<\/p>\n\n\n\n<ul class=\"wp-block-list\">\n<li><strong>Identificar padr\u00f5es:<\/strong> observar quais situa\u00e7\u00f5es se repetem e em quais momentos o desconforto aparece com mais intensidade.<\/li>\n\n\n\n<li><strong>Nomear o comportamento:<\/strong> descrever o que incomoda, focando na atitude e n\u00e3o na \u201cpersonalidade\u201d da outra pessoa.<\/li>\n\n\n\n<li><strong>Definir limites concretos:<\/strong> explicar com clareza o que n\u00e3o ser\u00e1 mais aceito em conversas ou atitudes.<\/li>\n\n\n\n<li><strong>Refor\u00e7ar consequ\u00eancias:<\/strong> indicar, de forma calma, quais mudan\u00e7as ocorrer\u00e3o se o limite continuar sendo ignorado, como reduzir contatos ou mudar a forma de intera\u00e7\u00e3o.<\/li>\n<\/ul>\n\n\n\n<p>Em contextos profissionais, por exemplo, lidar com pessoas dif\u00edceis pode envolver responder a cr\u00edticas em p\u00fablico, conviver com colegas que espalham boatos ou enfrentar superiores que exigem disponibilidade constante. Nesses casos, estabelecer <strong>regras de conviv\u00eancia<\/strong>, como hor\u00e1rios, canais de comunica\u00e7\u00e3o e formas de cobran\u00e7a, pode evitar desgastes maiores.<\/p>\n\n\n\n<p>Para aprofundar o tema, trouxemos o v\u00eddeo abaixo do canal Papo com Anahy D&#8217;Amico, onde a psic\u00f3loga Anahy D&#8217;Amico explica como lidar com esse tipo de pessoa, em um v\u00eddeo que j\u00e1 ultrapassa as 160 mil visualiza\u00e7\u00f5es:<\/p>\n\n\n\n<iframe loading=\"lazy\" width=\"560\" height=\"315\" src=\"https:\/\/www.youtube.com\/embed\/AyuuY0puOYw?si=CgLWRwlJShuiCWp5\" title=\"YouTube video player\" frameborder=\"0\" allow=\"accelerometer; autoplay; clipboard-write; encrypted-media; gyroscope; picture-in-picture; web-share\" referrerpolicy=\"strict-origin-when-cross-origin\" allowfullscreen><\/iframe>\n\n\n\n<h2 class=\"wp-block-heading\">At\u00e9 que ponto vale insistir no conv\u00edvio com pessoas dif\u00edceis<\/h2>\n\n\n\n<p>A decis\u00e3o sobre <strong>insistir ou se afastar<\/strong> de pessoas dif\u00edceis varia conforme o tipo de v\u00ednculo, a frequ\u00eancia de contato e o impacto emocional envolvido. Em rela\u00e7\u00f5es de conviv\u00eancia obrigat\u00f3ria, como trabalho ou fam\u00edlia pr\u00f3xima, muitas vezes \u00e9 necess\u00e1rio negociar, ajustar expectativas e, quando preciso, reduzir a proximidade sem romper totalmente o v\u00ednculo.<\/p>\n\n\n\n<p>Especialistas em sa\u00fade mental destacam alguns sinais de alerta de que a rela\u00e7\u00e3o talvez esteja ultrapassando limites saud\u00e1veis. Quando, mesmo ap\u00f3s tentativas de di\u00e1logo e ajustes, a outra pessoa ignora limites e desrespeita regras b\u00e1sicas de conviv\u00eancia, torna-se importante avaliar formas de <strong>distanciamento gradual<\/strong> para proteger o pr\u00f3prio bem-estar emocional.<\/p>\n\n\n\n<ol class=\"wp-block-list\">\n<li>Sensa\u00e7\u00e3o constante de tens\u00e3o antes dos encontros ou conversas.<\/li>\n\n\n\n<li>Dificuldade para dormir ou desligar dos conflitos ap\u00f3s intera\u00e7\u00f5es.<\/li>\n\n\n\n<li>Queda de desempenho no trabalho ou em outras \u00e1reas importantes da vida.<\/li>\n\n\n\n<li>Isolamento social por receio de novas discuss\u00f5es ou cr\u00edticas.<\/li>\n<\/ol>\n\n\n\n<p>Esse distanciamento pode significar ver menos essa pessoa, limitar temas de conversa ou restringir o contato a situa\u00e7\u00f5es estritamente necess\u00e1rias. Em casos mais graves, em que h\u00e1 <strong>abuso emocional<\/strong>, humilha\u00e7\u00f5es constantes ou viol\u00eancia, buscar apoio profissional e rede de suporte \u00e9 essencial.<\/p>\n\n\n\n<h2 class=\"wp-block-heading\">Como praticar o autocuidado emocional ao lidar com pessoas dif\u00edceis<\/h2>\n\n\n\n<p>Lidar com pessoas dif\u00edceis de forma constante pode gerar um ac\u00famulo de <strong>estresse emocional<\/strong> e desgaste f\u00edsico. Por isso, o <strong>autocuidado<\/strong> torna-se fundamental para recuperar energia, preservar a sa\u00fade mental e manter clareza na hora de decidir at\u00e9 onde ir em cada rela\u00e7\u00e3o.<\/p>\n\n\n\n<p>Algumas pr\u00e1ticas simples ajudam a fortalecer esse cuidado interno e funcionam como uma prote\u00e7\u00e3o adicional diante de conv\u00edvios desafiadores. Entre as recomenda\u00e7\u00f5es mais citadas na literatura psicol\u00f3gica est\u00e3o:<\/p>\n\n\n\n<ul class=\"wp-block-list\">\n<li><strong>Rotina de descanso:<\/strong> priorizar sono adequado e pausas ao longo do dia.<\/li>\n\n\n\n<li><strong>Atividade f\u00edsica:<\/strong> incluir caminhadas, alongamentos ou exerc\u00edcios que ajudem a descarregar tens\u00e3o.<\/li>\n\n\n\n<li><strong>Rede de apoio:<\/strong> manter contato com pessoas com quem seja poss\u00edvel conversar de forma aberta e respeitosa.<\/li>\n\n\n\n<li><strong>Acompanhamento profissional:<\/strong> buscar psicoterapia quando os conflitos come\u00e7arem a afetar de forma intensa a sa\u00fade mental.<\/li>\n<\/ul>\n\n\n\n<p>Ao desenvolver <strong>limites emocionais firmes<\/strong> e pr\u00e1ticas consistentes de autocuidado, o indiv\u00edduo tende a se posicionar com mais seguran\u00e7a diante de condutas desrespeitosas. Assim, lidar com pessoas dif\u00edceis deixa de ser apenas um fardo inevit\u00e1vel e passa a ser um processo de aprendizado cont\u00ednuo sobre <strong>respeito pr\u00f3prio<\/strong>, prote\u00e7\u00e3o emocional e responsabilidade nas rela\u00e7\u00f5es humanas.<\/p>\n","protected":false},"excerpt":{"rendered":"<p>Lide com pessoas dif\u00edceis com intelig\u00eancia emocional: aprenda a impor limites saud\u00e1veis, proteger sua autoestima e construir rela\u00e7\u00f5es respeitosas.<\/p>\n","protected":false},"author":3,"featured_media":149547,"comment_status":"open","ping_status":"open","sticky":false,"template":"","format":"standard","meta":{"_yoast_wpseo_focuskw":"como tratar uma pessoa negativa","_yoast_wpseo_title":"%%title%%","_yoast_wpseo_metadesc":"Lide com pessoas dif\u00edceis com intelig\u00eancia emocional: aprenda a impor limites saud\u00e1veis, proteger sua autoestima e construir rela\u00e7\u00f5es respeitosas.","jnews-multi-image_gallery":[],"jnews_single_post":{"format":"standard"},"jnews_primary_category":[],"jnews_social_meta":[],"jnews_override_counter":[],"footnotes":""},"categories":[112],"tags":[144,12229,404,5000,5052],"class_list":["post-149029","post","type-post","status-publish","format-standard","has-post-thumbnail","hentry","category-curiosidades","tag-curiosidades","tag-pessoas-dificeis","tag-psicologia","tag-relacionamentos","tag-relacoes"],"yoast_head":"<!-- This site is optimized with the Yoast SEO plugin v24.6 - https:\/\/yoast.com\/wordpress\/plugins\/seo\/ -->\n<title>Esta \u00e9 a forma de tratar uma pessoa negativa, segundo a psicologia<\/title>\n<meta name=\"description\" content=\"Lide com pessoas dif\u00edceis com intelig\u00eancia emocional: aprenda a impor limites saud\u00e1veis, proteger sua autoestima e construir rela\u00e7\u00f5es respeitosas.\" \/>\n<meta name=\"robots\" content=\"index, follow, max-snippet:-1, max-image-preview:large, max-video-preview:-1\" \/>\n<link rel=\"canonical\" href=\"https:\/\/www.correiobraziliense.com.br\/cbradar\/esta-e-a-forma-de-tratar-uma-pessoa-negativa-segundo-a-psicologia\/\" \/>\n<meta property=\"og:locale\" content=\"pt_BR\" \/>\n<meta property=\"og:type\" content=\"article\" \/>\n<meta property=\"og:title\" content=\"Esta \u00e9 a forma de tratar uma pessoa negativa, segundo a psicologia\" \/>\n<meta property=\"og:description\" content=\"Lide com pessoas dif\u00edceis com intelig\u00eancia emocional: aprenda a impor limites saud\u00e1veis, proteger sua autoestima e construir rela\u00e7\u00f5es respeitosas.\" \/>\n<meta property=\"og:url\" content=\"https:\/\/www.correiobraziliense.com.br\/cbradar\/esta-e-a-forma-de-tratar-uma-pessoa-negativa-segundo-a-psicologia\/\" \/>\n<meta property=\"og:site_name\" content=\"Correio Braziliense - Radar\" \/>\n<meta property=\"article:published_time\" content=\"2025-12-05T12:45:00+00:00\" \/>\n<meta property=\"og:image\" content=\"https:\/\/www.correiobraziliense.com.br\/cbradar\/wp-content\/uploads\/2025\/12\/freepik__faa-uma-imagem-realista-de-uma-pessoa-revirando-os__53322.png\" \/>\n\t<meta property=\"og:image:width\" content=\"1280\" \/>\n\t<meta property=\"og:image:height\" content=\"720\" \/>\n\t<meta property=\"og:image:type\" content=\"image\/png\" \/>\n<meta name=\"author\" content=\"Larissa Carvalho\" \/>\n<meta name=\"twitter:card\" content=\"summary_large_image\" \/>\n<meta name=\"twitter:label1\" content=\"Escrito por\" \/>\n\t<meta name=\"twitter:data1\" content=\"Larissa Carvalho\" \/>\n\t<meta name=\"twitter:label2\" content=\"Est. tempo de leitura\" \/>\n\t<meta name=\"twitter:data2\" content=\"6 minutos\" \/>\n<!-- \/ Yoast SEO plugin. -->","yoast_head_json":{"title":"Esta \u00e9 a forma de tratar uma pessoa negativa, segundo a psicologia","description":"Lide com pessoas dif\u00edceis com intelig\u00eancia emocional: aprenda a impor limites saud\u00e1veis, proteger sua autoestima e construir rela\u00e7\u00f5es respeitosas.","robots":{"index":"index","follow":"follow","max-snippet":"max-snippet:-1","max-image-preview":"max-image-preview:large","max-video-preview":"max-video-preview:-1"},"canonical":"https:\/\/www.correiobraziliense.com.br\/cbradar\/esta-e-a-forma-de-tratar-uma-pessoa-negativa-segundo-a-psicologia\/","og_locale":"pt_BR","og_type":"article","og_title":"Esta \u00e9 a forma de tratar uma pessoa negativa, segundo a psicologia","og_description":"Lide com pessoas dif\u00edceis com intelig\u00eancia emocional: aprenda a impor limites saud\u00e1veis, proteger sua autoestima e construir rela\u00e7\u00f5es respeitosas.","og_url":"https:\/\/www.correiobraziliense.com.br\/cbradar\/esta-e-a-forma-de-tratar-uma-pessoa-negativa-segundo-a-psicologia\/","og_site_name":"Correio Braziliense - Radar","article_published_time":"2025-12-05T12:45:00+00:00","og_image":[{"width":1280,"height":720,"url":"https:\/\/www.correiobraziliense.com.br\/cbradar\/wp-content\/uploads\/2025\/12\/freepik__faa-uma-imagem-realista-de-uma-pessoa-revirando-os__53322.png","type":"image\/png"}],"author":"Larissa Carvalho","twitter_card":"summary_large_image","twitter_misc":{"Escrito por":"Larissa Carvalho","Est. tempo de leitura":"6 minutos"},"schema":{"@context":"https:\/\/schema.org","@graph":[{"@type":"WebPage","@id":"https:\/\/www.correiobraziliense.com.br\/cbradar\/esta-e-a-forma-de-tratar-uma-pessoa-negativa-segundo-a-psicologia\/","url":"https:\/\/www.correiobraziliense.com.br\/cbradar\/esta-e-a-forma-de-tratar-uma-pessoa-negativa-segundo-a-psicologia\/","name":"Esta \u00e9 a forma de tratar uma pessoa negativa, segundo a psicologia","isPartOf":{"@id":"https:\/\/www.correiobraziliense.com.br\/cbradar\/#website"},"primaryImageOfPage":{"@id":"https:\/\/www.correiobraziliense.com.br\/cbradar\/esta-e-a-forma-de-tratar-uma-pessoa-negativa-segundo-a-psicologia\/#primaryimage"},"image":{"@id":"https:\/\/www.correiobraziliense.com.br\/cbradar\/esta-e-a-forma-de-tratar-uma-pessoa-negativa-segundo-a-psicologia\/#primaryimage"},"thumbnailUrl":"https:\/\/www.correiobraziliense.com.br\/cbradar\/wp-content\/uploads\/2025\/12\/freepik__faa-uma-imagem-realista-de-uma-pessoa-revirando-os__53322.png","datePublished":"2025-12-05T12:45:00+00:00","author":{"@id":"https:\/\/www.correiobraziliense.com.br\/cbradar\/#\/schema\/person\/58422787644df994b53a19d3e56c1513"},"description":"Lide com pessoas dif\u00edceis com intelig\u00eancia emocional: aprenda a impor limites saud\u00e1veis, proteger sua autoestima e construir rela\u00e7\u00f5es respeitosas.","breadcrumb":{"@id":"https:\/\/www.correiobraziliense.com.br\/cbradar\/esta-e-a-forma-de-tratar-uma-pessoa-negativa-segundo-a-psicologia\/#breadcrumb"},"inLanguage":"pt-BR","potentialAction":[{"@type":"ReadAction","target":["https:\/\/www.correiobraziliense.com.br\/cbradar\/esta-e-a-forma-de-tratar-uma-pessoa-negativa-segundo-a-psicologia\/"]}]},{"@type":"ImageObject","inLanguage":"pt-BR","@id":"https:\/\/www.correiobraziliense.com.br\/cbradar\/esta-e-a-forma-de-tratar-uma-pessoa-negativa-segundo-a-psicologia\/#primaryimage","url":"https:\/\/www.correiobraziliense.com.br\/cbradar\/wp-content\/uploads\/2025\/12\/freepik__faa-uma-imagem-realista-de-uma-pessoa-revirando-os__53322.png","contentUrl":"https:\/\/www.correiobraziliense.com.br\/cbradar\/wp-content\/uploads\/2025\/12\/freepik__faa-uma-imagem-realista-de-uma-pessoa-revirando-os__53322.png","width":1280,"height":720,"caption":"Conviv\u00eancia com pessoas dif\u00edceis pode gerar desgaste emocional frequente"},{"@type":"BreadcrumbList","@id":"https:\/\/www.correiobraziliense.com.br\/cbradar\/esta-e-a-forma-de-tratar-uma-pessoa-negativa-segundo-a-psicologia\/#breadcrumb","itemListElement":[{"@type":"ListItem","position":1,"name":"In\u00edcio","item":"https:\/\/www.correiobraziliense.com.br\/cbradar\/"},{"@type":"ListItem","position":2,"name":"Esta \u00e9 a forma de tratar uma pessoa negativa, segundo a psicologia"}]},{"@type":"WebSite","@id":"https:\/\/www.correiobraziliense.com.br\/cbradar\/#website","url":"https:\/\/www.correiobraziliense.com.br\/cbradar\/","name":"Correio Braziliense - Radar","description":"Acompanhe as \u00faltimas not\u00edcias e fique bem informado sobre tudo o que acontece no Brasil e no mundo.","potentialAction":[{"@type":"SearchAction","target":{"@type":"EntryPoint","urlTemplate":"https:\/\/www.correiobraziliense.com.br\/cbradar\/?s={search_term_string}"},"query-input":{"@type":"PropertyValueSpecification","valueRequired":true,"valueName":"search_term_string"}}],"inLanguage":"pt-BR"},{"@type":"Person","@id":"https:\/\/www.correiobraziliense.com.br\/cbradar\/#\/schema\/person\/58422787644df994b53a19d3e56c1513","name":"Larissa Carvalho","image":{"@type":"ImageObject","inLanguage":"pt-BR","@id":"https:\/\/www.correiobraziliense.com.br\/cbradar\/#\/schema\/person\/image\/","url":"https:\/\/secure.gravatar.com\/avatar\/fe4f91a0de32b52a838d0d612abdc1aa?s=96&d=mm&r=g","contentUrl":"https:\/\/secure.gravatar.com\/avatar\/fe4f91a0de32b52a838d0d612abdc1aa?s=96&d=mm&r=g","caption":"Larissa Carvalho"},"url":"https:\/\/www.correiobraziliense.com.br\/cbradar\/author\/larissamyth\/"}]}},"_links":{"self":[{"href":"https:\/\/www.correiobraziliense.com.br\/cbradar\/wp-json\/wp\/v2\/posts\/149029","targetHints":{"allow":["GET"]}}],"collection":[{"href":"https:\/\/www.correiobraziliense.com.br\/cbradar\/wp-json\/wp\/v2\/posts"}],"about":[{"href":"https:\/\/www.correiobraziliense.com.br\/cbradar\/wp-json\/wp\/v2\/types\/post"}],"author":[{"embeddable":true,"href":"https:\/\/www.correiobraziliense.com.br\/cbradar\/wp-json\/wp\/v2\/users\/3"}],"replies":[{"embeddable":true,"href":"https:\/\/www.correiobraziliense.com.br\/cbradar\/wp-json\/wp\/v2\/comments?post=149029"}],"version-history":[{"count":2,"href":"https:\/\/www.correiobraziliense.com.br\/cbradar\/wp-json\/wp\/v2\/posts\/149029\/revisions"}],"predecessor-version":[{"id":149032,"href":"https:\/\/www.correiobraziliense.com.br\/cbradar\/wp-json\/wp\/v2\/posts\/149029\/revisions\/149032"}],"wp:featuredmedia":[{"embeddable":true,"href":"https:\/\/www.correiobraziliense.com.br\/cbradar\/wp-json\/wp\/v2\/media\/149547"}],"wp:attachment":[{"href":"https:\/\/www.correiobraziliense.com.br\/cbradar\/wp-json\/wp\/v2\/media?parent=149029"}],"wp:term":[{"taxonomy":"category","embeddable":true,"href":"https:\/\/www.correiobraziliense.com.br\/cbradar\/wp-json\/wp\/v2\/categories?post=149029"},{"taxonomy":"post_tag","embeddable":true,"href":"https:\/\/www.correiobraziliense.com.br\/cbradar\/wp-json\/wp\/v2\/tags?post=149029"}],"curies":[{"name":"wp","href":"https:\/\/api.w.org\/{rel}","templated":true}]}}