{"id":14903,"date":"2025-03-23T12:30:00","date_gmt":"2025-03-23T15:30:00","guid":{"rendered":"https:\/\/www.correiobraziliense.com.br\/cbradar\/?p=14903"},"modified":"2025-03-22T16:59:22","modified_gmt":"2025-03-22T19:59:22","slug":"esse-e-o-melhor-carro-eletrico-para-usar-nas-cidades","status":"publish","type":"post","link":"https:\/\/www.correiobraziliense.com.br\/cbradar\/esse-e-o-melhor-carro-eletrico-para-usar-nas-cidades\/","title":{"rendered":"Esse \u00e9 o melhor carro el\u00e9trico para usar nas cidades"},"content":{"rendered":"\n<p>O <strong><a href=\"https:\/\/www.renault.com.br\/veiculos-de-passeio\/kwid.html\" target=\"_blank\" rel=\"noreferrer noopener\">Renault Kwid<\/a><\/strong> surge como uma op\u00e7\u00e3o vi\u00e1vel para aqueles que buscam um carro el\u00e9trico acess\u00edvel no Brasil. Com um pre\u00e7o inicial em torno de 100 mil reais, ele se destaca como o ve\u00edculo el\u00e9trico mais barato dispon\u00edvel no mercado nacional. Este modelo \u00e9 ideal para o uso urbano, oferecendo uma solu\u00e7\u00e3o pr\u00e1tica para o dia a dia.<\/p>\n\n\n\n<p>Equipado com um motor de 65 cv, o Kwid n\u00e3o \u00e9 projetado para oferecer um desempenho impressionante, mas sim para atender \u00e0s necessidades b\u00e1sicas de locomo\u00e7\u00e3o na cidade. Sua autonomia de 185 quil\u00f4metros \u00e9 suficiente para a maioria dos trajetos urbanos, especialmente para aqueles que podem recarregar o ve\u00edculo em casa durante a noite.<\/p>\n\n\n\n<h2 class=\"wp-block-heading\"><strong>Quais s\u00e3o as caracter\u00edsticas do Renault Kwid el\u00e9trico?<\/strong><\/h2>\n\n\n\n<p>O Renault Kwid el\u00e9trico \u00e9 projetado para ser um carro compacto e eficiente, focado no uso di\u00e1rio em ambientes urbanos. Al\u00e9m de seu motor de 65 cv, ele possui um design que prioriza a economia de espa\u00e7o e a efici\u00eancia energ\u00e9tica. O ve\u00edculo \u00e9 equipado com tecnologia moderna, oferecendo uma experi\u00eancia de condu\u00e7\u00e3o confort\u00e1vel e segura.<\/p>\n\n\n\n<p>Outro ponto forte do Kwid \u00e9 sua capacidade de recarga. Para aqueles que t\u00eam a possibilidade de carregar o carro em casa, ele se torna uma op\u00e7\u00e3o ainda mais conveniente. A autonomia de 185 quil\u00f4metros \u00e9 mais do que suficiente para cobrir a maioria das necessidades di\u00e1rias de deslocamento, tornando-o uma escolha pr\u00e1tica para quem vive em grandes cidades.<\/p>\n\n\n\n<figure class=\"wp-block-image size-large\"><img decoding=\"async\" width=\"1024\" height=\"576\" src=\"https:\/\/www.correiobraziliense.com.br\/cbradar\/wp-content\/uploads\/2025\/03\/Renault-Kwid-2-1024x576.png\" alt=\"Esse \u00e9 o melhor carro el\u00e9trico para usar nas cidades\" class=\"wp-image-14907\" srcset=\"https:\/\/www.correiobraziliense.com.br\/cbradar\/wp-content\/uploads\/2025\/03\/Renault-Kwid-2-1024x576.png 1024w, https:\/\/www.correiobraziliense.com.br\/cbradar\/wp-content\/uploads\/2025\/03\/Renault-Kwid-2-300x169.png 300w, https:\/\/www.correiobraziliense.com.br\/cbradar\/wp-content\/uploads\/2025\/03\/Renault-Kwid-2-768x432.png 768w, https:\/\/www.correiobraziliense.com.br\/cbradar\/wp-content\/uploads\/2025\/03\/Renault-Kwid-2-750x422.png 750w, https:\/\/www.correiobraziliense.com.br\/cbradar\/wp-content\/uploads\/2025\/03\/Renault-Kwid-2-1140x641.png 1140w, https:\/\/www.correiobraziliense.com.br\/cbradar\/wp-content\/uploads\/2025\/03\/Renault-Kwid-2.png 1280w\" sizes=\"(max-width: 1024px) 100vw, 1024px\" \/><figcaption class=\"wp-element-caption\">Renault Kwid. Fonte: divulga\u00e7\u00e3o \/ Renault<\/figcaption><\/figure>\n\n\n\n<figure class=\"wp-block-image size-large\"><img decoding=\"async\" width=\"1024\" height=\"576\" src=\"https:\/\/www.correiobraziliense.com.br\/cbradar\/wp-content\/uploads\/2025\/03\/Renault-Kwid-3-1024x576.png\" alt=\"Esse \u00e9 o melhor carro el\u00e9trico para usar nas cidades\" class=\"wp-image-14906\" srcset=\"https:\/\/www.correiobraziliense.com.br\/cbradar\/wp-content\/uploads\/2025\/03\/Renault-Kwid-3-1024x576.png 1024w, https:\/\/www.correiobraziliense.com.br\/cbradar\/wp-content\/uploads\/2025\/03\/Renault-Kwid-3-300x169.png 300w, https:\/\/www.correiobraziliense.com.br\/cbradar\/wp-content\/uploads\/2025\/03\/Renault-Kwid-3-768x432.png 768w, https:\/\/www.correiobraziliense.com.br\/cbradar\/wp-content\/uploads\/2025\/03\/Renault-Kwid-3-750x422.png 750w, https:\/\/www.correiobraziliense.com.br\/cbradar\/wp-content\/uploads\/2025\/03\/Renault-Kwid-3-1140x641.png 1140w, https:\/\/www.correiobraziliense.com.br\/cbradar\/wp-content\/uploads\/2025\/03\/Renault-Kwid-3.png 1280w\" sizes=\"(max-width: 1024px) 100vw, 1024px\" \/><figcaption class=\"wp-element-caption\">Renault Kwid. Fonte: divulga\u00e7\u00e3o \/ Renault<\/figcaption><\/figure>\n\n\n\n<figure class=\"wp-block-image size-large\"><img decoding=\"async\" width=\"1024\" height=\"576\" src=\"https:\/\/www.correiobraziliense.com.br\/cbradar\/wp-content\/uploads\/2025\/03\/Renault-Kwid-4-1024x576.png\" alt=\"Esse \u00e9 o melhor carro el\u00e9trico para usar nas cidades\" class=\"wp-image-14905\" srcset=\"https:\/\/www.correiobraziliense.com.br\/cbradar\/wp-content\/uploads\/2025\/03\/Renault-Kwid-4-1024x576.png 1024w, https:\/\/www.correiobraziliense.com.br\/cbradar\/wp-content\/uploads\/2025\/03\/Renault-Kwid-4-300x169.png 300w, https:\/\/www.correiobraziliense.com.br\/cbradar\/wp-content\/uploads\/2025\/03\/Renault-Kwid-4-768x432.png 768w, https:\/\/www.correiobraziliense.com.br\/cbradar\/wp-content\/uploads\/2025\/03\/Renault-Kwid-4-750x422.png 750w, https:\/\/www.correiobraziliense.com.br\/cbradar\/wp-content\/uploads\/2025\/03\/Renault-Kwid-4-1140x641.png 1140w, https:\/\/www.correiobraziliense.com.br\/cbradar\/wp-content\/uploads\/2025\/03\/Renault-Kwid-4.png 1280w\" sizes=\"(max-width: 1024px) 100vw, 1024px\" \/><figcaption class=\"wp-element-caption\">Renault Kwid. Fonte: divulga\u00e7\u00e3o \/ Renault<\/figcaption><\/figure>\n\n\n\n<h2 class=\"wp-block-heading\"><strong>Por que escolher o Renault Kwid em vez de outros modelos el\u00e9tricos?<\/strong><\/h2>\n\n\n\n<p>Optar pelo Renault Kwid em vez de outros modelos el\u00e9tricos pode ser uma decis\u00e3o baseada em v\u00e1rios fatores. Primeiramente, o custo \u00e9 um dos principais atrativos. Com um pre\u00e7o inicial significativamente mais baixo do que muitos outros carros el\u00e9tricos, o Kwid torna a transi\u00e7\u00e3o para a mobilidade el\u00e9trica mais acess\u00edvel para um p\u00fablico mais amplo.<\/p>\n\n\n\n<p>Al\u00e9m disso, sua simplicidade e praticidade s\u00e3o ideais para quem busca um ve\u00edculo para uso di\u00e1rio sem a necessidade de ostenta\u00e7\u00e3o. O Kwid \u00e9 uma escolha racional para aqueles que desejam um carro eficiente, econ\u00f4mico e f\u00e1cil de manter, sem abrir m\u00e3o da tecnologia e da sustentabilidade que os ve\u00edculos el\u00e9tricos oferecem.<\/p>\n\n\n\n<h2 class=\"wp-block-heading\"><strong>O Renault Kwid \u00e9 adequado para longas dist\u00e2ncias?<\/strong><\/h2>\n\n\n\n<p>Embora o Renault Kwid seja uma excelente op\u00e7\u00e3o para o uso urbano, ele pode n\u00e3o ser a escolha ideal para viagens de longa dist\u00e2ncia. Sua autonomia de 185 quil\u00f4metros limita seu uso a trajetos mais curtos, o que \u00e9 adequado para o dia a dia na cidade, mas pode exigir planejamento adicional para viagens mais longas.<\/p>\n\n\n\n<p>Para aqueles que precisam de um ve\u00edculo para percorrer grandes dist\u00e2ncias regularmente, pode ser necess\u00e1rio considerar outras op\u00e7\u00f5es com maior autonomia ou infraestrutura de recarga mais robusta ao longo do caminho. No entanto, para o uso urbano, o Kwid continua sendo uma escolha pr\u00e1tica e econ\u00f4mica.<\/p>\n\n\n\n<h2 class=\"wp-block-heading\"><strong>Considera\u00e7\u00f5es finais sobre o Renault Kwid el\u00e9trico<\/strong><\/h2>\n\n\n\n<p>O Renault Kwid el\u00e9trico representa uma mudan\u00e7a significativa no mercado automotivo brasileiro, oferecendo uma op\u00e7\u00e3o acess\u00edvel para aqueles que desejam adotar a mobilidade el\u00e9trica. Com seu pre\u00e7o competitivo e caracter\u00edsticas voltadas para o uso urbano, ele se destaca como uma escolha inteligente para quem busca efici\u00eancia e economia.<\/p>\n\n\n\n<p>Embora n\u00e3o seja o carro mais potente ou com maior autonomia dispon\u00edvel, o Kwid atende bem \u00e0s necessidades de quem vive em grandes cidades e precisa de um ve\u00edculo confi\u00e1vel para o dia a dia. Sua acessibilidade e praticidade fazem dele uma op\u00e7\u00e3o atraente para muitos consumidores que desejam contribuir para um futuro mais sustent\u00e1vel.<\/p>\n","protected":false},"excerpt":{"rendered":"<p>Esse carro oferece uma solu\u00e7\u00e3o acess\u00edvel para quem deseja adotar a mobilidade el\u00e9trica. Compreenda porque este carro se destaca.<\/p>\n","protected":false},"author":3,"featured_media":14904,"comment_status":"open","ping_status":"open","sticky":false,"template":"","format":"standard","meta":{"_yoast_wpseo_focuskw":"carro el\u00e9trico ideal","_yoast_wpseo_title":"%%title%%","_yoast_wpseo_metadesc":"Esse carro oferece uma solu\u00e7\u00e3o acess\u00edvel para quem deseja adotar a mobilidade el\u00e9trica. Compreenda porque este carro se destaca.","jnews-multi-image_gallery":[],"jnews_single_post":{"format":"standard"},"jnews_primary_category":[],"jnews_social_meta":[],"jnews_override_counter":[],"footnotes":""},"categories":[122],"post_tag":[2307],"class_list":["post-14903","post","type-post","status-publish","format-standard","has-post-thumbnail","hentry","category-automobilismo","tag-carro-eletrico"],"yoast_head":"<!-- This site is optimized with the Yoast SEO plugin v24.6 - https:\/\/yoast.com\/wordpress\/plugins\/seo\/ -->\n<title>Esse \u00e9 o melhor carro el\u00e9trico para usar nas cidades<\/title>\n<meta name=\"description\" content=\"Esse carro oferece uma solu\u00e7\u00e3o acess\u00edvel para quem deseja adotar a mobilidade el\u00e9trica. Compreenda porque este carro se destaca.\" \/>\n<meta name=\"robots\" content=\"index, follow, max-snippet:-1, max-image-preview:large, max-video-preview:-1\" \/>\n<link rel=\"canonical\" href=\"https:\/\/www.correiobraziliense.com.br\/cbradar\/esse-e-o-melhor-carro-eletrico-para-usar-nas-cidades\/\" \/>\n<meta property=\"og:locale\" content=\"pt_BR\" \/>\n<meta property=\"og:type\" content=\"article\" \/>\n<meta property=\"og:title\" content=\"Esse \u00e9 o melhor carro el\u00e9trico para usar nas cidades\" \/>\n<meta property=\"og:description\" content=\"Esse carro oferece uma solu\u00e7\u00e3o acess\u00edvel para quem deseja adotar a mobilidade el\u00e9trica. Compreenda porque este carro se destaca.\" \/>\n<meta property=\"og:url\" content=\"https:\/\/www.correiobraziliense.com.br\/cbradar\/esse-e-o-melhor-carro-eletrico-para-usar-nas-cidades\/\" \/>\n<meta property=\"og:site_name\" content=\"Correio Braziliense - Radar\" \/>\n<meta property=\"article:published_time\" content=\"2025-03-23T15:30:00+00:00\" \/>\n<meta property=\"og:image\" content=\"https:\/\/www.correiobraziliense.com.br\/cbradar\/wp-content\/uploads\/2025\/03\/Renault-Kwid-1.png\" \/>\n\t<meta property=\"og:image:width\" content=\"1280\" \/>\n\t<meta property=\"og:image:height\" content=\"720\" \/>\n\t<meta property=\"og:image:type\" content=\"image\/png\" \/>\n<meta name=\"author\" content=\"Larissa Carvalho\" \/>\n<meta name=\"twitter:card\" content=\"summary_large_image\" \/>\n<meta name=\"twitter:label1\" content=\"Escrito por\" \/>\n\t<meta name=\"twitter:data1\" content=\"Larissa Carvalho\" \/>\n\t<meta name=\"twitter:label2\" content=\"Est. tempo de leitura\" \/>\n\t<meta name=\"twitter:data2\" content=\"5 minutos\" \/>\n<!-- \/ Yoast SEO plugin. -->","yoast_head_json":{"title":"Esse \u00e9 o melhor carro el\u00e9trico para usar nas cidades","description":"Esse carro oferece uma solu\u00e7\u00e3o acess\u00edvel para quem deseja adotar a mobilidade el\u00e9trica. Compreenda porque este carro se destaca.","robots":{"index":"index","follow":"follow","max-snippet":"max-snippet:-1","max-image-preview":"max-image-preview:large","max-video-preview":"max-video-preview:-1"},"canonical":"https:\/\/www.correiobraziliense.com.br\/cbradar\/esse-e-o-melhor-carro-eletrico-para-usar-nas-cidades\/","og_locale":"pt_BR","og_type":"article","og_title":"Esse \u00e9 o melhor carro el\u00e9trico para usar nas cidades","og_description":"Esse carro oferece uma solu\u00e7\u00e3o acess\u00edvel para quem deseja adotar a mobilidade el\u00e9trica. Compreenda porque este carro se destaca.","og_url":"https:\/\/www.correiobraziliense.com.br\/cbradar\/esse-e-o-melhor-carro-eletrico-para-usar-nas-cidades\/","og_site_name":"Correio Braziliense - Radar","article_published_time":"2025-03-23T15:30:00+00:00","og_image":[{"width":1280,"height":720,"url":"https:\/\/www.correiobraziliense.com.br\/cbradar\/wp-content\/uploads\/2025\/03\/Renault-Kwid-1.png","type":"image\/png"}],"author":"Larissa Carvalho","twitter_card":"summary_large_image","twitter_misc":{"Escrito por":"Larissa Carvalho","Est. tempo de leitura":"5 minutos"},"schema":{"@context":"https:\/\/schema.org","@graph":[{"@type":"WebPage","@id":"https:\/\/www.correiobraziliense.com.br\/cbradar\/esse-e-o-melhor-carro-eletrico-para-usar-nas-cidades\/","url":"https:\/\/www.correiobraziliense.com.br\/cbradar\/esse-e-o-melhor-carro-eletrico-para-usar-nas-cidades\/","name":"Esse \u00e9 o melhor carro el\u00e9trico para usar nas cidades","isPartOf":{"@id":"https:\/\/www.correiobraziliense.com.br\/cbradar\/#website"},"primaryImageOfPage":{"@id":"https:\/\/www.correiobraziliense.com.br\/cbradar\/esse-e-o-melhor-carro-eletrico-para-usar-nas-cidades\/#primaryimage"},"image":{"@id":"https:\/\/www.correiobraziliense.com.br\/cbradar\/esse-e-o-melhor-carro-eletrico-para-usar-nas-cidades\/#primaryimage"},"thumbnailUrl":"https:\/\/www.correiobraziliense.com.br\/cbradar\/wp-content\/uploads\/2025\/03\/Renault-Kwid-1.png","datePublished":"2025-03-23T15:30:00+00:00","author":{"@id":"https:\/\/www.correiobraziliense.com.br\/cbradar\/#\/schema\/person\/58422787644df994b53a19d3e56c1513"},"description":"Esse carro oferece uma solu\u00e7\u00e3o acess\u00edvel para quem deseja adotar a mobilidade el\u00e9trica. Compreenda porque este carro se destaca.","breadcrumb":{"@id":"https:\/\/www.correiobraziliense.com.br\/cbradar\/esse-e-o-melhor-carro-eletrico-para-usar-nas-cidades\/#breadcrumb"},"inLanguage":"pt-BR","potentialAction":[{"@type":"ReadAction","target":["https:\/\/www.correiobraziliense.com.br\/cbradar\/esse-e-o-melhor-carro-eletrico-para-usar-nas-cidades\/"]}]},{"@type":"ImageObject","inLanguage":"pt-BR","@id":"https:\/\/www.correiobraziliense.com.br\/cbradar\/esse-e-o-melhor-carro-eletrico-para-usar-nas-cidades\/#primaryimage","url":"https:\/\/www.correiobraziliense.com.br\/cbradar\/wp-content\/uploads\/2025\/03\/Renault-Kwid-1.png","contentUrl":"https:\/\/www.correiobraziliense.com.br\/cbradar\/wp-content\/uploads\/2025\/03\/Renault-Kwid-1.png","width":1280,"height":720,"caption":"Renault Kwid. Fonte: divulga\u00e7\u00e3o \/ Renault"},{"@type":"BreadcrumbList","@id":"https:\/\/www.correiobraziliense.com.br\/cbradar\/esse-e-o-melhor-carro-eletrico-para-usar-nas-cidades\/#breadcrumb","itemListElement":[{"@type":"ListItem","position":1,"name":"In\u00edcio","item":"https:\/\/www.correiobraziliense.com.br\/cbradar\/"},{"@type":"ListItem","position":2,"name":"Esse \u00e9 o melhor carro el\u00e9trico para usar nas cidades"}]},{"@type":"WebSite","@id":"https:\/\/www.correiobraziliense.com.br\/cbradar\/#website","url":"https:\/\/www.correiobraziliense.com.br\/cbradar\/","name":"Correio Braziliense - Radar","description":"Acompanhe as \u00faltimas not\u00edcias e fique bem informado sobre tudo o que acontece no Brasil e no mundo.","potentialAction":[{"@type":"SearchAction","target":{"@type":"EntryPoint","urlTemplate":"https:\/\/www.correiobraziliense.com.br\/cbradar\/?s={search_term_string}"},"query-input":{"@type":"PropertyValueSpecification","valueRequired":true,"valueName":"search_term_string"}}],"inLanguage":"pt-BR"},{"@type":"Person","@id":"https:\/\/www.correiobraziliense.com.br\/cbradar\/#\/schema\/person\/58422787644df994b53a19d3e56c1513","name":"Larissa Carvalho","image":{"@type":"ImageObject","inLanguage":"pt-BR","@id":"https:\/\/www.correiobraziliense.com.br\/cbradar\/#\/schema\/person\/image\/","url":"https:\/\/secure.gravatar.com\/avatar\/fe4f91a0de32b52a838d0d612abdc1aa?s=96&d=mm&r=g","contentUrl":"https:\/\/secure.gravatar.com\/avatar\/fe4f91a0de32b52a838d0d612abdc1aa?s=96&d=mm&r=g","caption":"Larissa Carvalho"},"url":"https:\/\/www.correiobraziliense.com.br\/cbradar\/author\/larissamyth\/"}]}},"_links":{"self":[{"href":"https:\/\/www.correiobraziliense.com.br\/cbradar\/wp-json\/wp\/v2\/posts\/14903","targetHints":{"allow":["GET"]}}],"collection":[{"href":"https:\/\/www.correiobraziliense.com.br\/cbradar\/wp-json\/wp\/v2\/posts"}],"about":[{"href":"https:\/\/www.correiobraziliense.com.br\/cbradar\/wp-json\/wp\/v2\/types\/post"}],"author":[{"embeddable":true,"href":"https:\/\/www.correiobraziliense.com.br\/cbradar\/wp-json\/wp\/v2\/users\/3"}],"replies":[{"embeddable":true,"href":"https:\/\/www.correiobraziliense.com.br\/cbradar\/wp-json\/wp\/v2\/comments?post=14903"}],"version-history":[{"count":1,"href":"https:\/\/www.correiobraziliense.com.br\/cbradar\/wp-json\/wp\/v2\/posts\/14903\/revisions"}],"predecessor-version":[{"id":14908,"href":"https:\/\/www.correiobraziliense.com.br\/cbradar\/wp-json\/wp\/v2\/posts\/14903\/revisions\/14908"}],"wp:featuredmedia":[{"embeddable":true,"href":"https:\/\/www.correiobraziliense.com.br\/cbradar\/wp-json\/wp\/v2\/media\/14904"}],"wp:attachment":[{"href":"https:\/\/www.correiobraziliense.com.br\/cbradar\/wp-json\/wp\/v2\/media?parent=14903"}],"wp:term":[{"taxonomy":"category","embeddable":true,"href":"https:\/\/www.correiobraziliense.com.br\/cbradar\/wp-json\/wp\/v2\/categories?post=14903"},{"taxonomy":"post_tag","embeddable":true,"href":"https:\/\/www.correiobraziliense.com.br\/cbradar\/wp-json\/wp\/v2\/post_tag?post=14903"}],"curies":[{"name":"wp","href":"https:\/\/api.w.org\/{rel}","templated":true}]}}