{"id":149076,"date":"2025-12-03T06:25:00","date_gmt":"2025-12-03T09:25:00","guid":{"rendered":"https:\/\/www.correiobraziliense.com.br\/cbradar\/?p=149076"},"modified":"2025-12-03T04:50:10","modified_gmt":"2025-12-03T07:50:10","slug":"a-arvore-do-mundo-e-brasileira-e-esta-conquistando-quem-busca-qualidade-de-vida-sem-abrir-mao-de-areas-verdes","status":"publish","type":"post","link":"https:\/\/www.correiobraziliense.com.br\/cbradar\/a-arvore-do-mundo-e-brasileira-e-esta-conquistando-quem-busca-qualidade-de-vida-sem-abrir-mao-de-areas-verdes\/","title":{"rendered":"A \u201c\u00c1rvore do Mundo\u201d \u00e9 brasileira e est\u00e1 conquistando quem busca qualidade de vida sem abrir m\u00e3o de \u00e1reas verdes"},"content":{"rendered":"\n<p><strong>Se voc\u00ea j\u00e1 desejou viver em uma cidade verde com qualidade de vida<\/strong>, ent\u00e3o, considerar <strong>morar em Campo Grande<\/strong> \u00e9 optar por uma das capitais mais equilibradas do <strong>Brasil<\/strong>, onde o crescimento econ\u00f4mico do agroneg\u00f3cio convive com ruas largas e arborizadas. A cidade destaca-se nacionalmente por ostentar o t\u00edtulo de \u201cTree City of the World\u201d (Cidade \u00c1rvore do Mundo), oferecendo aos seus habitantes um ambiente onde a fauna silvestre e a infraestrutura urbana se integram de forma \u00fanica.<\/p>\n\n\n\n<h2 class=\"wp-block-heading\">Por que viver na Cidade Morena \u00e9 sin\u00f4nimo de bem-estar?<\/h2>\n\n\n\n<p>A excelente <strong>qualidade de vida<\/strong> \u00e9 impulsionada por um planejamento urbano que privilegia a fluidez do tr\u00e2nsito e a abund\u00e2ncia de \u00e1reas verdes, reduzindo o estresse t\u00edpico das grandes metr\u00f3poles. Al\u00e9m disso, a capital do <strong>Mato Grosso do Sul<\/strong> figura frequentemente entre as mais seguras do pa\u00eds, atraindo fam\u00edlias que buscam tranquilidade sem abrir m\u00e3o de servi\u00e7os de excel\u00eancia em sa\u00fade e educa\u00e7\u00e3o.<\/p>\n\n\n\n<p>A economia pujante, alavancada pela <strong>Rota Bioce\u00e2nica<\/strong> e pelo setor de servi\u00e7os, gera um mercado de trabalho aquecido e oportunidades para empreendedores. O custo de vida, embora em ascens\u00e3o, ainda se mant\u00e9m competitivo se comparado a outras capitais estaduais, permitindo acesso a moradias amplas e lazer de qualidade.<\/p>\n\n\n<div class=\"wp-block-image\">\n<figure class=\"aligncenter size-large\"><img decoding=\"async\" width=\"1024\" height=\"576\" src=\"https:\/\/www.correiobraziliense.com.br\/cbradar\/wp-content\/uploads\/2025\/06\/Campo-Grande_1750571143519-1024x576.jpg\" alt=\"A \u201c\u00c1rvore do Mundo\u201d \u00e9 brasileira e est\u00e1 conquistando quem busca qualidade de vida sem abrir m\u00e3o de \u00e1reas verdes\" class=\"wp-image-57366\" srcset=\"https:\/\/www.correiobraziliense.com.br\/cbradar\/wp-content\/uploads\/2025\/06\/Campo-Grande_1750571143519-1024x576.jpg 1024w, https:\/\/www.correiobraziliense.com.br\/cbradar\/wp-content\/uploads\/2025\/06\/Campo-Grande_1750571143519-300x169.jpg 300w, https:\/\/www.correiobraziliense.com.br\/cbradar\/wp-content\/uploads\/2025\/06\/Campo-Grande_1750571143519-768x432.jpg 768w, https:\/\/www.correiobraziliense.com.br\/cbradar\/wp-content\/uploads\/2025\/06\/Campo-Grande_1750571143519-750x422.jpg 750w, https:\/\/www.correiobraziliense.com.br\/cbradar\/wp-content\/uploads\/2025\/06\/Campo-Grande_1750571143519-1140x642.jpg 1140w, https:\/\/www.correiobraziliense.com.br\/cbradar\/wp-content\/uploads\/2025\/06\/Campo-Grande_1750571143519.jpg 1279w\" sizes=\"(max-width: 1024px) 100vw, 1024px\" \/><figcaption class=\"wp-element-caption\">Campo Grande oferece uma agenda cultural ativa, com museus, teatros, feiras e circuitos musicais ao longo do ano. \/\/ Cr\u00e9ditos: depositphotos.com \/ vbacarin<\/figcaption><\/figure><\/div>\n\n\n<h2 class=\"wp-block-heading\">O lazer ao ar livre \u00e9 o ponto forte da cidade?<\/h2>\n\n\n\n<p>O <strong>Parque das Na\u00e7\u00f5es Ind\u00edgenas<\/strong> \u00e9 o cora\u00e7\u00e3o pulsante do lazer campo-grandense, considerado um dos maiores parques urbanos do mundo. Com pistas de caminhada, lagos e museus, o local \u00e9 o ponto de encontro preferido para a pr\u00e1tica de esportes e piqueniques em fam\u00edlia, especialmente nos finais de tarde.<\/p>\n\n\n\n<p>Veja a seguir as op\u00e7\u00f5es de lazer que elevam o padr\u00e3o de vida local:<\/p>\n\n\n\n<ul class=\"wp-block-list\">\n<li><strong>Bioparque Pantanal<\/strong>: O maior aqu\u00e1rio de \u00e1gua doce do mundo, oferecendo lazer educativo e contato com a biodiversidade local.<\/li>\n\n\n\n<li><strong>Pra\u00e7a Belmar Fidalgo<\/strong>: Um espa\u00e7o esportivo completo no centro da cidade, ideal para quem busca sa\u00fade e conviv\u00eancia social.<\/li>\n\n\n\n<li><strong>Feira Central<\/strong>: O local tradicional para jantar o famoso sob\u00e1, ouvir m\u00fasica ao vivo e comprar produtos frescos da agricultura familiar.<\/li>\n\n\n\n<li><strong>Orla Morena<\/strong>: Um cal\u00e7ad\u00e3o linear perfeito para caminhadas noturnas, teatro de arena e feiras culturais.<\/li>\n<\/ul>\n\n\n\n<p>Quem <strong>busca uma capital planejada, arborizada e um polo econ\u00f4mico no cora\u00e7\u00e3o do Brasil<\/strong>, vai curtir esse v\u00eddeo do canal <strong>Cidades &amp; Cia<\/strong>, com mais de <strong>36 mil<\/strong> inscritos, onde o apresentador <strong>Rubens<\/strong> mostra detalhadamente <strong>a cultura, economia, infraestrutura e o t\u00edtulo de Cidade Mais Arborizada de Campo Grande, no Mato Grosso do Sul<\/strong>:<\/p>\n\n\n\n<figure class=\"wp-block-embed is-type-video is-provider-youtube wp-block-embed-youtube wp-embed-aspect-16-9 wp-has-aspect-ratio\"><div class=\"wp-block-embed__wrapper\">\n<div class=\"jeg_video_container jeg_video_content\"><iframe loading=\"lazy\" title=\"CONHE\u00c7A A LINDA CIDADE MORENA - CAMPO GRANDE MATO GROSSO DO SUL!\" width=\"500\" height=\"281\" src=\"https:\/\/www.youtube.com\/embed\/0ggteaaO9wA?feature=oembed\" frameborder=\"0\" allow=\"accelerometer; autoplay; clipboard-write; encrypted-media; gyroscope; picture-in-picture; web-share\" referrerpolicy=\"strict-origin-when-cross-origin\" allowfullscreen><\/iframe><\/div>\n<\/div><\/figure>\n\n\n\n<h2 class=\"wp-block-heading\">Como a infraestrutura e os bairros favorecem o cotidiano?<\/h2>\n\n\n\n<p>A cidade oferece uma rede robusta de <strong>servi\u00e7os essenciais<\/strong>, com hospitais de refer\u00eancia e um polo universit\u00e1rio vibrante que inclui a UFMS e a UCDB. Bairros como <strong>Jardim dos Estados<\/strong> e <strong>Ch\u00e1cara Cachoeira<\/strong> s\u00e3o exemplos de zonas residenciais nobres que combinam seguran\u00e7a, com\u00e9rcio sofisticado e proximidade com parques, facilitando a rotina de quem deseja fazer tudo a p\u00e9 ou em curtos deslocamentos.<\/p>\n\n\n\n<p>Para quem busca contato direto com a natureza, a regi\u00e3o do <strong>Parque dos Poderes<\/strong> oferece a experi\u00eancia singular de viver cercado por reservas ecol\u00f3gicas. \u00c9 comum que os moradores tenham &#8220;vizinhos&#8221; como quatis, capivaras e araras-canind\u00e9, que circulam livremente, transformando o dia a dia em um saf\u00e1ri urbano contemplativo.<\/p>\n\n\n<div class=\"wp-block-image\">\n<figure class=\"aligncenter size-large\"><img decoding=\"async\" width=\"1024\" height=\"576\" src=\"https:\/\/www.correiobraziliense.com.br\/cbradar\/wp-content\/uploads\/2025\/06\/Campo-Grande_1750571056021-1024x576.jpg\" alt=\"A \u201c\u00c1rvore do Mundo\u201d \u00e9 brasileira e est\u00e1 conquistando quem busca qualidade de vida sem abrir m\u00e3o de \u00e1reas verdes\" class=\"wp-image-57364\" srcset=\"https:\/\/www.correiobraziliense.com.br\/cbradar\/wp-content\/uploads\/2025\/06\/Campo-Grande_1750571056021-1024x576.jpg 1024w, https:\/\/www.correiobraziliense.com.br\/cbradar\/wp-content\/uploads\/2025\/06\/Campo-Grande_1750571056021-300x169.jpg 300w, https:\/\/www.correiobraziliense.com.br\/cbradar\/wp-content\/uploads\/2025\/06\/Campo-Grande_1750571056021-768x432.jpg 768w, https:\/\/www.correiobraziliense.com.br\/cbradar\/wp-content\/uploads\/2025\/06\/Campo-Grande_1750571056021-750x422.jpg 750w, https:\/\/www.correiobraziliense.com.br\/cbradar\/wp-content\/uploads\/2025\/06\/Campo-Grande_1750571056021-1140x641.jpg 1140w, https:\/\/www.correiobraziliense.com.br\/cbradar\/wp-content\/uploads\/2025\/06\/Campo-Grande_1750571056021.jpg 1280w\" sizes=\"(max-width: 1024px) 100vw, 1024px\" \/><figcaption class=\"wp-element-caption\">Destaca-se pelo patrim\u00f4nio hist\u00f3rico, diversidade cultural e eventos como Festival Am\u00e9rica do Sul e Festival de Inverno. \/\/ Cr\u00e9ditos: depositphotos.com \/ vbacarin<\/figcaption><\/figure><\/div>\n\n\n<h2 class=\"wp-block-heading\">Melhor \u00e9poca para aproveitar a cidade?<\/h2>\n\n\n\n<p>O <strong>clima tropical<\/strong> garante dias ensolarados na maior parte do ano, mas conhecer a sazonalidade ajuda a planejar atividades ao ar livre. <strong><a href=\"https:\/\/www.climatempo.com.br\/previsao-do-tempo\/cidade\/212\/campogrande-ms\" target=\"_blank\" rel=\"noreferrer noopener\">Segundo o Climatempo<\/a><\/strong>, o inverno \u00e9 seco e ameno, ideal para exerc\u00edcios f\u00edsicos nos parques, enquanto o ver\u00e3o quente exige hidrata\u00e7\u00e3o refor\u00e7ada e favorece passeios em locais climatizados ou com \u00e1gua.<\/p>\n\n\n\n<p>Confira abaixo o resumo das esta\u00e7\u00f5es e como elas impactam a rotina na cidade:<\/p>\n\n\n\n<figure class=\"wp-block-table\"><table class=\"has-fixed-layout\"><thead><tr><th>Per\u00edodo (meses)<\/th><th>Temperatura m\u00e9dia<\/th><th>Clima<\/th><th>Atividades recomendadas<\/th><\/tr><\/thead><tbody><tr><td>Junho a Agosto<\/td><td>20\u00b0C<\/td><td>Seco e fresco<\/td><td>Caminhadas e florada dos Ip\u00eas<\/td><\/tr><tr><td>Setembro a Novembro<\/td><td>28\u00b0C<\/td><td>Muito quente<\/td><td>Parques aqu\u00e1ticos e vida noturna<\/td><\/tr><tr><td>Dezembro a Mar\u00e7o<\/td><td>26\u00b0C<\/td><td>Chuvoso<\/td><td>Shoppings, museus e gastronomia<\/td><\/tr><tr><td>Abril e Maio<\/td><td>24\u00b0C<\/td><td>Agrad\u00e1vel<\/td><td>Eventos culturais ao ar livre<\/td><\/tr><\/tbody><\/table><\/figure>\n\n\n<div class=\"wp-block-image\">\n<figure class=\"aligncenter size-large\"><img decoding=\"async\" width=\"1024\" height=\"576\" src=\"https:\/\/www.correiobraziliense.com.br\/cbradar\/wp-content\/uploads\/2025\/06\/Edicoes-22-1024x576.png\" alt=\"A \u201c\u00c1rvore do Mundo\u201d \u00e9 brasileira e est\u00e1 conquistando quem busca qualidade de vida sem abrir m\u00e3o de \u00e1reas verdes\" class=\"wp-image-48380\" srcset=\"https:\/\/www.correiobraziliense.com.br\/cbradar\/wp-content\/uploads\/2025\/06\/Edicoes-22-1024x576.png 1024w, https:\/\/www.correiobraziliense.com.br\/cbradar\/wp-content\/uploads\/2025\/06\/Edicoes-22-300x169.png 300w, https:\/\/www.correiobraziliense.com.br\/cbradar\/wp-content\/uploads\/2025\/06\/Edicoes-22-768x432.png 768w, https:\/\/www.correiobraziliense.com.br\/cbradar\/wp-content\/uploads\/2025\/06\/Edicoes-22-750x422.png 750w, https:\/\/www.correiobraziliense.com.br\/cbradar\/wp-content\/uploads\/2025\/06\/Edicoes-22-1140x641.png 1140w, https:\/\/www.correiobraziliense.com.br\/cbradar\/wp-content\/uploads\/2025\/06\/Edicoes-22.png 1280w\" sizes=\"(max-width: 1024px) 100vw, 1024px\" \/><figcaption class=\"wp-element-caption\">Campo Grande preserva tradi\u00e7\u00f5es como rodas de terer\u00e9, festas regionais e gastronomia t\u00edpica do Pantanal e Paraguai. \/\/ Reprodu\u00e7\u00e3o: Wikip\u00e9dia<\/figcaption><\/figure><\/div>\n\n\n<p><strong>Leia tamb\u00e9m: <a href=\"https:\/\/www.correiobraziliense.com.br\/cbradar\/a-cidade-em-minas-que-conquistou-moradores-com-bem-estar-natureza-e-uma-vida-muito-acima-da-media\/\" target=\"_blank\" rel=\"noreferrer noopener\">A cidade em Minas que conquistou moradores com bem-estar, natureza e uma vida muito acima da m\u00e9dia.<\/a><\/strong><\/p>\n\n\n\n<h2 class=\"wp-block-heading\">Como a cultura e a gastronomia refor\u00e7am a identidade de Campo Grande?<\/h2>\n\n\n\n<p>A identidade de <strong>Campo Grande<\/strong> \u00e9 marcada pela mistura de tradi\u00e7\u00f5es fronteiri\u00e7as, onde o h\u00e1bito de tomar <strong>terer\u00e9<\/strong> re\u00fane amigos e familiares em rodas de conversa nas cal\u00e7adas e parques. Essa bebida gelada \u00e0 base de erva-mate n\u00e3o \u00e9 somente um refresco, mas um s\u00edmbolo de hospitalidade e de pausa necess\u00e1ria na correria do dia.<\/p>\n\n\n\n<p>Na culin\u00e1ria, a influ\u00eancia japonesa e paraguaia \u00e9 predominante, tornando o <strong>sob\u00e1<\/strong> (macarr\u00e3o com caldo e carne) e a <strong>chipa<\/strong> (semelhante ao p\u00e3o de queijo) itens obrigat\u00f3rios na mesa do campo-grandense. Essa diversidade gastron\u00f4mica acess\u00edvel \u00e9 um dos fatores que mais encantam novos moradores, oferecendo sabores \u00fanicos a pre\u00e7os justos.<\/p>\n\n\n\n<h2 class=\"wp-block-heading\">Campo Grande consolida-se como capital humana e sustent\u00e1vel<\/h2>\n\n\n\n<p>Assim, <strong>Campo Grande refor\u00e7a seu papel como uma capital que valoriza pessoas, bem-estar e sustentabilidade.<\/strong> Com qualidade de vida acima da m\u00e9dia, equil\u00edbrio entre urbanidade e natureza e uma infraestrutura completa, a cidade se destaca como destino ideal para quem busca viver com tranquilidade, seguran\u00e7a e conex\u00f5es reais.<\/p>\n","protected":false},"excerpt":{"rendered":"<p>Se voc\u00ea j\u00e1 desejou viver em uma cidade verde com qualidade de vida, ent\u00e3o, considerar morar em Campo Grande \u00e9 optar por uma das capitais mais equilibradas do Brasil, onde o crescimento econ\u00f4mico do agroneg\u00f3cio convive com ruas largas e arborizadas. A cidade destaca-se nacionalmente por ostentar o t\u00edtulo de \u201cTree City of the World\u201d [&hellip;]<\/p>\n","protected":false},"author":8,"featured_media":149132,"comment_status":"open","ping_status":"open","sticky":false,"template":"","format":"standard","meta":{"_yoast_wpseo_focuskw":"cidade verde com qualidade de vida","_yoast_wpseo_title":"","_yoast_wpseo_metadesc":"Essa cidade verde com qualidade de vida \u00e9 brasileira, sendo apelidada de \u201c\u00c1rvore do Mundo\u201d e est\u00e1 conquistando quem deseja viver melhor.","jnews-multi-image_gallery":[],"jnews_single_post":{"format":"standard"},"jnews_primary_category":[],"jnews_social_meta":[],"jnews_override_counter":[],"footnotes":""},"categories":[108,111],"post_tag":[225,5960,1256],"class_list":["post-149076","post","type-post","status-publish","format-standard","has-post-thumbnail","hentry","category-cidades","category-turismo","tag-brasil","tag-campo-grande","tag-mato-grosso-do-sul"],"yoast_head":"<!-- This site is optimized with the Yoast SEO plugin v24.6 - https:\/\/yoast.com\/wordpress\/plugins\/seo\/ -->\n<title>A \u201c\u00c1rvore do Mundo\u201d \u00e9 brasileira e est\u00e1 conquistando quem busca qualidade de vida sem abrir m\u00e3o de \u00e1reas verdes - Correio Braziliense - Radar<\/title>\n<meta name=\"description\" content=\"Essa cidade verde com qualidade de vida \u00e9 brasileira, sendo apelidada de \u201c\u00c1rvore do Mundo\u201d e est\u00e1 conquistando quem deseja viver melhor.\" \/>\n<meta name=\"robots\" content=\"index, follow, max-snippet:-1, max-image-preview:large, max-video-preview:-1\" \/>\n<link rel=\"canonical\" href=\"https:\/\/www.correiobraziliense.com.br\/cbradar\/a-arvore-do-mundo-e-brasileira-e-esta-conquistando-quem-busca-qualidade-de-vida-sem-abrir-mao-de-areas-verdes\/\" \/>\n<meta property=\"og:locale\" content=\"pt_BR\" \/>\n<meta property=\"og:type\" content=\"article\" \/>\n<meta property=\"og:title\" content=\"A \u201c\u00c1rvore do Mundo\u201d \u00e9 brasileira e est\u00e1 conquistando quem busca qualidade de vida sem abrir m\u00e3o de \u00e1reas verdes - Correio Braziliense - Radar\" \/>\n<meta property=\"og:description\" content=\"Essa cidade verde com qualidade de vida \u00e9 brasileira, sendo apelidada de \u201c\u00c1rvore do Mundo\u201d e est\u00e1 conquistando quem deseja viver melhor.\" \/>\n<meta property=\"og:url\" content=\"https:\/\/www.correiobraziliense.com.br\/cbradar\/a-arvore-do-mundo-e-brasileira-e-esta-conquistando-quem-busca-qualidade-de-vida-sem-abrir-mao-de-areas-verdes\/\" \/>\n<meta property=\"og:site_name\" content=\"Correio Braziliense - Radar\" \/>\n<meta property=\"article:published_time\" content=\"2025-12-03T09:25:00+00:00\" \/>\n<meta property=\"og:image\" content=\"https:\/\/www.correiobraziliense.com.br\/cbradar\/wp-content\/uploads\/2025\/12\/G-2025-12-03T044113.200.png\" \/>\n\t<meta property=\"og:image:width\" content=\"1280\" \/>\n\t<meta property=\"og:image:height\" content=\"720\" \/>\n\t<meta property=\"og:image:type\" content=\"image\/png\" \/>\n<meta name=\"author\" content=\"Maura Pereira\" \/>\n<meta name=\"twitter:card\" content=\"summary_large_image\" \/>\n<meta name=\"twitter:label1\" content=\"Escrito por\" \/>\n\t<meta name=\"twitter:data1\" content=\"Maura Pereira\" \/>\n\t<meta name=\"twitter:label2\" content=\"Est. tempo de leitura\" \/>\n\t<meta name=\"twitter:data2\" content=\"6 minutos\" \/>\n<!-- \/ Yoast SEO plugin. -->","yoast_head_json":{"title":"A \u201c\u00c1rvore do Mundo\u201d \u00e9 brasileira e est\u00e1 conquistando quem busca qualidade de vida sem abrir m\u00e3o de \u00e1reas verdes - Correio Braziliense - Radar","description":"Essa cidade verde com qualidade de vida \u00e9 brasileira, sendo apelidada de \u201c\u00c1rvore do Mundo\u201d e est\u00e1 conquistando quem deseja viver melhor.","robots":{"index":"index","follow":"follow","max-snippet":"max-snippet:-1","max-image-preview":"max-image-preview:large","max-video-preview":"max-video-preview:-1"},"canonical":"https:\/\/www.correiobraziliense.com.br\/cbradar\/a-arvore-do-mundo-e-brasileira-e-esta-conquistando-quem-busca-qualidade-de-vida-sem-abrir-mao-de-areas-verdes\/","og_locale":"pt_BR","og_type":"article","og_title":"A \u201c\u00c1rvore do Mundo\u201d \u00e9 brasileira e est\u00e1 conquistando quem busca qualidade de vida sem abrir m\u00e3o de \u00e1reas verdes - Correio Braziliense - Radar","og_description":"Essa cidade verde com qualidade de vida \u00e9 brasileira, sendo apelidada de \u201c\u00c1rvore do Mundo\u201d e est\u00e1 conquistando quem deseja viver melhor.","og_url":"https:\/\/www.correiobraziliense.com.br\/cbradar\/a-arvore-do-mundo-e-brasileira-e-esta-conquistando-quem-busca-qualidade-de-vida-sem-abrir-mao-de-areas-verdes\/","og_site_name":"Correio Braziliense - Radar","article_published_time":"2025-12-03T09:25:00+00:00","og_image":[{"width":1280,"height":720,"url":"https:\/\/www.correiobraziliense.com.br\/cbradar\/wp-content\/uploads\/2025\/12\/G-2025-12-03T044113.200.png","type":"image\/png"}],"author":"Maura Pereira","twitter_card":"summary_large_image","twitter_misc":{"Escrito por":"Maura Pereira","Est. tempo de leitura":"6 minutos"},"schema":{"@context":"https:\/\/schema.org","@graph":[{"@type":"WebPage","@id":"https:\/\/www.correiobraziliense.com.br\/cbradar\/a-arvore-do-mundo-e-brasileira-e-esta-conquistando-quem-busca-qualidade-de-vida-sem-abrir-mao-de-areas-verdes\/","url":"https:\/\/www.correiobraziliense.com.br\/cbradar\/a-arvore-do-mundo-e-brasileira-e-esta-conquistando-quem-busca-qualidade-de-vida-sem-abrir-mao-de-areas-verdes\/","name":"A \u201c\u00c1rvore do Mundo\u201d \u00e9 brasileira e est\u00e1 conquistando quem busca qualidade de vida sem abrir m\u00e3o de \u00e1reas verdes - Correio Braziliense - Radar","isPartOf":{"@id":"https:\/\/www.correiobraziliense.com.br\/cbradar\/#website"},"primaryImageOfPage":{"@id":"https:\/\/www.correiobraziliense.com.br\/cbradar\/a-arvore-do-mundo-e-brasileira-e-esta-conquistando-quem-busca-qualidade-de-vida-sem-abrir-mao-de-areas-verdes\/#primaryimage"},"image":{"@id":"https:\/\/www.correiobraziliense.com.br\/cbradar\/a-arvore-do-mundo-e-brasileira-e-esta-conquistando-quem-busca-qualidade-de-vida-sem-abrir-mao-de-areas-verdes\/#primaryimage"},"thumbnailUrl":"https:\/\/www.correiobraziliense.com.br\/cbradar\/wp-content\/uploads\/2025\/12\/G-2025-12-03T044113.200.png","datePublished":"2025-12-03T09:25:00+00:00","author":{"@id":"https:\/\/www.correiobraziliense.com.br\/cbradar\/#\/schema\/person\/4053c651a9bfc785afc6f4cbc9032fd3"},"description":"Essa cidade verde com qualidade de vida \u00e9 brasileira, sendo apelidada de \u201c\u00c1rvore do Mundo\u201d e est\u00e1 conquistando quem deseja viver melhor.","breadcrumb":{"@id":"https:\/\/www.correiobraziliense.com.br\/cbradar\/a-arvore-do-mundo-e-brasileira-e-esta-conquistando-quem-busca-qualidade-de-vida-sem-abrir-mao-de-areas-verdes\/#breadcrumb"},"inLanguage":"pt-BR","potentialAction":[{"@type":"ReadAction","target":["https:\/\/www.correiobraziliense.com.br\/cbradar\/a-arvore-do-mundo-e-brasileira-e-esta-conquistando-quem-busca-qualidade-de-vida-sem-abrir-mao-de-areas-verdes\/"]}]},{"@type":"ImageObject","inLanguage":"pt-BR","@id":"https:\/\/www.correiobraziliense.com.br\/cbradar\/a-arvore-do-mundo-e-brasileira-e-esta-conquistando-quem-busca-qualidade-de-vida-sem-abrir-mao-de-areas-verdes\/#primaryimage","url":"https:\/\/www.correiobraziliense.com.br\/cbradar\/wp-content\/uploads\/2025\/12\/G-2025-12-03T044113.200.png","contentUrl":"https:\/\/www.correiobraziliense.com.br\/cbradar\/wp-content\/uploads\/2025\/12\/G-2025-12-03T044113.200.png","width":1280,"height":720,"caption":"Penedo participa do projeto Alagoas Mais Verde com plantio de Ip\u00ea, Aroeira e Paineira para paisagem sustent\u00e1vel."},{"@type":"BreadcrumbList","@id":"https:\/\/www.correiobraziliense.com.br\/cbradar\/a-arvore-do-mundo-e-brasileira-e-esta-conquistando-quem-busca-qualidade-de-vida-sem-abrir-mao-de-areas-verdes\/#breadcrumb","itemListElement":[{"@type":"ListItem","position":1,"name":"In\u00edcio","item":"https:\/\/www.correiobraziliense.com.br\/cbradar\/"},{"@type":"ListItem","position":2,"name":"A \u201c\u00c1rvore do Mundo\u201d \u00e9 brasileira e est\u00e1 conquistando quem busca qualidade de vida sem abrir m\u00e3o de \u00e1reas verdes"}]},{"@type":"WebSite","@id":"https:\/\/www.correiobraziliense.com.br\/cbradar\/#website","url":"https:\/\/www.correiobraziliense.com.br\/cbradar\/","name":"Correio Braziliense - Radar","description":"Acompanhe as \u00faltimas not\u00edcias e fique bem informado sobre tudo o que acontece no Brasil e no mundo.","potentialAction":[{"@type":"SearchAction","target":{"@type":"EntryPoint","urlTemplate":"https:\/\/www.correiobraziliense.com.br\/cbradar\/?s={search_term_string}"},"query-input":{"@type":"PropertyValueSpecification","valueRequired":true,"valueName":"search_term_string"}}],"inLanguage":"pt-BR"},{"@type":"Person","@id":"https:\/\/www.correiobraziliense.com.br\/cbradar\/#\/schema\/person\/4053c651a9bfc785afc6f4cbc9032fd3","name":"Maura Pereira","image":{"@type":"ImageObject","inLanguage":"pt-BR","@id":"https:\/\/www.correiobraziliense.com.br\/cbradar\/#\/schema\/person\/image\/","url":"https:\/\/secure.gravatar.com\/avatar\/3effd6bdadfa447f15089c7f7144eaa6?s=96&d=mm&r=g","contentUrl":"https:\/\/secure.gravatar.com\/avatar\/3effd6bdadfa447f15089c7f7144eaa6?s=96&d=mm&r=g","caption":"Maura Pereira"},"sameAs":["https:\/\/www.correiobraziliense.com.br\/"],"url":"https:\/\/www.correiobraziliense.com.br\/cbradar\/author\/mauramyth\/"}]}},"_links":{"self":[{"href":"https:\/\/www.correiobraziliense.com.br\/cbradar\/wp-json\/wp\/v2\/posts\/149076","targetHints":{"allow":["GET"]}}],"collection":[{"href":"https:\/\/www.correiobraziliense.com.br\/cbradar\/wp-json\/wp\/v2\/posts"}],"about":[{"href":"https:\/\/www.correiobraziliense.com.br\/cbradar\/wp-json\/wp\/v2\/types\/post"}],"author":[{"embeddable":true,"href":"https:\/\/www.correiobraziliense.com.br\/cbradar\/wp-json\/wp\/v2\/users\/8"}],"replies":[{"embeddable":true,"href":"https:\/\/www.correiobraziliense.com.br\/cbradar\/wp-json\/wp\/v2\/comments?post=149076"}],"version-history":[{"count":25,"href":"https:\/\/www.correiobraziliense.com.br\/cbradar\/wp-json\/wp\/v2\/posts\/149076\/revisions"}],"predecessor-version":[{"id":149134,"href":"https:\/\/www.correiobraziliense.com.br\/cbradar\/wp-json\/wp\/v2\/posts\/149076\/revisions\/149134"}],"wp:featuredmedia":[{"embeddable":true,"href":"https:\/\/www.correiobraziliense.com.br\/cbradar\/wp-json\/wp\/v2\/media\/149132"}],"wp:attachment":[{"href":"https:\/\/www.correiobraziliense.com.br\/cbradar\/wp-json\/wp\/v2\/media?parent=149076"}],"wp:term":[{"taxonomy":"category","embeddable":true,"href":"https:\/\/www.correiobraziliense.com.br\/cbradar\/wp-json\/wp\/v2\/categories?post=149076"},{"taxonomy":"post_tag","embeddable":true,"href":"https:\/\/www.correiobraziliense.com.br\/cbradar\/wp-json\/wp\/v2\/post_tag?post=149076"}],"curies":[{"name":"wp","href":"https:\/\/api.w.org\/{rel}","templated":true}]}}